{"id":1252,"date":"2024-03-20T06:49:00","date_gmt":"2024-03-20T05:49:00","guid":{"rendered":"https:\/\/www.preventraide.fr\/contenus\/?p=1252"},"modified":"2024-03-20T06:49:00","modified_gmt":"2024-03-20T05:49:00","slug":"printemps-du-climat-%f0%9f%8d%83","status":"publish","type":"post","link":"https:\/\/www.preventraide.fr\/contenus\/actualites\/printemps-du-climat-%f0%9f%8d%83\/","title":{"rendered":"Printemps du Climat \ud83c\udf43"},"content":{"rendered":"\n<div class=\"wp-block-image\"><figure class=\"alignleft size-large is-resized\"><img loading=\"lazy\" decoding=\"async\" src=\"https:\/\/www.preventraide.fr\/contenus\/app\/uploads\/2024\/03\/AFFICHE-Printemps-du-Climat-A4-BORDEAUX-GRENOBLE-MULHOUSE-724x1024.png\" alt=\"\" class=\"wp-image-1258\" width=\"525\" height=\"743\" srcset=\"https:\/\/www.preventraide.fr\/contenus\/app\/uploads\/2024\/03\/AFFICHE-Printemps-du-Climat-A4-BORDEAUX-GRENOBLE-MULHOUSE-724x1024.png 724w, https:\/\/www.preventraide.fr\/contenus\/app\/uploads\/2024\/03\/AFFICHE-Printemps-du-Climat-A4-BORDEAUX-GRENOBLE-MULHOUSE-212x300.png 212w, https:\/\/www.preventraide.fr\/contenus\/app\/uploads\/2024\/03\/AFFICHE-Printemps-du-Climat-A4-BORDEAUX-GRENOBLE-MULHOUSE-768x1086.png 768w, https:\/\/www.preventraide.fr\/contenus\/app\/uploads\/2024\/03\/AFFICHE-Printemps-du-Climat-A4-BORDEAUX-GRENOBLE-MULHOUSE-1086x1536.png 1086w, https:\/\/www.preventraide.fr\/contenus\/app\/uploads\/2024\/03\/AFFICHE-Printemps-du-Climat-A4-BORDEAUX-GRENOBLE-MULHOUSE-1449x2048.png 1449w, https:\/\/www.preventraide.fr\/contenus\/app\/uploads\/2024\/03\/AFFICHE-Printemps-du-Climat-A4-BORDEAUX-GRENOBLE-MULHOUSE-1600x2262.png 1600w\" sizes=\"auto, (max-width: 525px) 100vw, 525px\" \/><\/figure><\/div>\n\n\n\n<p>L&rsquo;association Pr\u00e9vention MAIF lance un appel \u00e0 la mobilisation avec son \u00e9v\u00e9nement \u00ab Printemps du Climat \u00bb.\u00a0Quatre dates, quatre villes, une m\u00eame ambition :<strong> agir concr\u00e8tement contre le changement climatique. \ud83c\udf0d<\/strong><\/p>\n\n\n\n<p>Les objectifs du Printemps du Climat sont d\u2019offrir aux habitants la possibilit\u00e9 de s&rsquo;engager dans des actions concr\u00e8tes en faveur de l&rsquo;environnement. Que ce soit \u00e0 travers des gestes simples du quotidien ou des projets d&rsquo;envergure, chaque participation compte dans la lutte contre le r\u00e9chauffement climatique.<\/p>\n\n\n\n<p>Mais ce n&rsquo;est pas tout. Le Printemps du Climat offre \u00e9galement une vitrine aux associations, aux collectivit\u00e9s et \u00e0 toute organisation \u00e0 but non lucratif engag\u00e9e dans la transition \u00e9cologique. C&rsquo;est l&rsquo;occasion pour ces acteurs de rencontrer un nouveau public, de recruter des volontaires et de partager leurs initiatives inspirantes.<\/p>\n\n\n\n<p>Enfin, ces \u00e9v\u00e9nements visent \u00e0 cr\u00e9er des rencontres entre les diff\u00e9rents acteurs \u0153uvrant pour le climat, favorisant ainsi les \u00e9changes et les collaborations. Car c&rsquo;est ensemble, en unissant nos forces, que nous pourrons relever les d\u00e9fis environnementaux qui se dressent devant nous.<\/p>\n\n\n\n<p>Que vous soyez un citoyen soucieux de l&rsquo;avenir de la plan\u00e8te, un repr\u00e9sentant d&rsquo;association ou un d\u00e9cideur politique, le Printemps du Climat vous invite \u00e0 vous joindre \u00e0 cette mobilisation collective. <\/p>\n\n\n\n<p>\ud83d\udcc5<strong> Nous vous donnons rendez-vous les<\/strong> :<br>\ud83d\udc49<strong> 13 avril :<\/strong> Bordeaux.<br><strong>\ud83d\udc49 25 mai<\/strong> : Vall\u00e9e de la Roya.<br><strong>\ud83d\udc49 31 mai au 1er juin <\/strong>: Mulhouse.<br>\ud83d\udc49 <strong>14 juin au 15 juin :<\/strong> Grenoble.<\/p>\n\n\n\n<p>Restez connect\u00e9s pour en savoir + sur ces \u00e9v\u00e9nements et \u00eatre acteur du changement climatique. \ud83d\ude80<\/p>\n","protected":false},"excerpt":{"rendered":"<p>L&rsquo;association Pr\u00e9vention MAIF lance un appel \u00e0 la mobilisation avec son \u00e9v\u00e9nement \u00ab Printemps du Climat \u00bb.\u00a0Quatre dates, quatre villes, une m\u00eame ambition : agir concr\u00e8tement contre le changement climatique. \ud83c\udf0d Les objectifs du Printemps du Climat sont d\u2019offrir aux habitants la possibilit\u00e9 de s&rsquo;engager dans des actions concr\u00e8tes en faveur de l&rsquo;environnement. Que ce [&hellip;]<\/p>\n","protected":false},"author":6,"featured_media":1253,"comment_status":"closed","ping_status":"closed","sticky":false,"template":"","format":"standard","meta":{"_acf_changed":false,"inline_featured_image":false,"ghostkit_customizer_options":"","ghostkit_custom_css":"","ghostkit_custom_js_head":"","ghostkit_custom_js_foot":"","ghostkit_typography":"","footnotes":""},"categories":[2],"tags":[],"class_list":["post-1252","post","type-post","status-publish","format-standard","has-post-thumbnail","hentry","category-non-classifie"],"acf":[],"yoast_head":"<!-- This site is optimized with the Yoast SEO plugin v24.9 - https:\/\/yoast.com\/wordpress\/plugins\/seo\/ -->\n<title>Printemps du Climat \ud83c\udf43 - Preventraide - Conseils Pr\u00e9vention<\/title>\n<meta name=\"robots\" content=\"index, follow, max-snippet:-1, max-image-preview:large, max-video-preview:-1\" \/>\n<link rel=\"canonical\" href=\"https:\/\/www.preventraide.fr\/contenus\/actualites\/printemps-du-climat-\ud83c\udf43\/\" \/>\n<meta property=\"og:locale\" content=\"fr_FR\" \/>\n<meta property=\"og:type\" content=\"article\" \/>\n<meta property=\"og:title\" content=\"Printemps du Climat \ud83c\udf43 - Preventraide - Conseils Pr\u00e9vention\" \/>\n<meta property=\"og:description\" content=\"L&rsquo;association Pr\u00e9vention MAIF lance un appel \u00e0 la mobilisation avec son \u00e9v\u00e9nement \u00ab Printemps du Climat \u00bb.\u00a0Quatre dates, quatre villes, une m\u00eame ambition : agir concr\u00e8tement contre le changement climatique. \ud83c\udf0d Les objectifs du Printemps du Climat sont d\u2019offrir aux habitants la possibilit\u00e9 de s&rsquo;engager dans des actions concr\u00e8tes en faveur de l&rsquo;environnement. Que ce [&hellip;]\" \/>\n<meta property=\"og:url\" content=\"https:\/\/www.preventraide.fr\/contenus\/actualites\/printemps-du-climat-\ud83c\udf43\/\" \/>\n<meta property=\"og:site_name\" content=\"Preventraide - Conseils Pr\u00e9vention\" \/>\n<meta property=\"article:published_time\" content=\"2024-03-20T05:49:00+00:00\" \/>\n<meta property=\"og:image\" content=\"https:\/\/www.preventraide.fr\/contenus\/app\/uploads\/2024\/03\/logo_-_PRINTEMPS_du_CLIMAT-_prevention_MAIF_Plan_de_travail_11.png\" \/>\n\t<meta property=\"og:image:width\" content=\"3508\" \/>\n\t<meta property=\"og:image:height\" content=\"2481\" \/>\n\t<meta property=\"og:image:type\" content=\"image\/png\" \/>\n<meta name=\"author\" content=\"Camille Jagueneau\" \/>\n<meta name=\"twitter:card\" content=\"summary_large_image\" \/>\n<meta name=\"twitter:label1\" content=\"Written by\" \/>\n\t<meta name=\"twitter:data1\" content=\"Camille Jagueneau\" \/>\n\t<meta name=\"twitter:label2\" content=\"Est. reading time\" \/>\n\t<meta name=\"twitter:data2\" content=\"2 minutes\" \/>\n<script type=\"application\/ld+json\" class=\"yoast-schema-graph\">{\"@context\":\"https:\/\/schema.org\",\"@graph\":[{\"@type\":\"WebPage\",\"@id\":\"https:\/\/www.preventraide.fr\/contenus\/actualites\/printemps-du-climat-%f0%9f%8d%83\/\",\"url\":\"https:\/\/www.preventraide.fr\/contenus\/actualites\/printemps-du-climat-%f0%9f%8d%83\/\",\"name\":\"Printemps du Climat \ud83c\udf43 - Preventraide - Conseils Pr\u00e9vention\",\"isPartOf\":{\"@id\":\"https:\/\/www.preventraide.fr\/contenus\/#website\"},\"primaryImageOfPage\":{\"@id\":\"https:\/\/www.preventraide.fr\/contenus\/actualites\/printemps-du-climat-%f0%9f%8d%83\/#primaryimage\"},\"image\":{\"@id\":\"https:\/\/www.preventraide.fr\/contenus\/actualites\/printemps-du-climat-%f0%9f%8d%83\/#primaryimage\"},\"thumbnailUrl\":\"https:\/\/www.preventraide.fr\/contenus\/app\/uploads\/2024\/03\/logo_-_PRINTEMPS_du_CLIMAT-_prevention_MAIF_Plan_de_travail_11.png\",\"datePublished\":\"2024-03-20T05:49:00+00:00\",\"author\":{\"@id\":\"https:\/\/www.preventraide.fr\/contenus\/#\/schema\/person\/610d5b148158ad8b26a57ee3481784b9\"},\"breadcrumb\":{\"@id\":\"https:\/\/www.preventraide.fr\/contenus\/actualites\/printemps-du-climat-%f0%9f%8d%83\/#breadcrumb\"},\"inLanguage\":\"fr-FR\",\"potentialAction\":[{\"@type\":\"ReadAction\",\"target\":[\"https:\/\/www.preventraide.fr\/contenus\/actualites\/printemps-du-climat-%f0%9f%8d%83\/\"]}]},{\"@type\":\"ImageObject\",\"inLanguage\":\"fr-FR\",\"@id\":\"https:\/\/www.preventraide.fr\/contenus\/actualites\/printemps-du-climat-%f0%9f%8d%83\/#primaryimage\",\"url\":\"https:\/\/www.preventraide.fr\/contenus\/app\/uploads\/2024\/03\/logo_-_PRINTEMPS_du_CLIMAT-_prevention_MAIF_Plan_de_travail_11.png\",\"contentUrl\":\"https:\/\/www.preventraide.fr\/contenus\/app\/uploads\/2024\/03\/logo_-_PRINTEMPS_du_CLIMAT-_prevention_MAIF_Plan_de_travail_11.png\",\"width\":3508,\"height\":2481},{\"@type\":\"BreadcrumbList\",\"@id\":\"https:\/\/www.preventraide.fr\/contenus\/actualites\/printemps-du-climat-%f0%9f%8d%83\/#breadcrumb\",\"itemListElement\":[{\"@type\":\"ListItem\",\"position\":1,\"name\":\"Accueil\",\"item\":\"https:\/\/www.preventraide.fr\"},{\"@type\":\"ListItem\",\"position\":2,\"name\":\"Printemps du Climat \ud83c\udf43\"}]},{\"@type\":\"WebSite\",\"@id\":\"https:\/\/www.preventraide.fr\/contenus\/#website\",\"url\":\"https:\/\/www.preventraide.fr\/contenus\/\",\"name\":\"Preventraide\",\"description\":\"\",\"potentialAction\":[{\"@type\":\"SearchAction\",\"target\":{\"@type\":\"EntryPoint\",\"urlTemplate\":\"https:\/\/www.preventraide.fr\/contenus\/?s={search_term_string}\"},\"query-input\":{\"@type\":\"PropertyValueSpecification\",\"valueRequired\":true,\"valueName\":\"search_term_string\"}}],\"inLanguage\":\"fr-FR\"},{\"@type\":\"Person\",\"@id\":\"https:\/\/www.preventraide.fr\/contenus\/#\/schema\/person\/610d5b148158ad8b26a57ee3481784b9\",\"name\":\"Camille Jagueneau\",\"image\":{\"@type\":\"ImageObject\",\"inLanguage\":\"fr-FR\",\"@id\":\"https:\/\/www.preventraide.fr\/contenus\/#\/schema\/person\/image\/\",\"url\":\"https:\/\/secure.gravatar.com\/avatar\/3a79d305b8d74191fb30dfe16bb61532d97fe378fbea0c1b02acebf1deb00e68?s=96&d=mm&r=g\",\"contentUrl\":\"https:\/\/secure.gravatar.com\/avatar\/3a79d305b8d74191fb30dfe16bb61532d97fe378fbea0c1b02acebf1deb00e68?s=96&d=mm&r=g\",\"caption\":\"Camille Jagueneau\"}}]}<\/script>\n<!-- \/ Yoast SEO plugin. -->","yoast_head_json":{"title":"Printemps du Climat \ud83c\udf43 - Preventraide - Conseils Pr\u00e9vention","robots":{"index":"index","follow":"follow","max-snippet":"max-snippet:-1","max-image-preview":"max-image-preview:large","max-video-preview":"max-video-preview:-1"},"canonical":"https:\/\/www.preventraide.fr\/contenus\/actualites\/printemps-du-climat-\ud83c\udf43\/","og_locale":"fr_FR","og_type":"article","og_title":"Printemps du Climat \ud83c\udf43 - Preventraide - Conseils Pr\u00e9vention","og_description":"L&rsquo;association Pr\u00e9vention MAIF lance un appel \u00e0 la mobilisation avec son \u00e9v\u00e9nement \u00ab Printemps du Climat \u00bb.\u00a0Quatre dates, quatre villes, une m\u00eame ambition : agir concr\u00e8tement contre le changement climatique. \ud83c\udf0d Les objectifs du Printemps du Climat sont d\u2019offrir aux habitants la possibilit\u00e9 de s&rsquo;engager dans des actions concr\u00e8tes en faveur de l&rsquo;environnement. Que ce [&hellip;]","og_url":"https:\/\/www.preventraide.fr\/contenus\/actualites\/printemps-du-climat-\ud83c\udf43\/","og_site_name":"Preventraide - Conseils Pr\u00e9vention","article_published_time":"2024-03-20T05:49:00+00:00","og_image":[{"width":3508,"height":2481,"url":"https:\/\/www.preventraide.fr\/contenus\/app\/uploads\/2024\/03\/logo_-_PRINTEMPS_du_CLIMAT-_prevention_MAIF_Plan_de_travail_11.png","type":"image\/png"}],"author":"Camille Jagueneau","twitter_card":"summary_large_image","twitter_misc":{"Written by":"Camille Jagueneau","Est. reading time":"2 minutes"},"schema":{"@context":"https:\/\/schema.org","@graph":[{"@type":"WebPage","@id":"https:\/\/www.preventraide.fr\/contenus\/actualites\/printemps-du-climat-%f0%9f%8d%83\/","url":"https:\/\/www.preventraide.fr\/contenus\/actualites\/printemps-du-climat-%f0%9f%8d%83\/","name":"Printemps du Climat \ud83c\udf43 - Preventraide - Conseils Pr\u00e9vention","isPartOf":{"@id":"https:\/\/www.preventraide.fr\/contenus\/#website"},"primaryImageOfPage":{"@id":"https:\/\/www.preventraide.fr\/contenus\/actualites\/printemps-du-climat-%f0%9f%8d%83\/#primaryimage"},"image":{"@id":"https:\/\/www.preventraide.fr\/contenus\/actualites\/printemps-du-climat-%f0%9f%8d%83\/#primaryimage"},"thumbnailUrl":"https:\/\/www.preventraide.fr\/contenus\/app\/uploads\/2024\/03\/logo_-_PRINTEMPS_du_CLIMAT-_prevention_MAIF_Plan_de_travail_11.png","datePublished":"2024-03-20T05:49:00+00:00","author":{"@id":"https:\/\/www.preventraide.fr\/contenus\/#\/schema\/person\/610d5b148158ad8b26a57ee3481784b9"},"breadcrumb":{"@id":"https:\/\/www.preventraide.fr\/contenus\/actualites\/printemps-du-climat-%f0%9f%8d%83\/#breadcrumb"},"inLanguage":"fr-FR","potentialAction":[{"@type":"ReadAction","target":["https:\/\/www.preventraide.fr\/contenus\/actualites\/printemps-du-climat-%f0%9f%8d%83\/"]}]},{"@type":"ImageObject","inLanguage":"fr-FR","@id":"https:\/\/www.preventraide.fr\/contenus\/actualites\/printemps-du-climat-%f0%9f%8d%83\/#primaryimage","url":"https:\/\/www.preventraide.fr\/contenus\/app\/uploads\/2024\/03\/logo_-_PRINTEMPS_du_CLIMAT-_prevention_MAIF_Plan_de_travail_11.png","contentUrl":"https:\/\/www.preventraide.fr\/contenus\/app\/uploads\/2024\/03\/logo_-_PRINTEMPS_du_CLIMAT-_prevention_MAIF_Plan_de_travail_11.png","width":3508,"height":2481},{"@type":"BreadcrumbList","@id":"https:\/\/www.preventraide.fr\/contenus\/actualites\/printemps-du-climat-%f0%9f%8d%83\/#breadcrumb","itemListElement":[{"@type":"ListItem","position":1,"name":"Accueil","item":"https:\/\/www.preventraide.fr"},{"@type":"ListItem","position":2,"name":"Printemps du Climat \ud83c\udf43"}]},{"@type":"WebSite","@id":"https:\/\/www.preventraide.fr\/contenus\/#website","url":"https:\/\/www.preventraide.fr\/contenus\/","name":"Preventraide","description":"","potentialAction":[{"@type":"SearchAction","target":{"@type":"EntryPoint","urlTemplate":"https:\/\/www.preventraide.fr\/contenus\/?s={search_term_string}"},"query-input":{"@type":"PropertyValueSpecification","valueRequired":true,"valueName":"search_term_string"}}],"inLanguage":"fr-FR"},{"@type":"Person","@id":"https:\/\/www.preventraide.fr\/contenus\/#\/schema\/person\/610d5b148158ad8b26a57ee3481784b9","name":"Camille Jagueneau","image":{"@type":"ImageObject","inLanguage":"fr-FR","@id":"https:\/\/www.preventraide.fr\/contenus\/#\/schema\/person\/image\/","url":"https:\/\/secure.gravatar.com\/avatar\/3a79d305b8d74191fb30dfe16bb61532d97fe378fbea0c1b02acebf1deb00e68?s=96&d=mm&r=g","contentUrl":"https:\/\/secure.gravatar.com\/avatar\/3a79d305b8d74191fb30dfe16bb61532d97fe378fbea0c1b02acebf1deb00e68?s=96&d=mm&r=g","caption":"Camille Jagueneau"}}]}},"_links":{"self":[{"href":"https:\/\/www.preventraide.fr\/contenus\/wp-json\/wp\/v2\/posts\/1252","targetHints":{"allow":["GET"]}}],"collection":[{"href":"https:\/\/www.preventraide.fr\/contenus\/wp-json\/wp\/v2\/posts"}],"about":[{"href":"https:\/\/www.preventraide.fr\/contenus\/wp-json\/wp\/v2\/types\/post"}],"author":[{"embeddable":true,"href":"https:\/\/www.preventraide.fr\/contenus\/wp-json\/wp\/v2\/users\/6"}],"replies":[{"embeddable":true,"href":"https:\/\/www.preventraide.fr\/contenus\/wp-json\/wp\/v2\/comments?post=1252"}],"version-history":[{"count":0,"href":"https:\/\/www.preventraide.fr\/contenus\/wp-json\/wp\/v2\/posts\/1252\/revisions"}],"wp:featuredmedia":[{"embeddable":true,"href":"https:\/\/www.preventraide.fr\/contenus\/wp-json\/wp\/v2\/media\/1253"}],"wp:attachment":[{"href":"https:\/\/www.preventraide.fr\/contenus\/wp-json\/wp\/v2\/media?parent=1252"}],"wp:term":[{"taxonomy":"category","embeddable":true,"href":"https:\/\/www.preventraide.fr\/contenus\/wp-json\/wp\/v2\/categories?post=1252"},{"taxonomy":"post_tag","embeddable":true,"href":"https:\/\/www.preventraide.fr\/contenus\/wp-json\/wp\/v2\/tags?post=1252"}],"curies":[{"name":"wp","href":"https:\/\/api.w.org\/{rel}","templated":true}]}}