{"id":1268,"date":"2024-04-06T06:26:00","date_gmt":"2024-04-06T04:26:00","guid":{"rendered":"https:\/\/www.preventraide.fr\/contenus\/?p=1268"},"modified":"2024-04-06T06:26:00","modified_gmt":"2024-04-06T04:26:00","slug":"cote-a-cote-%f0%9f%9a%b2","status":"publish","type":"post","link":"https:\/\/www.preventraide.fr\/contenus\/actualites\/cote-a-cote-%f0%9f%9a%b2\/","title":{"rendered":"C\u00d4TE \u00c0 C\u00d4TE \ud83d\udeb2"},"content":{"rendered":"\n<figure class=\"wp-block-embed alignleft is-type-video is-provider-tiktok wp-block-embed-tiktok\"><div class=\"wp-block-embed__wrapper\">\n<blockquote class=\"tiktok-embed\" cite=\"https:\/\/www.tiktok.com\/@preventionmaif\/video\/7350335826674322721\" data-video-id=\"7350335826674322721\" data-embed-from=\"oembed\" style=\"max-width:605px; min-width:325px;\"> <section> <a target=\"_blank\" title=\"@preventionmaif\" href=\"https:\/\/www.tiktok.com\/@preventionmaif?refer=embed\">@preventionmaif<\/a> <p>D\u00e9couvrez notre projet C\u00f4te \u00e0 C\u00f4te ! \ud83d\udeb2 <a title=\"pourtoi\" target=\"_blank\" href=\"https:\/\/www.tiktok.com\/tag\/pourtoi?refer=embed\">#pourtoi<\/a> <a title=\"fyp\" target=\"_blank\" href=\"https:\/\/www.tiktok.com\/tag\/fyp?refer=embed\">#fyp<\/a> <a title=\"servicecivique\" target=\"_blank\" href=\"https:\/\/www.tiktok.com\/tag\/servicecivique?refer=embed\">#servicecivique<\/a> <a title=\"preventionmaif\" target=\"_blank\" href=\"https:\/\/www.tiktok.com\/tag\/preventionmaif?refer=embed\">#preventionmaif<\/a> <a title=\"c\u00f4te\u00e0c\u00f4te\" target=\"_blank\" href=\"https:\/\/www.tiktok.com\/tag\/c%C3%B4te%C3%A0c%C3%B4te?refer=embed\">#c\u00f4te\u00e0c\u00f4te<\/a> <a title=\"v\u00e9lo\" target=\"_blank\" href=\"https:\/\/www.tiktok.com\/tag\/v%C3%A9lo?refer=embed\">#v\u00e9lo<\/a><\/p> <a target=\"_blank\" title=\"\u266c son original - Pr\u00e9vention MAIF - Pr\u00e9vention MAIF\" href=\"https:\/\/www.tiktok.com\/music\/son-original-Pr\u00e9vention-MAIF-7350335884836834080?refer=embed\">\u266c son original &#8211; Pr\u00e9vention MAIF &#8211; Pr\u00e9vention MAIF<\/a> <\/section> <\/blockquote> <script async src=\"https:\/\/www.tiktok.com\/embed.js\"><\/script>\n<\/div><\/figure>\n\n\n\n<p><\/p>\n\n\n\n<p>L&rsquo;association Pr\u00e9vention MAIF est enchant\u00e9e de vous pr\u00e9senter son projet C\u00f4te \u00e0 C\u00f4te.<\/p>\n\n\n\n<p><\/p>\n\n\n\n<p><strong>Qu&rsquo;est-ce que C\u00f4te \u00e0 C\u00f4te ?<\/strong> Il s&rsquo;agit de deux services civiques qui vont parcourir 1000 km de pr\u00e9vention \u00e0 v\u00e9lo au bord de l&rsquo;Atlantique, en empruntant le parcours de la V\u00e9lodyss\u00e9e.<\/p>\n\n\n\n<p><\/p>\n\n\n\n<p><strong>Quand aura lieu l&rsquo;\u00e9v\u00e9nement ?<\/strong><\/p>\n\n\n\n<p>\ud83d\udcc5 Du 10 mai au 10 juin.<\/p>\n\n\n\n<p>\ud83d\udccd De Saint-Br\u00e9vin-Les-Pins \u00e0 Hendaye.<\/p>\n\n\n\n<p><\/p>\n\n\n\n<p><strong>Leurs missions ?<\/strong><\/p>\n\n\n\n<p>\ud83c\udf43 Agir en faveur du climat et des mobilit\u00e9s douces gr\u00e2ce aux initiatives de Pr\u00e9vention MAIF.<\/p>\n\n\n\n<p>\ud83e\udd1d Rencontrer des acteurs impliqu\u00e9s dans la protection du climat et le d\u00e9veloppement des mobilit\u00e9s douces.<\/p>\n\n\n\n<p><\/p>\n\n\n\n<p>\ud83d\udc49 Suivez l&rsquo;aventure sur les r\u00e9seaux sociaux, notamment sur TikTok, o\u00f9 nous partagerons leur quotidien : <a href=\"https:\/\/www.tiktok.com\/@preventionmaif\">Pr\u00e9vention MAIF (@preventionmaif) | TikTok<\/a><\/p>\n\n\n\n<p><\/p>\n\n\n\n<p>Encouragez nos deux jeunes, L\u00e9a Girodolle et Emilien Bretsch, dans ce formidable d\u00e9fi.<\/p>\n","protected":false},"excerpt":{"rendered":"<p>L&rsquo;association Pr\u00e9vention MAIF est enchant\u00e9e de vous pr\u00e9senter son projet C\u00f4te \u00e0 C\u00f4te. Qu&rsquo;est-ce que C\u00f4te \u00e0 C\u00f4te ? Il s&rsquo;agit de deux services civiques qui vont parcourir 1000 km de pr\u00e9vention \u00e0 v\u00e9lo au bord de l&rsquo;Atlantique, en empruntant le parcours de la V\u00e9lodyss\u00e9e. Quand aura lieu l&rsquo;\u00e9v\u00e9nement ? \ud83d\udcc5 Du 10 mai au [&hellip;]<\/p>\n","protected":false},"author":6,"featured_media":1311,"comment_status":"closed","ping_status":"closed","sticky":false,"template":"","format":"standard","meta":{"_acf_changed":false,"inline_featured_image":false,"ghostkit_customizer_options":"","ghostkit_custom_css":"","ghostkit_custom_js_head":"","ghostkit_custom_js_foot":"","ghostkit_typography":"","footnotes":""},"categories":[2],"tags":[],"class_list":["post-1268","post","type-post","status-publish","format-standard","has-post-thumbnail","hentry","category-non-classifie"],"acf":[],"yoast_head":"<!-- This site is optimized with the Yoast SEO plugin v24.9 - https:\/\/yoast.com\/wordpress\/plugins\/seo\/ -->\n<title>C\u00d4TE \u00c0 C\u00d4TE \ud83d\udeb2 - Preventraide - Conseils Pr\u00e9vention<\/title>\n<meta name=\"robots\" content=\"index, follow, max-snippet:-1, max-image-preview:large, max-video-preview:-1\" \/>\n<link rel=\"canonical\" href=\"https:\/\/www.preventraide.fr\/contenus\/actualites\/cote-a-cote-\ud83d\udeb2\/\" \/>\n<meta property=\"og:locale\" content=\"fr_FR\" \/>\n<meta property=\"og:type\" content=\"article\" \/>\n<meta property=\"og:title\" content=\"C\u00d4TE \u00c0 C\u00d4TE \ud83d\udeb2 - Preventraide - Conseils Pr\u00e9vention\" \/>\n<meta property=\"og:description\" content=\"L&rsquo;association Pr\u00e9vention MAIF est enchant\u00e9e de vous pr\u00e9senter son projet C\u00f4te \u00e0 C\u00f4te. Qu&rsquo;est-ce que C\u00f4te \u00e0 C\u00f4te ? Il s&rsquo;agit de deux services civiques qui vont parcourir 1000 km de pr\u00e9vention \u00e0 v\u00e9lo au bord de l&rsquo;Atlantique, en empruntant le parcours de la V\u00e9lodyss\u00e9e. Quand aura lieu l&rsquo;\u00e9v\u00e9nement ? \ud83d\udcc5 Du 10 mai au [&hellip;]\" \/>\n<meta property=\"og:url\" content=\"https:\/\/www.preventraide.fr\/contenus\/actualites\/cote-a-cote-\ud83d\udeb2\/\" \/>\n<meta property=\"og:site_name\" content=\"Preventraide - Conseils Pr\u00e9vention\" \/>\n<meta property=\"article:published_time\" content=\"2024-04-06T04:26:00+00:00\" \/>\n<meta property=\"og:image\" content=\"https:\/\/www.preventraide.fr\/contenus\/app\/uploads\/2024\/04\/PREVENTION-MAIF-logo-Cote-a-Cote-casques-JPEG-petit.jpg\" \/>\n\t<meta property=\"og:image:width\" content=\"1123\" \/>\n\t<meta property=\"og:image:height\" content=\"614\" \/>\n\t<meta property=\"og:image:type\" content=\"image\/jpeg\" \/>\n<meta name=\"author\" content=\"Camille Jagueneau\" \/>\n<meta name=\"twitter:card\" content=\"summary_large_image\" \/>\n<meta name=\"twitter:label1\" content=\"Written by\" \/>\n\t<meta name=\"twitter:data1\" content=\"Camille Jagueneau\" \/>\n\t<meta name=\"twitter:label2\" content=\"Est. reading time\" \/>\n\t<meta name=\"twitter:data2\" content=\"1 minute\" \/>\n<script type=\"application\/ld+json\" class=\"yoast-schema-graph\">{\"@context\":\"https:\/\/schema.org\",\"@graph\":[{\"@type\":\"WebPage\",\"@id\":\"https:\/\/www.preventraide.fr\/contenus\/actualites\/cote-a-cote-%f0%9f%9a%b2\/\",\"url\":\"https:\/\/www.preventraide.fr\/contenus\/actualites\/cote-a-cote-%f0%9f%9a%b2\/\",\"name\":\"C\u00d4TE \u00c0 C\u00d4TE \ud83d\udeb2 - Preventraide - Conseils Pr\u00e9vention\",\"isPartOf\":{\"@id\":\"https:\/\/www.preventraide.fr\/contenus\/#website\"},\"primaryImageOfPage\":{\"@id\":\"https:\/\/www.preventraide.fr\/contenus\/actualites\/cote-a-cote-%f0%9f%9a%b2\/#primaryimage\"},\"image\":{\"@id\":\"https:\/\/www.preventraide.fr\/contenus\/actualites\/cote-a-cote-%f0%9f%9a%b2\/#primaryimage\"},\"thumbnailUrl\":\"https:\/\/www.preventraide.fr\/contenus\/app\/uploads\/2024\/04\/PREVENTION-MAIF-logo-Cote-a-Cote-casques-JPEG-petit.jpg\",\"datePublished\":\"2024-04-06T04:26:00+00:00\",\"author\":{\"@id\":\"https:\/\/www.preventraide.fr\/contenus\/#\/schema\/person\/610d5b148158ad8b26a57ee3481784b9\"},\"breadcrumb\":{\"@id\":\"https:\/\/www.preventraide.fr\/contenus\/actualites\/cote-a-cote-%f0%9f%9a%b2\/#breadcrumb\"},\"inLanguage\":\"fr-FR\",\"potentialAction\":[{\"@type\":\"ReadAction\",\"target\":[\"https:\/\/www.preventraide.fr\/contenus\/actualites\/cote-a-cote-%f0%9f%9a%b2\/\"]}]},{\"@type\":\"ImageObject\",\"inLanguage\":\"fr-FR\",\"@id\":\"https:\/\/www.preventraide.fr\/contenus\/actualites\/cote-a-cote-%f0%9f%9a%b2\/#primaryimage\",\"url\":\"https:\/\/www.preventraide.fr\/contenus\/app\/uploads\/2024\/04\/PREVENTION-MAIF-logo-Cote-a-Cote-casques-JPEG-petit.jpg\",\"contentUrl\":\"https:\/\/www.preventraide.fr\/contenus\/app\/uploads\/2024\/04\/PREVENTION-MAIF-logo-Cote-a-Cote-casques-JPEG-petit.jpg\",\"width\":1123,\"height\":614},{\"@type\":\"BreadcrumbList\",\"@id\":\"https:\/\/www.preventraide.fr\/contenus\/actualites\/cote-a-cote-%f0%9f%9a%b2\/#breadcrumb\",\"itemListElement\":[{\"@type\":\"ListItem\",\"position\":1,\"name\":\"Accueil\",\"item\":\"https:\/\/www.preventraide.fr\"},{\"@type\":\"ListItem\",\"position\":2,\"name\":\"C\u00d4TE \u00c0 C\u00d4TE \ud83d\udeb2\"}]},{\"@type\":\"WebSite\",\"@id\":\"https:\/\/www.preventraide.fr\/contenus\/#website\",\"url\":\"https:\/\/www.preventraide.fr\/contenus\/\",\"name\":\"Preventraide\",\"description\":\"\",\"potentialAction\":[{\"@type\":\"SearchAction\",\"target\":{\"@type\":\"EntryPoint\",\"urlTemplate\":\"https:\/\/www.preventraide.fr\/contenus\/?s={search_term_string}\"},\"query-input\":{\"@type\":\"PropertyValueSpecification\",\"valueRequired\":true,\"valueName\":\"search_term_string\"}}],\"inLanguage\":\"fr-FR\"},{\"@type\":\"Person\",\"@id\":\"https:\/\/www.preventraide.fr\/contenus\/#\/schema\/person\/610d5b148158ad8b26a57ee3481784b9\",\"name\":\"Camille Jagueneau\",\"image\":{\"@type\":\"ImageObject\",\"inLanguage\":\"fr-FR\",\"@id\":\"https:\/\/www.preventraide.fr\/contenus\/#\/schema\/person\/image\/\",\"url\":\"https:\/\/secure.gravatar.com\/avatar\/3a79d305b8d74191fb30dfe16bb61532d97fe378fbea0c1b02acebf1deb00e68?s=96&d=mm&r=g\",\"contentUrl\":\"https:\/\/secure.gravatar.com\/avatar\/3a79d305b8d74191fb30dfe16bb61532d97fe378fbea0c1b02acebf1deb00e68?s=96&d=mm&r=g\",\"caption\":\"Camille Jagueneau\"}}]}<\/script>\n<!-- \/ Yoast SEO plugin. -->","yoast_head_json":{"title":"C\u00d4TE \u00c0 C\u00d4TE \ud83d\udeb2 - Preventraide - Conseils Pr\u00e9vention","robots":{"index":"index","follow":"follow","max-snippet":"max-snippet:-1","max-image-preview":"max-image-preview:large","max-video-preview":"max-video-preview:-1"},"canonical":"https:\/\/www.preventraide.fr\/contenus\/actualites\/cote-a-cote-\ud83d\udeb2\/","og_locale":"fr_FR","og_type":"article","og_title":"C\u00d4TE \u00c0 C\u00d4TE \ud83d\udeb2 - Preventraide - Conseils Pr\u00e9vention","og_description":"L&rsquo;association Pr\u00e9vention MAIF est enchant\u00e9e de vous pr\u00e9senter son projet C\u00f4te \u00e0 C\u00f4te. Qu&rsquo;est-ce que C\u00f4te \u00e0 C\u00f4te ? Il s&rsquo;agit de deux services civiques qui vont parcourir 1000 km de pr\u00e9vention \u00e0 v\u00e9lo au bord de l&rsquo;Atlantique, en empruntant le parcours de la V\u00e9lodyss\u00e9e. Quand aura lieu l&rsquo;\u00e9v\u00e9nement ? \ud83d\udcc5 Du 10 mai au [&hellip;]","og_url":"https:\/\/www.preventraide.fr\/contenus\/actualites\/cote-a-cote-\ud83d\udeb2\/","og_site_name":"Preventraide - Conseils Pr\u00e9vention","article_published_time":"2024-04-06T04:26:00+00:00","og_image":[{"width":1123,"height":614,"url":"https:\/\/www.preventraide.fr\/contenus\/app\/uploads\/2024\/04\/PREVENTION-MAIF-logo-Cote-a-Cote-casques-JPEG-petit.jpg","type":"image\/jpeg"}],"author":"Camille Jagueneau","twitter_card":"summary_large_image","twitter_misc":{"Written by":"Camille Jagueneau","Est. reading time":"1 minute"},"schema":{"@context":"https:\/\/schema.org","@graph":[{"@type":"WebPage","@id":"https:\/\/www.preventraide.fr\/contenus\/actualites\/cote-a-cote-%f0%9f%9a%b2\/","url":"https:\/\/www.preventraide.fr\/contenus\/actualites\/cote-a-cote-%f0%9f%9a%b2\/","name":"C\u00d4TE \u00c0 C\u00d4TE \ud83d\udeb2 - Preventraide - Conseils Pr\u00e9vention","isPartOf":{"@id":"https:\/\/www.preventraide.fr\/contenus\/#website"},"primaryImageOfPage":{"@id":"https:\/\/www.preventraide.fr\/contenus\/actualites\/cote-a-cote-%f0%9f%9a%b2\/#primaryimage"},"image":{"@id":"https:\/\/www.preventraide.fr\/contenus\/actualites\/cote-a-cote-%f0%9f%9a%b2\/#primaryimage"},"thumbnailUrl":"https:\/\/www.preventraide.fr\/contenus\/app\/uploads\/2024\/04\/PREVENTION-MAIF-logo-Cote-a-Cote-casques-JPEG-petit.jpg","datePublished":"2024-04-06T04:26:00+00:00","author":{"@id":"https:\/\/www.preventraide.fr\/contenus\/#\/schema\/person\/610d5b148158ad8b26a57ee3481784b9"},"breadcrumb":{"@id":"https:\/\/www.preventraide.fr\/contenus\/actualites\/cote-a-cote-%f0%9f%9a%b2\/#breadcrumb"},"inLanguage":"fr-FR","potentialAction":[{"@type":"ReadAction","target":["https:\/\/www.preventraide.fr\/contenus\/actualites\/cote-a-cote-%f0%9f%9a%b2\/"]}]},{"@type":"ImageObject","inLanguage":"fr-FR","@id":"https:\/\/www.preventraide.fr\/contenus\/actualites\/cote-a-cote-%f0%9f%9a%b2\/#primaryimage","url":"https:\/\/www.preventraide.fr\/contenus\/app\/uploads\/2024\/04\/PREVENTION-MAIF-logo-Cote-a-Cote-casques-JPEG-petit.jpg","contentUrl":"https:\/\/www.preventraide.fr\/contenus\/app\/uploads\/2024\/04\/PREVENTION-MAIF-logo-Cote-a-Cote-casques-JPEG-petit.jpg","width":1123,"height":614},{"@type":"BreadcrumbList","@id":"https:\/\/www.preventraide.fr\/contenus\/actualites\/cote-a-cote-%f0%9f%9a%b2\/#breadcrumb","itemListElement":[{"@type":"ListItem","position":1,"name":"Accueil","item":"https:\/\/www.preventraide.fr"},{"@type":"ListItem","position":2,"name":"C\u00d4TE \u00c0 C\u00d4TE \ud83d\udeb2"}]},{"@type":"WebSite","@id":"https:\/\/www.preventraide.fr\/contenus\/#website","url":"https:\/\/www.preventraide.fr\/contenus\/","name":"Preventraide","description":"","potentialAction":[{"@type":"SearchAction","target":{"@type":"EntryPoint","urlTemplate":"https:\/\/www.preventraide.fr\/contenus\/?s={search_term_string}"},"query-input":{"@type":"PropertyValueSpecification","valueRequired":true,"valueName":"search_term_string"}}],"inLanguage":"fr-FR"},{"@type":"Person","@id":"https:\/\/www.preventraide.fr\/contenus\/#\/schema\/person\/610d5b148158ad8b26a57ee3481784b9","name":"Camille Jagueneau","image":{"@type":"ImageObject","inLanguage":"fr-FR","@id":"https:\/\/www.preventraide.fr\/contenus\/#\/schema\/person\/image\/","url":"https:\/\/secure.gravatar.com\/avatar\/3a79d305b8d74191fb30dfe16bb61532d97fe378fbea0c1b02acebf1deb00e68?s=96&d=mm&r=g","contentUrl":"https:\/\/secure.gravatar.com\/avatar\/3a79d305b8d74191fb30dfe16bb61532d97fe378fbea0c1b02acebf1deb00e68?s=96&d=mm&r=g","caption":"Camille Jagueneau"}}]}},"_links":{"self":[{"href":"https:\/\/www.preventraide.fr\/contenus\/wp-json\/wp\/v2\/posts\/1268","targetHints":{"allow":["GET"]}}],"collection":[{"href":"https:\/\/www.preventraide.fr\/contenus\/wp-json\/wp\/v2\/posts"}],"about":[{"href":"https:\/\/www.preventraide.fr\/contenus\/wp-json\/wp\/v2\/types\/post"}],"author":[{"embeddable":true,"href":"https:\/\/www.preventraide.fr\/contenus\/wp-json\/wp\/v2\/users\/6"}],"replies":[{"embeddable":true,"href":"https:\/\/www.preventraide.fr\/contenus\/wp-json\/wp\/v2\/comments?post=1268"}],"version-history":[{"count":0,"href":"https:\/\/www.preventraide.fr\/contenus\/wp-json\/wp\/v2\/posts\/1268\/revisions"}],"wp:featuredmedia":[{"embeddable":true,"href":"https:\/\/www.preventraide.fr\/contenus\/wp-json\/wp\/v2\/media\/1311"}],"wp:attachment":[{"href":"https:\/\/www.preventraide.fr\/contenus\/wp-json\/wp\/v2\/media?parent=1268"}],"wp:term":[{"taxonomy":"category","embeddable":true,"href":"https:\/\/www.preventraide.fr\/contenus\/wp-json\/wp\/v2\/categories?post=1268"},{"taxonomy":"post_tag","embeddable":true,"href":"https:\/\/www.preventraide.fr\/contenus\/wp-json\/wp\/v2\/tags?post=1268"}],"curies":[{"name":"wp","href":"https:\/\/api.w.org\/{rel}","templated":true}]}}