{"id":1273,"date":"2024-03-29T18:13:40","date_gmt":"2024-03-29T17:13:40","guid":{"rendered":"https:\/\/www.preventraide.fr\/contenus\/?p=1273"},"modified":"2024-03-29T18:13:40","modified_gmt":"2024-03-29T17:13:40","slug":"rejoignez-nous-pour-le-printemps-du-climat-a-bordeaux-le-13-avril-2024-%f0%9f%8c%8d","status":"publish","type":"post","link":"https:\/\/www.preventraide.fr\/contenus\/actualites\/rejoignez-nous-pour-le-printemps-du-climat-a-bordeaux-le-13-avril-2024-%f0%9f%8c%8d\/","title":{"rendered":"Rejoignez-nous pour le Printemps du climat \u00e0 Bordeaux le 13 avril 2024! \ud83c\udf0d"},"content":{"rendered":"\n<div class=\"wp-block-image\"><figure class=\"alignleft size-large is-resized\"><img loading=\"lazy\" decoding=\"async\" src=\"https:\/\/www.preventraide.fr\/contenus\/app\/uploads\/2024\/03\/AFFICHE-Printemps-du-Climat-A4-BORDEAUX-724x1024.png\" alt=\"\" class=\"wp-image-1274\" width=\"548\" height=\"775\" srcset=\"https:\/\/www.preventraide.fr\/contenus\/app\/uploads\/2024\/03\/AFFICHE-Printemps-du-Climat-A4-BORDEAUX-724x1024.png 724w, https:\/\/www.preventraide.fr\/contenus\/app\/uploads\/2024\/03\/AFFICHE-Printemps-du-Climat-A4-BORDEAUX-212x300.png 212w, https:\/\/www.preventraide.fr\/contenus\/app\/uploads\/2024\/03\/AFFICHE-Printemps-du-Climat-A4-BORDEAUX-768x1086.png 768w, https:\/\/www.preventraide.fr\/contenus\/app\/uploads\/2024\/03\/AFFICHE-Printemps-du-Climat-A4-BORDEAUX-1086x1536.png 1086w, https:\/\/www.preventraide.fr\/contenus\/app\/uploads\/2024\/03\/AFFICHE-Printemps-du-Climat-A4-BORDEAUX-1449x2048.png 1449w, https:\/\/www.preventraide.fr\/contenus\/app\/uploads\/2024\/03\/AFFICHE-Printemps-du-Climat-A4-BORDEAUX-1600x2262.png 1600w\" sizes=\"auto, (max-width: 548px) 100vw, 548px\" \/><\/figure><\/div>\n\n\n\n<p>Le Printemps du climat \u00e0 Bordeaux offre une opportunit\u00e9 unique de s&rsquo;engager pour notre plan\u00e8te. Que ce soit par de petits gestes quotidiens ou des projets ambitieux, chaque action compte dans la lutte contre le r\u00e9chauffement climatique.<\/p>\n\n\n\n<p>Cet \u00e9v\u00e9nement met en lumi\u00e8re les initiatives environnementales locales et offre un lieu unique aux associations, collectivit\u00e9s et organisations \u00e0 but non lucratif engag\u00e9es dans la transition \u00e9cologique.<\/p>\n\n\n\n<p><\/p>\n\n\n\n<p>Venez d\u00e9couvrir et soutenir des associations telles que :<\/p>\n\n\n\n<p><img loading=\"lazy\" decoding=\"async\" height=\"16\" width=\"16\" alt=\"\ud83d\udc49\" src=\"https:\/\/static.xx.fbcdn.net\/images\/emoji.php\/v9\/taa\/1.5\/16\/1f449.png\"><a href=\"https:\/\/www.facebook.com\/profile.php?id=61552812240348&amp;__cft__[0]=AZUEusb_-mDYotlbDGA5L9ZWkLNkuEJbDfIRCtVv3sWRcliWyjOpHEFE_584wAnKTClcgJa2-r15FU2EmtZVQ5oqJWS0a_AwTsQ8FKOiGKqSTTFcKHwEdJoI5dOXf_Y8qiQ7iyrA0IOJRIqtbKm1DbCuRyHVKL9jhhCxz-Zj2c9ffZo51y83TGle1fQmwgkoj_c&amp;__tn__=-]K-R\">Pr\u00e9vention MAIF<\/a><\/p>\n\n\n\n<p><img loading=\"lazy\" decoding=\"async\" height=\"16\" width=\"16\" alt=\"\ud83d\udc49\" src=\"https:\/\/static.xx.fbcdn.net\/images\/emoji.php\/v9\/taa\/1.5\/16\/1f449.png\"><a href=\"https:\/\/www.facebook.com\/asso.ceseau?__cft__[0]=AZUEusb_-mDYotlbDGA5L9ZWkLNkuEJbDfIRCtVv3sWRcliWyjOpHEFE_584wAnKTClcgJa2-r15FU2EmtZVQ5oqJWS0a_AwTsQ8FKOiGKqSTTFcKHwEdJoI5dOXf_Y8qiQ7iyrA0IOJRIqtbKm1DbCuRyHVKL9jhhCxz-Zj2c9ffZo51y83TGle1fQmwgkoj_c&amp;__tn__=-]K-R\">Asso Ceseau<\/a><\/p>\n\n\n\n<p><img loading=\"lazy\" decoding=\"async\" height=\"16\" width=\"16\" alt=\"\ud83d\udc49\" src=\"https:\/\/static.xx.fbcdn.net\/images\/emoji.php\/v9\/taa\/1.5\/16\/1f449.png\"><a href=\"https:\/\/www.facebook.com\/auxarbrescitoyenslarochelle?__cft__[0]=AZUEusb_-mDYotlbDGA5L9ZWkLNkuEJbDfIRCtVv3sWRcliWyjOpHEFE_584wAnKTClcgJa2-r15FU2EmtZVQ5oqJWS0a_AwTsQ8FKOiGKqSTTFcKHwEdJoI5dOXf_Y8qiQ7iyrA0IOJRIqtbKm1DbCuRyHVKL9jhhCxz-Zj2c9ffZo51y83TGle1fQmwgkoj_c&amp;__tn__=-]K-R\">Aux arbres citoyens<\/a><\/p>\n\n\n\n<p><img loading=\"lazy\" decoding=\"async\" height=\"16\" width=\"16\" alt=\"\ud83d\udc49\" src=\"https:\/\/static.xx.fbcdn.net\/images\/emoji.php\/v9\/taa\/1.5\/16\/1f449.png\"><a href=\"https:\/\/www.facebook.com\/initiative.developpement?__cft__[0]=AZUEusb_-mDYotlbDGA5L9ZWkLNkuEJbDfIRCtVv3sWRcliWyjOpHEFE_584wAnKTClcgJa2-r15FU2EmtZVQ5oqJWS0a_AwTsQ8FKOiGKqSTTFcKHwEdJoI5dOXf_Y8qiQ7iyrA0IOJRIqtbKm1DbCuRyHVKL9jhhCxz-Zj2c9ffZo51y83TGle1fQmwgkoj_c&amp;__tn__=-]K-R\">Initiative D\u00e9veloppement <\/a><\/p>\n\n\n\n<p><img loading=\"lazy\" decoding=\"async\" height=\"16\" width=\"16\" alt=\"\ud83d\udc49\" src=\"https:\/\/static.xx.fbcdn.net\/images\/emoji.php\/v9\/taa\/1.5\/16\/1f449.png\"><a href=\"https:\/\/www.facebook.com\/solevent33?__cft__[0]=AZUEusb_-mDYotlbDGA5L9ZWkLNkuEJbDfIRCtVv3sWRcliWyjOpHEFE_584wAnKTClcgJa2-r15FU2EmtZVQ5oqJWS0a_AwTsQ8FKOiGKqSTTFcKHwEdJoI5dOXf_Y8qiQ7iyrA0IOJRIqtbKm1DbCuRyHVKL9jhhCxz-Zj2c9ffZo51y83TGle1fQmwgkoj_c&amp;__tn__=-]K-R\">Sol\u00e9vent<\/a><\/p>\n\n\n\n<p><img loading=\"lazy\" decoding=\"async\" height=\"16\" width=\"16\" alt=\"\ud83d\udc49\" src=\"https:\/\/static.xx.fbcdn.net\/images\/emoji.php\/v9\/taa\/1.5\/16\/1f449.png\"><a href=\"https:\/\/www.facebook.com\/LPOAquitaine?__cft__[0]=AZUEusb_-mDYotlbDGA5L9ZWkLNkuEJbDfIRCtVv3sWRcliWyjOpHEFE_584wAnKTClcgJa2-r15FU2EmtZVQ5oqJWS0a_AwTsQ8FKOiGKqSTTFcKHwEdJoI5dOXf_Y8qiQ7iyrA0IOJRIqtbKm1DbCuRyHVKL9jhhCxz-Zj2c9ffZo51y83TGle1fQmwgkoj_c&amp;__tn__=-]K-R\">LPO Aquitaine<\/a><\/p>\n\n\n\n<p><img loading=\"lazy\" decoding=\"async\" height=\"16\" width=\"16\" alt=\"\ud83d\udc49\" src=\"https:\/\/static.xx.fbcdn.net\/images\/emoji.php\/v9\/taa\/1.5\/16\/1f449.png\"><a href=\"https:\/\/www.facebook.com\/AssoBionav?__cft__[0]=AZUEusb_-mDYotlbDGA5L9ZWkLNkuEJbDfIRCtVv3sWRcliWyjOpHEFE_584wAnKTClcgJa2-r15FU2EmtZVQ5oqJWS0a_AwTsQ8FKOiGKqSTTFcKHwEdJoI5dOXf_Y8qiQ7iyrA0IOJRIqtbKm1DbCuRyHVKL9jhhCxz-Zj2c9ffZo51y83TGle1fQmwgkoj_c&amp;__tn__=-]K-R\">Bionav<\/a><\/p>\n\n\n\n<p><img loading=\"lazy\" decoding=\"async\" height=\"16\" width=\"16\" alt=\"\ud83d\udc49\" src=\"https:\/\/static.xx.fbcdn.net\/images\/emoji.php\/v9\/taa\/1.5\/16\/1f449.png\"><a href=\"https:\/\/www.facebook.com\/WingsOfTheOcean?__cft__[0]=AZUEusb_-mDYotlbDGA5L9ZWkLNkuEJbDfIRCtVv3sWRcliWyjOpHEFE_584wAnKTClcgJa2-r15FU2EmtZVQ5oqJWS0a_AwTsQ8FKOiGKqSTTFcKHwEdJoI5dOXf_Y8qiQ7iyrA0IOJRIqtbKm1DbCuRyHVKL9jhhCxz-Zj2c9ffZo51y83TGle1fQmwgkoj_c&amp;__tn__=-]K-R\">Wings of the Ocean<\/a><\/p>\n\n\n\n<p><img loading=\"lazy\" decoding=\"async\" height=\"16\" width=\"16\" alt=\"\ud83d\udc49\" src=\"https:\/\/static.xx.fbcdn.net\/images\/emoji.php\/v9\/taa\/1.5\/16\/1f449.png\"><a href=\"https:\/\/www.facebook.com\/waterlife.community.org?__cft__[0]=AZUEusb_-mDYotlbDGA5L9ZWkLNkuEJbDfIRCtVv3sWRcliWyjOpHEFE_584wAnKTClcgJa2-r15FU2EmtZVQ5oqJWS0a_AwTsQ8FKOiGKqSTTFcKHwEdJoI5dOXf_Y8qiQ7iyrA0IOJRIqtbKm1DbCuRyHVKL9jhhCxz-Zj2c9ffZo51y83TGle1fQmwgkoj_c&amp;__tn__=-]K-R\">Water Life Community<\/a><\/p>\n\n\n\n<p><img loading=\"lazy\" decoding=\"async\" height=\"16\" width=\"16\" alt=\"\ud83d\udc49\" src=\"https:\/\/static.xx.fbcdn.net\/images\/emoji.php\/v9\/taa\/1.5\/16\/1f449.png\"><a href=\"https:\/\/www.facebook.com\/fruitsdelaterre33?__cft__[0]=AZUEusb_-mDYotlbDGA5L9ZWkLNkuEJbDfIRCtVv3sWRcliWyjOpHEFE_584wAnKTClcgJa2-r15FU2EmtZVQ5oqJWS0a_AwTsQ8FKOiGKqSTTFcKHwEdJoI5dOXf_Y8qiQ7iyrA0IOJRIqtbKm1DbCuRyHVKL9jhhCxz-Zj2c9ffZo51y83TGle1fQmwgkoj_c&amp;__tn__=-]K-R\">Fruits de la Terre Bordeaux<\/a><\/p>\n\n\n\n<p><img loading=\"lazy\" decoding=\"async\" height=\"16\" width=\"16\" alt=\"\ud83d\udc49\" src=\"https:\/\/static.xx.fbcdn.net\/images\/emoji.php\/v9\/taa\/1.5\/16\/1f449.png\"><a href=\"https:\/\/www.facebook.com\/placeauxminuscules?__cft__[0]=AZUEusb_-mDYotlbDGA5L9ZWkLNkuEJbDfIRCtVv3sWRcliWyjOpHEFE_584wAnKTClcgJa2-r15FU2EmtZVQ5oqJWS0a_AwTsQ8FKOiGKqSTTFcKHwEdJoI5dOXf_Y8qiQ7iyrA0IOJRIqtbKm1DbCuRyHVKL9jhhCxz-Zj2c9ffZo51y83TGle1fQmwgkoj_c&amp;__tn__=-]K-R\">Place aux Minuscules<\/a><\/p>\n\n\n\n<p><img loading=\"lazy\" decoding=\"async\" height=\"16\" width=\"16\" alt=\"\ud83d\udc49\" src=\"https:\/\/static.xx.fbcdn.net\/images\/emoji.php\/v9\/taa\/1.5\/16\/1f449.png\"><a href=\"https:\/\/www.facebook.com\/monarch.int?__cft__[0]=AZUEusb_-mDYotlbDGA5L9ZWkLNkuEJbDfIRCtVv3sWRcliWyjOpHEFE_584wAnKTClcgJa2-r15FU2EmtZVQ5oqJWS0a_AwTsQ8FKOiGKqSTTFcKHwEdJoI5dOXf_Y8qiQ7iyrA0IOJRIqtbKm1DbCuRyHVKL9jhhCxz-Zj2c9ffZo51y83TGle1fQmwgkoj_c&amp;__tn__=-]K-R\">Association Monarch Intelligence<\/a><\/p>\n\n\n\n<p><img loading=\"lazy\" decoding=\"async\" height=\"16\" width=\"16\" alt=\"\ud83d\udc49\" src=\"https:\/\/static.xx.fbcdn.net\/images\/emoji.php\/v9\/taa\/1.5\/16\/1f449.png\"><a href=\"https:\/\/www.facebook.com\/reneeassoc?__cft__[0]=AZUEusb_-mDYotlbDGA5L9ZWkLNkuEJbDfIRCtVv3sWRcliWyjOpHEFE_584wAnKTClcgJa2-r15FU2EmtZVQ5oqJWS0a_AwTsQ8FKOiGKqSTTFcKHwEdJoI5dOXf_Y8qiQ7iyrA0IOJRIqtbKm1DbCuRyHVKL9jhhCxz-Zj2c9ffZo51y83TGle1fQmwgkoj_c&amp;__tn__=-]K-R\">Ren\u00e9e<\/a><\/p>\n\n\n\n<p><img loading=\"lazy\" decoding=\"async\" height=\"16\" width=\"16\" alt=\"\ud83d\udc49\" src=\"https:\/\/static.xx.fbcdn.net\/images\/emoji.php\/v9\/taa\/1.5\/16\/1f449.png\"><a href=\"https:\/\/www.facebook.com\/fourchebeche?__cft__[0]=AZUEusb_-mDYotlbDGA5L9ZWkLNkuEJbDfIRCtVv3sWRcliWyjOpHEFE_584wAnKTClcgJa2-r15FU2EmtZVQ5oqJWS0a_AwTsQ8FKOiGKqSTTFcKHwEdJoI5dOXf_Y8qiQ7iyrA0IOJRIqtbKm1DbCuRyHVKL9jhhCxz-Zj2c9ffZo51y83TGle1fQmwgkoj_c&amp;__tn__=-]K-R\">Jardin De Fourchebeche<\/a><\/p>\n\n\n\n<p><\/p>\n\n\n\n<p>Ensemble, agissons pour r\u00e9duire notre empreinte \u00e9cologique et mobilisons-nous pour la protection de notre plan\u00e8te. <img loading=\"lazy\" decoding=\"async\" height=\"16\" width=\"16\" alt=\"\ud83c\udf0d\" src=\"https:\/\/static.xx.fbcdn.net\/images\/emoji.php\/v9\/t98\/1.5\/16\/1f30d.png\"><img loading=\"lazy\" decoding=\"async\" height=\"16\" width=\"16\" alt=\"\ud83d\udc9a\" src=\"https:\/\/static.xx.fbcdn.net\/images\/emoji.php\/v9\/ted\/1.5\/16\/1f49a.png\"><\/p>\n","protected":false},"excerpt":{"rendered":"<p>Le Printemps du climat \u00e0 Bordeaux offre une opportunit\u00e9 unique de s&rsquo;engager pour notre plan\u00e8te. Que ce soit par de petits gestes quotidiens ou des projets ambitieux, chaque action compte dans la lutte contre le r\u00e9chauffement climatique. Cet \u00e9v\u00e9nement met en lumi\u00e8re les initiatives environnementales locales et offre un lieu unique aux associations, collectivit\u00e9s et [&hellip;]<\/p>\n","protected":false},"author":6,"featured_media":1256,"comment_status":"closed","ping_status":"closed","sticky":false,"template":"","format":"standard","meta":{"_acf_changed":false,"inline_featured_image":false,"ghostkit_customizer_options":"","ghostkit_custom_css":"","ghostkit_custom_js_head":"","ghostkit_custom_js_foot":"","ghostkit_typography":"","footnotes":""},"categories":[2],"tags":[],"class_list":["post-1273","post","type-post","status-publish","format-standard","has-post-thumbnail","hentry","category-non-classifie"],"acf":[],"yoast_head":"<!-- This site is optimized with the Yoast SEO plugin v24.9 - https:\/\/yoast.com\/wordpress\/plugins\/seo\/ -->\n<title>Rejoignez-nous pour le Printemps du climat \u00e0 Bordeaux le 13 avril 2024! \ud83c\udf0d - Preventraide - Conseils Pr\u00e9vention<\/title>\n<meta name=\"robots\" content=\"index, follow, max-snippet:-1, max-image-preview:large, max-video-preview:-1\" \/>\n<link rel=\"canonical\" href=\"https:\/\/www.preventraide.fr\/contenus\/actualites\/rejoignez-nous-pour-le-printemps-du-climat-a-bordeaux-le-13-avril-2024-\ud83c\udf0d\/\" \/>\n<meta property=\"og:locale\" content=\"fr_FR\" \/>\n<meta property=\"og:type\" content=\"article\" \/>\n<meta property=\"og:title\" content=\"Rejoignez-nous pour le Printemps du climat \u00e0 Bordeaux le 13 avril 2024! \ud83c\udf0d - Preventraide - Conseils Pr\u00e9vention\" \/>\n<meta property=\"og:description\" content=\"Le Printemps du climat \u00e0 Bordeaux offre une opportunit\u00e9 unique de s&rsquo;engager pour notre plan\u00e8te. Que ce soit par de petits gestes quotidiens ou des projets ambitieux, chaque action compte dans la lutte contre le r\u00e9chauffement climatique. Cet \u00e9v\u00e9nement met en lumi\u00e8re les initiatives environnementales locales et offre un lieu unique aux associations, collectivit\u00e9s et [&hellip;]\" \/>\n<meta property=\"og:url\" content=\"https:\/\/www.preventraide.fr\/contenus\/actualites\/rejoignez-nous-pour-le-printemps-du-climat-a-bordeaux-le-13-avril-2024-\ud83c\udf0d\/\" \/>\n<meta property=\"og:site_name\" content=\"Preventraide - Conseils Pr\u00e9vention\" \/>\n<meta property=\"article:published_time\" content=\"2024-03-29T17:13:40+00:00\" \/>\n<meta property=\"og:image\" content=\"https:\/\/www.preventraide.fr\/contenus\/app\/uploads\/2024\/03\/logo_-_PRINTEMPS_du_CLIMAT-_prevention_MAIF_Plan_de_travail_11-1.png\" \/>\n\t<meta property=\"og:image:width\" content=\"3508\" \/>\n\t<meta property=\"og:image:height\" content=\"2481\" \/>\n\t<meta property=\"og:image:type\" content=\"image\/png\" \/>\n<meta name=\"author\" content=\"Camille Jagueneau\" \/>\n<meta name=\"twitter:card\" content=\"summary_large_image\" \/>\n<meta name=\"twitter:label1\" content=\"Written by\" \/>\n\t<meta name=\"twitter:data1\" content=\"Camille Jagueneau\" \/>\n\t<meta name=\"twitter:label2\" content=\"Est. reading time\" \/>\n\t<meta name=\"twitter:data2\" content=\"4 minutes\" \/>\n<script type=\"application\/ld+json\" class=\"yoast-schema-graph\">{\"@context\":\"https:\/\/schema.org\",\"@graph\":[{\"@type\":\"WebPage\",\"@id\":\"https:\/\/www.preventraide.fr\/contenus\/actualites\/rejoignez-nous-pour-le-printemps-du-climat-a-bordeaux-le-13-avril-2024-%f0%9f%8c%8d\/\",\"url\":\"https:\/\/www.preventraide.fr\/contenus\/actualites\/rejoignez-nous-pour-le-printemps-du-climat-a-bordeaux-le-13-avril-2024-%f0%9f%8c%8d\/\",\"name\":\"Rejoignez-nous pour le Printemps du climat \u00e0 Bordeaux le 13 avril 2024! \ud83c\udf0d - Preventraide - Conseils Pr\u00e9vention\",\"isPartOf\":{\"@id\":\"https:\/\/www.preventraide.fr\/contenus\/#website\"},\"primaryImageOfPage\":{\"@id\":\"https:\/\/www.preventraide.fr\/contenus\/actualites\/rejoignez-nous-pour-le-printemps-du-climat-a-bordeaux-le-13-avril-2024-%f0%9f%8c%8d\/#primaryimage\"},\"image\":{\"@id\":\"https:\/\/www.preventraide.fr\/contenus\/actualites\/rejoignez-nous-pour-le-printemps-du-climat-a-bordeaux-le-13-avril-2024-%f0%9f%8c%8d\/#primaryimage\"},\"thumbnailUrl\":\"https:\/\/www.preventraide.fr\/contenus\/app\/uploads\/2024\/03\/logo_-_PRINTEMPS_du_CLIMAT-_prevention_MAIF_Plan_de_travail_11-1.png\",\"datePublished\":\"2024-03-29T17:13:40+00:00\",\"author\":{\"@id\":\"https:\/\/www.preventraide.fr\/contenus\/#\/schema\/person\/610d5b148158ad8b26a57ee3481784b9\"},\"breadcrumb\":{\"@id\":\"https:\/\/www.preventraide.fr\/contenus\/actualites\/rejoignez-nous-pour-le-printemps-du-climat-a-bordeaux-le-13-avril-2024-%f0%9f%8c%8d\/#breadcrumb\"},\"inLanguage\":\"fr-FR\",\"potentialAction\":[{\"@type\":\"ReadAction\",\"target\":[\"https:\/\/www.preventraide.fr\/contenus\/actualites\/rejoignez-nous-pour-le-printemps-du-climat-a-bordeaux-le-13-avril-2024-%f0%9f%8c%8d\/\"]}]},{\"@type\":\"ImageObject\",\"inLanguage\":\"fr-FR\",\"@id\":\"https:\/\/www.preventraide.fr\/contenus\/actualites\/rejoignez-nous-pour-le-printemps-du-climat-a-bordeaux-le-13-avril-2024-%f0%9f%8c%8d\/#primaryimage\",\"url\":\"https:\/\/www.preventraide.fr\/contenus\/app\/uploads\/2024\/03\/logo_-_PRINTEMPS_du_CLIMAT-_prevention_MAIF_Plan_de_travail_11-1.png\",\"contentUrl\":\"https:\/\/www.preventraide.fr\/contenus\/app\/uploads\/2024\/03\/logo_-_PRINTEMPS_du_CLIMAT-_prevention_MAIF_Plan_de_travail_11-1.png\",\"width\":3508,\"height\":2481},{\"@type\":\"BreadcrumbList\",\"@id\":\"https:\/\/www.preventraide.fr\/contenus\/actualites\/rejoignez-nous-pour-le-printemps-du-climat-a-bordeaux-le-13-avril-2024-%f0%9f%8c%8d\/#breadcrumb\",\"itemListElement\":[{\"@type\":\"ListItem\",\"position\":1,\"name\":\"Accueil\",\"item\":\"https:\/\/www.preventraide.fr\"},{\"@type\":\"ListItem\",\"position\":2,\"name\":\"Rejoignez-nous pour le Printemps du climat \u00e0 Bordeaux le 13 avril 2024! \ud83c\udf0d\"}]},{\"@type\":\"WebSite\",\"@id\":\"https:\/\/www.preventraide.fr\/contenus\/#website\",\"url\":\"https:\/\/www.preventraide.fr\/contenus\/\",\"name\":\"Preventraide\",\"description\":\"\",\"potentialAction\":[{\"@type\":\"SearchAction\",\"target\":{\"@type\":\"EntryPoint\",\"urlTemplate\":\"https:\/\/www.preventraide.fr\/contenus\/?s={search_term_string}\"},\"query-input\":{\"@type\":\"PropertyValueSpecification\",\"valueRequired\":true,\"valueName\":\"search_term_string\"}}],\"inLanguage\":\"fr-FR\"},{\"@type\":\"Person\",\"@id\":\"https:\/\/www.preventraide.fr\/contenus\/#\/schema\/person\/610d5b148158ad8b26a57ee3481784b9\",\"name\":\"Camille Jagueneau\",\"image\":{\"@type\":\"ImageObject\",\"inLanguage\":\"fr-FR\",\"@id\":\"https:\/\/www.preventraide.fr\/contenus\/#\/schema\/person\/image\/\",\"url\":\"https:\/\/secure.gravatar.com\/avatar\/3a79d305b8d74191fb30dfe16bb61532d97fe378fbea0c1b02acebf1deb00e68?s=96&d=mm&r=g\",\"contentUrl\":\"https:\/\/secure.gravatar.com\/avatar\/3a79d305b8d74191fb30dfe16bb61532d97fe378fbea0c1b02acebf1deb00e68?s=96&d=mm&r=g\",\"caption\":\"Camille Jagueneau\"}}]}<\/script>\n<!-- \/ Yoast SEO plugin. -->","yoast_head_json":{"title":"Rejoignez-nous pour le Printemps du climat \u00e0 Bordeaux le 13 avril 2024! \ud83c\udf0d - Preventraide - Conseils Pr\u00e9vention","robots":{"index":"index","follow":"follow","max-snippet":"max-snippet:-1","max-image-preview":"max-image-preview:large","max-video-preview":"max-video-preview:-1"},"canonical":"https:\/\/www.preventraide.fr\/contenus\/actualites\/rejoignez-nous-pour-le-printemps-du-climat-a-bordeaux-le-13-avril-2024-\ud83c\udf0d\/","og_locale":"fr_FR","og_type":"article","og_title":"Rejoignez-nous pour le Printemps du climat \u00e0 Bordeaux le 13 avril 2024! \ud83c\udf0d - Preventraide - Conseils Pr\u00e9vention","og_description":"Le Printemps du climat \u00e0 Bordeaux offre une opportunit\u00e9 unique de s&rsquo;engager pour notre plan\u00e8te. Que ce soit par de petits gestes quotidiens ou des projets ambitieux, chaque action compte dans la lutte contre le r\u00e9chauffement climatique. Cet \u00e9v\u00e9nement met en lumi\u00e8re les initiatives environnementales locales et offre un lieu unique aux associations, collectivit\u00e9s et [&hellip;]","og_url":"https:\/\/www.preventraide.fr\/contenus\/actualites\/rejoignez-nous-pour-le-printemps-du-climat-a-bordeaux-le-13-avril-2024-\ud83c\udf0d\/","og_site_name":"Preventraide - Conseils Pr\u00e9vention","article_published_time":"2024-03-29T17:13:40+00:00","og_image":[{"width":3508,"height":2481,"url":"https:\/\/www.preventraide.fr\/contenus\/app\/uploads\/2024\/03\/logo_-_PRINTEMPS_du_CLIMAT-_prevention_MAIF_Plan_de_travail_11-1.png","type":"image\/png"}],"author":"Camille Jagueneau","twitter_card":"summary_large_image","twitter_misc":{"Written by":"Camille Jagueneau","Est. reading time":"4 minutes"},"schema":{"@context":"https:\/\/schema.org","@graph":[{"@type":"WebPage","@id":"https:\/\/www.preventraide.fr\/contenus\/actualites\/rejoignez-nous-pour-le-printemps-du-climat-a-bordeaux-le-13-avril-2024-%f0%9f%8c%8d\/","url":"https:\/\/www.preventraide.fr\/contenus\/actualites\/rejoignez-nous-pour-le-printemps-du-climat-a-bordeaux-le-13-avril-2024-%f0%9f%8c%8d\/","name":"Rejoignez-nous pour le Printemps du climat \u00e0 Bordeaux le 13 avril 2024! \ud83c\udf0d - Preventraide - Conseils Pr\u00e9vention","isPartOf":{"@id":"https:\/\/www.preventraide.fr\/contenus\/#website"},"primaryImageOfPage":{"@id":"https:\/\/www.preventraide.fr\/contenus\/actualites\/rejoignez-nous-pour-le-printemps-du-climat-a-bordeaux-le-13-avril-2024-%f0%9f%8c%8d\/#primaryimage"},"image":{"@id":"https:\/\/www.preventraide.fr\/contenus\/actualites\/rejoignez-nous-pour-le-printemps-du-climat-a-bordeaux-le-13-avril-2024-%f0%9f%8c%8d\/#primaryimage"},"thumbnailUrl":"https:\/\/www.preventraide.fr\/contenus\/app\/uploads\/2024\/03\/logo_-_PRINTEMPS_du_CLIMAT-_prevention_MAIF_Plan_de_travail_11-1.png","datePublished":"2024-03-29T17:13:40+00:00","author":{"@id":"https:\/\/www.preventraide.fr\/contenus\/#\/schema\/person\/610d5b148158ad8b26a57ee3481784b9"},"breadcrumb":{"@id":"https:\/\/www.preventraide.fr\/contenus\/actualites\/rejoignez-nous-pour-le-printemps-du-climat-a-bordeaux-le-13-avril-2024-%f0%9f%8c%8d\/#breadcrumb"},"inLanguage":"fr-FR","potentialAction":[{"@type":"ReadAction","target":["https:\/\/www.preventraide.fr\/contenus\/actualites\/rejoignez-nous-pour-le-printemps-du-climat-a-bordeaux-le-13-avril-2024-%f0%9f%8c%8d\/"]}]},{"@type":"ImageObject","inLanguage":"fr-FR","@id":"https:\/\/www.preventraide.fr\/contenus\/actualites\/rejoignez-nous-pour-le-printemps-du-climat-a-bordeaux-le-13-avril-2024-%f0%9f%8c%8d\/#primaryimage","url":"https:\/\/www.preventraide.fr\/contenus\/app\/uploads\/2024\/03\/logo_-_PRINTEMPS_du_CLIMAT-_prevention_MAIF_Plan_de_travail_11-1.png","contentUrl":"https:\/\/www.preventraide.fr\/contenus\/app\/uploads\/2024\/03\/logo_-_PRINTEMPS_du_CLIMAT-_prevention_MAIF_Plan_de_travail_11-1.png","width":3508,"height":2481},{"@type":"BreadcrumbList","@id":"https:\/\/www.preventraide.fr\/contenus\/actualites\/rejoignez-nous-pour-le-printemps-du-climat-a-bordeaux-le-13-avril-2024-%f0%9f%8c%8d\/#breadcrumb","itemListElement":[{"@type":"ListItem","position":1,"name":"Accueil","item":"https:\/\/www.preventraide.fr"},{"@type":"ListItem","position":2,"name":"Rejoignez-nous pour le Printemps du climat \u00e0 Bordeaux le 13 avril 2024! \ud83c\udf0d"}]},{"@type":"WebSite","@id":"https:\/\/www.preventraide.fr\/contenus\/#website","url":"https:\/\/www.preventraide.fr\/contenus\/","name":"Preventraide","description":"","potentialAction":[{"@type":"SearchAction","target":{"@type":"EntryPoint","urlTemplate":"https:\/\/www.preventraide.fr\/contenus\/?s={search_term_string}"},"query-input":{"@type":"PropertyValueSpecification","valueRequired":true,"valueName":"search_term_string"}}],"inLanguage":"fr-FR"},{"@type":"Person","@id":"https:\/\/www.preventraide.fr\/contenus\/#\/schema\/person\/610d5b148158ad8b26a57ee3481784b9","name":"Camille Jagueneau","image":{"@type":"ImageObject","inLanguage":"fr-FR","@id":"https:\/\/www.preventraide.fr\/contenus\/#\/schema\/person\/image\/","url":"https:\/\/secure.gravatar.com\/avatar\/3a79d305b8d74191fb30dfe16bb61532d97fe378fbea0c1b02acebf1deb00e68?s=96&d=mm&r=g","contentUrl":"https:\/\/secure.gravatar.com\/avatar\/3a79d305b8d74191fb30dfe16bb61532d97fe378fbea0c1b02acebf1deb00e68?s=96&d=mm&r=g","caption":"Camille Jagueneau"}}]}},"_links":{"self":[{"href":"https:\/\/www.preventraide.fr\/contenus\/wp-json\/wp\/v2\/posts\/1273","targetHints":{"allow":["GET"]}}],"collection":[{"href":"https:\/\/www.preventraide.fr\/contenus\/wp-json\/wp\/v2\/posts"}],"about":[{"href":"https:\/\/www.preventraide.fr\/contenus\/wp-json\/wp\/v2\/types\/post"}],"author":[{"embeddable":true,"href":"https:\/\/www.preventraide.fr\/contenus\/wp-json\/wp\/v2\/users\/6"}],"replies":[{"embeddable":true,"href":"https:\/\/www.preventraide.fr\/contenus\/wp-json\/wp\/v2\/comments?post=1273"}],"version-history":[{"count":0,"href":"https:\/\/www.preventraide.fr\/contenus\/wp-json\/wp\/v2\/posts\/1273\/revisions"}],"wp:featuredmedia":[{"embeddable":true,"href":"https:\/\/www.preventraide.fr\/contenus\/wp-json\/wp\/v2\/media\/1256"}],"wp:attachment":[{"href":"https:\/\/www.preventraide.fr\/contenus\/wp-json\/wp\/v2\/media?parent=1273"}],"wp:term":[{"taxonomy":"category","embeddable":true,"href":"https:\/\/www.preventraide.fr\/contenus\/wp-json\/wp\/v2\/categories?post=1273"},{"taxonomy":"post_tag","embeddable":true,"href":"https:\/\/www.preventraide.fr\/contenus\/wp-json\/wp\/v2\/tags?post=1273"}],"curies":[{"name":"wp","href":"https:\/\/api.w.org\/{rel}","templated":true}]}}