{"id":1287,"date":"2024-04-02T14:55:42","date_gmt":"2024-04-02T12:55:42","guid":{"rendered":"https:\/\/www.preventraide.fr\/contenus\/?p=1287"},"modified":"2024-04-02T14:55:42","modified_gmt":"2024-04-02T12:55:42","slug":"tempete-nelson-ouverture-dune-zone-dentraide-en-vienne-et-dans-lindre-et-loire-%f0%9f%a4%9d%f0%9f%8d%83","status":"publish","type":"post","link":"https:\/\/www.preventraide.fr\/contenus\/actualites\/tempete-nelson-ouverture-dune-zone-dentraide-en-vienne-et-dans-lindre-et-loire-%f0%9f%a4%9d%f0%9f%8d%83\/","title":{"rendered":"[Temp\u00eate Nelson] Ouverture d\u2019une zone d\u2019entraide en C\u00f4te d&rsquo;Or, Indre-et-Loire, Vienne et Yonne\ud83e\udd1d\ud83c\udf43"},"content":{"rendered":"\n<p>[Temp\u00eate Nelson] Ouverture d&rsquo;une zone d&rsquo;entraide dans les d\u00e9partements suivants : C\u00f4te d&rsquo;Or, Indre-et-Loire, Vienne et Yonne. \ud83e\udd1d<\/p>\n\n\n\n<p>Depuis quelques jours, la temp\u00eate Nelson touche de nombreux d\u00e9partements, affectant de nombreuses familles et communaut\u00e9s. Dans ces moments, il est essentiel de se soutenir mutuellement.<\/p>\n\n\n\n<p>C\u2019est pourquoi nous avons ouvert une zone d\u2019entraide sur notre plateforme Pr\u00e9vEntraide d\u00e9di\u00e9e aux d\u00e9partements, o\u00f9 vous pouvez demander de l\u2019aide, offrir votre soutien et partager des ressources (espace de stockage, h\u00e9bergement, mat\u00e9riel, transport, v\u00eatements).<\/p>\n\n\n\n<p>\ud83d\udc49 \ud835\udddc\ud835\uddfb\ud835\ude00\ud835\uddf0\ud835\uddff\ud835\uddf6\ud835\ude03\ud835\uddf2\ud835\ude07-\ud835\ude03\ud835\uddfc\ud835\ude02\ud835\ude00 \ud835\uddf2\ud835\ude01 \ud835\uddff\ud835\uddf2\ud835\uddf7\ud835\uddfc\ud835\uddf6\ud835\uddf4\ud835\uddfb\ud835\uddf2\ud835\ude07-\ud835\uddfb\ud835\uddfc\ud835\ude02\ud835\ude00 \ud835\uddf1\ud835\uddf2\u0300\ud835\ude00 \ud835\uddfa\ud835\uddee\ud835\uddf6\ud835\uddfb\ud835\ude01\ud835\uddf2\ud835\uddfb\ud835\uddee\ud835\uddfb\ud835\ude01 : <a href=\"https:\/\/www.preventraide.fr\/zone-d-entraide\/inondations-cote-dor-indre-et-loire-vienne-yonne-2024-03-31-12-53\/\">https:\/\/www.preventraide.fr\/zone-d-entraide\/inondations-cote-dor-indre-et-loire-vienne-yonne-2024-03-31-12-53\/<\/a><\/p>\n\n\n\n<p>N\u2019h\u00e9sitez pas \u00e0 partager cette initiative pour que nous puissions toucher un maximum de personnes. \ud83d\ude4f<\/p>\n\n\n\n<div class=\"wp-block-image\"><figure class=\"aligncenter size-large\"><img loading=\"lazy\" decoding=\"async\" width=\"1024\" height=\"1024\" src=\"https:\/\/www.preventraide.fr\/contenus\/app\/uploads\/2024\/04\/2-1024x1024.png\" alt=\"\" class=\"wp-image-1305\" srcset=\"https:\/\/www.preventraide.fr\/contenus\/app\/uploads\/2024\/04\/2-1024x1024.png 1024w, https:\/\/www.preventraide.fr\/contenus\/app\/uploads\/2024\/04\/2-300x300.png 300w, https:\/\/www.preventraide.fr\/contenus\/app\/uploads\/2024\/04\/2-150x150.png 150w, https:\/\/www.preventraide.fr\/contenus\/app\/uploads\/2024\/04\/2-768x768.png 768w, https:\/\/www.preventraide.fr\/contenus\/app\/uploads\/2024\/04\/2.png 1080w\" sizes=\"auto, (max-width: 1024px) 100vw, 1024px\" \/><\/figure><\/div>\n","protected":false},"excerpt":{"rendered":"<p>[Temp\u00eate Nelson] Ouverture d&rsquo;une zone d&rsquo;entraide dans les d\u00e9partements suivants : C\u00f4te d&rsquo;Or, Indre-et-Loire, Vienne et Yonne. \ud83e\udd1d Depuis quelques jours, la temp\u00eate Nelson touche de nombreux d\u00e9partements, affectant de nombreuses familles et communaut\u00e9s. Dans ces moments, il est essentiel de se soutenir mutuellement. C\u2019est pourquoi nous avons ouvert une zone d\u2019entraide sur notre plateforme [&hellip;]<\/p>\n","protected":false},"author":7,"featured_media":1305,"comment_status":"closed","ping_status":"closed","sticky":false,"template":"","format":"standard","meta":{"_acf_changed":false,"inline_featured_image":false,"ghostkit_customizer_options":"","ghostkit_custom_css":"","ghostkit_custom_js_head":"","ghostkit_custom_js_foot":"","ghostkit_typography":"","footnotes":""},"categories":[2],"tags":[],"class_list":["post-1287","post","type-post","status-publish","format-standard","has-post-thumbnail","hentry","category-non-classifie"],"acf":[],"yoast_head":"<!-- This site is optimized with the Yoast SEO plugin v24.9 - https:\/\/yoast.com\/wordpress\/plugins\/seo\/ -->\n<title>[Temp\u00eate Nelson] Ouverture d\u2019une zone d\u2019entraide en C\u00f4te d&#039;Or, Indre-et-Loire, Vienne et Yonne\ud83e\udd1d\ud83c\udf43 - Preventraide - Conseils Pr\u00e9vention<\/title>\n<meta name=\"robots\" content=\"index, follow, max-snippet:-1, max-image-preview:large, max-video-preview:-1\" \/>\n<link rel=\"canonical\" href=\"https:\/\/www.preventraide.fr\/contenus\/actualites\/tempete-nelson-ouverture-dune-zone-dentraide-en-vienne-et-dans-lindre-et-loire-\ud83e\udd1d\ud83c\udf43\/\" \/>\n<meta property=\"og:locale\" content=\"fr_FR\" \/>\n<meta property=\"og:type\" content=\"article\" \/>\n<meta property=\"og:title\" content=\"[Temp\u00eate Nelson] Ouverture d\u2019une zone d\u2019entraide en C\u00f4te d&#039;Or, Indre-et-Loire, Vienne et Yonne\ud83e\udd1d\ud83c\udf43 - Preventraide - Conseils Pr\u00e9vention\" \/>\n<meta property=\"og:description\" content=\"[Temp\u00eate Nelson] Ouverture d&rsquo;une zone d&rsquo;entraide dans les d\u00e9partements suivants : C\u00f4te d&rsquo;Or, Indre-et-Loire, Vienne et Yonne. \ud83e\udd1d Depuis quelques jours, la temp\u00eate Nelson touche de nombreux d\u00e9partements, affectant de nombreuses familles et communaut\u00e9s. Dans ces moments, il est essentiel de se soutenir mutuellement. C\u2019est pourquoi nous avons ouvert une zone d\u2019entraide sur notre plateforme [&hellip;]\" \/>\n<meta property=\"og:url\" content=\"https:\/\/www.preventraide.fr\/contenus\/actualites\/tempete-nelson-ouverture-dune-zone-dentraide-en-vienne-et-dans-lindre-et-loire-\ud83e\udd1d\ud83c\udf43\/\" \/>\n<meta property=\"og:site_name\" content=\"Preventraide - Conseils Pr\u00e9vention\" \/>\n<meta property=\"article:published_time\" content=\"2024-04-02T12:55:42+00:00\" \/>\n<meta property=\"og:image\" content=\"https:\/\/www.preventraide.fr\/contenus\/app\/uploads\/2024\/04\/2.png\" \/>\n\t<meta property=\"og:image:width\" content=\"1080\" \/>\n\t<meta property=\"og:image:height\" content=\"1080\" \/>\n\t<meta property=\"og:image:type\" content=\"image\/png\" \/>\n<meta name=\"author\" content=\"Romane THIBAUD\" \/>\n<meta name=\"twitter:card\" content=\"summary_large_image\" \/>\n<meta name=\"twitter:label1\" content=\"Written by\" \/>\n\t<meta name=\"twitter:data1\" content=\"Romane THIBAUD\" \/>\n\t<meta name=\"twitter:label2\" content=\"Est. reading time\" \/>\n\t<meta name=\"twitter:data2\" content=\"1 minute\" \/>\n<script type=\"application\/ld+json\" class=\"yoast-schema-graph\">{\"@context\":\"https:\/\/schema.org\",\"@graph\":[{\"@type\":\"WebPage\",\"@id\":\"https:\/\/www.preventraide.fr\/contenus\/actualites\/tempete-nelson-ouverture-dune-zone-dentraide-en-vienne-et-dans-lindre-et-loire-%f0%9f%a4%9d%f0%9f%8d%83\/\",\"url\":\"https:\/\/www.preventraide.fr\/contenus\/actualites\/tempete-nelson-ouverture-dune-zone-dentraide-en-vienne-et-dans-lindre-et-loire-%f0%9f%a4%9d%f0%9f%8d%83\/\",\"name\":\"[Temp\u00eate Nelson] Ouverture d\u2019une zone d\u2019entraide en C\u00f4te d'Or, Indre-et-Loire, Vienne et Yonne\ud83e\udd1d\ud83c\udf43 - Preventraide - Conseils Pr\u00e9vention\",\"isPartOf\":{\"@id\":\"https:\/\/www.preventraide.fr\/contenus\/#website\"},\"primaryImageOfPage\":{\"@id\":\"https:\/\/www.preventraide.fr\/contenus\/actualites\/tempete-nelson-ouverture-dune-zone-dentraide-en-vienne-et-dans-lindre-et-loire-%f0%9f%a4%9d%f0%9f%8d%83\/#primaryimage\"},\"image\":{\"@id\":\"https:\/\/www.preventraide.fr\/contenus\/actualites\/tempete-nelson-ouverture-dune-zone-dentraide-en-vienne-et-dans-lindre-et-loire-%f0%9f%a4%9d%f0%9f%8d%83\/#primaryimage\"},\"thumbnailUrl\":\"https:\/\/www.preventraide.fr\/contenus\/app\/uploads\/2024\/04\/2.png\",\"datePublished\":\"2024-04-02T12:55:42+00:00\",\"author\":{\"@id\":\"https:\/\/www.preventraide.fr\/contenus\/#\/schema\/person\/858cea8e6801e68794c6b7980b7f061c\"},\"breadcrumb\":{\"@id\":\"https:\/\/www.preventraide.fr\/contenus\/actualites\/tempete-nelson-ouverture-dune-zone-dentraide-en-vienne-et-dans-lindre-et-loire-%f0%9f%a4%9d%f0%9f%8d%83\/#breadcrumb\"},\"inLanguage\":\"fr-FR\",\"potentialAction\":[{\"@type\":\"ReadAction\",\"target\":[\"https:\/\/www.preventraide.fr\/contenus\/actualites\/tempete-nelson-ouverture-dune-zone-dentraide-en-vienne-et-dans-lindre-et-loire-%f0%9f%a4%9d%f0%9f%8d%83\/\"]}]},{\"@type\":\"ImageObject\",\"inLanguage\":\"fr-FR\",\"@id\":\"https:\/\/www.preventraide.fr\/contenus\/actualites\/tempete-nelson-ouverture-dune-zone-dentraide-en-vienne-et-dans-lindre-et-loire-%f0%9f%a4%9d%f0%9f%8d%83\/#primaryimage\",\"url\":\"https:\/\/www.preventraide.fr\/contenus\/app\/uploads\/2024\/04\/2.png\",\"contentUrl\":\"https:\/\/www.preventraide.fr\/contenus\/app\/uploads\/2024\/04\/2.png\",\"width\":1080,\"height\":1080},{\"@type\":\"BreadcrumbList\",\"@id\":\"https:\/\/www.preventraide.fr\/contenus\/actualites\/tempete-nelson-ouverture-dune-zone-dentraide-en-vienne-et-dans-lindre-et-loire-%f0%9f%a4%9d%f0%9f%8d%83\/#breadcrumb\",\"itemListElement\":[{\"@type\":\"ListItem\",\"position\":1,\"name\":\"Accueil\",\"item\":\"https:\/\/www.preventraide.fr\"},{\"@type\":\"ListItem\",\"position\":2,\"name\":\"[Temp\u00eate Nelson] Ouverture d\u2019une zone d\u2019entraide en C\u00f4te d&rsquo;Or, Indre-et-Loire, Vienne et Yonne\ud83e\udd1d\ud83c\udf43\"}]},{\"@type\":\"WebSite\",\"@id\":\"https:\/\/www.preventraide.fr\/contenus\/#website\",\"url\":\"https:\/\/www.preventraide.fr\/contenus\/\",\"name\":\"Preventraide\",\"description\":\"\",\"potentialAction\":[{\"@type\":\"SearchAction\",\"target\":{\"@type\":\"EntryPoint\",\"urlTemplate\":\"https:\/\/www.preventraide.fr\/contenus\/?s={search_term_string}\"},\"query-input\":{\"@type\":\"PropertyValueSpecification\",\"valueRequired\":true,\"valueName\":\"search_term_string\"}}],\"inLanguage\":\"fr-FR\"},{\"@type\":\"Person\",\"@id\":\"https:\/\/www.preventraide.fr\/contenus\/#\/schema\/person\/858cea8e6801e68794c6b7980b7f061c\",\"name\":\"Romane THIBAUD\",\"image\":{\"@type\":\"ImageObject\",\"inLanguage\":\"fr-FR\",\"@id\":\"https:\/\/www.preventraide.fr\/contenus\/#\/schema\/person\/image\/\",\"url\":\"https:\/\/secure.gravatar.com\/avatar\/37db5230d457183ece50f097bc55f9c854e002d4134a069e3e426d621fc31c31?s=96&d=mm&r=g\",\"contentUrl\":\"https:\/\/secure.gravatar.com\/avatar\/37db5230d457183ece50f097bc55f9c854e002d4134a069e3e426d621fc31c31?s=96&d=mm&r=g\",\"caption\":\"Romane THIBAUD\"}}]}<\/script>\n<!-- \/ Yoast SEO plugin. -->","yoast_head_json":{"title":"[Temp\u00eate Nelson] Ouverture d\u2019une zone d\u2019entraide en C\u00f4te d'Or, Indre-et-Loire, Vienne et Yonne\ud83e\udd1d\ud83c\udf43 - Preventraide - Conseils Pr\u00e9vention","robots":{"index":"index","follow":"follow","max-snippet":"max-snippet:-1","max-image-preview":"max-image-preview:large","max-video-preview":"max-video-preview:-1"},"canonical":"https:\/\/www.preventraide.fr\/contenus\/actualites\/tempete-nelson-ouverture-dune-zone-dentraide-en-vienne-et-dans-lindre-et-loire-\ud83e\udd1d\ud83c\udf43\/","og_locale":"fr_FR","og_type":"article","og_title":"[Temp\u00eate Nelson] Ouverture d\u2019une zone d\u2019entraide en C\u00f4te d'Or, Indre-et-Loire, Vienne et Yonne\ud83e\udd1d\ud83c\udf43 - Preventraide - Conseils Pr\u00e9vention","og_description":"[Temp\u00eate Nelson] Ouverture d&rsquo;une zone d&rsquo;entraide dans les d\u00e9partements suivants : C\u00f4te d&rsquo;Or, Indre-et-Loire, Vienne et Yonne. \ud83e\udd1d Depuis quelques jours, la temp\u00eate Nelson touche de nombreux d\u00e9partements, affectant de nombreuses familles et communaut\u00e9s. Dans ces moments, il est essentiel de se soutenir mutuellement. C\u2019est pourquoi nous avons ouvert une zone d\u2019entraide sur notre plateforme [&hellip;]","og_url":"https:\/\/www.preventraide.fr\/contenus\/actualites\/tempete-nelson-ouverture-dune-zone-dentraide-en-vienne-et-dans-lindre-et-loire-\ud83e\udd1d\ud83c\udf43\/","og_site_name":"Preventraide - Conseils Pr\u00e9vention","article_published_time":"2024-04-02T12:55:42+00:00","og_image":[{"width":1080,"height":1080,"url":"https:\/\/www.preventraide.fr\/contenus\/app\/uploads\/2024\/04\/2.png","type":"image\/png"}],"author":"Romane THIBAUD","twitter_card":"summary_large_image","twitter_misc":{"Written by":"Romane THIBAUD","Est. reading time":"1 minute"},"schema":{"@context":"https:\/\/schema.org","@graph":[{"@type":"WebPage","@id":"https:\/\/www.preventraide.fr\/contenus\/actualites\/tempete-nelson-ouverture-dune-zone-dentraide-en-vienne-et-dans-lindre-et-loire-%f0%9f%a4%9d%f0%9f%8d%83\/","url":"https:\/\/www.preventraide.fr\/contenus\/actualites\/tempete-nelson-ouverture-dune-zone-dentraide-en-vienne-et-dans-lindre-et-loire-%f0%9f%a4%9d%f0%9f%8d%83\/","name":"[Temp\u00eate Nelson] Ouverture d\u2019une zone d\u2019entraide en C\u00f4te d'Or, Indre-et-Loire, Vienne et Yonne\ud83e\udd1d\ud83c\udf43 - Preventraide - Conseils Pr\u00e9vention","isPartOf":{"@id":"https:\/\/www.preventraide.fr\/contenus\/#website"},"primaryImageOfPage":{"@id":"https:\/\/www.preventraide.fr\/contenus\/actualites\/tempete-nelson-ouverture-dune-zone-dentraide-en-vienne-et-dans-lindre-et-loire-%f0%9f%a4%9d%f0%9f%8d%83\/#primaryimage"},"image":{"@id":"https:\/\/www.preventraide.fr\/contenus\/actualites\/tempete-nelson-ouverture-dune-zone-dentraide-en-vienne-et-dans-lindre-et-loire-%f0%9f%a4%9d%f0%9f%8d%83\/#primaryimage"},"thumbnailUrl":"https:\/\/www.preventraide.fr\/contenus\/app\/uploads\/2024\/04\/2.png","datePublished":"2024-04-02T12:55:42+00:00","author":{"@id":"https:\/\/www.preventraide.fr\/contenus\/#\/schema\/person\/858cea8e6801e68794c6b7980b7f061c"},"breadcrumb":{"@id":"https:\/\/www.preventraide.fr\/contenus\/actualites\/tempete-nelson-ouverture-dune-zone-dentraide-en-vienne-et-dans-lindre-et-loire-%f0%9f%a4%9d%f0%9f%8d%83\/#breadcrumb"},"inLanguage":"fr-FR","potentialAction":[{"@type":"ReadAction","target":["https:\/\/www.preventraide.fr\/contenus\/actualites\/tempete-nelson-ouverture-dune-zone-dentraide-en-vienne-et-dans-lindre-et-loire-%f0%9f%a4%9d%f0%9f%8d%83\/"]}]},{"@type":"ImageObject","inLanguage":"fr-FR","@id":"https:\/\/www.preventraide.fr\/contenus\/actualites\/tempete-nelson-ouverture-dune-zone-dentraide-en-vienne-et-dans-lindre-et-loire-%f0%9f%a4%9d%f0%9f%8d%83\/#primaryimage","url":"https:\/\/www.preventraide.fr\/contenus\/app\/uploads\/2024\/04\/2.png","contentUrl":"https:\/\/www.preventraide.fr\/contenus\/app\/uploads\/2024\/04\/2.png","width":1080,"height":1080},{"@type":"BreadcrumbList","@id":"https:\/\/www.preventraide.fr\/contenus\/actualites\/tempete-nelson-ouverture-dune-zone-dentraide-en-vienne-et-dans-lindre-et-loire-%f0%9f%a4%9d%f0%9f%8d%83\/#breadcrumb","itemListElement":[{"@type":"ListItem","position":1,"name":"Accueil","item":"https:\/\/www.preventraide.fr"},{"@type":"ListItem","position":2,"name":"[Temp\u00eate Nelson] Ouverture d\u2019une zone d\u2019entraide en C\u00f4te d&rsquo;Or, Indre-et-Loire, Vienne et Yonne\ud83e\udd1d\ud83c\udf43"}]},{"@type":"WebSite","@id":"https:\/\/www.preventraide.fr\/contenus\/#website","url":"https:\/\/www.preventraide.fr\/contenus\/","name":"Preventraide","description":"","potentialAction":[{"@type":"SearchAction","target":{"@type":"EntryPoint","urlTemplate":"https:\/\/www.preventraide.fr\/contenus\/?s={search_term_string}"},"query-input":{"@type":"PropertyValueSpecification","valueRequired":true,"valueName":"search_term_string"}}],"inLanguage":"fr-FR"},{"@type":"Person","@id":"https:\/\/www.preventraide.fr\/contenus\/#\/schema\/person\/858cea8e6801e68794c6b7980b7f061c","name":"Romane THIBAUD","image":{"@type":"ImageObject","inLanguage":"fr-FR","@id":"https:\/\/www.preventraide.fr\/contenus\/#\/schema\/person\/image\/","url":"https:\/\/secure.gravatar.com\/avatar\/37db5230d457183ece50f097bc55f9c854e002d4134a069e3e426d621fc31c31?s=96&d=mm&r=g","contentUrl":"https:\/\/secure.gravatar.com\/avatar\/37db5230d457183ece50f097bc55f9c854e002d4134a069e3e426d621fc31c31?s=96&d=mm&r=g","caption":"Romane THIBAUD"}}]}},"_links":{"self":[{"href":"https:\/\/www.preventraide.fr\/contenus\/wp-json\/wp\/v2\/posts\/1287","targetHints":{"allow":["GET"]}}],"collection":[{"href":"https:\/\/www.preventraide.fr\/contenus\/wp-json\/wp\/v2\/posts"}],"about":[{"href":"https:\/\/www.preventraide.fr\/contenus\/wp-json\/wp\/v2\/types\/post"}],"author":[{"embeddable":true,"href":"https:\/\/www.preventraide.fr\/contenus\/wp-json\/wp\/v2\/users\/7"}],"replies":[{"embeddable":true,"href":"https:\/\/www.preventraide.fr\/contenus\/wp-json\/wp\/v2\/comments?post=1287"}],"version-history":[{"count":0,"href":"https:\/\/www.preventraide.fr\/contenus\/wp-json\/wp\/v2\/posts\/1287\/revisions"}],"wp:featuredmedia":[{"embeddable":true,"href":"https:\/\/www.preventraide.fr\/contenus\/wp-json\/wp\/v2\/media\/1305"}],"wp:attachment":[{"href":"https:\/\/www.preventraide.fr\/contenus\/wp-json\/wp\/v2\/media?parent=1287"}],"wp:term":[{"taxonomy":"category","embeddable":true,"href":"https:\/\/www.preventraide.fr\/contenus\/wp-json\/wp\/v2\/categories?post=1287"},{"taxonomy":"post_tag","embeddable":true,"href":"https:\/\/www.preventraide.fr\/contenus\/wp-json\/wp\/v2\/tags?post=1287"}],"curies":[{"name":"wp","href":"https:\/\/api.w.org\/{rel}","templated":true}]}}