{"id":1312,"date":"2024-04-12T14:22:47","date_gmt":"2024-04-12T12:22:47","guid":{"rendered":"https:\/\/www.preventraide.fr\/contenus\/?p=1312"},"modified":"2024-04-12T14:22:47","modified_gmt":"2024-04-12T12:22:47","slug":"le-printemps-du-climat-a-bordeaux-cest-demain-%e2%9c%a8","status":"publish","type":"post","link":"https:\/\/www.preventraide.fr\/contenus\/actualites\/le-printemps-du-climat-a-bordeaux-cest-demain-%e2%9c%a8\/","title":{"rendered":"Le Printemps du climat \u00e0 Bordeaux, c&rsquo;est demain ! \u2728"},"content":{"rendered":"\n<div class=\"wp-block-image\"><figure class=\"alignleft size-large is-resized\"><img loading=\"lazy\" decoding=\"async\" src=\"https:\/\/www.preventraide.fr\/contenus\/app\/uploads\/2024\/04\/1-photo-ajoutee-1024x768.jpg\" alt=\"\" class=\"wp-image-1313\" width=\"530\" height=\"397\" srcset=\"https:\/\/www.preventraide.fr\/contenus\/app\/uploads\/2024\/04\/1-photo-ajoutee-1024x768.jpg 1024w, https:\/\/www.preventraide.fr\/contenus\/app\/uploads\/2024\/04\/1-photo-ajoutee-300x225.jpg 300w, https:\/\/www.preventraide.fr\/contenus\/app\/uploads\/2024\/04\/1-photo-ajoutee-768x576.jpg 768w, https:\/\/www.preventraide.fr\/contenus\/app\/uploads\/2024\/04\/1-photo-ajoutee-1536x1152.jpg 1536w, https:\/\/www.preventraide.fr\/contenus\/app\/uploads\/2024\/04\/1-photo-ajoutee-1600x1200.jpg 1600w, https:\/\/www.preventraide.fr\/contenus\/app\/uploads\/2024\/04\/1-photo-ajoutee.jpg 2040w\" sizes=\"auto, (max-width: 530px) 100vw, 530px\" \/><\/figure><\/div>\n\n\n\n<p>Demain marque le d\u00e9but du Printemps du Climat, une initiative port\u00e9e par <a href=\"https:\/\/www.linkedin.com\/company\/pr%C3%A9vention-maif\/\" rel=\"noreferrer noopener\" target=\"_blank\">Pr\u00e9vention MAIF<\/a>!<\/p>\n\n\n\n<p>Cette manifestation met en lumi\u00e8re les actions des associations, des collectivit\u00e9s et des organisations \u00e0 but non lucratif engag\u00e9es dans la transition \u00e9cologique.<\/p>\n\n\n\n<p>Rejoindre notre \u00e9v\u00e9nement, c\u2019est l\u2019opportunit\u00e9 parfaite pour \u0153uvrer en faveur de notre plan\u00e8te, que ce soit par de simples gestes au quotidien ou des projets plus ambitieux. \ud83c\udf0d<\/p>\n\n\n\n<p>\ud83d\udcc5 <strong>Date <\/strong>: 13 avril 2024.<\/p>\n\n\n\n<p>\ud83d\udccd <strong>Lieu <\/strong>: Manufacture de Darwin, 87 Quai des Queyries, 33100 Bordeaux.<\/p>\n\n\n\n<p>\ud83d\udd59 <strong>Horaires <\/strong>: 10h \u00e0 18h.<\/p>\n\n\n\n<p>Alors si vous \u00eates sur Bordeaux, venez nombreux pour d\u00e9couvrir et soutenir les initiatives locales en faveur de l&rsquo;environnement ! \ud83c\udf3f<\/p>\n\n\n\n<p><strong>\u25b6 En savoir + sur cet \u00e9v\u00e9nement :<\/strong> <a href=\"https:\/\/prevention-maif.fr\/rejoignez-nous-pour-le-printemps-du-climat-a-bordeaux-le-13-avril-2024-%f0%9f%8c%8d\/\">Printemps du climat \u00e0 Bordeaux le 13 avril 2024! \ud83c\udf0d | Pr\u00e9vention MAIF (prevention-maif.fr)<\/a><\/p>\n","protected":false},"excerpt":{"rendered":"<p>Demain marque le d\u00e9but du Printemps du Climat, une initiative port\u00e9e par Pr\u00e9vention MAIF! Cette manifestation met en lumi\u00e8re les actions des associations, des collectivit\u00e9s et des organisations \u00e0 but non lucratif engag\u00e9es dans la transition \u00e9cologique. Rejoindre notre \u00e9v\u00e9nement, c\u2019est l\u2019opportunit\u00e9 parfaite pour \u0153uvrer en faveur de notre plan\u00e8te, que ce soit par de [&hellip;]<\/p>\n","protected":false},"author":6,"featured_media":1313,"comment_status":"closed","ping_status":"closed","sticky":false,"template":"","format":"standard","meta":{"_acf_changed":false,"inline_featured_image":false,"ghostkit_customizer_options":"","ghostkit_custom_css":"","ghostkit_custom_js_head":"","ghostkit_custom_js_foot":"","ghostkit_typography":"","footnotes":""},"categories":[2],"tags":[],"class_list":["post-1312","post","type-post","status-publish","format-standard","has-post-thumbnail","hentry","category-non-classifie"],"acf":[],"yoast_head":"<!-- This site is optimized with the Yoast SEO plugin v24.9 - https:\/\/yoast.com\/wordpress\/plugins\/seo\/ -->\n<title>Le Printemps du climat \u00e0 Bordeaux, c&#039;est demain ! \u2728 - Preventraide - Conseils Pr\u00e9vention<\/title>\n<meta name=\"robots\" content=\"index, follow, max-snippet:-1, max-image-preview:large, max-video-preview:-1\" \/>\n<link rel=\"canonical\" href=\"https:\/\/www.preventraide.fr\/contenus\/actualites\/le-printemps-du-climat-a-bordeaux-cest-demain-\u2728\/\" \/>\n<meta property=\"og:locale\" content=\"fr_FR\" \/>\n<meta property=\"og:type\" content=\"article\" \/>\n<meta property=\"og:title\" content=\"Le Printemps du climat \u00e0 Bordeaux, c&#039;est demain ! \u2728 - Preventraide - Conseils Pr\u00e9vention\" \/>\n<meta property=\"og:description\" content=\"Demain marque le d\u00e9but du Printemps du Climat, une initiative port\u00e9e par Pr\u00e9vention MAIF! Cette manifestation met en lumi\u00e8re les actions des associations, des collectivit\u00e9s et des organisations \u00e0 but non lucratif engag\u00e9es dans la transition \u00e9cologique. Rejoindre notre \u00e9v\u00e9nement, c\u2019est l\u2019opportunit\u00e9 parfaite pour \u0153uvrer en faveur de notre plan\u00e8te, que ce soit par de [&hellip;]\" \/>\n<meta property=\"og:url\" content=\"https:\/\/www.preventraide.fr\/contenus\/actualites\/le-printemps-du-climat-a-bordeaux-cest-demain-\u2728\/\" \/>\n<meta property=\"og:site_name\" content=\"Preventraide - Conseils Pr\u00e9vention\" \/>\n<meta property=\"article:published_time\" content=\"2024-04-12T12:22:47+00:00\" \/>\n<meta property=\"og:image\" content=\"https:\/\/www.preventraide.fr\/contenus\/app\/uploads\/2024\/04\/1-photo-ajoutee.jpg\" \/>\n\t<meta property=\"og:image:width\" content=\"2040\" \/>\n\t<meta property=\"og:image:height\" content=\"1530\" \/>\n\t<meta property=\"og:image:type\" content=\"image\/jpeg\" \/>\n<meta name=\"author\" content=\"Camille Jagueneau\" \/>\n<meta name=\"twitter:card\" content=\"summary_large_image\" \/>\n<meta name=\"twitter:label1\" content=\"Written by\" \/>\n\t<meta name=\"twitter:data1\" content=\"Camille Jagueneau\" \/>\n\t<meta name=\"twitter:label2\" content=\"Est. reading time\" \/>\n\t<meta name=\"twitter:data2\" content=\"1 minute\" \/>\n<script type=\"application\/ld+json\" class=\"yoast-schema-graph\">{\"@context\":\"https:\/\/schema.org\",\"@graph\":[{\"@type\":\"WebPage\",\"@id\":\"https:\/\/www.preventraide.fr\/contenus\/actualites\/le-printemps-du-climat-a-bordeaux-cest-demain-%e2%9c%a8\/\",\"url\":\"https:\/\/www.preventraide.fr\/contenus\/actualites\/le-printemps-du-climat-a-bordeaux-cest-demain-%e2%9c%a8\/\",\"name\":\"Le Printemps du climat \u00e0 Bordeaux, c'est demain ! \u2728 - Preventraide - Conseils Pr\u00e9vention\",\"isPartOf\":{\"@id\":\"https:\/\/www.preventraide.fr\/contenus\/#website\"},\"primaryImageOfPage\":{\"@id\":\"https:\/\/www.preventraide.fr\/contenus\/actualites\/le-printemps-du-climat-a-bordeaux-cest-demain-%e2%9c%a8\/#primaryimage\"},\"image\":{\"@id\":\"https:\/\/www.preventraide.fr\/contenus\/actualites\/le-printemps-du-climat-a-bordeaux-cest-demain-%e2%9c%a8\/#primaryimage\"},\"thumbnailUrl\":\"https:\/\/www.preventraide.fr\/contenus\/app\/uploads\/2024\/04\/1-photo-ajoutee.jpg\",\"datePublished\":\"2024-04-12T12:22:47+00:00\",\"author\":{\"@id\":\"https:\/\/www.preventraide.fr\/contenus\/#\/schema\/person\/610d5b148158ad8b26a57ee3481784b9\"},\"breadcrumb\":{\"@id\":\"https:\/\/www.preventraide.fr\/contenus\/actualites\/le-printemps-du-climat-a-bordeaux-cest-demain-%e2%9c%a8\/#breadcrumb\"},\"inLanguage\":\"fr-FR\",\"potentialAction\":[{\"@type\":\"ReadAction\",\"target\":[\"https:\/\/www.preventraide.fr\/contenus\/actualites\/le-printemps-du-climat-a-bordeaux-cest-demain-%e2%9c%a8\/\"]}]},{\"@type\":\"ImageObject\",\"inLanguage\":\"fr-FR\",\"@id\":\"https:\/\/www.preventraide.fr\/contenus\/actualites\/le-printemps-du-climat-a-bordeaux-cest-demain-%e2%9c%a8\/#primaryimage\",\"url\":\"https:\/\/www.preventraide.fr\/contenus\/app\/uploads\/2024\/04\/1-photo-ajoutee.jpg\",\"contentUrl\":\"https:\/\/www.preventraide.fr\/contenus\/app\/uploads\/2024\/04\/1-photo-ajoutee.jpg\",\"width\":2040,\"height\":1530},{\"@type\":\"BreadcrumbList\",\"@id\":\"https:\/\/www.preventraide.fr\/contenus\/actualites\/le-printemps-du-climat-a-bordeaux-cest-demain-%e2%9c%a8\/#breadcrumb\",\"itemListElement\":[{\"@type\":\"ListItem\",\"position\":1,\"name\":\"Accueil\",\"item\":\"https:\/\/www.preventraide.fr\"},{\"@type\":\"ListItem\",\"position\":2,\"name\":\"Le Printemps du climat \u00e0 Bordeaux, c&rsquo;est demain ! \u2728\"}]},{\"@type\":\"WebSite\",\"@id\":\"https:\/\/www.preventraide.fr\/contenus\/#website\",\"url\":\"https:\/\/www.preventraide.fr\/contenus\/\",\"name\":\"Preventraide\",\"description\":\"\",\"potentialAction\":[{\"@type\":\"SearchAction\",\"target\":{\"@type\":\"EntryPoint\",\"urlTemplate\":\"https:\/\/www.preventraide.fr\/contenus\/?s={search_term_string}\"},\"query-input\":{\"@type\":\"PropertyValueSpecification\",\"valueRequired\":true,\"valueName\":\"search_term_string\"}}],\"inLanguage\":\"fr-FR\"},{\"@type\":\"Person\",\"@id\":\"https:\/\/www.preventraide.fr\/contenus\/#\/schema\/person\/610d5b148158ad8b26a57ee3481784b9\",\"name\":\"Camille Jagueneau\",\"image\":{\"@type\":\"ImageObject\",\"inLanguage\":\"fr-FR\",\"@id\":\"https:\/\/www.preventraide.fr\/contenus\/#\/schema\/person\/image\/\",\"url\":\"https:\/\/secure.gravatar.com\/avatar\/3a79d305b8d74191fb30dfe16bb61532d97fe378fbea0c1b02acebf1deb00e68?s=96&d=mm&r=g\",\"contentUrl\":\"https:\/\/secure.gravatar.com\/avatar\/3a79d305b8d74191fb30dfe16bb61532d97fe378fbea0c1b02acebf1deb00e68?s=96&d=mm&r=g\",\"caption\":\"Camille Jagueneau\"}}]}<\/script>\n<!-- \/ Yoast SEO plugin. -->","yoast_head_json":{"title":"Le Printemps du climat \u00e0 Bordeaux, c'est demain ! \u2728 - Preventraide - Conseils Pr\u00e9vention","robots":{"index":"index","follow":"follow","max-snippet":"max-snippet:-1","max-image-preview":"max-image-preview:large","max-video-preview":"max-video-preview:-1"},"canonical":"https:\/\/www.preventraide.fr\/contenus\/actualites\/le-printemps-du-climat-a-bordeaux-cest-demain-\u2728\/","og_locale":"fr_FR","og_type":"article","og_title":"Le Printemps du climat \u00e0 Bordeaux, c'est demain ! \u2728 - Preventraide - Conseils Pr\u00e9vention","og_description":"Demain marque le d\u00e9but du Printemps du Climat, une initiative port\u00e9e par Pr\u00e9vention MAIF! Cette manifestation met en lumi\u00e8re les actions des associations, des collectivit\u00e9s et des organisations \u00e0 but non lucratif engag\u00e9es dans la transition \u00e9cologique. Rejoindre notre \u00e9v\u00e9nement, c\u2019est l\u2019opportunit\u00e9 parfaite pour \u0153uvrer en faveur de notre plan\u00e8te, que ce soit par de [&hellip;]","og_url":"https:\/\/www.preventraide.fr\/contenus\/actualites\/le-printemps-du-climat-a-bordeaux-cest-demain-\u2728\/","og_site_name":"Preventraide - Conseils Pr\u00e9vention","article_published_time":"2024-04-12T12:22:47+00:00","og_image":[{"width":2040,"height":1530,"url":"https:\/\/www.preventraide.fr\/contenus\/app\/uploads\/2024\/04\/1-photo-ajoutee.jpg","type":"image\/jpeg"}],"author":"Camille Jagueneau","twitter_card":"summary_large_image","twitter_misc":{"Written by":"Camille Jagueneau","Est. reading time":"1 minute"},"schema":{"@context":"https:\/\/schema.org","@graph":[{"@type":"WebPage","@id":"https:\/\/www.preventraide.fr\/contenus\/actualites\/le-printemps-du-climat-a-bordeaux-cest-demain-%e2%9c%a8\/","url":"https:\/\/www.preventraide.fr\/contenus\/actualites\/le-printemps-du-climat-a-bordeaux-cest-demain-%e2%9c%a8\/","name":"Le Printemps du climat \u00e0 Bordeaux, c'est demain ! \u2728 - Preventraide - Conseils Pr\u00e9vention","isPartOf":{"@id":"https:\/\/www.preventraide.fr\/contenus\/#website"},"primaryImageOfPage":{"@id":"https:\/\/www.preventraide.fr\/contenus\/actualites\/le-printemps-du-climat-a-bordeaux-cest-demain-%e2%9c%a8\/#primaryimage"},"image":{"@id":"https:\/\/www.preventraide.fr\/contenus\/actualites\/le-printemps-du-climat-a-bordeaux-cest-demain-%e2%9c%a8\/#primaryimage"},"thumbnailUrl":"https:\/\/www.preventraide.fr\/contenus\/app\/uploads\/2024\/04\/1-photo-ajoutee.jpg","datePublished":"2024-04-12T12:22:47+00:00","author":{"@id":"https:\/\/www.preventraide.fr\/contenus\/#\/schema\/person\/610d5b148158ad8b26a57ee3481784b9"},"breadcrumb":{"@id":"https:\/\/www.preventraide.fr\/contenus\/actualites\/le-printemps-du-climat-a-bordeaux-cest-demain-%e2%9c%a8\/#breadcrumb"},"inLanguage":"fr-FR","potentialAction":[{"@type":"ReadAction","target":["https:\/\/www.preventraide.fr\/contenus\/actualites\/le-printemps-du-climat-a-bordeaux-cest-demain-%e2%9c%a8\/"]}]},{"@type":"ImageObject","inLanguage":"fr-FR","@id":"https:\/\/www.preventraide.fr\/contenus\/actualites\/le-printemps-du-climat-a-bordeaux-cest-demain-%e2%9c%a8\/#primaryimage","url":"https:\/\/www.preventraide.fr\/contenus\/app\/uploads\/2024\/04\/1-photo-ajoutee.jpg","contentUrl":"https:\/\/www.preventraide.fr\/contenus\/app\/uploads\/2024\/04\/1-photo-ajoutee.jpg","width":2040,"height":1530},{"@type":"BreadcrumbList","@id":"https:\/\/www.preventraide.fr\/contenus\/actualites\/le-printemps-du-climat-a-bordeaux-cest-demain-%e2%9c%a8\/#breadcrumb","itemListElement":[{"@type":"ListItem","position":1,"name":"Accueil","item":"https:\/\/www.preventraide.fr"},{"@type":"ListItem","position":2,"name":"Le Printemps du climat \u00e0 Bordeaux, c&rsquo;est demain ! \u2728"}]},{"@type":"WebSite","@id":"https:\/\/www.preventraide.fr\/contenus\/#website","url":"https:\/\/www.preventraide.fr\/contenus\/","name":"Preventraide","description":"","potentialAction":[{"@type":"SearchAction","target":{"@type":"EntryPoint","urlTemplate":"https:\/\/www.preventraide.fr\/contenus\/?s={search_term_string}"},"query-input":{"@type":"PropertyValueSpecification","valueRequired":true,"valueName":"search_term_string"}}],"inLanguage":"fr-FR"},{"@type":"Person","@id":"https:\/\/www.preventraide.fr\/contenus\/#\/schema\/person\/610d5b148158ad8b26a57ee3481784b9","name":"Camille Jagueneau","image":{"@type":"ImageObject","inLanguage":"fr-FR","@id":"https:\/\/www.preventraide.fr\/contenus\/#\/schema\/person\/image\/","url":"https:\/\/secure.gravatar.com\/avatar\/3a79d305b8d74191fb30dfe16bb61532d97fe378fbea0c1b02acebf1deb00e68?s=96&d=mm&r=g","contentUrl":"https:\/\/secure.gravatar.com\/avatar\/3a79d305b8d74191fb30dfe16bb61532d97fe378fbea0c1b02acebf1deb00e68?s=96&d=mm&r=g","caption":"Camille Jagueneau"}}]}},"_links":{"self":[{"href":"https:\/\/www.preventraide.fr\/contenus\/wp-json\/wp\/v2\/posts\/1312","targetHints":{"allow":["GET"]}}],"collection":[{"href":"https:\/\/www.preventraide.fr\/contenus\/wp-json\/wp\/v2\/posts"}],"about":[{"href":"https:\/\/www.preventraide.fr\/contenus\/wp-json\/wp\/v2\/types\/post"}],"author":[{"embeddable":true,"href":"https:\/\/www.preventraide.fr\/contenus\/wp-json\/wp\/v2\/users\/6"}],"replies":[{"embeddable":true,"href":"https:\/\/www.preventraide.fr\/contenus\/wp-json\/wp\/v2\/comments?post=1312"}],"version-history":[{"count":0,"href":"https:\/\/www.preventraide.fr\/contenus\/wp-json\/wp\/v2\/posts\/1312\/revisions"}],"wp:featuredmedia":[{"embeddable":true,"href":"https:\/\/www.preventraide.fr\/contenus\/wp-json\/wp\/v2\/media\/1313"}],"wp:attachment":[{"href":"https:\/\/www.preventraide.fr\/contenus\/wp-json\/wp\/v2\/media?parent=1312"}],"wp:term":[{"taxonomy":"category","embeddable":true,"href":"https:\/\/www.preventraide.fr\/contenus\/wp-json\/wp\/v2\/categories?post=1312"},{"taxonomy":"post_tag","embeddable":true,"href":"https:\/\/www.preventraide.fr\/contenus\/wp-json\/wp\/v2\/tags?post=1312"}],"curies":[{"name":"wp","href":"https:\/\/api.w.org\/{rel}","templated":true}]}}