{"id":1316,"date":"2024-04-18T13:37:39","date_gmt":"2024-04-18T11:37:39","guid":{"rendered":"https:\/\/www.preventraide.fr\/contenus\/?p=1316"},"modified":"2024-04-18T13:37:39","modified_gmt":"2024-04-18T11:37:39","slug":"printemps-du-climat-a-bordeaux-%f0%9f%93%b8","status":"publish","type":"post","link":"https:\/\/www.preventraide.fr\/contenus\/actualites\/printemps-du-climat-a-bordeaux-%f0%9f%93%b8\/","title":{"rendered":"Printemps du climat \u00e0 Bordeaux ! \ud83d\udcf8"},"content":{"rendered":"\n<p>Samedi 13 avril, Bordeaux a vibr\u00e9 au rythme de l&rsquo;engagement \u00e9cologique lors du Printemps du Climat, une initiative port\u00e9e par&nbsp;<a href=\"https:\/\/www.linkedin.com\/company\/pr%C3%A9vention-maif\/\">Pr\u00e9vention MAIF<\/a>.<\/p>\n\n\n\n<p>Cet \u00e9v\u00e9nement a \u00e9t\u00e9 l&rsquo;occasion pour les diff\u00e9rentes associations pr\u00e9sentes de mettre en lumi\u00e8re leurs projets innovants pour lutter contre le r\u00e9chauffement climatique. De la sensibilisation \u00e0 l&rsquo;action concr\u00e8te, chacun a expos\u00e9 sa contribution \u00e0 la pr\u00e9servation de notre plan\u00e8te. \ud83c\udf0d<\/p>\n\n\n\n<p>Mais ce n&rsquo;est qu&rsquo;un d\u00e9but ! Le Printemps du Climat \u00e0 Bordeaux marque le coup d&rsquo;envoi d&rsquo;une s\u00e9rie d&rsquo;\u00e9v\u00e9nements \u00e0 venir. Nous vous donnons rendez-vous \u00e0 Mulhouse, Grenoble et dans la Roya pour poursuivre ensemble la construction d&rsquo;un avenir plus vert et plus durable.<\/p>\n\n\n\n<p>Un immense merci \u00e0 tous les b\u00e9n\u00e9voles, salari\u00e9s, et administrateurs Pr\u00e9vention MAIF, ainsi qu&rsquo;aux associations, qui ont \u0153uvr\u00e9 pour faire de cet \u00e9v\u00e9nement une r\u00e9ussite. \ud83d\udc4f<\/p>\n\n\n\n<div class=\"wp-block-group\"><div class=\"wp-block-group__inner-container is-layout-flow wp-block-group-is-layout-flow\">\n<p class=\"has-blue-color has-beige-background-color has-text-color has-background\">\ud83d\udc49\u00a0<a href=\"https:\/\/www.linkedin.com\/company\/pr%C3%A9vention-maif\/\">Pr\u00e9vention MAIF<\/a><br>\ud83d\udc49\u00a0<a href=\"https:\/\/www.linkedin.com\/company\/ceseau\/\">Ceseau<\/a><br>\ud83d\udc49\u00a0<a href=\"https:\/\/www.linkedin.com\/company\/aux-arbres-citoyens\/\">Aux arbres citoyens !<\/a><br>\ud83d\udc49\u00a0<a href=\"https:\/\/www.linkedin.com\/in\/ACoAABhSJm4BRbcZwOTWfmDc5bejjIvTM2o8BIQ\">ID Initiative D\u00e9veloppement<\/a><br>\ud83d\udc49\u00a0<a href=\"https:\/\/www.linkedin.com\/company\/sol%C3%A9vent\/\">Sol\u00e9vent<\/a><br>\ud83d\udc49\u00a0<a href=\"https:\/\/www.linkedin.com\/company\/lpo-france\/\">LPO France<\/a><br>\ud83d\udc49 Bionav<br>\ud83d\udc49\u00a0<a href=\"https:\/\/www.linkedin.com\/company\/water-life-community-ong\/\">Water Life Community &#8211; ONG<\/a><br>\ud83d\udc49\u00a0<a href=\"https:\/\/www.linkedin.com\/company\/fruits-de-la-terre-com\/\">Fruits de la Terre.com<\/a><br>\ud83d\udc49 Place aux Minuscules<br>\ud83d\udc49\u00a0<a href=\"https:\/\/www.linkedin.com\/company\/monarch-intelligence-community\/\">Monarch Intelligence<\/a><br>\ud83d\udc49\u00a0<a href=\"https:\/\/www.linkedin.com\/company\/ren%C3%A9e-association\/\">Ren\u00e9e association<\/a><br>\ud83d\udc49 Jardin De Fourchebeche<\/p>\n<\/div><\/div>\n\n\n\n<figure class=\"wp-block-gallery columns-3 is-cropped wp-block-gallery-1 is-layout-flex wp-block-gallery-is-layout-flex\"><ul class=\"blocks-gallery-grid\"><li class=\"blocks-gallery-item\"><figure><img loading=\"lazy\" decoding=\"async\" width=\"683\" height=\"1024\" src=\"https:\/\/www.preventraide.fr\/contenus\/app\/uploads\/2024\/04\/MAIF008450-019-683x1024.jpg\" alt=\"\" data-id=\"1318\" data-full-url=\"https:\/\/www.preventraide.fr\/contenus\/app\/uploads\/2024\/04\/MAIF008450-019-scaled.jpg\" data-link=\"https:\/\/www.preventraide.fr\/contenus\/?attachment_id=1318\" class=\"wp-image-1318\" srcset=\"https:\/\/www.preventraide.fr\/contenus\/app\/uploads\/2024\/04\/MAIF008450-019-683x1024.jpg 683w, https:\/\/www.preventraide.fr\/contenus\/app\/uploads\/2024\/04\/MAIF008450-019-200x300.jpg 200w, https:\/\/www.preventraide.fr\/contenus\/app\/uploads\/2024\/04\/MAIF008450-019-768x1152.jpg 768w, https:\/\/www.preventraide.fr\/contenus\/app\/uploads\/2024\/04\/MAIF008450-019-1024x1536.jpg 1024w, https:\/\/www.preventraide.fr\/contenus\/app\/uploads\/2024\/04\/MAIF008450-019-1365x2048.jpg 1365w, https:\/\/www.preventraide.fr\/contenus\/app\/uploads\/2024\/04\/MAIF008450-019-1600x2400.jpg 1600w, https:\/\/www.preventraide.fr\/contenus\/app\/uploads\/2024\/04\/MAIF008450-019-scaled.jpg 1707w\" sizes=\"auto, (max-width: 683px) 100vw, 683px\" \/><figcaption class=\"blocks-gallery-item__caption\">Portrait de Laurie Hernandez sur le stand de Pr\u00e9vention MAIF.<\/figcaption><\/figure><\/li><li class=\"blocks-gallery-item\"><figure><img loading=\"lazy\" decoding=\"async\" width=\"1024\" height=\"683\" src=\"https:\/\/www.preventraide.fr\/contenus\/app\/uploads\/2024\/04\/MAIF008450-021-1024x683.jpg\" alt=\"\" data-id=\"1319\" data-full-url=\"https:\/\/www.preventraide.fr\/contenus\/app\/uploads\/2024\/04\/MAIF008450-021-scaled.jpg\" data-link=\"https:\/\/www.preventraide.fr\/contenus\/?attachment_id=1319\" class=\"wp-image-1319\" srcset=\"https:\/\/www.preventraide.fr\/contenus\/app\/uploads\/2024\/04\/MAIF008450-021-1024x683.jpg 1024w, https:\/\/www.preventraide.fr\/contenus\/app\/uploads\/2024\/04\/MAIF008450-021-300x200.jpg 300w, https:\/\/www.preventraide.fr\/contenus\/app\/uploads\/2024\/04\/MAIF008450-021-768x512.jpg 768w, https:\/\/www.preventraide.fr\/contenus\/app\/uploads\/2024\/04\/MAIF008450-021-1536x1024.jpg 1536w, https:\/\/www.preventraide.fr\/contenus\/app\/uploads\/2024\/04\/MAIF008450-021-2048x1365.jpg 2048w, https:\/\/www.preventraide.fr\/contenus\/app\/uploads\/2024\/04\/MAIF008450-021-1600x1067.jpg 1600w\" sizes=\"auto, (max-width: 1024px) 100vw, 1024px\" \/><figcaption class=\"blocks-gallery-item__caption\">Au stand Pr\u00e9vention MAIF une m\u00e8re et son fils se pr\u00e9sentent. Un jeu de reconnaissance des dangers est propose a l&rsquo;enfant.<\/figcaption><\/figure><\/li><li class=\"blocks-gallery-item\"><figure><img loading=\"lazy\" decoding=\"async\" width=\"683\" height=\"1024\" src=\"https:\/\/www.preventraide.fr\/contenus\/app\/uploads\/2024\/04\/MAIF008450-012-683x1024.jpg\" alt=\"\" data-id=\"1322\" data-full-url=\"https:\/\/www.preventraide.fr\/contenus\/app\/uploads\/2024\/04\/MAIF008450-012-scaled.jpg\" data-link=\"https:\/\/www.preventraide.fr\/contenus\/?attachment_id=1322\" class=\"wp-image-1322\" srcset=\"https:\/\/www.preventraide.fr\/contenus\/app\/uploads\/2024\/04\/MAIF008450-012-683x1024.jpg 683w, https:\/\/www.preventraide.fr\/contenus\/app\/uploads\/2024\/04\/MAIF008450-012-200x300.jpg 200w, https:\/\/www.preventraide.fr\/contenus\/app\/uploads\/2024\/04\/MAIF008450-012-768x1152.jpg 768w, https:\/\/www.preventraide.fr\/contenus\/app\/uploads\/2024\/04\/MAIF008450-012-1024x1536.jpg 1024w, https:\/\/www.preventraide.fr\/contenus\/app\/uploads\/2024\/04\/MAIF008450-012-1365x2048.jpg 1365w, https:\/\/www.preventraide.fr\/contenus\/app\/uploads\/2024\/04\/MAIF008450-012-1600x2400.jpg 1600w, https:\/\/www.preventraide.fr\/contenus\/app\/uploads\/2024\/04\/MAIF008450-012-scaled.jpg 1707w\" sizes=\"auto, (max-width: 683px) 100vw, 683px\" \/><figcaption class=\"blocks-gallery-item__caption\">Portrait de Magali Bussi.<\/figcaption><\/figure><\/li><li class=\"blocks-gallery-item\"><figure><img loading=\"lazy\" decoding=\"async\" width=\"1024\" height=\"683\" src=\"https:\/\/www.preventraide.fr\/contenus\/app\/uploads\/2024\/04\/MAIF008450-023-1024x683.jpg\" alt=\"\" data-id=\"1323\" data-full-url=\"https:\/\/www.preventraide.fr\/contenus\/app\/uploads\/2024\/04\/MAIF008450-023-scaled.jpg\" data-link=\"https:\/\/www.preventraide.fr\/contenus\/?attachment_id=1323\" class=\"wp-image-1323\" srcset=\"https:\/\/www.preventraide.fr\/contenus\/app\/uploads\/2024\/04\/MAIF008450-023-1024x683.jpg 1024w, https:\/\/www.preventraide.fr\/contenus\/app\/uploads\/2024\/04\/MAIF008450-023-300x200.jpg 300w, https:\/\/www.preventraide.fr\/contenus\/app\/uploads\/2024\/04\/MAIF008450-023-768x512.jpg 768w, https:\/\/www.preventraide.fr\/contenus\/app\/uploads\/2024\/04\/MAIF008450-023-1536x1024.jpg 1536w, https:\/\/www.preventraide.fr\/contenus\/app\/uploads\/2024\/04\/MAIF008450-023-2048x1365.jpg 2048w, https:\/\/www.preventraide.fr\/contenus\/app\/uploads\/2024\/04\/MAIF008450-023-1600x1067.jpg 1600w\" sizes=\"auto, (max-width: 1024px) 100vw, 1024px\" \/><figcaption class=\"blocks-gallery-item__caption\">Image du stand Water Life community agissant pour une m\u00e9diation autour des enjeux de sauvegarde des oc\u00e9ans.<\/figcaption><\/figure><\/li><li class=\"blocks-gallery-item\"><figure><img loading=\"lazy\" decoding=\"async\" width=\"1024\" height=\"683\" src=\"https:\/\/www.preventraide.fr\/contenus\/app\/uploads\/2024\/04\/MAIF008450-027-1024x683.jpg\" alt=\"\" data-id=\"1324\" data-full-url=\"https:\/\/www.preventraide.fr\/contenus\/app\/uploads\/2024\/04\/MAIF008450-027-scaled.jpg\" data-link=\"https:\/\/www.preventraide.fr\/contenus\/?attachment_id=1324\" class=\"wp-image-1324\" srcset=\"https:\/\/www.preventraide.fr\/contenus\/app\/uploads\/2024\/04\/MAIF008450-027-1024x683.jpg 1024w, https:\/\/www.preventraide.fr\/contenus\/app\/uploads\/2024\/04\/MAIF008450-027-300x200.jpg 300w, https:\/\/www.preventraide.fr\/contenus\/app\/uploads\/2024\/04\/MAIF008450-027-768x512.jpg 768w, https:\/\/www.preventraide.fr\/contenus\/app\/uploads\/2024\/04\/MAIF008450-027-1536x1024.jpg 1536w, https:\/\/www.preventraide.fr\/contenus\/app\/uploads\/2024\/04\/MAIF008450-027-2048x1365.jpg 2048w, https:\/\/www.preventraide.fr\/contenus\/app\/uploads\/2024\/04\/MAIF008450-027-1600x1067.jpg 1600w\" sizes=\"auto, (max-width: 1024px) 100vw, 1024px\" \/><figcaption class=\"blocks-gallery-item__caption\">Le stand CESEAU association pour une gestion \u00e9quilibre et durable de l&rsquo;eau. Une jarre anti-moustique est ici pr\u00e9sente.<\/figcaption><\/figure><\/li><li class=\"blocks-gallery-item\"><figure><img loading=\"lazy\" decoding=\"async\" width=\"1024\" height=\"683\" src=\"https:\/\/www.preventraide.fr\/contenus\/app\/uploads\/2024\/04\/MAIF008450-035-1024x683.jpg\" alt=\"\" data-id=\"1325\" data-full-url=\"https:\/\/www.preventraide.fr\/contenus\/app\/uploads\/2024\/04\/MAIF008450-035-scaled.jpg\" data-link=\"https:\/\/www.preventraide.fr\/contenus\/?attachment_id=1325\" class=\"wp-image-1325\" srcset=\"https:\/\/www.preventraide.fr\/contenus\/app\/uploads\/2024\/04\/MAIF008450-035-1024x683.jpg 1024w, https:\/\/www.preventraide.fr\/contenus\/app\/uploads\/2024\/04\/MAIF008450-035-300x200.jpg 300w, https:\/\/www.preventraide.fr\/contenus\/app\/uploads\/2024\/04\/MAIF008450-035-768x512.jpg 768w, https:\/\/www.preventraide.fr\/contenus\/app\/uploads\/2024\/04\/MAIF008450-035-1536x1024.jpg 1536w, https:\/\/www.preventraide.fr\/contenus\/app\/uploads\/2024\/04\/MAIF008450-035-2048x1365.jpg 2048w, https:\/\/www.preventraide.fr\/contenus\/app\/uploads\/2024\/04\/MAIF008450-035-1600x1067.jpg 1600w\" sizes=\"auto, (max-width: 1024px) 100vw, 1024px\" \/><figcaption class=\"blocks-gallery-item__caption\">Stand Le Jardin de Fourchebeche jardin partage cultive la terre par des m\u00e9thodes respectueuses de l&rsquo;environnement. Ils pr\u00e9sentent ici le d\u00e9veloppement d&rsquo;une plante a une enfant pour enfin lui donner afin qu&rsquo;elle s&rsquo;en occupe.<\/figcaption><\/figure><\/li><li class=\"blocks-gallery-item\"><figure><img loading=\"lazy\" decoding=\"async\" width=\"1024\" height=\"683\" src=\"https:\/\/www.preventraide.fr\/contenus\/app\/uploads\/2024\/04\/MAIF008450-015-1024x683.jpg\" alt=\"\" data-id=\"1326\" data-full-url=\"https:\/\/www.preventraide.fr\/contenus\/app\/uploads\/2024\/04\/MAIF008450-015-scaled.jpg\" data-link=\"https:\/\/www.preventraide.fr\/contenus\/?attachment_id=1326\" class=\"wp-image-1326\" srcset=\"https:\/\/www.preventraide.fr\/contenus\/app\/uploads\/2024\/04\/MAIF008450-015-1024x683.jpg 1024w, https:\/\/www.preventraide.fr\/contenus\/app\/uploads\/2024\/04\/MAIF008450-015-300x200.jpg 300w, https:\/\/www.preventraide.fr\/contenus\/app\/uploads\/2024\/04\/MAIF008450-015-768x512.jpg 768w, https:\/\/www.preventraide.fr\/contenus\/app\/uploads\/2024\/04\/MAIF008450-015-1536x1024.jpg 1536w, https:\/\/www.preventraide.fr\/contenus\/app\/uploads\/2024\/04\/MAIF008450-015-2048x1365.jpg 2048w, https:\/\/www.preventraide.fr\/contenus\/app\/uploads\/2024\/04\/MAIF008450-015-1600x1067.jpg 1600w\" sizes=\"auto, (max-width: 1024px) 100vw, 1024px\" \/><figcaption class=\"blocks-gallery-item__caption\">L&rsquo;entr\u00e9e de l\u00a0\u00bb\u00e9v\u00e8nement printemps du climat. Le premier plan est le hall principal.<\/figcaption><\/figure><\/li><li class=\"blocks-gallery-item\"><figure><img loading=\"lazy\" decoding=\"async\" width=\"1024\" height=\"683\" src=\"https:\/\/www.preventraide.fr\/contenus\/app\/uploads\/2024\/04\/MAIF008450-009-1024x683.jpg\" alt=\"\" data-id=\"1327\" data-full-url=\"https:\/\/www.preventraide.fr\/contenus\/app\/uploads\/2024\/04\/MAIF008450-009-scaled.jpg\" data-link=\"https:\/\/www.preventraide.fr\/contenus\/?attachment_id=1327\" class=\"wp-image-1327\" srcset=\"https:\/\/www.preventraide.fr\/contenus\/app\/uploads\/2024\/04\/MAIF008450-009-1024x683.jpg 1024w, https:\/\/www.preventraide.fr\/contenus\/app\/uploads\/2024\/04\/MAIF008450-009-300x200.jpg 300w, https:\/\/www.preventraide.fr\/contenus\/app\/uploads\/2024\/04\/MAIF008450-009-768x512.jpg 768w, https:\/\/www.preventraide.fr\/contenus\/app\/uploads\/2024\/04\/MAIF008450-009-1536x1024.jpg 1536w, https:\/\/www.preventraide.fr\/contenus\/app\/uploads\/2024\/04\/MAIF008450-009-2048x1365.jpg 2048w, https:\/\/www.preventraide.fr\/contenus\/app\/uploads\/2024\/04\/MAIF008450-009-1600x1067.jpg 1600w\" sizes=\"auto, (max-width: 1024px) 100vw, 1024px\" \/><figcaption class=\"blocks-gallery-item__caption\">Affiche le printemps du climat a Darwin.<\/figcaption><\/figure><\/li><li class=\"blocks-gallery-item\"><figure><img loading=\"lazy\" decoding=\"async\" width=\"768\" height=\"1024\" src=\"https:\/\/www.preventraide.fr\/contenus\/app\/uploads\/2024\/04\/MAIF008450-039-768x1024.jpg\" alt=\"\" data-id=\"1329\" data-full-url=\"https:\/\/www.preventraide.fr\/contenus\/app\/uploads\/2024\/04\/MAIF008450-039-scaled.jpg\" data-link=\"https:\/\/www.preventraide.fr\/contenus\/?attachment_id=1329\" class=\"wp-image-1329\" srcset=\"https:\/\/www.preventraide.fr\/contenus\/app\/uploads\/2024\/04\/MAIF008450-039-768x1024.jpg 768w, https:\/\/www.preventraide.fr\/contenus\/app\/uploads\/2024\/04\/MAIF008450-039-225x300.jpg 225w, https:\/\/www.preventraide.fr\/contenus\/app\/uploads\/2024\/04\/MAIF008450-039-1152x1536.jpg 1152w, https:\/\/www.preventraide.fr\/contenus\/app\/uploads\/2024\/04\/MAIF008450-039-1536x2048.jpg 1536w, https:\/\/www.preventraide.fr\/contenus\/app\/uploads\/2024\/04\/MAIF008450-039-1600x2133.jpg 1600w, https:\/\/www.preventraide.fr\/contenus\/app\/uploads\/2024\/04\/MAIF008450-039-scaled.jpg 1920w\" sizes=\"auto, (max-width: 768px) 100vw, 768px\" \/><figcaption class=\"blocks-gallery-item__caption\">Stand ID Environnement sp\u00e9cialis\u00e9e dans la distribution de produits pour l&rsquo;am\u00e9nagement des ext\u00e9rieurs<\/figcaption><\/figure><\/li><li class=\"blocks-gallery-item\"><figure><img loading=\"lazy\" decoding=\"async\" width=\"1024\" height=\"683\" src=\"https:\/\/www.preventraide.fr\/contenus\/app\/uploads\/2024\/04\/MAIF008450-038-1024x683.jpg\" alt=\"\" data-id=\"1330\" data-full-url=\"https:\/\/www.preventraide.fr\/contenus\/app\/uploads\/2024\/04\/MAIF008450-038-scaled.jpg\" data-link=\"https:\/\/www.preventraide.fr\/contenus\/?attachment_id=1330\" class=\"wp-image-1330\" srcset=\"https:\/\/www.preventraide.fr\/contenus\/app\/uploads\/2024\/04\/MAIF008450-038-1024x683.jpg 1024w, https:\/\/www.preventraide.fr\/contenus\/app\/uploads\/2024\/04\/MAIF008450-038-300x200.jpg 300w, https:\/\/www.preventraide.fr\/contenus\/app\/uploads\/2024\/04\/MAIF008450-038-768x512.jpg 768w, https:\/\/www.preventraide.fr\/contenus\/app\/uploads\/2024\/04\/MAIF008450-038-1536x1024.jpg 1536w, https:\/\/www.preventraide.fr\/contenus\/app\/uploads\/2024\/04\/MAIF008450-038-2048x1365.jpg 2048w, https:\/\/www.preventraide.fr\/contenus\/app\/uploads\/2024\/04\/MAIF008450-038-1600x1067.jpg 1600w\" sizes=\"auto, (max-width: 1024px) 100vw, 1024px\" \/><figcaption class=\"blocks-gallery-item__caption\">Stand de la LPO. Les vitres sont ici pour emp\u00eacher la r\u00e9fraction de la lumi\u00e8re emp\u00eachant les oiseaux de foncer dessus.<\/figcaption><\/figure><\/li><li class=\"blocks-gallery-item\"><figure><img loading=\"lazy\" decoding=\"async\" width=\"1024\" height=\"683\" src=\"https:\/\/www.preventraide.fr\/contenus\/app\/uploads\/2024\/04\/MAIF008450-042-1024x683.jpg\" alt=\"\" data-id=\"1331\" data-full-url=\"https:\/\/www.preventraide.fr\/contenus\/app\/uploads\/2024\/04\/MAIF008450-042-scaled.jpg\" data-link=\"https:\/\/www.preventraide.fr\/contenus\/?attachment_id=1331\" class=\"wp-image-1331\" srcset=\"https:\/\/www.preventraide.fr\/contenus\/app\/uploads\/2024\/04\/MAIF008450-042-1024x683.jpg 1024w, https:\/\/www.preventraide.fr\/contenus\/app\/uploads\/2024\/04\/MAIF008450-042-300x200.jpg 300w, https:\/\/www.preventraide.fr\/contenus\/app\/uploads\/2024\/04\/MAIF008450-042-768x512.jpg 768w, https:\/\/www.preventraide.fr\/contenus\/app\/uploads\/2024\/04\/MAIF008450-042-1536x1024.jpg 1536w, https:\/\/www.preventraide.fr\/contenus\/app\/uploads\/2024\/04\/MAIF008450-042-2048x1365.jpg 2048w, https:\/\/www.preventraide.fr\/contenus\/app\/uploads\/2024\/04\/MAIF008450-042-1600x1067.jpg 1600w\" sizes=\"auto, (max-width: 1024px) 100vw, 1024px\" \/><figcaption class=\"blocks-gallery-item__caption\">Stand Place Aux Minuscules propose la d\u00e9couverte de petits insectes. Ils souhaitent sensibiliser a l&rsquo;importance de ces petites cr\u00e9atures indispensable a la chaine alimentaire.<\/figcaption><\/figure><\/li><li class=\"blocks-gallery-item\"><figure><img loading=\"lazy\" decoding=\"async\" width=\"1024\" height=\"683\" src=\"https:\/\/www.preventraide.fr\/contenus\/app\/uploads\/2024\/04\/MAIF008450-045-1024x683.jpg\" alt=\"\" data-id=\"1332\" data-full-url=\"https:\/\/www.preventraide.fr\/contenus\/app\/uploads\/2024\/04\/MAIF008450-045-scaled.jpg\" data-link=\"https:\/\/www.preventraide.fr\/contenus\/?attachment_id=1332\" class=\"wp-image-1332\" srcset=\"https:\/\/www.preventraide.fr\/contenus\/app\/uploads\/2024\/04\/MAIF008450-045-1024x683.jpg 1024w, https:\/\/www.preventraide.fr\/contenus\/app\/uploads\/2024\/04\/MAIF008450-045-300x200.jpg 300w, https:\/\/www.preventraide.fr\/contenus\/app\/uploads\/2024\/04\/MAIF008450-045-768x512.jpg 768w, https:\/\/www.preventraide.fr\/contenus\/app\/uploads\/2024\/04\/MAIF008450-045-1536x1024.jpg 1536w, https:\/\/www.preventraide.fr\/contenus\/app\/uploads\/2024\/04\/MAIF008450-045-2048x1365.jpg 2048w, https:\/\/www.preventraide.fr\/contenus\/app\/uploads\/2024\/04\/MAIF008450-045-1600x1067.jpg 1600w\" sizes=\"auto, (max-width: 1024px) 100vw, 1024px\" \/><figcaption class=\"blocks-gallery-item__caption\">Stand Place Aux Minuscules propose la decouverte de petits insectes. Ils souhaitent sensibiliser a l&rsquo;importance de ces petites creatures indispensable a la chaine alimentaire.<\/figcaption><\/figure><\/li><li class=\"blocks-gallery-item\"><figure><img loading=\"lazy\" decoding=\"async\" width=\"1024\" height=\"683\" src=\"https:\/\/www.preventraide.fr\/contenus\/app\/uploads\/2024\/04\/MAIF008450-046-1024x683.jpg\" alt=\"\" data-id=\"1333\" data-full-url=\"https:\/\/www.preventraide.fr\/contenus\/app\/uploads\/2024\/04\/MAIF008450-046-scaled.jpg\" data-link=\"https:\/\/www.preventraide.fr\/contenus\/?attachment_id=1333\" class=\"wp-image-1333\" srcset=\"https:\/\/www.preventraide.fr\/contenus\/app\/uploads\/2024\/04\/MAIF008450-046-1024x683.jpg 1024w, https:\/\/www.preventraide.fr\/contenus\/app\/uploads\/2024\/04\/MAIF008450-046-300x200.jpg 300w, https:\/\/www.preventraide.fr\/contenus\/app\/uploads\/2024\/04\/MAIF008450-046-768x512.jpg 768w, https:\/\/www.preventraide.fr\/contenus\/app\/uploads\/2024\/04\/MAIF008450-046-1536x1024.jpg 1536w, https:\/\/www.preventraide.fr\/contenus\/app\/uploads\/2024\/04\/MAIF008450-046-2048x1365.jpg 2048w, https:\/\/www.preventraide.fr\/contenus\/app\/uploads\/2024\/04\/MAIF008450-046-1600x1067.jpg 1600w\" sizes=\"auto, (max-width: 1024px) 100vw, 1024px\" \/><figcaption class=\"blocks-gallery-item__caption\">Stand Place Aux Minuscules propose la d\u00e9couverte de petits insectes. Ils souhaitent sensibiliser a l&rsquo;importance de ces petites cr\u00e9atures indispensable a la chaine alimentaire.<\/figcaption><\/figure><\/li><li class=\"blocks-gallery-item\"><figure><img loading=\"lazy\" decoding=\"async\" width=\"683\" height=\"1024\" src=\"https:\/\/www.preventraide.fr\/contenus\/app\/uploads\/2024\/04\/MAIF008450-024-683x1024.jpg\" alt=\"\" data-id=\"1334\" data-full-url=\"https:\/\/www.preventraide.fr\/contenus\/app\/uploads\/2024\/04\/MAIF008450-024-scaled.jpg\" data-link=\"https:\/\/www.preventraide.fr\/contenus\/?attachment_id=1334\" class=\"wp-image-1334\" srcset=\"https:\/\/www.preventraide.fr\/contenus\/app\/uploads\/2024\/04\/MAIF008450-024-683x1024.jpg 683w, https:\/\/www.preventraide.fr\/contenus\/app\/uploads\/2024\/04\/MAIF008450-024-200x300.jpg 200w, https:\/\/www.preventraide.fr\/contenus\/app\/uploads\/2024\/04\/MAIF008450-024-768x1152.jpg 768w, https:\/\/www.preventraide.fr\/contenus\/app\/uploads\/2024\/04\/MAIF008450-024-1024x1536.jpg 1024w, https:\/\/www.preventraide.fr\/contenus\/app\/uploads\/2024\/04\/MAIF008450-024-1365x2048.jpg 1365w, https:\/\/www.preventraide.fr\/contenus\/app\/uploads\/2024\/04\/MAIF008450-024-1600x2400.jpg 1600w, https:\/\/www.preventraide.fr\/contenus\/app\/uploads\/2024\/04\/MAIF008450-024-scaled.jpg 1707w\" sizes=\"auto, (max-width: 683px) 100vw, 683px\" \/><figcaption class=\"blocks-gallery-item__caption\">Image du stand Water Life community agissant pour une m\u00e9diation autour des enjeux de sauvegarde des oc\u00e9ans. Un jeu de reconnaissance de la dur\u00e9e de d\u00e9gradations de diff\u00e9rents mat\u00e9riaux est propose.<\/figcaption><\/figure><\/li><li class=\"blocks-gallery-item\"><figure><img loading=\"lazy\" decoding=\"async\" width=\"1024\" height=\"683\" src=\"https:\/\/www.preventraide.fr\/contenus\/app\/uploads\/2024\/04\/MAIF008450-025-1024x683.jpg\" alt=\"\" data-id=\"1335\" data-full-url=\"https:\/\/www.preventraide.fr\/contenus\/app\/uploads\/2024\/04\/MAIF008450-025-scaled.jpg\" data-link=\"https:\/\/www.preventraide.fr\/contenus\/?attachment_id=1335\" class=\"wp-image-1335\" srcset=\"https:\/\/www.preventraide.fr\/contenus\/app\/uploads\/2024\/04\/MAIF008450-025-1024x683.jpg 1024w, https:\/\/www.preventraide.fr\/contenus\/app\/uploads\/2024\/04\/MAIF008450-025-300x200.jpg 300w, https:\/\/www.preventraide.fr\/contenus\/app\/uploads\/2024\/04\/MAIF008450-025-768x512.jpg 768w, https:\/\/www.preventraide.fr\/contenus\/app\/uploads\/2024\/04\/MAIF008450-025-1536x1024.jpg 1536w, https:\/\/www.preventraide.fr\/contenus\/app\/uploads\/2024\/04\/MAIF008450-025-2048x1365.jpg 2048w, https:\/\/www.preventraide.fr\/contenus\/app\/uploads\/2024\/04\/MAIF008450-025-1600x1067.jpg 1600w\" sizes=\"auto, (max-width: 1024px) 100vw, 1024px\" \/><figcaption class=\"blocks-gallery-item__caption\">Image du stand Water Life community agissant pour une m\u00e9diation autour des enjeux de sauvegarde des oc\u00e9ans. Un jeu de reconnaissance de la dur\u00e9e de d\u00e9gradations de diff\u00e9rents mat\u00e9riaux est propose.<\/figcaption><\/figure><\/li><li class=\"blocks-gallery-item\"><figure><img loading=\"lazy\" decoding=\"async\" width=\"1024\" height=\"683\" src=\"https:\/\/www.preventraide.fr\/contenus\/app\/uploads\/2024\/04\/MAIF008450-017-1024x683.jpg\" alt=\"\" data-id=\"1336\" data-full-url=\"https:\/\/www.preventraide.fr\/contenus\/app\/uploads\/2024\/04\/MAIF008450-017-scaled.jpg\" data-link=\"https:\/\/www.preventraide.fr\/contenus\/?attachment_id=1336\" class=\"wp-image-1336\" srcset=\"https:\/\/www.preventraide.fr\/contenus\/app\/uploads\/2024\/04\/MAIF008450-017-1024x683.jpg 1024w, https:\/\/www.preventraide.fr\/contenus\/app\/uploads\/2024\/04\/MAIF008450-017-300x200.jpg 300w, https:\/\/www.preventraide.fr\/contenus\/app\/uploads\/2024\/04\/MAIF008450-017-768x512.jpg 768w, https:\/\/www.preventraide.fr\/contenus\/app\/uploads\/2024\/04\/MAIF008450-017-1536x1024.jpg 1536w, https:\/\/www.preventraide.fr\/contenus\/app\/uploads\/2024\/04\/MAIF008450-017-2048x1365.jpg 2048w, https:\/\/www.preventraide.fr\/contenus\/app\/uploads\/2024\/04\/MAIF008450-017-1600x1067.jpg 1600w\" sizes=\"auto, (max-width: 1024px) 100vw, 1024px\" \/><figcaption class=\"blocks-gallery-item__caption\">Alain MATHIVET, b\u00e9n\u00e9vole pr\u00e9sent au stand Pr\u00e9vention MAIF.<\/figcaption><\/figure><\/li><li class=\"blocks-gallery-item\"><figure><img loading=\"lazy\" decoding=\"async\" width=\"1024\" height=\"683\" src=\"https:\/\/www.preventraide.fr\/contenus\/app\/uploads\/2024\/04\/MAIF008450-043-1024x683.jpg\" alt=\"\" data-id=\"1337\" data-full-url=\"https:\/\/www.preventraide.fr\/contenus\/app\/uploads\/2024\/04\/MAIF008450-043-scaled.jpg\" data-link=\"https:\/\/www.preventraide.fr\/contenus\/?attachment_id=1337\" class=\"wp-image-1337\" srcset=\"https:\/\/www.preventraide.fr\/contenus\/app\/uploads\/2024\/04\/MAIF008450-043-1024x683.jpg 1024w, https:\/\/www.preventraide.fr\/contenus\/app\/uploads\/2024\/04\/MAIF008450-043-300x200.jpg 300w, https:\/\/www.preventraide.fr\/contenus\/app\/uploads\/2024\/04\/MAIF008450-043-768x512.jpg 768w, https:\/\/www.preventraide.fr\/contenus\/app\/uploads\/2024\/04\/MAIF008450-043-1536x1024.jpg 1536w, https:\/\/www.preventraide.fr\/contenus\/app\/uploads\/2024\/04\/MAIF008450-043-2048x1365.jpg 2048w, https:\/\/www.preventraide.fr\/contenus\/app\/uploads\/2024\/04\/MAIF008450-043-1600x1067.jpg 1600w\" sizes=\"auto, (max-width: 1024px) 100vw, 1024px\" \/><figcaption class=\"blocks-gallery-item__caption\">Stand Place Aux Minuscules propose la d\u00e9couverte de petits insectes. Ils souhaitent sensibiliser a l&rsquo;importance de ces petites cr\u00e9atures indispensable a la chaine alimentaire.<\/figcaption><\/figure><\/li><li class=\"blocks-gallery-item\"><figure><img loading=\"lazy\" decoding=\"async\" width=\"1024\" height=\"683\" src=\"https:\/\/www.preventraide.fr\/contenus\/app\/uploads\/2024\/04\/MAIF008450-048-1024x683.jpg\" alt=\"\" data-id=\"1338\" data-full-url=\"https:\/\/www.preventraide.fr\/contenus\/app\/uploads\/2024\/04\/MAIF008450-048-scaled.jpg\" data-link=\"https:\/\/www.preventraide.fr\/contenus\/?attachment_id=1338\" class=\"wp-image-1338\" srcset=\"https:\/\/www.preventraide.fr\/contenus\/app\/uploads\/2024\/04\/MAIF008450-048-1024x683.jpg 1024w, https:\/\/www.preventraide.fr\/contenus\/app\/uploads\/2024\/04\/MAIF008450-048-300x200.jpg 300w, https:\/\/www.preventraide.fr\/contenus\/app\/uploads\/2024\/04\/MAIF008450-048-768x512.jpg 768w, https:\/\/www.preventraide.fr\/contenus\/app\/uploads\/2024\/04\/MAIF008450-048-1536x1024.jpg 1536w, https:\/\/www.preventraide.fr\/contenus\/app\/uploads\/2024\/04\/MAIF008450-048-2048x1365.jpg 2048w, https:\/\/www.preventraide.fr\/contenus\/app\/uploads\/2024\/04\/MAIF008450-048-1600x1067.jpg 1600w\" sizes=\"auto, (max-width: 1024px) 100vw, 1024px\" \/><figcaption class=\"blocks-gallery-item__caption\">Illustration du stand Solevent &#8211; Pour une transition \u00e9nerg\u00e9tique citoyenne. Un mini train fonctionnant par Energie solaire.<\/figcaption><\/figure><\/li><li class=\"blocks-gallery-item\"><figure><img loading=\"lazy\" decoding=\"async\" width=\"1024\" height=\"683\" src=\"https:\/\/www.preventraide.fr\/contenus\/app\/uploads\/2024\/04\/MAIF008450-047-1024x683.jpg\" alt=\"\" data-id=\"1339\" data-full-url=\"https:\/\/www.preventraide.fr\/contenus\/app\/uploads\/2024\/04\/MAIF008450-047-scaled.jpg\" data-link=\"https:\/\/www.preventraide.fr\/contenus\/?attachment_id=1339\" class=\"wp-image-1339\" srcset=\"https:\/\/www.preventraide.fr\/contenus\/app\/uploads\/2024\/04\/MAIF008450-047-1024x683.jpg 1024w, https:\/\/www.preventraide.fr\/contenus\/app\/uploads\/2024\/04\/MAIF008450-047-300x200.jpg 300w, https:\/\/www.preventraide.fr\/contenus\/app\/uploads\/2024\/04\/MAIF008450-047-768x512.jpg 768w, https:\/\/www.preventraide.fr\/contenus\/app\/uploads\/2024\/04\/MAIF008450-047-1536x1024.jpg 1536w, https:\/\/www.preventraide.fr\/contenus\/app\/uploads\/2024\/04\/MAIF008450-047-2048x1365.jpg 2048w, https:\/\/www.preventraide.fr\/contenus\/app\/uploads\/2024\/04\/MAIF008450-047-1600x1067.jpg 1600w\" sizes=\"auto, (max-width: 1024px) 100vw, 1024px\" \/><figcaption class=\"blocks-gallery-item__caption\">Stand Place Aux Minuscules propose la d\u00e9couverte de petits insectes. Ils souhaitent sensibiliser a l&rsquo;importance de ces petites cr\u00e9atures indispensable a la chaine alimentaire.<\/figcaption><\/figure><\/li><li class=\"blocks-gallery-item\"><figure><img loading=\"lazy\" decoding=\"async\" width=\"1024\" height=\"683\" src=\"https:\/\/www.preventraide.fr\/contenus\/app\/uploads\/2024\/04\/MAIF008450-026-1024x683.jpg\" alt=\"\" data-id=\"1340\" data-full-url=\"https:\/\/www.preventraide.fr\/contenus\/app\/uploads\/2024\/04\/MAIF008450-026-scaled.jpg\" data-link=\"https:\/\/www.preventraide.fr\/contenus\/?attachment_id=1340\" class=\"wp-image-1340\" srcset=\"https:\/\/www.preventraide.fr\/contenus\/app\/uploads\/2024\/04\/MAIF008450-026-1024x683.jpg 1024w, https:\/\/www.preventraide.fr\/contenus\/app\/uploads\/2024\/04\/MAIF008450-026-300x200.jpg 300w, https:\/\/www.preventraide.fr\/contenus\/app\/uploads\/2024\/04\/MAIF008450-026-768x512.jpg 768w, https:\/\/www.preventraide.fr\/contenus\/app\/uploads\/2024\/04\/MAIF008450-026-1536x1024.jpg 1536w, https:\/\/www.preventraide.fr\/contenus\/app\/uploads\/2024\/04\/MAIF008450-026-2048x1365.jpg 2048w, https:\/\/www.preventraide.fr\/contenus\/app\/uploads\/2024\/04\/MAIF008450-026-1600x1067.jpg 1600w\" sizes=\"auto, (max-width: 1024px) 100vw, 1024px\" \/><figcaption class=\"blocks-gallery-item__caption\">Image du stand Water Life community agissant pour une m\u00e9diation autour des enjeux de sauvegarde des oc\u00e9ans. Un jeu de reconnaissance de la dur\u00e9e de d\u00e9gradations de diff\u00e9rents mat\u00e9riaux est propose.<\/figcaption><\/figure><\/li><li class=\"blocks-gallery-item\"><figure><img loading=\"lazy\" decoding=\"async\" width=\"1024\" height=\"683\" src=\"https:\/\/www.preventraide.fr\/contenus\/app\/uploads\/2024\/04\/MAIF008450-030-1024x683.jpg\" alt=\"\" data-id=\"1341\" data-full-url=\"https:\/\/www.preventraide.fr\/contenus\/app\/uploads\/2024\/04\/MAIF008450-030-scaled.jpg\" data-link=\"https:\/\/www.preventraide.fr\/contenus\/?attachment_id=1341\" class=\"wp-image-1341\" srcset=\"https:\/\/www.preventraide.fr\/contenus\/app\/uploads\/2024\/04\/MAIF008450-030-1024x683.jpg 1024w, https:\/\/www.preventraide.fr\/contenus\/app\/uploads\/2024\/04\/MAIF008450-030-300x200.jpg 300w, https:\/\/www.preventraide.fr\/contenus\/app\/uploads\/2024\/04\/MAIF008450-030-768x512.jpg 768w, https:\/\/www.preventraide.fr\/contenus\/app\/uploads\/2024\/04\/MAIF008450-030-1536x1024.jpg 1536w, https:\/\/www.preventraide.fr\/contenus\/app\/uploads\/2024\/04\/MAIF008450-030-2048x1365.jpg 2048w, https:\/\/www.preventraide.fr\/contenus\/app\/uploads\/2024\/04\/MAIF008450-030-1600x1067.jpg 1600w\" sizes=\"auto, (max-width: 1024px) 100vw, 1024px\" \/><figcaption class=\"blocks-gallery-item__caption\">Le stand CESEAU association pour une gestion \u00e9quilibr\u00e9e et durable de l&rsquo;eau. Un atelier de degustation et de reconnaissance d&rsquo;eaux (robinet source minerale) est propose.<\/figcaption><\/figure><\/li><li class=\"blocks-gallery-item\"><figure><img loading=\"lazy\" decoding=\"async\" width=\"1024\" height=\"683\" src=\"https:\/\/www.preventraide.fr\/contenus\/app\/uploads\/2024\/04\/MAIF008450-052-1024x683.jpg\" alt=\"\" data-id=\"1342\" data-full-url=\"https:\/\/www.preventraide.fr\/contenus\/app\/uploads\/2024\/04\/MAIF008450-052-scaled.jpg\" data-link=\"https:\/\/www.preventraide.fr\/contenus\/?attachment_id=1342\" class=\"wp-image-1342\" srcset=\"https:\/\/www.preventraide.fr\/contenus\/app\/uploads\/2024\/04\/MAIF008450-052-1024x683.jpg 1024w, https:\/\/www.preventraide.fr\/contenus\/app\/uploads\/2024\/04\/MAIF008450-052-300x200.jpg 300w, https:\/\/www.preventraide.fr\/contenus\/app\/uploads\/2024\/04\/MAIF008450-052-768x512.jpg 768w, https:\/\/www.preventraide.fr\/contenus\/app\/uploads\/2024\/04\/MAIF008450-052-1536x1024.jpg 1536w, https:\/\/www.preventraide.fr\/contenus\/app\/uploads\/2024\/04\/MAIF008450-052-2048x1365.jpg 2048w, https:\/\/www.preventraide.fr\/contenus\/app\/uploads\/2024\/04\/MAIF008450-052-1600x1067.jpg 1600w\" sizes=\"auto, (max-width: 1024px) 100vw, 1024px\" \/><figcaption class=\"blocks-gallery-item__caption\">Les fruits de la terre association proposant des paniers de l\u00e9gumes de saison ainsi que des jardinage urbains et autres activit\u00e9s \u00e9cocitoyennes.<\/figcaption><\/figure><\/li><li class=\"blocks-gallery-item\"><figure><img loading=\"lazy\" decoding=\"async\" width=\"1024\" height=\"683\" src=\"https:\/\/www.preventraide.fr\/contenus\/app\/uploads\/2024\/04\/MAIF008450-032-1024x683.jpg\" alt=\"\" data-id=\"1343\" data-full-url=\"https:\/\/www.preventraide.fr\/contenus\/app\/uploads\/2024\/04\/MAIF008450-032-scaled.jpg\" data-link=\"https:\/\/www.preventraide.fr\/contenus\/?attachment_id=1343\" class=\"wp-image-1343\" srcset=\"https:\/\/www.preventraide.fr\/contenus\/app\/uploads\/2024\/04\/MAIF008450-032-1024x683.jpg 1024w, https:\/\/www.preventraide.fr\/contenus\/app\/uploads\/2024\/04\/MAIF008450-032-300x200.jpg 300w, https:\/\/www.preventraide.fr\/contenus\/app\/uploads\/2024\/04\/MAIF008450-032-768x512.jpg 768w, https:\/\/www.preventraide.fr\/contenus\/app\/uploads\/2024\/04\/MAIF008450-032-1536x1024.jpg 1536w, https:\/\/www.preventraide.fr\/contenus\/app\/uploads\/2024\/04\/MAIF008450-032-2048x1365.jpg 2048w, https:\/\/www.preventraide.fr\/contenus\/app\/uploads\/2024\/04\/MAIF008450-032-1600x1067.jpg 1600w\" sizes=\"auto, (max-width: 1024px) 100vw, 1024px\" \/><figcaption class=\"blocks-gallery-item__caption\">Le stand CESEAU association pour une gestion \u00e9quilibr\u00e9e et durable de l&rsquo;eau. Un atelier de d\u00e9gustation et de reconnaissance d&rsquo;eaux (robinet source min\u00e9rale) est propose.<\/figcaption><\/figure><\/li><li class=\"blocks-gallery-item\"><figure><img loading=\"lazy\" decoding=\"async\" width=\"1024\" height=\"683\" src=\"https:\/\/www.preventraide.fr\/contenus\/app\/uploads\/2024\/04\/MAIF008450-050-1024x683.jpg\" alt=\"\" data-id=\"1344\" data-full-url=\"https:\/\/www.preventraide.fr\/contenus\/app\/uploads\/2024\/04\/MAIF008450-050-scaled.jpg\" data-link=\"https:\/\/www.preventraide.fr\/contenus\/?attachment_id=1344\" class=\"wp-image-1344\" srcset=\"https:\/\/www.preventraide.fr\/contenus\/app\/uploads\/2024\/04\/MAIF008450-050-1024x683.jpg 1024w, https:\/\/www.preventraide.fr\/contenus\/app\/uploads\/2024\/04\/MAIF008450-050-300x200.jpg 300w, https:\/\/www.preventraide.fr\/contenus\/app\/uploads\/2024\/04\/MAIF008450-050-768x512.jpg 768w, https:\/\/www.preventraide.fr\/contenus\/app\/uploads\/2024\/04\/MAIF008450-050-1536x1024.jpg 1536w, https:\/\/www.preventraide.fr\/contenus\/app\/uploads\/2024\/04\/MAIF008450-050-2048x1365.jpg 2048w, https:\/\/www.preventraide.fr\/contenus\/app\/uploads\/2024\/04\/MAIF008450-050-1600x1067.jpg 1600w\" sizes=\"auto, (max-width: 1024px) 100vw, 1024px\" \/><figcaption class=\"blocks-gallery-item__caption\">Illustration du stand Solevent &#8211; Pour une transition \u00e9nerg\u00e9tique citoyenne. Un mini train fonctionnant par \u00e9nergie solaire.<\/figcaption><\/figure><\/li><li class=\"blocks-gallery-item\"><figure><img loading=\"lazy\" decoding=\"async\" width=\"1024\" height=\"683\" src=\"https:\/\/www.preventraide.fr\/contenus\/app\/uploads\/2024\/04\/MAIF008450-040-1024x683.jpg\" alt=\"\" data-id=\"1345\" data-full-url=\"https:\/\/www.preventraide.fr\/contenus\/app\/uploads\/2024\/04\/MAIF008450-040-scaled.jpg\" data-link=\"https:\/\/www.preventraide.fr\/contenus\/?attachment_id=1345\" class=\"wp-image-1345\" srcset=\"https:\/\/www.preventraide.fr\/contenus\/app\/uploads\/2024\/04\/MAIF008450-040-1024x683.jpg 1024w, https:\/\/www.preventraide.fr\/contenus\/app\/uploads\/2024\/04\/MAIF008450-040-300x200.jpg 300w, https:\/\/www.preventraide.fr\/contenus\/app\/uploads\/2024\/04\/MAIF008450-040-768x512.jpg 768w, https:\/\/www.preventraide.fr\/contenus\/app\/uploads\/2024\/04\/MAIF008450-040-1536x1024.jpg 1536w, https:\/\/www.preventraide.fr\/contenus\/app\/uploads\/2024\/04\/MAIF008450-040-2048x1365.jpg 2048w, https:\/\/www.preventraide.fr\/contenus\/app\/uploads\/2024\/04\/MAIF008450-040-1600x1067.jpg 1600w\" sizes=\"auto, (max-width: 1024px) 100vw, 1024px\" \/><figcaption class=\"blocks-gallery-item__caption\">Vue d&rsquo;ensemble des stands une famille fait jouer ses enfants a un jeu de classement des petits insectes<\/figcaption><\/figure><\/li><li class=\"blocks-gallery-item\"><figure><img loading=\"lazy\" decoding=\"async\" width=\"1024\" height=\"683\" src=\"https:\/\/www.preventraide.fr\/contenus\/app\/uploads\/2024\/04\/MAIF008450-054-1024x683.jpg\" alt=\"\" data-id=\"1346\" data-full-url=\"https:\/\/www.preventraide.fr\/contenus\/app\/uploads\/2024\/04\/MAIF008450-054-scaled.jpg\" data-link=\"https:\/\/www.preventraide.fr\/contenus\/?attachment_id=1346\" class=\"wp-image-1346\" srcset=\"https:\/\/www.preventraide.fr\/contenus\/app\/uploads\/2024\/04\/MAIF008450-054-1024x683.jpg 1024w, https:\/\/www.preventraide.fr\/contenus\/app\/uploads\/2024\/04\/MAIF008450-054-300x200.jpg 300w, https:\/\/www.preventraide.fr\/contenus\/app\/uploads\/2024\/04\/MAIF008450-054-768x512.jpg 768w, https:\/\/www.preventraide.fr\/contenus\/app\/uploads\/2024\/04\/MAIF008450-054-1536x1024.jpg 1536w, https:\/\/www.preventraide.fr\/contenus\/app\/uploads\/2024\/04\/MAIF008450-054-2048x1365.jpg 2048w, https:\/\/www.preventraide.fr\/contenus\/app\/uploads\/2024\/04\/MAIF008450-054-1600x1067.jpg 1600w\" sizes=\"auto, (max-width: 1024px) 100vw, 1024px\" \/><figcaption class=\"blocks-gallery-item__caption\">Ren\u00e9e est une association qui agit pour limiter l&rsquo;impact des petits \u00e9quipements \u00e9lectriques et \u00e9lectroniques en d\u00e9veloppant le r\u00e9emploi et la r\u00e9paration.<\/figcaption><\/figure><\/li><li class=\"blocks-gallery-item\"><figure><img loading=\"lazy\" decoding=\"async\" width=\"1024\" height=\"683\" src=\"https:\/\/www.preventraide.fr\/contenus\/app\/uploads\/2024\/04\/MAIF008450-055-1024x683.jpg\" alt=\"\" data-id=\"1347\" data-full-url=\"https:\/\/www.preventraide.fr\/contenus\/app\/uploads\/2024\/04\/MAIF008450-055-scaled.jpg\" data-link=\"https:\/\/www.preventraide.fr\/contenus\/?attachment_id=1347\" class=\"wp-image-1347\" srcset=\"https:\/\/www.preventraide.fr\/contenus\/app\/uploads\/2024\/04\/MAIF008450-055-1024x683.jpg 1024w, https:\/\/www.preventraide.fr\/contenus\/app\/uploads\/2024\/04\/MAIF008450-055-300x200.jpg 300w, https:\/\/www.preventraide.fr\/contenus\/app\/uploads\/2024\/04\/MAIF008450-055-768x512.jpg 768w, https:\/\/www.preventraide.fr\/contenus\/app\/uploads\/2024\/04\/MAIF008450-055-1536x1024.jpg 1536w, https:\/\/www.preventraide.fr\/contenus\/app\/uploads\/2024\/04\/MAIF008450-055-2048x1365.jpg 2048w, https:\/\/www.preventraide.fr\/contenus\/app\/uploads\/2024\/04\/MAIF008450-055-1600x1067.jpg 1600w\" sizes=\"auto, (max-width: 1024px) 100vw, 1024px\" \/><figcaption class=\"blocks-gallery-item__caption\">Le stand Bionav propose des navigations via un bateau \u00e9lectrique et la d\u00e9couverte du bassin d&rsquo;Arcachon.<\/figcaption><\/figure><\/li><li class=\"blocks-gallery-item\"><figure><img loading=\"lazy\" decoding=\"async\" width=\"1024\" height=\"683\" src=\"https:\/\/www.preventraide.fr\/contenus\/app\/uploads\/2024\/04\/MAIF008450-033-1024x683.jpg\" alt=\"\" data-id=\"1348\" data-full-url=\"https:\/\/www.preventraide.fr\/contenus\/app\/uploads\/2024\/04\/MAIF008450-033-scaled.jpg\" data-link=\"https:\/\/www.preventraide.fr\/contenus\/?attachment_id=1348\" class=\"wp-image-1348\" srcset=\"https:\/\/www.preventraide.fr\/contenus\/app\/uploads\/2024\/04\/MAIF008450-033-1024x683.jpg 1024w, https:\/\/www.preventraide.fr\/contenus\/app\/uploads\/2024\/04\/MAIF008450-033-300x200.jpg 300w, https:\/\/www.preventraide.fr\/contenus\/app\/uploads\/2024\/04\/MAIF008450-033-768x512.jpg 768w, https:\/\/www.preventraide.fr\/contenus\/app\/uploads\/2024\/04\/MAIF008450-033-1536x1024.jpg 1536w, https:\/\/www.preventraide.fr\/contenus\/app\/uploads\/2024\/04\/MAIF008450-033-2048x1365.jpg 2048w, https:\/\/www.preventraide.fr\/contenus\/app\/uploads\/2024\/04\/MAIF008450-033-1600x1067.jpg 1600w\" sizes=\"auto, (max-width: 1024px) 100vw, 1024px\" \/><figcaption class=\"blocks-gallery-item__caption\">Le stand CESEAU association pour une gestion \u00e9quilibr\u00e9e et durable de l&rsquo;eau. Un atelier de d\u00e9gustation et de reconnaissance d&rsquo;eaux (robinet source min\u00e9rale) est propose.<\/figcaption><\/figure><\/li><\/ul><\/figure>\n","protected":false},"excerpt":{"rendered":"<p>Samedi 13 avril, Bordeaux a vibr\u00e9 au rythme de l&rsquo;engagement \u00e9cologique lors du Printemps du Climat, une initiative port\u00e9e par&nbsp;Pr\u00e9vention MAIF. Cet \u00e9v\u00e9nement a \u00e9t\u00e9 l&rsquo;occasion pour les diff\u00e9rentes associations pr\u00e9sentes de mettre en lumi\u00e8re leurs projets innovants pour lutter contre le r\u00e9chauffement climatique. De la sensibilisation \u00e0 l&rsquo;action concr\u00e8te, chacun a expos\u00e9 sa contribution [&hellip;]<\/p>\n","protected":false},"author":6,"featured_media":1326,"comment_status":"closed","ping_status":"closed","sticky":false,"template":"","format":"standard","meta":{"_acf_changed":false,"inline_featured_image":false,"ghostkit_customizer_options":"","ghostkit_custom_css":"","ghostkit_custom_js_head":"","ghostkit_custom_js_foot":"","ghostkit_typography":"","footnotes":""},"categories":[2],"tags":[],"class_list":["post-1316","post","type-post","status-publish","format-standard","has-post-thumbnail","hentry","category-non-classifie"],"acf":[],"yoast_head":"<!-- This site is optimized with the Yoast SEO plugin v24.9 - https:\/\/yoast.com\/wordpress\/plugins\/seo\/ -->\n<title>Printemps du climat \u00e0 Bordeaux ! \ud83d\udcf8 - Preventraide - Conseils Pr\u00e9vention<\/title>\n<meta name=\"robots\" content=\"index, follow, max-snippet:-1, max-image-preview:large, max-video-preview:-1\" \/>\n<link rel=\"canonical\" href=\"https:\/\/www.preventraide.fr\/contenus\/actualites\/printemps-du-climat-a-bordeaux-\ud83d\udcf8\/\" \/>\n<meta property=\"og:locale\" content=\"fr_FR\" \/>\n<meta property=\"og:type\" content=\"article\" \/>\n<meta property=\"og:title\" content=\"Printemps du climat \u00e0 Bordeaux ! \ud83d\udcf8 - Preventraide - Conseils Pr\u00e9vention\" \/>\n<meta property=\"og:description\" content=\"Samedi 13 avril, Bordeaux a vibr\u00e9 au rythme de l&rsquo;engagement \u00e9cologique lors du Printemps du Climat, une initiative port\u00e9e par&nbsp;Pr\u00e9vention MAIF. Cet \u00e9v\u00e9nement a \u00e9t\u00e9 l&rsquo;occasion pour les diff\u00e9rentes associations pr\u00e9sentes de mettre en lumi\u00e8re leurs projets innovants pour lutter contre le r\u00e9chauffement climatique. De la sensibilisation \u00e0 l&rsquo;action concr\u00e8te, chacun a expos\u00e9 sa contribution [&hellip;]\" \/>\n<meta property=\"og:url\" content=\"https:\/\/www.preventraide.fr\/contenus\/actualites\/printemps-du-climat-a-bordeaux-\ud83d\udcf8\/\" \/>\n<meta property=\"og:site_name\" content=\"Preventraide - Conseils Pr\u00e9vention\" \/>\n<meta property=\"article:published_time\" content=\"2024-04-18T11:37:39+00:00\" \/>\n<meta property=\"og:image\" content=\"https:\/\/www.preventraide.fr\/contenus\/app\/uploads\/2024\/04\/MAIF008450-015-scaled.jpg\" \/>\n\t<meta property=\"og:image:width\" content=\"2560\" \/>\n\t<meta property=\"og:image:height\" content=\"1707\" \/>\n\t<meta property=\"og:image:type\" content=\"image\/jpeg\" \/>\n<meta name=\"author\" content=\"Camille Jagueneau\" \/>\n<meta name=\"twitter:card\" content=\"summary_large_image\" \/>\n<meta name=\"twitter:label1\" content=\"Written by\" \/>\n\t<meta name=\"twitter:data1\" content=\"Camille Jagueneau\" \/>\n\t<meta name=\"twitter:label2\" content=\"Est. reading time\" \/>\n\t<meta name=\"twitter:data2\" content=\"9 minutes\" \/>\n<script type=\"application\/ld+json\" class=\"yoast-schema-graph\">{\"@context\":\"https:\/\/schema.org\",\"@graph\":[{\"@type\":\"WebPage\",\"@id\":\"https:\/\/www.preventraide.fr\/contenus\/actualites\/printemps-du-climat-a-bordeaux-%f0%9f%93%b8\/\",\"url\":\"https:\/\/www.preventraide.fr\/contenus\/actualites\/printemps-du-climat-a-bordeaux-%f0%9f%93%b8\/\",\"name\":\"Printemps du climat \u00e0 Bordeaux ! \ud83d\udcf8 - Preventraide - Conseils Pr\u00e9vention\",\"isPartOf\":{\"@id\":\"https:\/\/www.preventraide.fr\/contenus\/#website\"},\"primaryImageOfPage\":{\"@id\":\"https:\/\/www.preventraide.fr\/contenus\/actualites\/printemps-du-climat-a-bordeaux-%f0%9f%93%b8\/#primaryimage\"},\"image\":{\"@id\":\"https:\/\/www.preventraide.fr\/contenus\/actualites\/printemps-du-climat-a-bordeaux-%f0%9f%93%b8\/#primaryimage\"},\"thumbnailUrl\":\"https:\/\/www.preventraide.fr\/contenus\/app\/uploads\/2024\/04\/MAIF008450-015-scaled.jpg\",\"datePublished\":\"2024-04-18T11:37:39+00:00\",\"author\":{\"@id\":\"https:\/\/www.preventraide.fr\/contenus\/#\/schema\/person\/610d5b148158ad8b26a57ee3481784b9\"},\"breadcrumb\":{\"@id\":\"https:\/\/www.preventraide.fr\/contenus\/actualites\/printemps-du-climat-a-bordeaux-%f0%9f%93%b8\/#breadcrumb\"},\"inLanguage\":\"fr-FR\",\"potentialAction\":[{\"@type\":\"ReadAction\",\"target\":[\"https:\/\/www.preventraide.fr\/contenus\/actualites\/printemps-du-climat-a-bordeaux-%f0%9f%93%b8\/\"]}]},{\"@type\":\"ImageObject\",\"inLanguage\":\"fr-FR\",\"@id\":\"https:\/\/www.preventraide.fr\/contenus\/actualites\/printemps-du-climat-a-bordeaux-%f0%9f%93%b8\/#primaryimage\",\"url\":\"https:\/\/www.preventraide.fr\/contenus\/app\/uploads\/2024\/04\/MAIF008450-015-scaled.jpg\",\"contentUrl\":\"https:\/\/www.preventraide.fr\/contenus\/app\/uploads\/2024\/04\/MAIF008450-015-scaled.jpg\",\"width\":2560,\"height\":1707,\"caption\":\"L'entree de l evenement printemps du climat. Le premier plan est le hall principal.\"},{\"@type\":\"BreadcrumbList\",\"@id\":\"https:\/\/www.preventraide.fr\/contenus\/actualites\/printemps-du-climat-a-bordeaux-%f0%9f%93%b8\/#breadcrumb\",\"itemListElement\":[{\"@type\":\"ListItem\",\"position\":1,\"name\":\"Accueil\",\"item\":\"https:\/\/www.preventraide.fr\"},{\"@type\":\"ListItem\",\"position\":2,\"name\":\"Printemps du climat \u00e0 Bordeaux ! \ud83d\udcf8\"}]},{\"@type\":\"WebSite\",\"@id\":\"https:\/\/www.preventraide.fr\/contenus\/#website\",\"url\":\"https:\/\/www.preventraide.fr\/contenus\/\",\"name\":\"Preventraide\",\"description\":\"\",\"potentialAction\":[{\"@type\":\"SearchAction\",\"target\":{\"@type\":\"EntryPoint\",\"urlTemplate\":\"https:\/\/www.preventraide.fr\/contenus\/?s={search_term_string}\"},\"query-input\":{\"@type\":\"PropertyValueSpecification\",\"valueRequired\":true,\"valueName\":\"search_term_string\"}}],\"inLanguage\":\"fr-FR\"},{\"@type\":\"Person\",\"@id\":\"https:\/\/www.preventraide.fr\/contenus\/#\/schema\/person\/610d5b148158ad8b26a57ee3481784b9\",\"name\":\"Camille Jagueneau\",\"image\":{\"@type\":\"ImageObject\",\"inLanguage\":\"fr-FR\",\"@id\":\"https:\/\/www.preventraide.fr\/contenus\/#\/schema\/person\/image\/\",\"url\":\"https:\/\/secure.gravatar.com\/avatar\/3a79d305b8d74191fb30dfe16bb61532d97fe378fbea0c1b02acebf1deb00e68?s=96&d=mm&r=g\",\"contentUrl\":\"https:\/\/secure.gravatar.com\/avatar\/3a79d305b8d74191fb30dfe16bb61532d97fe378fbea0c1b02acebf1deb00e68?s=96&d=mm&r=g\",\"caption\":\"Camille Jagueneau\"}}]}<\/script>\n<!-- \/ Yoast SEO plugin. -->","yoast_head_json":{"title":"Printemps du climat \u00e0 Bordeaux ! \ud83d\udcf8 - Preventraide - Conseils Pr\u00e9vention","robots":{"index":"index","follow":"follow","max-snippet":"max-snippet:-1","max-image-preview":"max-image-preview:large","max-video-preview":"max-video-preview:-1"},"canonical":"https:\/\/www.preventraide.fr\/contenus\/actualites\/printemps-du-climat-a-bordeaux-\ud83d\udcf8\/","og_locale":"fr_FR","og_type":"article","og_title":"Printemps du climat \u00e0 Bordeaux ! \ud83d\udcf8 - Preventraide - Conseils Pr\u00e9vention","og_description":"Samedi 13 avril, Bordeaux a vibr\u00e9 au rythme de l&rsquo;engagement \u00e9cologique lors du Printemps du Climat, une initiative port\u00e9e par&nbsp;Pr\u00e9vention MAIF. Cet \u00e9v\u00e9nement a \u00e9t\u00e9 l&rsquo;occasion pour les diff\u00e9rentes associations pr\u00e9sentes de mettre en lumi\u00e8re leurs projets innovants pour lutter contre le r\u00e9chauffement climatique. De la sensibilisation \u00e0 l&rsquo;action concr\u00e8te, chacun a expos\u00e9 sa contribution [&hellip;]","og_url":"https:\/\/www.preventraide.fr\/contenus\/actualites\/printemps-du-climat-a-bordeaux-\ud83d\udcf8\/","og_site_name":"Preventraide - Conseils Pr\u00e9vention","article_published_time":"2024-04-18T11:37:39+00:00","og_image":[{"width":2560,"height":1707,"url":"https:\/\/www.preventraide.fr\/contenus\/app\/uploads\/2024\/04\/MAIF008450-015-scaled.jpg","type":"image\/jpeg"}],"author":"Camille Jagueneau","twitter_card":"summary_large_image","twitter_misc":{"Written by":"Camille Jagueneau","Est. reading time":"9 minutes"},"schema":{"@context":"https:\/\/schema.org","@graph":[{"@type":"WebPage","@id":"https:\/\/www.preventraide.fr\/contenus\/actualites\/printemps-du-climat-a-bordeaux-%f0%9f%93%b8\/","url":"https:\/\/www.preventraide.fr\/contenus\/actualites\/printemps-du-climat-a-bordeaux-%f0%9f%93%b8\/","name":"Printemps du climat \u00e0 Bordeaux ! \ud83d\udcf8 - Preventraide - Conseils Pr\u00e9vention","isPartOf":{"@id":"https:\/\/www.preventraide.fr\/contenus\/#website"},"primaryImageOfPage":{"@id":"https:\/\/www.preventraide.fr\/contenus\/actualites\/printemps-du-climat-a-bordeaux-%f0%9f%93%b8\/#primaryimage"},"image":{"@id":"https:\/\/www.preventraide.fr\/contenus\/actualites\/printemps-du-climat-a-bordeaux-%f0%9f%93%b8\/#primaryimage"},"thumbnailUrl":"https:\/\/www.preventraide.fr\/contenus\/app\/uploads\/2024\/04\/MAIF008450-015-scaled.jpg","datePublished":"2024-04-18T11:37:39+00:00","author":{"@id":"https:\/\/www.preventraide.fr\/contenus\/#\/schema\/person\/610d5b148158ad8b26a57ee3481784b9"},"breadcrumb":{"@id":"https:\/\/www.preventraide.fr\/contenus\/actualites\/printemps-du-climat-a-bordeaux-%f0%9f%93%b8\/#breadcrumb"},"inLanguage":"fr-FR","potentialAction":[{"@type":"ReadAction","target":["https:\/\/www.preventraide.fr\/contenus\/actualites\/printemps-du-climat-a-bordeaux-%f0%9f%93%b8\/"]}]},{"@type":"ImageObject","inLanguage":"fr-FR","@id":"https:\/\/www.preventraide.fr\/contenus\/actualites\/printemps-du-climat-a-bordeaux-%f0%9f%93%b8\/#primaryimage","url":"https:\/\/www.preventraide.fr\/contenus\/app\/uploads\/2024\/04\/MAIF008450-015-scaled.jpg","contentUrl":"https:\/\/www.preventraide.fr\/contenus\/app\/uploads\/2024\/04\/MAIF008450-015-scaled.jpg","width":2560,"height":1707,"caption":"L'entree de l evenement printemps du climat. Le premier plan est le hall principal."},{"@type":"BreadcrumbList","@id":"https:\/\/www.preventraide.fr\/contenus\/actualites\/printemps-du-climat-a-bordeaux-%f0%9f%93%b8\/#breadcrumb","itemListElement":[{"@type":"ListItem","position":1,"name":"Accueil","item":"https:\/\/www.preventraide.fr"},{"@type":"ListItem","position":2,"name":"Printemps du climat \u00e0 Bordeaux ! \ud83d\udcf8"}]},{"@type":"WebSite","@id":"https:\/\/www.preventraide.fr\/contenus\/#website","url":"https:\/\/www.preventraide.fr\/contenus\/","name":"Preventraide","description":"","potentialAction":[{"@type":"SearchAction","target":{"@type":"EntryPoint","urlTemplate":"https:\/\/www.preventraide.fr\/contenus\/?s={search_term_string}"},"query-input":{"@type":"PropertyValueSpecification","valueRequired":true,"valueName":"search_term_string"}}],"inLanguage":"fr-FR"},{"@type":"Person","@id":"https:\/\/www.preventraide.fr\/contenus\/#\/schema\/person\/610d5b148158ad8b26a57ee3481784b9","name":"Camille Jagueneau","image":{"@type":"ImageObject","inLanguage":"fr-FR","@id":"https:\/\/www.preventraide.fr\/contenus\/#\/schema\/person\/image\/","url":"https:\/\/secure.gravatar.com\/avatar\/3a79d305b8d74191fb30dfe16bb61532d97fe378fbea0c1b02acebf1deb00e68?s=96&d=mm&r=g","contentUrl":"https:\/\/secure.gravatar.com\/avatar\/3a79d305b8d74191fb30dfe16bb61532d97fe378fbea0c1b02acebf1deb00e68?s=96&d=mm&r=g","caption":"Camille Jagueneau"}}]}},"_links":{"self":[{"href":"https:\/\/www.preventraide.fr\/contenus\/wp-json\/wp\/v2\/posts\/1316","targetHints":{"allow":["GET"]}}],"collection":[{"href":"https:\/\/www.preventraide.fr\/contenus\/wp-json\/wp\/v2\/posts"}],"about":[{"href":"https:\/\/www.preventraide.fr\/contenus\/wp-json\/wp\/v2\/types\/post"}],"author":[{"embeddable":true,"href":"https:\/\/www.preventraide.fr\/contenus\/wp-json\/wp\/v2\/users\/6"}],"replies":[{"embeddable":true,"href":"https:\/\/www.preventraide.fr\/contenus\/wp-json\/wp\/v2\/comments?post=1316"}],"version-history":[{"count":0,"href":"https:\/\/www.preventraide.fr\/contenus\/wp-json\/wp\/v2\/posts\/1316\/revisions"}],"wp:featuredmedia":[{"embeddable":true,"href":"https:\/\/www.preventraide.fr\/contenus\/wp-json\/wp\/v2\/media\/1326"}],"wp:attachment":[{"href":"https:\/\/www.preventraide.fr\/contenus\/wp-json\/wp\/v2\/media?parent=1316"}],"wp:term":[{"taxonomy":"category","embeddable":true,"href":"https:\/\/www.preventraide.fr\/contenus\/wp-json\/wp\/v2\/categories?post=1316"},{"taxonomy":"post_tag","embeddable":true,"href":"https:\/\/www.preventraide.fr\/contenus\/wp-json\/wp\/v2\/tags?post=1316"}],"curies":[{"name":"wp","href":"https:\/\/api.w.org\/{rel}","templated":true}]}}