{"id":1352,"date":"2024-04-26T06:24:00","date_gmt":"2024-04-26T04:24:00","guid":{"rendered":"https:\/\/www.preventraide.fr\/contenus\/?p=1352"},"modified":"2024-04-26T06:24:00","modified_gmt":"2024-04-26T04:24:00","slug":"le-printemps-du-climat-et-du-vivant-dans-la-vallee-de-la-roya","status":"publish","type":"post","link":"https:\/\/www.preventraide.fr\/contenus\/actualites\/le-printemps-du-climat-et-du-vivant-dans-la-vallee-de-la-roya\/","title":{"rendered":"Le Printemps du Climat et du Vivant dans la Vall\u00e9e de la Roya"},"content":{"rendered":"\n<p>Face \u00e0 la crise climatique qui s\u00e9vit dans notre monde, il est plus que jamais crucial d\u2019agir collectivement pour pr\u00e9server notre plan\u00e8te. C\u2019est dans cette optique que nous avons cr\u00e9\u00e9 le Printemps du Climat, un \u00e9v\u00e9nement visant \u00e0 encourager chacun \u00e0 s\u2019engager en faveur de l\u2019environnement.<\/p>\n\n\n\n<p>Que vous soyez avide d\u2019apprendre, d\u00e9sireux de d\u00e9couvrir de nouvelles perspectives, ou simplement curieux de rencontrer des organisations et des collectifs inspirants, cet \u00e9v\u00e9nement est fait pour vous. Rejoignez-nous pour \u00e9changer des id\u00e9es, partager les bonnes pratiques et participer \u00e0 des ateliers ludiques centr\u00e9s sur le climat, que ce soit seul ou en famille.<\/p>\n\n\n\n<p class=\"has-black-color has-text-color\">Rendez-vous le&nbsp;<strong>samedi 25 mai au Prieur\u00e9 \u00e0 St Dalmas de Tende<\/strong>, o\u00f9 vous aurez l\u2019opportunit\u00e9 de rencontrer des associations et des collectifs d\u00e9vou\u00e9s, pr\u00eats \u00e0 vous proposer des actions concr\u00e8tes pour renforcer notre engagement commun envers la pr\u00e9servation de notre plan\u00e8te.<\/p>\n\n\n\n<p class=\"has-white-color has-blue-background-color has-text-color has-background\">\ud83d\udc68\u200d\ud83d\udc69\u200d\ud83d\udc67\u200d\ud83d\udc66 <strong>Une journ\u00e9e pour tous<\/strong><\/p>\n\n\n\n<p>Que vous soyez seul, en famille ou entre amis, le Printemps du Climat vous r\u00e9serve un programme diversifi\u00e9, adapt\u00e9 \u00e0 tous les \u00e2ges et \u00e0 toutes les envies.<\/p>\n\n\n\n<p class=\"has-white-color has-blue-background-color has-text-color has-background\">\ud83c\udf43 <strong>Chantier participatif et renaturation des berges<\/strong><\/p>\n\n\n\n<p>D\u00e8s 9h30, vous aurez la possibilit\u00e9 de vous impliquer activement dans la pr\u00e9servation de l\u2019environnement en participant \u00e0 un chantier participatif de renaturation des berges et d\u2019agroforesterie, en collaboration avec l\u2019association \u00ab&nbsp;Les Week-ends Solidaires&nbsp;\u00bb.<\/p>\n\n\n\n<p>Au programme : suppression d\u2019esp\u00e8ces envahissantes, r\u00e9am\u00e9nagement des berges, remise en \u00e9tat de terrains en vue de plantations \u00e0 l\u2019automne, et \u00e9vacuation de gravats d\u2019une ruine. Ouvert \u00e0 tous, ce chantier promet d\u2019\u00eatre une exp\u00e9rience enrichissante pour tous les participants.<\/p>\n\n\n\n<ul class=\"wp-block-list\"><li>Possibilit\u00e9 de dormir au camping de la Brigue : Les places sont limit\u00e9es au camping de la Brigue, alors n\u2019h\u00e9sitez pas \u00e0 r\u00e9server d\u00e8s maintenant pour profiter pleinement de cette exp\u00e9rience .<\/li><li>Inscrivez-vous d\u00e8s maintenant : Les places sont limit\u00e9es, alors ne tardez pas \u00e0 vous inscrire via le lien suivant :&nbsp;<strong><a href=\"https:\/\/docs.google.com\/forms\/d\/e\/1FAIpQLSeHLwaOrKf81YhI97m205dk0GmMYxixQtSZ01afNzLeTJnLHg\/viewform\" target=\"_blank\" rel=\"noreferrer noopener\">Lien d\u2019inscription<\/a>.<\/strong><\/li><\/ul>\n\n\n\n<p class=\"has-white-color has-blue-background-color has-text-color has-background\">\ud83c\udf3f <strong>Ateliers ludiques et participatifs<\/strong><\/p>\n\n\n\n<p>\u00c0 partir de midi, place aux ateliers ludiques et participatifs sur le climat et la coop\u00e9ration. Petits et grands auront l\u2019occasion de s\u2019immerger dans des activit\u00e9s passionnantes et \u00e9ducatives, telles que :<\/p>\n\n\n\n<ul class=\"wp-block-list\"><li>Atelier de d\u00e9couverte des \u00ab\u00a0esp\u00e8ces blanches\u00a0\u00bb avec le Parc du Mercantour.<\/li><li>Visite du Conservatoire de la Ch\u00e2taigne de la Roya : A la d\u00e9couverte d\u2019une revitalisation r\u00e9siliente. Culture, agriculture et \u00e9cologie de la ch\u00e2taigneraie.<\/li><li>Atelier \u00ab\u00a0capsule temporelle\u00a0\u00bb avec l\u2019Association des Amis et Parents d\u2019\u00c9l\u00e8ves de Fontan-Saorge.<\/li><li>Exploration de la biodiversit\u00e9 des pollinisateurs avec Curieux de Nature.<\/li><li>Cr\u00e9ation de papier ensemenc\u00e9 avec le laboratoire artistique ambulant d\u2019Aurore \u00c9maille.<\/li><li>Connaissance des plantes et des teintures v\u00e9g\u00e9tales avec Nathalie Magnardi.<\/li><li>Initiation \u00e0 la vannerie avec l\u2019Oseraie du Possible.<\/li><li>Sensibilisation aux risques naturels avec le jeu Pr\u00e9vEntraide par l\u2019Association Pr\u00e9vention MAIF.<\/li><li>D\u00e9monstration sur la dur\u00e9e de vie des d\u00e9chets et atelier gestes qui sauvent \u00e9galement par l\u2019Association Pr\u00e9vention MAIF.<\/li><li>Parcours de maniabilit\u00e9 \u00e0 v\u00e9lo pour une conduite \u00e9coresponsable, toujours par l\u2019Association Pr\u00e9vention MAIF.<\/li><\/ul>\n\n\n\n<p class=\"has-white-color has-blue-background-color has-text-color has-background\">\ud83c\udf0d <strong>Stands et tables rondes<\/strong><\/p>\n\n\n\n<p>Tout au long de la journ\u00e9e, vous aurez \u00e9galement l\u2019occasion de d\u00e9couvrir les stands de diverses associations et collectifs engag\u00e9s, tels que Remontons la Roya, Cultures en Terrasse, la Librairie du Ca\u00efros, l\u2019Office de Tourisme Communautaire, l\u2019URD, et Coopgo. En fin de journ\u00e9e, une table ronde sur le th\u00e8me de la coop\u00e9ration face aux d\u00e9r\u00e8glements climatiques, anim\u00e9e par des experts du domaine, cl\u00f4turera cette journ\u00e9e d\u2019\u00e9changes et de r\u00e9flexions.<\/p>\n\n\n\n<ul class=\"wp-block-list\"><li>Pablo Servigne : expert sur les sujets de l\u2019entraide et de la coop\u00e9ration face aux d\u00e9r\u00e8glements climatiques.<\/li><li>V\u00e9ronique de Geoffroy, directrice g\u00e9n\u00e9rale du Groupe URD qui pilote le projet de recherche \u00ab\u00a0L\u2019entraide en situation de crise et de catastrophe\u00a0\u00bb.<\/li><li>Les week-ends solidaires : entraide et chantiers participatifs<\/li><li>Sonia Klein: Coach, formatrice, sp\u00e9cialiste de la r\u00e9silience : \u00ab\u00a0\u00e9co-anxi\u00e9t\u00e9 et comment sortir de l\u2019isolement psychologique\u00a0\u00bb<\/li><li>Angello Smaniotto : autonomie alimentaire et \u00e9volution des ressources agricoles dans la vall\u00e9e.<\/li><li>Charles Claudo, association Remontons La Roya<\/li><\/ul>\n\n\n\n<p class=\"has-white-color has-blue-background-color has-text-color has-background\">\ud83c\udfb6 <strong>Une soir\u00e9e musicale et gourmande<\/strong><\/p>\n\n\n\n<p>Pour terminer en beaut\u00e9, une soir\u00e9e musicale et gourmande vous attend, avec un atelier danse et ap\u00e9ro musical, suivi d\u2019un concert\/bal donn\u00e9 par Oggitani. De quoi cl\u00f4turer cette journ\u00e9e de mobilisation en beaut\u00e9, dans une ambiance festive et conviviale.<\/p>\n\n\n\n<p class=\"has-white-color has-blue-background-color has-text-color has-background\">\ud83c\udf7d <strong>Restauration sur place le midi et transport<\/strong><\/p>\n\n\n\n<p>Pour recharger vos batteries \u00e0 midi, profitez des sp\u00e9cialit\u00e9s locales et du monde disponibles sur place. Pour rejoindre l\u2019\u00e9v\u00e9nement, privil\u00e9giez le train puis le bus pour limiter votre empreinte carbone.<\/p>\n\n\n\n<p>Rejoignez-nous pour cette journ\u00e9e exceptionnelle d\u00e9di\u00e9e \u00e0 la pr\u00e9servation de notre plan\u00e8te et \u00e0 l\u2019action collective en faveur du climat. \ud83c\udf0d<\/p>\n\n\n\n<figure class=\"wp-block-image size-large\"><img loading=\"lazy\" decoding=\"async\" width=\"1024\" height=\"724\" src=\"https:\/\/www.preventraide.fr\/contenus\/app\/uploads\/2024\/04\/AFFICHE-Printemps-du-Climat-A3-VALLEE-DE-LA-ROYA-version-double-programme-PNG-1-1024x724.png\" alt=\"\" class=\"wp-image-1354\" srcset=\"https:\/\/www.preventraide.fr\/contenus\/app\/uploads\/2024\/04\/AFFICHE-Printemps-du-Climat-A3-VALLEE-DE-LA-ROYA-version-double-programme-PNG-1-1024x724.png 1024w, https:\/\/www.preventraide.fr\/contenus\/app\/uploads\/2024\/04\/AFFICHE-Printemps-du-Climat-A3-VALLEE-DE-LA-ROYA-version-double-programme-PNG-1-300x212.png 300w, https:\/\/www.preventraide.fr\/contenus\/app\/uploads\/2024\/04\/AFFICHE-Printemps-du-Climat-A3-VALLEE-DE-LA-ROYA-version-double-programme-PNG-1-768x543.png 768w, https:\/\/www.preventraide.fr\/contenus\/app\/uploads\/2024\/04\/AFFICHE-Printemps-du-Climat-A3-VALLEE-DE-LA-ROYA-version-double-programme-PNG-1-1536x1086.png 1536w, https:\/\/www.preventraide.fr\/contenus\/app\/uploads\/2024\/04\/AFFICHE-Printemps-du-Climat-A3-VALLEE-DE-LA-ROYA-version-double-programme-PNG-1-2048x1448.png 2048w, https:\/\/www.preventraide.fr\/contenus\/app\/uploads\/2024\/04\/AFFICHE-Printemps-du-Climat-A3-VALLEE-DE-LA-ROYA-version-double-programme-PNG-1-1600x1131.png 1600w\" sizes=\"auto, (max-width: 1024px) 100vw, 1024px\" \/><\/figure>\n","protected":false},"excerpt":{"rendered":"<p>Face \u00e0 la crise climatique qui s\u00e9vit dans notre monde, il est plus que jamais crucial d\u2019agir collectivement pour pr\u00e9server notre plan\u00e8te. C\u2019est dans cette optique que nous avons cr\u00e9\u00e9 le Printemps du Climat, un \u00e9v\u00e9nement visant \u00e0 encourager chacun \u00e0 s\u2019engager en faveur de l\u2019environnement. Que vous soyez avide d\u2019apprendre, d\u00e9sireux de d\u00e9couvrir de [&hellip;]<\/p>\n","protected":false},"author":6,"featured_media":1355,"comment_status":"closed","ping_status":"closed","sticky":false,"template":"","format":"standard","meta":{"_acf_changed":false,"inline_featured_image":false,"ghostkit_customizer_options":"","ghostkit_custom_css":"","ghostkit_custom_js_head":"","ghostkit_custom_js_foot":"","ghostkit_typography":"","footnotes":""},"categories":[2],"tags":[],"class_list":["post-1352","post","type-post","status-publish","format-standard","has-post-thumbnail","hentry","category-non-classifie"],"acf":[],"yoast_head":"<!-- This site is optimized with the Yoast SEO plugin v24.9 - https:\/\/yoast.com\/wordpress\/plugins\/seo\/ -->\n<title>Le Printemps du Climat et du Vivant dans la Vall\u00e9e de la Roya - Preventraide - Conseils Pr\u00e9vention<\/title>\n<meta name=\"robots\" content=\"index, follow, max-snippet:-1, max-image-preview:large, max-video-preview:-1\" \/>\n<link rel=\"canonical\" href=\"https:\/\/www.preventraide.fr\/contenus\/actualites\/le-printemps-du-climat-et-du-vivant-dans-la-vallee-de-la-roya\/\" \/>\n<meta property=\"og:locale\" content=\"fr_FR\" \/>\n<meta property=\"og:type\" content=\"article\" \/>\n<meta property=\"og:title\" content=\"Le Printemps du Climat et du Vivant dans la Vall\u00e9e de la Roya - Preventraide - Conseils Pr\u00e9vention\" \/>\n<meta property=\"og:description\" content=\"Face \u00e0 la crise climatique qui s\u00e9vit dans notre monde, il est plus que jamais crucial d\u2019agir collectivement pour pr\u00e9server notre plan\u00e8te. C\u2019est dans cette optique que nous avons cr\u00e9\u00e9 le Printemps du Climat, un \u00e9v\u00e9nement visant \u00e0 encourager chacun \u00e0 s\u2019engager en faveur de l\u2019environnement. Que vous soyez avide d\u2019apprendre, d\u00e9sireux de d\u00e9couvrir de [&hellip;]\" \/>\n<meta property=\"og:url\" content=\"https:\/\/www.preventraide.fr\/contenus\/actualites\/le-printemps-du-climat-et-du-vivant-dans-la-vallee-de-la-roya\/\" \/>\n<meta property=\"og:site_name\" content=\"Preventraide - Conseils Pr\u00e9vention\" \/>\n<meta property=\"article:published_time\" content=\"2024-04-26T04:24:00+00:00\" \/>\n<meta property=\"og:image\" content=\"https:\/\/www.preventraide.fr\/contenus\/app\/uploads\/2024\/04\/logo-PRINTEMPS-du-CLIMAT-et-du-VIVANT-prevention-MAIF_JPEG-scaled.jpg\" \/>\n\t<meta property=\"og:image:width\" content=\"2560\" \/>\n\t<meta property=\"og:image:height\" content=\"1811\" \/>\n\t<meta property=\"og:image:type\" content=\"image\/jpeg\" \/>\n<meta name=\"author\" content=\"Camille Jagueneau\" \/>\n<meta name=\"twitter:card\" content=\"summary_large_image\" \/>\n<meta name=\"twitter:label1\" content=\"Written by\" \/>\n\t<meta name=\"twitter:data1\" content=\"Camille Jagueneau\" \/>\n\t<meta name=\"twitter:label2\" content=\"Est. reading time\" \/>\n\t<meta name=\"twitter:data2\" content=\"4 minutes\" \/>\n<script type=\"application\/ld+json\" class=\"yoast-schema-graph\">{\"@context\":\"https:\/\/schema.org\",\"@graph\":[{\"@type\":\"WebPage\",\"@id\":\"https:\/\/www.preventraide.fr\/contenus\/actualites\/le-printemps-du-climat-et-du-vivant-dans-la-vallee-de-la-roya\/\",\"url\":\"https:\/\/www.preventraide.fr\/contenus\/actualites\/le-printemps-du-climat-et-du-vivant-dans-la-vallee-de-la-roya\/\",\"name\":\"Le Printemps du Climat et du Vivant dans la Vall\u00e9e de la Roya - Preventraide - Conseils Pr\u00e9vention\",\"isPartOf\":{\"@id\":\"https:\/\/www.preventraide.fr\/contenus\/#website\"},\"primaryImageOfPage\":{\"@id\":\"https:\/\/www.preventraide.fr\/contenus\/actualites\/le-printemps-du-climat-et-du-vivant-dans-la-vallee-de-la-roya\/#primaryimage\"},\"image\":{\"@id\":\"https:\/\/www.preventraide.fr\/contenus\/actualites\/le-printemps-du-climat-et-du-vivant-dans-la-vallee-de-la-roya\/#primaryimage\"},\"thumbnailUrl\":\"https:\/\/www.preventraide.fr\/contenus\/app\/uploads\/2024\/04\/logo-PRINTEMPS-du-CLIMAT-et-du-VIVANT-prevention-MAIF_JPEG-scaled.jpg\",\"datePublished\":\"2024-04-26T04:24:00+00:00\",\"author\":{\"@id\":\"https:\/\/www.preventraide.fr\/contenus\/#\/schema\/person\/610d5b148158ad8b26a57ee3481784b9\"},\"breadcrumb\":{\"@id\":\"https:\/\/www.preventraide.fr\/contenus\/actualites\/le-printemps-du-climat-et-du-vivant-dans-la-vallee-de-la-roya\/#breadcrumb\"},\"inLanguage\":\"fr-FR\",\"potentialAction\":[{\"@type\":\"ReadAction\",\"target\":[\"https:\/\/www.preventraide.fr\/contenus\/actualites\/le-printemps-du-climat-et-du-vivant-dans-la-vallee-de-la-roya\/\"]}]},{\"@type\":\"ImageObject\",\"inLanguage\":\"fr-FR\",\"@id\":\"https:\/\/www.preventraide.fr\/contenus\/actualites\/le-printemps-du-climat-et-du-vivant-dans-la-vallee-de-la-roya\/#primaryimage\",\"url\":\"https:\/\/www.preventraide.fr\/contenus\/app\/uploads\/2024\/04\/logo-PRINTEMPS-du-CLIMAT-et-du-VIVANT-prevention-MAIF_JPEG-scaled.jpg\",\"contentUrl\":\"https:\/\/www.preventraide.fr\/contenus\/app\/uploads\/2024\/04\/logo-PRINTEMPS-du-CLIMAT-et-du-VIVANT-prevention-MAIF_JPEG-scaled.jpg\",\"width\":2560,\"height\":1811},{\"@type\":\"BreadcrumbList\",\"@id\":\"https:\/\/www.preventraide.fr\/contenus\/actualites\/le-printemps-du-climat-et-du-vivant-dans-la-vallee-de-la-roya\/#breadcrumb\",\"itemListElement\":[{\"@type\":\"ListItem\",\"position\":1,\"name\":\"Accueil\",\"item\":\"https:\/\/www.preventraide.fr\"},{\"@type\":\"ListItem\",\"position\":2,\"name\":\"Le Printemps du Climat et du Vivant dans la Vall\u00e9e de la Roya\"}]},{\"@type\":\"WebSite\",\"@id\":\"https:\/\/www.preventraide.fr\/contenus\/#website\",\"url\":\"https:\/\/www.preventraide.fr\/contenus\/\",\"name\":\"Preventraide\",\"description\":\"\",\"potentialAction\":[{\"@type\":\"SearchAction\",\"target\":{\"@type\":\"EntryPoint\",\"urlTemplate\":\"https:\/\/www.preventraide.fr\/contenus\/?s={search_term_string}\"},\"query-input\":{\"@type\":\"PropertyValueSpecification\",\"valueRequired\":true,\"valueName\":\"search_term_string\"}}],\"inLanguage\":\"fr-FR\"},{\"@type\":\"Person\",\"@id\":\"https:\/\/www.preventraide.fr\/contenus\/#\/schema\/person\/610d5b148158ad8b26a57ee3481784b9\",\"name\":\"Camille Jagueneau\",\"image\":{\"@type\":\"ImageObject\",\"inLanguage\":\"fr-FR\",\"@id\":\"https:\/\/www.preventraide.fr\/contenus\/#\/schema\/person\/image\/\",\"url\":\"https:\/\/secure.gravatar.com\/avatar\/3a79d305b8d74191fb30dfe16bb61532d97fe378fbea0c1b02acebf1deb00e68?s=96&d=mm&r=g\",\"contentUrl\":\"https:\/\/secure.gravatar.com\/avatar\/3a79d305b8d74191fb30dfe16bb61532d97fe378fbea0c1b02acebf1deb00e68?s=96&d=mm&r=g\",\"caption\":\"Camille Jagueneau\"}}]}<\/script>\n<!-- \/ Yoast SEO plugin. -->","yoast_head_json":{"title":"Le Printemps du Climat et du Vivant dans la Vall\u00e9e de la Roya - Preventraide - Conseils Pr\u00e9vention","robots":{"index":"index","follow":"follow","max-snippet":"max-snippet:-1","max-image-preview":"max-image-preview:large","max-video-preview":"max-video-preview:-1"},"canonical":"https:\/\/www.preventraide.fr\/contenus\/actualites\/le-printemps-du-climat-et-du-vivant-dans-la-vallee-de-la-roya\/","og_locale":"fr_FR","og_type":"article","og_title":"Le Printemps du Climat et du Vivant dans la Vall\u00e9e de la Roya - Preventraide - Conseils Pr\u00e9vention","og_description":"Face \u00e0 la crise climatique qui s\u00e9vit dans notre monde, il est plus que jamais crucial d\u2019agir collectivement pour pr\u00e9server notre plan\u00e8te. C\u2019est dans cette optique que nous avons cr\u00e9\u00e9 le Printemps du Climat, un \u00e9v\u00e9nement visant \u00e0 encourager chacun \u00e0 s\u2019engager en faveur de l\u2019environnement. Que vous soyez avide d\u2019apprendre, d\u00e9sireux de d\u00e9couvrir de [&hellip;]","og_url":"https:\/\/www.preventraide.fr\/contenus\/actualites\/le-printemps-du-climat-et-du-vivant-dans-la-vallee-de-la-roya\/","og_site_name":"Preventraide - Conseils Pr\u00e9vention","article_published_time":"2024-04-26T04:24:00+00:00","og_image":[{"width":2560,"height":1811,"url":"https:\/\/www.preventraide.fr\/contenus\/app\/uploads\/2024\/04\/logo-PRINTEMPS-du-CLIMAT-et-du-VIVANT-prevention-MAIF_JPEG-scaled.jpg","type":"image\/jpeg"}],"author":"Camille Jagueneau","twitter_card":"summary_large_image","twitter_misc":{"Written by":"Camille Jagueneau","Est. reading time":"4 minutes"},"schema":{"@context":"https:\/\/schema.org","@graph":[{"@type":"WebPage","@id":"https:\/\/www.preventraide.fr\/contenus\/actualites\/le-printemps-du-climat-et-du-vivant-dans-la-vallee-de-la-roya\/","url":"https:\/\/www.preventraide.fr\/contenus\/actualites\/le-printemps-du-climat-et-du-vivant-dans-la-vallee-de-la-roya\/","name":"Le Printemps du Climat et du Vivant dans la Vall\u00e9e de la Roya - Preventraide - Conseils Pr\u00e9vention","isPartOf":{"@id":"https:\/\/www.preventraide.fr\/contenus\/#website"},"primaryImageOfPage":{"@id":"https:\/\/www.preventraide.fr\/contenus\/actualites\/le-printemps-du-climat-et-du-vivant-dans-la-vallee-de-la-roya\/#primaryimage"},"image":{"@id":"https:\/\/www.preventraide.fr\/contenus\/actualites\/le-printemps-du-climat-et-du-vivant-dans-la-vallee-de-la-roya\/#primaryimage"},"thumbnailUrl":"https:\/\/www.preventraide.fr\/contenus\/app\/uploads\/2024\/04\/logo-PRINTEMPS-du-CLIMAT-et-du-VIVANT-prevention-MAIF_JPEG-scaled.jpg","datePublished":"2024-04-26T04:24:00+00:00","author":{"@id":"https:\/\/www.preventraide.fr\/contenus\/#\/schema\/person\/610d5b148158ad8b26a57ee3481784b9"},"breadcrumb":{"@id":"https:\/\/www.preventraide.fr\/contenus\/actualites\/le-printemps-du-climat-et-du-vivant-dans-la-vallee-de-la-roya\/#breadcrumb"},"inLanguage":"fr-FR","potentialAction":[{"@type":"ReadAction","target":["https:\/\/www.preventraide.fr\/contenus\/actualites\/le-printemps-du-climat-et-du-vivant-dans-la-vallee-de-la-roya\/"]}]},{"@type":"ImageObject","inLanguage":"fr-FR","@id":"https:\/\/www.preventraide.fr\/contenus\/actualites\/le-printemps-du-climat-et-du-vivant-dans-la-vallee-de-la-roya\/#primaryimage","url":"https:\/\/www.preventraide.fr\/contenus\/app\/uploads\/2024\/04\/logo-PRINTEMPS-du-CLIMAT-et-du-VIVANT-prevention-MAIF_JPEG-scaled.jpg","contentUrl":"https:\/\/www.preventraide.fr\/contenus\/app\/uploads\/2024\/04\/logo-PRINTEMPS-du-CLIMAT-et-du-VIVANT-prevention-MAIF_JPEG-scaled.jpg","width":2560,"height":1811},{"@type":"BreadcrumbList","@id":"https:\/\/www.preventraide.fr\/contenus\/actualites\/le-printemps-du-climat-et-du-vivant-dans-la-vallee-de-la-roya\/#breadcrumb","itemListElement":[{"@type":"ListItem","position":1,"name":"Accueil","item":"https:\/\/www.preventraide.fr"},{"@type":"ListItem","position":2,"name":"Le Printemps du Climat et du Vivant dans la Vall\u00e9e de la Roya"}]},{"@type":"WebSite","@id":"https:\/\/www.preventraide.fr\/contenus\/#website","url":"https:\/\/www.preventraide.fr\/contenus\/","name":"Preventraide","description":"","potentialAction":[{"@type":"SearchAction","target":{"@type":"EntryPoint","urlTemplate":"https:\/\/www.preventraide.fr\/contenus\/?s={search_term_string}"},"query-input":{"@type":"PropertyValueSpecification","valueRequired":true,"valueName":"search_term_string"}}],"inLanguage":"fr-FR"},{"@type":"Person","@id":"https:\/\/www.preventraide.fr\/contenus\/#\/schema\/person\/610d5b148158ad8b26a57ee3481784b9","name":"Camille Jagueneau","image":{"@type":"ImageObject","inLanguage":"fr-FR","@id":"https:\/\/www.preventraide.fr\/contenus\/#\/schema\/person\/image\/","url":"https:\/\/secure.gravatar.com\/avatar\/3a79d305b8d74191fb30dfe16bb61532d97fe378fbea0c1b02acebf1deb00e68?s=96&d=mm&r=g","contentUrl":"https:\/\/secure.gravatar.com\/avatar\/3a79d305b8d74191fb30dfe16bb61532d97fe378fbea0c1b02acebf1deb00e68?s=96&d=mm&r=g","caption":"Camille Jagueneau"}}]}},"_links":{"self":[{"href":"https:\/\/www.preventraide.fr\/contenus\/wp-json\/wp\/v2\/posts\/1352","targetHints":{"allow":["GET"]}}],"collection":[{"href":"https:\/\/www.preventraide.fr\/contenus\/wp-json\/wp\/v2\/posts"}],"about":[{"href":"https:\/\/www.preventraide.fr\/contenus\/wp-json\/wp\/v2\/types\/post"}],"author":[{"embeddable":true,"href":"https:\/\/www.preventraide.fr\/contenus\/wp-json\/wp\/v2\/users\/6"}],"replies":[{"embeddable":true,"href":"https:\/\/www.preventraide.fr\/contenus\/wp-json\/wp\/v2\/comments?post=1352"}],"version-history":[{"count":0,"href":"https:\/\/www.preventraide.fr\/contenus\/wp-json\/wp\/v2\/posts\/1352\/revisions"}],"wp:featuredmedia":[{"embeddable":true,"href":"https:\/\/www.preventraide.fr\/contenus\/wp-json\/wp\/v2\/media\/1355"}],"wp:attachment":[{"href":"https:\/\/www.preventraide.fr\/contenus\/wp-json\/wp\/v2\/media?parent=1352"}],"wp:term":[{"taxonomy":"category","embeddable":true,"href":"https:\/\/www.preventraide.fr\/contenus\/wp-json\/wp\/v2\/categories?post=1352"},{"taxonomy":"post_tag","embeddable":true,"href":"https:\/\/www.preventraide.fr\/contenus\/wp-json\/wp\/v2\/tags?post=1352"}],"curies":[{"name":"wp","href":"https:\/\/api.w.org\/{rel}","templated":true}]}}