{"id":1359,"date":"2024-05-02T06:43:00","date_gmt":"2024-05-02T04:43:00","guid":{"rendered":"https:\/\/www.preventraide.fr\/contenus\/?p=1359"},"modified":"2024-05-02T06:43:00","modified_gmt":"2024-05-02T04:43:00","slug":"rejoignez-prevention-maif-pour-votre-alternance-%f0%9f%8c%9f","status":"publish","type":"post","link":"https:\/\/www.preventraide.fr\/contenus\/actualites\/rejoignez-prevention-maif-pour-votre-alternance-%f0%9f%8c%9f\/","title":{"rendered":"Rejoignez Pr\u00e9vention MAIF pour votre alternance ! \ud83c\udf1f"},"content":{"rendered":"\n<p>Vous \u00eates passionn\u00e9 par les enjeux environnementaux et souhaitez mettre vos comp\u00e9tences au service de la plan\u00e8te ? Chez&nbsp;<a href=\"https:\/\/www.linkedin.com\/company\/pr-vention-maif\/\">Pr\u00e9vention MAIF<\/a>, nous vous offrons l&rsquo;opportunit\u00e9 de vous engager pleinement dans la lutte contre le changement climatique en tant qu&rsquo;\ud835\uddee\ud835\uddf9\ud835\ude01\ud835\uddf2\ud835\uddff\ud835\uddfb\ud835\uddee\ud835\uddfb\ud835\ude01 \ud835\uddf0\ud835\uddf5\ud835\uddee\ud835\uddff\ud835\uddf4\ud835\uddf2\u0301 \ud835\uddf1\ud835\uddf2 \ud835\uddfd\ud835\uddff\ud835\uddfc\ud835\uddf7\ud835\uddf2\ud835\ude01 \ud835\uddf0\ud835\uddf9\ud835\uddf6\ud835\uddfa\ud835\uddee\ud835\ude01 \ud835\uddf2\ud835\ude01 \ud835\uddf2\ud835\uddfb\ud835\ude03\ud835\uddf6\ud835\uddff\ud835\uddfc\ud835\uddfb\ud835\uddfb\ud835\uddf2\ud835\uddfa\ud835\uddf2\ud835\uddfb\ud835\ude01.<\/p>\n\n\n\n<p>En collaboration avec notre \u00e9quipe dynamique, vos missions seront :<br>\ud83d\udcca Assister dans la gestion de projets climatiques, de la conception \u00e0 la r\u00e9alisation, en veillant au respect des d\u00e9lais, du budget et des objectifs de qualit\u00e9.<br>\ud83d\udd0d Participer \u00e0 la recherche et \u00e0 l&rsquo;analyse de donn\u00e9es pour soutenir le d\u00e9veloppement de projets d&rsquo;att\u00e9nuation et d&rsquo;adaptation.<br>\ud83d\udcdd Contribuer \u00e0 la r\u00e9daction de rapports, de propositions de projets et de pr\u00e9sentations pour les parties prenantes internes et externes.<br>\ud83e\udd1d Collaborer avec les partenaires et les parties prenantes pour coordonner les activit\u00e9s de projet et recueillir les retours.<br>\ud83d\udce3 Soutenir la communication et la sensibilisation sur les projets et leurs impacts, en interne et en externe.<\/p>\n\n\n\n<p>Pour avoir un aper\u00e7u de votre quotidien, d\u00e9couvrez dans cette vid\u00e9o le t\u00e9moignage de&nbsp;<a href=\"https:\/\/www.linkedin.com\/in\/ACoAAC2vBowBmYON6fXGWYwd9A62r7td8FCmIeQ\">Charlie Bernardin<\/a>&nbsp;qui vous pr\u00e9sente ses missions et vous livre ses conseils pour r\u00e9ussir dans cette alternance.<\/p>\n\n\n\n<p>\u25b6 Pr\u00eat \u00e0 postuler ?\u00a0<a href=\"https:\/\/swll.to\/cOz2v\"><a href=\"https:\/\/recrutement.maif.fr\/offre-de-emploi\/emploi-alternance-charge-de-projet-climat-et-environnement-h-f_6569.aspx\">MAIF &#8211; Alternance &#8211; Charg\u00e9 de projet &#8211; Climat et Environnement H\/F<\/a><\/a><\/p>\n\n\n\n<figure class=\"wp-block-embed is-type-video is-provider-youtube wp-block-embed-youtube wp-embed-aspect-16-9 wp-has-aspect-ratio\"><div class=\"wp-block-embed__wrapper\">\n<iframe loading=\"lazy\" title=\"Rejoignez Pr\u00e9vention MAIF pour votre alternance ! \ud83c\udf1f\" width=\"500\" height=\"281\" src=\"https:\/\/www.youtube.com\/embed\/NphvplIAjbw?start=14&#038;feature=oembed\" frameborder=\"0\" allow=\"accelerometer; autoplay; clipboard-write; encrypted-media; gyroscope; picture-in-picture; web-share\" referrerpolicy=\"strict-origin-when-cross-origin\" allowfullscreen><\/iframe>\n<\/div><\/figure>\n","protected":false},"excerpt":{"rendered":"<p>Vous \u00eates passionn\u00e9 par les enjeux environnementaux et souhaitez mettre vos comp\u00e9tences au service de la plan\u00e8te ? Chez&nbsp;Pr\u00e9vention MAIF, nous vous offrons l&rsquo;opportunit\u00e9 de vous engager pleinement dans la lutte contre le changement climatique en tant qu&rsquo;\ud835\uddee\ud835\uddf9\ud835\ude01\ud835\uddf2\ud835\uddff\ud835\uddfb\ud835\uddee\ud835\uddfb\ud835\ude01 \ud835\uddf0\ud835\uddf5\ud835\uddee\ud835\uddff\ud835\uddf4\ud835\uddf2\u0301 \ud835\uddf1\ud835\uddf2 \ud835\uddfd\ud835\uddff\ud835\uddfc\ud835\uddf7\ud835\uddf2\ud835\ude01 \ud835\uddf0\ud835\uddf9\ud835\uddf6\ud835\uddfa\ud835\uddee\ud835\ude01 \ud835\uddf2\ud835\ude01 \ud835\uddf2\ud835\uddfb\ud835\ude03\ud835\uddf6\ud835\uddff\ud835\uddfc\ud835\uddfb\ud835\uddfb\ud835\uddf2\ud835\uddfa\ud835\uddf2\ud835\uddfb\ud835\ude01. En collaboration avec notre \u00e9quipe dynamique, vos missions seront :\ud83d\udcca Assister [&hellip;]<\/p>\n","protected":false},"author":6,"featured_media":1361,"comment_status":"closed","ping_status":"closed","sticky":false,"template":"","format":"standard","meta":{"_acf_changed":false,"inline_featured_image":false,"ghostkit_customizer_options":"","ghostkit_custom_css":"","ghostkit_custom_js_head":"","ghostkit_custom_js_foot":"","ghostkit_typography":"","footnotes":""},"categories":[2],"tags":[],"class_list":["post-1359","post","type-post","status-publish","format-standard","has-post-thumbnail","hentry","category-non-classifie"],"acf":[],"yoast_head":"<!-- This site is optimized with the Yoast SEO plugin v24.9 - https:\/\/yoast.com\/wordpress\/plugins\/seo\/ -->\n<title>Rejoignez Pr\u00e9vention MAIF pour votre alternance ! \ud83c\udf1f - Preventraide - Conseils Pr\u00e9vention<\/title>\n<meta name=\"robots\" content=\"index, follow, max-snippet:-1, max-image-preview:large, max-video-preview:-1\" \/>\n<link rel=\"canonical\" href=\"https:\/\/www.preventraide.fr\/contenus\/actualites\/rejoignez-prevention-maif-pour-votre-alternance-\ud83c\udf1f\/\" \/>\n<meta property=\"og:locale\" content=\"fr_FR\" \/>\n<meta property=\"og:type\" content=\"article\" \/>\n<meta property=\"og:title\" content=\"Rejoignez Pr\u00e9vention MAIF pour votre alternance ! \ud83c\udf1f - Preventraide - Conseils Pr\u00e9vention\" \/>\n<meta property=\"og:description\" content=\"Vous \u00eates passionn\u00e9 par les enjeux environnementaux et souhaitez mettre vos comp\u00e9tences au service de la plan\u00e8te ? Chez&nbsp;Pr\u00e9vention MAIF, nous vous offrons l&rsquo;opportunit\u00e9 de vous engager pleinement dans la lutte contre le changement climatique en tant qu&rsquo;\ud835\uddee\ud835\uddf9\ud835\ude01\ud835\uddf2\ud835\uddff\ud835\uddfb\ud835\uddee\ud835\uddfb\ud835\ude01 \ud835\uddf0\ud835\uddf5\ud835\uddee\ud835\uddff\ud835\uddf4\ud835\uddf2\u0301 \ud835\uddf1\ud835\uddf2 \ud835\uddfd\ud835\uddff\ud835\uddfc\ud835\uddf7\ud835\uddf2\ud835\ude01 \ud835\uddf0\ud835\uddf9\ud835\uddf6\ud835\uddfa\ud835\uddee\ud835\ude01 \ud835\uddf2\ud835\ude01 \ud835\uddf2\ud835\uddfb\ud835\ude03\ud835\uddf6\ud835\uddff\ud835\uddfc\ud835\uddfb\ud835\uddfb\ud835\uddf2\ud835\uddfa\ud835\uddf2\ud835\uddfb\ud835\ude01. En collaboration avec notre \u00e9quipe dynamique, vos missions seront :\ud83d\udcca Assister [&hellip;]\" \/>\n<meta property=\"og:url\" content=\"https:\/\/www.preventraide.fr\/contenus\/actualites\/rejoignez-prevention-maif-pour-votre-alternance-\ud83c\udf1f\/\" \/>\n<meta property=\"og:site_name\" content=\"Preventraide - Conseils Pr\u00e9vention\" \/>\n<meta property=\"article:published_time\" content=\"2024-05-02T04:43:00+00:00\" \/>\n<meta property=\"og:image\" content=\"https:\/\/www.preventraide.fr\/contenus\/app\/uploads\/2024\/04\/VIgnette-reel-insta-19-576x1024.png\" \/>\n\t<meta property=\"og:image:width\" content=\"576\" \/>\n\t<meta property=\"og:image:height\" content=\"1024\" \/>\n\t<meta property=\"og:image:type\" content=\"image\/png\" \/>\n<meta name=\"author\" content=\"Camille Jagueneau\" \/>\n<meta name=\"twitter:card\" content=\"summary_large_image\" \/>\n<meta name=\"twitter:label1\" content=\"Written by\" \/>\n\t<meta name=\"twitter:data1\" content=\"Camille Jagueneau\" \/>\n\t<meta name=\"twitter:label2\" content=\"Est. reading time\" \/>\n\t<meta name=\"twitter:data2\" content=\"1 minute\" \/>\n<script type=\"application\/ld+json\" class=\"yoast-schema-graph\">{\"@context\":\"https:\/\/schema.org\",\"@graph\":[{\"@type\":\"WebPage\",\"@id\":\"https:\/\/www.preventraide.fr\/contenus\/actualites\/rejoignez-prevention-maif-pour-votre-alternance-%f0%9f%8c%9f\/\",\"url\":\"https:\/\/www.preventraide.fr\/contenus\/actualites\/rejoignez-prevention-maif-pour-votre-alternance-%f0%9f%8c%9f\/\",\"name\":\"Rejoignez Pr\u00e9vention MAIF pour votre alternance ! \ud83c\udf1f - Preventraide - Conseils Pr\u00e9vention\",\"isPartOf\":{\"@id\":\"https:\/\/www.preventraide.fr\/contenus\/#website\"},\"primaryImageOfPage\":{\"@id\":\"https:\/\/www.preventraide.fr\/contenus\/actualites\/rejoignez-prevention-maif-pour-votre-alternance-%f0%9f%8c%9f\/#primaryimage\"},\"image\":{\"@id\":\"https:\/\/www.preventraide.fr\/contenus\/actualites\/rejoignez-prevention-maif-pour-votre-alternance-%f0%9f%8c%9f\/#primaryimage\"},\"thumbnailUrl\":\"https:\/\/www.preventraide.fr\/contenus\/app\/uploads\/2024\/04\/VIgnette-reel-insta-19.png\",\"datePublished\":\"2024-05-02T04:43:00+00:00\",\"author\":{\"@id\":\"https:\/\/www.preventraide.fr\/contenus\/#\/schema\/person\/610d5b148158ad8b26a57ee3481784b9\"},\"breadcrumb\":{\"@id\":\"https:\/\/www.preventraide.fr\/contenus\/actualites\/rejoignez-prevention-maif-pour-votre-alternance-%f0%9f%8c%9f\/#breadcrumb\"},\"inLanguage\":\"fr-FR\",\"potentialAction\":[{\"@type\":\"ReadAction\",\"target\":[\"https:\/\/www.preventraide.fr\/contenus\/actualites\/rejoignez-prevention-maif-pour-votre-alternance-%f0%9f%8c%9f\/\"]}]},{\"@type\":\"ImageObject\",\"inLanguage\":\"fr-FR\",\"@id\":\"https:\/\/www.preventraide.fr\/contenus\/actualites\/rejoignez-prevention-maif-pour-votre-alternance-%f0%9f%8c%9f\/#primaryimage\",\"url\":\"https:\/\/www.preventraide.fr\/contenus\/app\/uploads\/2024\/04\/VIgnette-reel-insta-19.png\",\"contentUrl\":\"https:\/\/www.preventraide.fr\/contenus\/app\/uploads\/2024\/04\/VIgnette-reel-insta-19.png\",\"width\":1080,\"height\":1920},{\"@type\":\"BreadcrumbList\",\"@id\":\"https:\/\/www.preventraide.fr\/contenus\/actualites\/rejoignez-prevention-maif-pour-votre-alternance-%f0%9f%8c%9f\/#breadcrumb\",\"itemListElement\":[{\"@type\":\"ListItem\",\"position\":1,\"name\":\"Accueil\",\"item\":\"https:\/\/www.preventraide.fr\"},{\"@type\":\"ListItem\",\"position\":2,\"name\":\"Rejoignez Pr\u00e9vention MAIF pour votre alternance ! \ud83c\udf1f\"}]},{\"@type\":\"WebSite\",\"@id\":\"https:\/\/www.preventraide.fr\/contenus\/#website\",\"url\":\"https:\/\/www.preventraide.fr\/contenus\/\",\"name\":\"Preventraide\",\"description\":\"\",\"potentialAction\":[{\"@type\":\"SearchAction\",\"target\":{\"@type\":\"EntryPoint\",\"urlTemplate\":\"https:\/\/www.preventraide.fr\/contenus\/?s={search_term_string}\"},\"query-input\":{\"@type\":\"PropertyValueSpecification\",\"valueRequired\":true,\"valueName\":\"search_term_string\"}}],\"inLanguage\":\"fr-FR\"},{\"@type\":\"Person\",\"@id\":\"https:\/\/www.preventraide.fr\/contenus\/#\/schema\/person\/610d5b148158ad8b26a57ee3481784b9\",\"name\":\"Camille Jagueneau\",\"image\":{\"@type\":\"ImageObject\",\"inLanguage\":\"fr-FR\",\"@id\":\"https:\/\/www.preventraide.fr\/contenus\/#\/schema\/person\/image\/\",\"url\":\"https:\/\/secure.gravatar.com\/avatar\/3a79d305b8d74191fb30dfe16bb61532d97fe378fbea0c1b02acebf1deb00e68?s=96&d=mm&r=g\",\"contentUrl\":\"https:\/\/secure.gravatar.com\/avatar\/3a79d305b8d74191fb30dfe16bb61532d97fe378fbea0c1b02acebf1deb00e68?s=96&d=mm&r=g\",\"caption\":\"Camille Jagueneau\"}}]}<\/script>\n<!-- \/ Yoast SEO plugin. -->","yoast_head_json":{"title":"Rejoignez Pr\u00e9vention MAIF pour votre alternance ! \ud83c\udf1f - Preventraide - Conseils Pr\u00e9vention","robots":{"index":"index","follow":"follow","max-snippet":"max-snippet:-1","max-image-preview":"max-image-preview:large","max-video-preview":"max-video-preview:-1"},"canonical":"https:\/\/www.preventraide.fr\/contenus\/actualites\/rejoignez-prevention-maif-pour-votre-alternance-\ud83c\udf1f\/","og_locale":"fr_FR","og_type":"article","og_title":"Rejoignez Pr\u00e9vention MAIF pour votre alternance ! \ud83c\udf1f - Preventraide - Conseils Pr\u00e9vention","og_description":"Vous \u00eates passionn\u00e9 par les enjeux environnementaux et souhaitez mettre vos comp\u00e9tences au service de la plan\u00e8te ? Chez&nbsp;Pr\u00e9vention MAIF, nous vous offrons l&rsquo;opportunit\u00e9 de vous engager pleinement dans la lutte contre le changement climatique en tant qu&rsquo;\ud835\uddee\ud835\uddf9\ud835\ude01\ud835\uddf2\ud835\uddff\ud835\uddfb\ud835\uddee\ud835\uddfb\ud835\ude01 \ud835\uddf0\ud835\uddf5\ud835\uddee\ud835\uddff\ud835\uddf4\ud835\uddf2\u0301 \ud835\uddf1\ud835\uddf2 \ud835\uddfd\ud835\uddff\ud835\uddfc\ud835\uddf7\ud835\uddf2\ud835\ude01 \ud835\uddf0\ud835\uddf9\ud835\uddf6\ud835\uddfa\ud835\uddee\ud835\ude01 \ud835\uddf2\ud835\ude01 \ud835\uddf2\ud835\uddfb\ud835\ude03\ud835\uddf6\ud835\uddff\ud835\uddfc\ud835\uddfb\ud835\uddfb\ud835\uddf2\ud835\uddfa\ud835\uddf2\ud835\uddfb\ud835\ude01. En collaboration avec notre \u00e9quipe dynamique, vos missions seront :\ud83d\udcca Assister [&hellip;]","og_url":"https:\/\/www.preventraide.fr\/contenus\/actualites\/rejoignez-prevention-maif-pour-votre-alternance-\ud83c\udf1f\/","og_site_name":"Preventraide - Conseils Pr\u00e9vention","article_published_time":"2024-05-02T04:43:00+00:00","og_image":[{"width":576,"height":1024,"url":"https:\/\/www.preventraide.fr\/contenus\/app\/uploads\/2024\/04\/VIgnette-reel-insta-19-576x1024.png","type":"image\/png"}],"author":"Camille Jagueneau","twitter_card":"summary_large_image","twitter_misc":{"Written by":"Camille Jagueneau","Est. reading time":"1 minute"},"schema":{"@context":"https:\/\/schema.org","@graph":[{"@type":"WebPage","@id":"https:\/\/www.preventraide.fr\/contenus\/actualites\/rejoignez-prevention-maif-pour-votre-alternance-%f0%9f%8c%9f\/","url":"https:\/\/www.preventraide.fr\/contenus\/actualites\/rejoignez-prevention-maif-pour-votre-alternance-%f0%9f%8c%9f\/","name":"Rejoignez Pr\u00e9vention MAIF pour votre alternance ! \ud83c\udf1f - Preventraide - Conseils Pr\u00e9vention","isPartOf":{"@id":"https:\/\/www.preventraide.fr\/contenus\/#website"},"primaryImageOfPage":{"@id":"https:\/\/www.preventraide.fr\/contenus\/actualites\/rejoignez-prevention-maif-pour-votre-alternance-%f0%9f%8c%9f\/#primaryimage"},"image":{"@id":"https:\/\/www.preventraide.fr\/contenus\/actualites\/rejoignez-prevention-maif-pour-votre-alternance-%f0%9f%8c%9f\/#primaryimage"},"thumbnailUrl":"https:\/\/www.preventraide.fr\/contenus\/app\/uploads\/2024\/04\/VIgnette-reel-insta-19.png","datePublished":"2024-05-02T04:43:00+00:00","author":{"@id":"https:\/\/www.preventraide.fr\/contenus\/#\/schema\/person\/610d5b148158ad8b26a57ee3481784b9"},"breadcrumb":{"@id":"https:\/\/www.preventraide.fr\/contenus\/actualites\/rejoignez-prevention-maif-pour-votre-alternance-%f0%9f%8c%9f\/#breadcrumb"},"inLanguage":"fr-FR","potentialAction":[{"@type":"ReadAction","target":["https:\/\/www.preventraide.fr\/contenus\/actualites\/rejoignez-prevention-maif-pour-votre-alternance-%f0%9f%8c%9f\/"]}]},{"@type":"ImageObject","inLanguage":"fr-FR","@id":"https:\/\/www.preventraide.fr\/contenus\/actualites\/rejoignez-prevention-maif-pour-votre-alternance-%f0%9f%8c%9f\/#primaryimage","url":"https:\/\/www.preventraide.fr\/contenus\/app\/uploads\/2024\/04\/VIgnette-reel-insta-19.png","contentUrl":"https:\/\/www.preventraide.fr\/contenus\/app\/uploads\/2024\/04\/VIgnette-reel-insta-19.png","width":1080,"height":1920},{"@type":"BreadcrumbList","@id":"https:\/\/www.preventraide.fr\/contenus\/actualites\/rejoignez-prevention-maif-pour-votre-alternance-%f0%9f%8c%9f\/#breadcrumb","itemListElement":[{"@type":"ListItem","position":1,"name":"Accueil","item":"https:\/\/www.preventraide.fr"},{"@type":"ListItem","position":2,"name":"Rejoignez Pr\u00e9vention MAIF pour votre alternance ! \ud83c\udf1f"}]},{"@type":"WebSite","@id":"https:\/\/www.preventraide.fr\/contenus\/#website","url":"https:\/\/www.preventraide.fr\/contenus\/","name":"Preventraide","description":"","potentialAction":[{"@type":"SearchAction","target":{"@type":"EntryPoint","urlTemplate":"https:\/\/www.preventraide.fr\/contenus\/?s={search_term_string}"},"query-input":{"@type":"PropertyValueSpecification","valueRequired":true,"valueName":"search_term_string"}}],"inLanguage":"fr-FR"},{"@type":"Person","@id":"https:\/\/www.preventraide.fr\/contenus\/#\/schema\/person\/610d5b148158ad8b26a57ee3481784b9","name":"Camille Jagueneau","image":{"@type":"ImageObject","inLanguage":"fr-FR","@id":"https:\/\/www.preventraide.fr\/contenus\/#\/schema\/person\/image\/","url":"https:\/\/secure.gravatar.com\/avatar\/3a79d305b8d74191fb30dfe16bb61532d97fe378fbea0c1b02acebf1deb00e68?s=96&d=mm&r=g","contentUrl":"https:\/\/secure.gravatar.com\/avatar\/3a79d305b8d74191fb30dfe16bb61532d97fe378fbea0c1b02acebf1deb00e68?s=96&d=mm&r=g","caption":"Camille Jagueneau"}}]}},"_links":{"self":[{"href":"https:\/\/www.preventraide.fr\/contenus\/wp-json\/wp\/v2\/posts\/1359","targetHints":{"allow":["GET"]}}],"collection":[{"href":"https:\/\/www.preventraide.fr\/contenus\/wp-json\/wp\/v2\/posts"}],"about":[{"href":"https:\/\/www.preventraide.fr\/contenus\/wp-json\/wp\/v2\/types\/post"}],"author":[{"embeddable":true,"href":"https:\/\/www.preventraide.fr\/contenus\/wp-json\/wp\/v2\/users\/6"}],"replies":[{"embeddable":true,"href":"https:\/\/www.preventraide.fr\/contenus\/wp-json\/wp\/v2\/comments?post=1359"}],"version-history":[{"count":0,"href":"https:\/\/www.preventraide.fr\/contenus\/wp-json\/wp\/v2\/posts\/1359\/revisions"}],"wp:featuredmedia":[{"embeddable":true,"href":"https:\/\/www.preventraide.fr\/contenus\/wp-json\/wp\/v2\/media\/1361"}],"wp:attachment":[{"href":"https:\/\/www.preventraide.fr\/contenus\/wp-json\/wp\/v2\/media?parent=1359"}],"wp:term":[{"taxonomy":"category","embeddable":true,"href":"https:\/\/www.preventraide.fr\/contenus\/wp-json\/wp\/v2\/categories?post=1359"},{"taxonomy":"post_tag","embeddable":true,"href":"https:\/\/www.preventraide.fr\/contenus\/wp-json\/wp\/v2\/tags?post=1359"}],"curies":[{"name":"wp","href":"https:\/\/api.w.org\/{rel}","templated":true}]}}