{"id":1364,"date":"2024-05-03T06:26:00","date_gmt":"2024-05-03T04:26:00","guid":{"rendered":"https:\/\/www.preventraide.fr\/contenus\/?p=1364"},"modified":"2024-05-03T06:26:00","modified_gmt":"2024-05-03T04:26:00","slug":"preparation-pour-laventure-cote-a-cote-%f0%9f%9a%b4%e2%99%82%ef%b8%8f","status":"publish","type":"post","link":"https:\/\/www.preventraide.fr\/contenus\/actualites\/preparation-pour-laventure-cote-a-cote-%f0%9f%9a%b4%e2%99%82%ef%b8%8f\/","title":{"rendered":"Pr\u00e9paration pour l&rsquo;Aventure C\u00f4te \u00e0 C\u00f4te ! \ud83d\udeb4\u200d\u2642\ufe0f"},"content":{"rendered":"\n<p>Dans une semaine, deux services civiques de Pr\u00e9vention MAIF, Emilien Bertsch et L\u00e9a Girodolle, s&rsquo;\u00e9lanceront sur un p\u00e9riple de 1000 kilom\u00e8tres \u00e0 v\u00e9lo le long de la c\u00f4te atlantique, de Saint-Brevins-les-Pins \u00e0 Hendaye, suivant la c\u00e9l\u00e8bre V\u00e9lodys\u00e9e.<\/p>\n\n\n\n<p>Mais avant de plonger dans cette aventure, une pr\u00e9paration s\u00e9rieuse s&rsquo;imposait. Trois jours ont \u00e9t\u00e9 consacr\u00e9s \u00e0 une formation.<\/p>\n\n\n\n<p>Tout d&rsquo;abord, une formation pratique a \u00e9t\u00e9 dispens\u00e9e. Emilien et L\u00e9a ont appris \u00e0 ma\u00eetriser les outils n\u00e9cessaires pour partager leur voyage avec vous. De la photographie aux r\u00e9seaux sociaux, ils sont pr\u00eats \u00e0 capturer et \u00e0 partager chaque instant de leur p\u00e9riple. \ud83d\udcf8<\/p>\n\n\n\n<p>Ensuite, place \u00e0 l&rsquo;\u00e9quipement. Des v\u00e9los aux v\u00eatements en passant par les accessoires de s\u00e9curit\u00e9, rien n&rsquo;a \u00e9t\u00e9 laiss\u00e9 au hasard. Chaque pi\u00e8ce a \u00e9t\u00e9 test\u00e9e sur le terrain pour garantir leur fiabilit\u00e9 et leur confort pendant les longues journ\u00e9es de p\u00e9dalage. \ud83d\udeb4\u200d\u2640\ufe0f<\/p>\n\n\n\n<p>Enfin, une pr\u00e9paration physique et mentale a \u00e9t\u00e9 entreprise. Quelques heures ont \u00e9t\u00e9 pass\u00e9es sur la selle, parcourant des kilom\u00e8tres pour renforcer muscles et esprit. <\/p>\n\n\n\n<p>Alors que le compte \u00e0 rebours approche de son terme, Emilien et L\u00e9a sont pr\u00eats \u00e0 relever le d\u00e9fi qui les attend. Restez connect\u00e9s pour suivre leur voyage et d\u00e9couvrez avec eux les d\u00e9fis et les joies qui les attendent sur la route.<\/p>\n\n\n\n<p>\ud83d\udc49 Suivez leur aventure sur <a href=\"https:\/\/www.tiktok.com\/@preventionmaif\">Tiktok <\/a>et embarquez avec eux pour une exp\u00e9rience inoubliable ! \ud83d\ude80<\/p>\n\n\n\n<figure class=\"wp-block-embed is-type-video is-provider-youtube wp-block-embed-youtube wp-embed-aspect-16-9 wp-has-aspect-ratio\"><div class=\"wp-block-embed__wrapper\">\n<iframe loading=\"lazy\" title=\"Pr\u00e9paration avant le d\u00e9but de l&#039;aventure C\u00f4te \u00e0 C\u00f4te ! \ud83d\udeb4\u200d\u2642\ufe0f\ud83d\udeb4\u200d\u2640\ufe0f\" width=\"500\" height=\"281\" src=\"https:\/\/www.youtube.com\/embed\/wSL06w7kjX8?feature=oembed\" frameborder=\"0\" allow=\"accelerometer; autoplay; clipboard-write; encrypted-media; gyroscope; picture-in-picture; web-share\" referrerpolicy=\"strict-origin-when-cross-origin\" allowfullscreen><\/iframe>\n<\/div><\/figure>\n","protected":false},"excerpt":{"rendered":"<p>Dans une semaine, deux services civiques de Pr\u00e9vention MAIF, Emilien Bertsch et L\u00e9a Girodolle, s&rsquo;\u00e9lanceront sur un p\u00e9riple de 1000 kilom\u00e8tres \u00e0 v\u00e9lo le long de la c\u00f4te atlantique, de Saint-Brevins-les-Pins \u00e0 Hendaye, suivant la c\u00e9l\u00e8bre V\u00e9lodys\u00e9e. Mais avant de plonger dans cette aventure, une pr\u00e9paration s\u00e9rieuse s&rsquo;imposait. Trois jours ont \u00e9t\u00e9 consacr\u00e9s \u00e0 une [&hellip;]<\/p>\n","protected":false},"author":6,"featured_media":1365,"comment_status":"closed","ping_status":"closed","sticky":false,"template":"","format":"standard","meta":{"_acf_changed":false,"inline_featured_image":false,"ghostkit_customizer_options":"","ghostkit_custom_css":"","ghostkit_custom_js_head":"","ghostkit_custom_js_foot":"","ghostkit_typography":"","footnotes":""},"categories":[2],"tags":[],"class_list":["post-1364","post","type-post","status-publish","format-standard","has-post-thumbnail","hentry","category-non-classifie"],"acf":[],"yoast_head":"<!-- This site is optimized with the Yoast SEO plugin v24.9 - https:\/\/yoast.com\/wordpress\/plugins\/seo\/ -->\n<title>Pr\u00e9paration pour l&#039;Aventure C\u00f4te \u00e0 C\u00f4te ! \ud83d\udeb4\u200d\u2642\ufe0f - Preventraide - Conseils Pr\u00e9vention<\/title>\n<meta name=\"robots\" content=\"index, follow, max-snippet:-1, max-image-preview:large, max-video-preview:-1\" \/>\n<link rel=\"canonical\" href=\"https:\/\/www.preventraide.fr\/contenus\/actualites\/preparation-pour-laventure-cote-a-cote-\ud83d\udeb4\u2642\ufe0f\/\" \/>\n<meta property=\"og:locale\" content=\"fr_FR\" \/>\n<meta property=\"og:type\" content=\"article\" \/>\n<meta property=\"og:title\" content=\"Pr\u00e9paration pour l&#039;Aventure C\u00f4te \u00e0 C\u00f4te ! \ud83d\udeb4\u200d\u2642\ufe0f - Preventraide - Conseils Pr\u00e9vention\" \/>\n<meta property=\"og:description\" content=\"Dans une semaine, deux services civiques de Pr\u00e9vention MAIF, Emilien Bertsch et L\u00e9a Girodolle, s&rsquo;\u00e9lanceront sur un p\u00e9riple de 1000 kilom\u00e8tres \u00e0 v\u00e9lo le long de la c\u00f4te atlantique, de Saint-Brevins-les-Pins \u00e0 Hendaye, suivant la c\u00e9l\u00e8bre V\u00e9lodys\u00e9e. Mais avant de plonger dans cette aventure, une pr\u00e9paration s\u00e9rieuse s&rsquo;imposait. Trois jours ont \u00e9t\u00e9 consacr\u00e9s \u00e0 une [&hellip;]\" \/>\n<meta property=\"og:url\" content=\"https:\/\/www.preventraide.fr\/contenus\/actualites\/preparation-pour-laventure-cote-a-cote-\ud83d\udeb4\u2642\ufe0f\/\" \/>\n<meta property=\"og:site_name\" content=\"Preventraide - Conseils Pr\u00e9vention\" \/>\n<meta property=\"article:published_time\" content=\"2024-05-03T04:26:00+00:00\" \/>\n<meta property=\"og:image\" content=\"https:\/\/www.preventraide.fr\/contenus\/app\/uploads\/2024\/04\/VIgnette-reel-insta-21-576x1024.png\" \/>\n\t<meta property=\"og:image:width\" content=\"576\" \/>\n\t<meta property=\"og:image:height\" content=\"1024\" \/>\n\t<meta property=\"og:image:type\" content=\"image\/png\" \/>\n<meta name=\"author\" content=\"Camille Jagueneau\" \/>\n<meta name=\"twitter:card\" content=\"summary_large_image\" \/>\n<meta name=\"twitter:label1\" content=\"Written by\" \/>\n\t<meta name=\"twitter:data1\" content=\"Camille Jagueneau\" \/>\n\t<meta name=\"twitter:label2\" content=\"Est. reading time\" \/>\n\t<meta name=\"twitter:data2\" content=\"1 minute\" \/>\n<script type=\"application\/ld+json\" class=\"yoast-schema-graph\">{\"@context\":\"https:\/\/schema.org\",\"@graph\":[{\"@type\":\"WebPage\",\"@id\":\"https:\/\/www.preventraide.fr\/contenus\/actualites\/preparation-pour-laventure-cote-a-cote-%f0%9f%9a%b4%e2%99%82%ef%b8%8f\/\",\"url\":\"https:\/\/www.preventraide.fr\/contenus\/actualites\/preparation-pour-laventure-cote-a-cote-%f0%9f%9a%b4%e2%99%82%ef%b8%8f\/\",\"name\":\"Pr\u00e9paration pour l'Aventure C\u00f4te \u00e0 C\u00f4te ! \ud83d\udeb4\u200d\u2642\ufe0f - Preventraide - Conseils Pr\u00e9vention\",\"isPartOf\":{\"@id\":\"https:\/\/www.preventraide.fr\/contenus\/#website\"},\"primaryImageOfPage\":{\"@id\":\"https:\/\/www.preventraide.fr\/contenus\/actualites\/preparation-pour-laventure-cote-a-cote-%f0%9f%9a%b4%e2%99%82%ef%b8%8f\/#primaryimage\"},\"image\":{\"@id\":\"https:\/\/www.preventraide.fr\/contenus\/actualites\/preparation-pour-laventure-cote-a-cote-%f0%9f%9a%b4%e2%99%82%ef%b8%8f\/#primaryimage\"},\"thumbnailUrl\":\"https:\/\/www.preventraide.fr\/contenus\/app\/uploads\/2024\/04\/VIgnette-reel-insta-21.png\",\"datePublished\":\"2024-05-03T04:26:00+00:00\",\"author\":{\"@id\":\"https:\/\/www.preventraide.fr\/contenus\/#\/schema\/person\/610d5b148158ad8b26a57ee3481784b9\"},\"breadcrumb\":{\"@id\":\"https:\/\/www.preventraide.fr\/contenus\/actualites\/preparation-pour-laventure-cote-a-cote-%f0%9f%9a%b4%e2%99%82%ef%b8%8f\/#breadcrumb\"},\"inLanguage\":\"fr-FR\",\"potentialAction\":[{\"@type\":\"ReadAction\",\"target\":[\"https:\/\/www.preventraide.fr\/contenus\/actualites\/preparation-pour-laventure-cote-a-cote-%f0%9f%9a%b4%e2%99%82%ef%b8%8f\/\"]}]},{\"@type\":\"ImageObject\",\"inLanguage\":\"fr-FR\",\"@id\":\"https:\/\/www.preventraide.fr\/contenus\/actualites\/preparation-pour-laventure-cote-a-cote-%f0%9f%9a%b4%e2%99%82%ef%b8%8f\/#primaryimage\",\"url\":\"https:\/\/www.preventraide.fr\/contenus\/app\/uploads\/2024\/04\/VIgnette-reel-insta-21.png\",\"contentUrl\":\"https:\/\/www.preventraide.fr\/contenus\/app\/uploads\/2024\/04\/VIgnette-reel-insta-21.png\",\"width\":1080,\"height\":1920},{\"@type\":\"BreadcrumbList\",\"@id\":\"https:\/\/www.preventraide.fr\/contenus\/actualites\/preparation-pour-laventure-cote-a-cote-%f0%9f%9a%b4%e2%99%82%ef%b8%8f\/#breadcrumb\",\"itemListElement\":[{\"@type\":\"ListItem\",\"position\":1,\"name\":\"Accueil\",\"item\":\"https:\/\/www.preventraide.fr\"},{\"@type\":\"ListItem\",\"position\":2,\"name\":\"Pr\u00e9paration pour l&rsquo;Aventure C\u00f4te \u00e0 C\u00f4te ! \ud83d\udeb4\u200d\u2642\ufe0f\"}]},{\"@type\":\"WebSite\",\"@id\":\"https:\/\/www.preventraide.fr\/contenus\/#website\",\"url\":\"https:\/\/www.preventraide.fr\/contenus\/\",\"name\":\"Preventraide\",\"description\":\"\",\"potentialAction\":[{\"@type\":\"SearchAction\",\"target\":{\"@type\":\"EntryPoint\",\"urlTemplate\":\"https:\/\/www.preventraide.fr\/contenus\/?s={search_term_string}\"},\"query-input\":{\"@type\":\"PropertyValueSpecification\",\"valueRequired\":true,\"valueName\":\"search_term_string\"}}],\"inLanguage\":\"fr-FR\"},{\"@type\":\"Person\",\"@id\":\"https:\/\/www.preventraide.fr\/contenus\/#\/schema\/person\/610d5b148158ad8b26a57ee3481784b9\",\"name\":\"Camille Jagueneau\",\"image\":{\"@type\":\"ImageObject\",\"inLanguage\":\"fr-FR\",\"@id\":\"https:\/\/www.preventraide.fr\/contenus\/#\/schema\/person\/image\/\",\"url\":\"https:\/\/secure.gravatar.com\/avatar\/3a79d305b8d74191fb30dfe16bb61532d97fe378fbea0c1b02acebf1deb00e68?s=96&d=mm&r=g\",\"contentUrl\":\"https:\/\/secure.gravatar.com\/avatar\/3a79d305b8d74191fb30dfe16bb61532d97fe378fbea0c1b02acebf1deb00e68?s=96&d=mm&r=g\",\"caption\":\"Camille Jagueneau\"}}]}<\/script>\n<!-- \/ Yoast SEO plugin. -->","yoast_head_json":{"title":"Pr\u00e9paration pour l'Aventure C\u00f4te \u00e0 C\u00f4te ! \ud83d\udeb4\u200d\u2642\ufe0f - Preventraide - Conseils Pr\u00e9vention","robots":{"index":"index","follow":"follow","max-snippet":"max-snippet:-1","max-image-preview":"max-image-preview:large","max-video-preview":"max-video-preview:-1"},"canonical":"https:\/\/www.preventraide.fr\/contenus\/actualites\/preparation-pour-laventure-cote-a-cote-\ud83d\udeb4\u2642\ufe0f\/","og_locale":"fr_FR","og_type":"article","og_title":"Pr\u00e9paration pour l'Aventure C\u00f4te \u00e0 C\u00f4te ! \ud83d\udeb4\u200d\u2642\ufe0f - Preventraide - Conseils Pr\u00e9vention","og_description":"Dans une semaine, deux services civiques de Pr\u00e9vention MAIF, Emilien Bertsch et L\u00e9a Girodolle, s&rsquo;\u00e9lanceront sur un p\u00e9riple de 1000 kilom\u00e8tres \u00e0 v\u00e9lo le long de la c\u00f4te atlantique, de Saint-Brevins-les-Pins \u00e0 Hendaye, suivant la c\u00e9l\u00e8bre V\u00e9lodys\u00e9e. Mais avant de plonger dans cette aventure, une pr\u00e9paration s\u00e9rieuse s&rsquo;imposait. Trois jours ont \u00e9t\u00e9 consacr\u00e9s \u00e0 une [&hellip;]","og_url":"https:\/\/www.preventraide.fr\/contenus\/actualites\/preparation-pour-laventure-cote-a-cote-\ud83d\udeb4\u2642\ufe0f\/","og_site_name":"Preventraide - Conseils Pr\u00e9vention","article_published_time":"2024-05-03T04:26:00+00:00","og_image":[{"width":576,"height":1024,"url":"https:\/\/www.preventraide.fr\/contenus\/app\/uploads\/2024\/04\/VIgnette-reel-insta-21-576x1024.png","type":"image\/png"}],"author":"Camille Jagueneau","twitter_card":"summary_large_image","twitter_misc":{"Written by":"Camille Jagueneau","Est. reading time":"1 minute"},"schema":{"@context":"https:\/\/schema.org","@graph":[{"@type":"WebPage","@id":"https:\/\/www.preventraide.fr\/contenus\/actualites\/preparation-pour-laventure-cote-a-cote-%f0%9f%9a%b4%e2%99%82%ef%b8%8f\/","url":"https:\/\/www.preventraide.fr\/contenus\/actualites\/preparation-pour-laventure-cote-a-cote-%f0%9f%9a%b4%e2%99%82%ef%b8%8f\/","name":"Pr\u00e9paration pour l'Aventure C\u00f4te \u00e0 C\u00f4te ! \ud83d\udeb4\u200d\u2642\ufe0f - Preventraide - Conseils Pr\u00e9vention","isPartOf":{"@id":"https:\/\/www.preventraide.fr\/contenus\/#website"},"primaryImageOfPage":{"@id":"https:\/\/www.preventraide.fr\/contenus\/actualites\/preparation-pour-laventure-cote-a-cote-%f0%9f%9a%b4%e2%99%82%ef%b8%8f\/#primaryimage"},"image":{"@id":"https:\/\/www.preventraide.fr\/contenus\/actualites\/preparation-pour-laventure-cote-a-cote-%f0%9f%9a%b4%e2%99%82%ef%b8%8f\/#primaryimage"},"thumbnailUrl":"https:\/\/www.preventraide.fr\/contenus\/app\/uploads\/2024\/04\/VIgnette-reel-insta-21.png","datePublished":"2024-05-03T04:26:00+00:00","author":{"@id":"https:\/\/www.preventraide.fr\/contenus\/#\/schema\/person\/610d5b148158ad8b26a57ee3481784b9"},"breadcrumb":{"@id":"https:\/\/www.preventraide.fr\/contenus\/actualites\/preparation-pour-laventure-cote-a-cote-%f0%9f%9a%b4%e2%99%82%ef%b8%8f\/#breadcrumb"},"inLanguage":"fr-FR","potentialAction":[{"@type":"ReadAction","target":["https:\/\/www.preventraide.fr\/contenus\/actualites\/preparation-pour-laventure-cote-a-cote-%f0%9f%9a%b4%e2%99%82%ef%b8%8f\/"]}]},{"@type":"ImageObject","inLanguage":"fr-FR","@id":"https:\/\/www.preventraide.fr\/contenus\/actualites\/preparation-pour-laventure-cote-a-cote-%f0%9f%9a%b4%e2%99%82%ef%b8%8f\/#primaryimage","url":"https:\/\/www.preventraide.fr\/contenus\/app\/uploads\/2024\/04\/VIgnette-reel-insta-21.png","contentUrl":"https:\/\/www.preventraide.fr\/contenus\/app\/uploads\/2024\/04\/VIgnette-reel-insta-21.png","width":1080,"height":1920},{"@type":"BreadcrumbList","@id":"https:\/\/www.preventraide.fr\/contenus\/actualites\/preparation-pour-laventure-cote-a-cote-%f0%9f%9a%b4%e2%99%82%ef%b8%8f\/#breadcrumb","itemListElement":[{"@type":"ListItem","position":1,"name":"Accueil","item":"https:\/\/www.preventraide.fr"},{"@type":"ListItem","position":2,"name":"Pr\u00e9paration pour l&rsquo;Aventure C\u00f4te \u00e0 C\u00f4te ! \ud83d\udeb4\u200d\u2642\ufe0f"}]},{"@type":"WebSite","@id":"https:\/\/www.preventraide.fr\/contenus\/#website","url":"https:\/\/www.preventraide.fr\/contenus\/","name":"Preventraide","description":"","potentialAction":[{"@type":"SearchAction","target":{"@type":"EntryPoint","urlTemplate":"https:\/\/www.preventraide.fr\/contenus\/?s={search_term_string}"},"query-input":{"@type":"PropertyValueSpecification","valueRequired":true,"valueName":"search_term_string"}}],"inLanguage":"fr-FR"},{"@type":"Person","@id":"https:\/\/www.preventraide.fr\/contenus\/#\/schema\/person\/610d5b148158ad8b26a57ee3481784b9","name":"Camille Jagueneau","image":{"@type":"ImageObject","inLanguage":"fr-FR","@id":"https:\/\/www.preventraide.fr\/contenus\/#\/schema\/person\/image\/","url":"https:\/\/secure.gravatar.com\/avatar\/3a79d305b8d74191fb30dfe16bb61532d97fe378fbea0c1b02acebf1deb00e68?s=96&d=mm&r=g","contentUrl":"https:\/\/secure.gravatar.com\/avatar\/3a79d305b8d74191fb30dfe16bb61532d97fe378fbea0c1b02acebf1deb00e68?s=96&d=mm&r=g","caption":"Camille Jagueneau"}}]}},"_links":{"self":[{"href":"https:\/\/www.preventraide.fr\/contenus\/wp-json\/wp\/v2\/posts\/1364","targetHints":{"allow":["GET"]}}],"collection":[{"href":"https:\/\/www.preventraide.fr\/contenus\/wp-json\/wp\/v2\/posts"}],"about":[{"href":"https:\/\/www.preventraide.fr\/contenus\/wp-json\/wp\/v2\/types\/post"}],"author":[{"embeddable":true,"href":"https:\/\/www.preventraide.fr\/contenus\/wp-json\/wp\/v2\/users\/6"}],"replies":[{"embeddable":true,"href":"https:\/\/www.preventraide.fr\/contenus\/wp-json\/wp\/v2\/comments?post=1364"}],"version-history":[{"count":0,"href":"https:\/\/www.preventraide.fr\/contenus\/wp-json\/wp\/v2\/posts\/1364\/revisions"}],"wp:featuredmedia":[{"embeddable":true,"href":"https:\/\/www.preventraide.fr\/contenus\/wp-json\/wp\/v2\/media\/1365"}],"wp:attachment":[{"href":"https:\/\/www.preventraide.fr\/contenus\/wp-json\/wp\/v2\/media?parent=1364"}],"wp:term":[{"taxonomy":"category","embeddable":true,"href":"https:\/\/www.preventraide.fr\/contenus\/wp-json\/wp\/v2\/categories?post=1364"},{"taxonomy":"post_tag","embeddable":true,"href":"https:\/\/www.preventraide.fr\/contenus\/wp-json\/wp\/v2\/tags?post=1364"}],"curies":[{"name":"wp","href":"https:\/\/api.w.org\/{rel}","templated":true}]}}