{"id":1371,"date":"2024-05-10T18:41:02","date_gmt":"2024-05-10T16:41:02","guid":{"rendered":"https:\/\/www.preventraide.fr\/contenus\/?p=1371"},"modified":"2024-05-10T18:41:02","modified_gmt":"2024-05-10T16:41:02","slug":"le-depart-de-cote-a-cote-est-lance-%f0%9f%9a%b4%f0%9f%8f%bc%e2%99%80%ef%b8%8f%f0%9f%9a%b4%e2%99%82%ef%b8%8f","status":"publish","type":"post","link":"https:\/\/www.preventraide.fr\/contenus\/actualites\/le-depart-de-cote-a-cote-est-lance-%f0%9f%9a%b4%f0%9f%8f%bc%e2%99%80%ef%b8%8f%f0%9f%9a%b4%e2%99%82%ef%b8%8f\/","title":{"rendered":"Le d\u00e9part de C\u00f4te \u00e0 C\u00f4te est lanc\u00e9 ! \ud83d\udeb4\ud83c\udffc\u200d\u2640\ufe0f\ud83d\udeb4\u200d\u2642\ufe0f"},"content":{"rendered":"\n<p>C\u2019est avec plaisir que nous lan\u00e7ons l\u2019aventure de nos services civiques,&nbsp;<a href=\"https:\/\/www.linkedin.com\/in\/ACoAAD2jGAQBTM9_ka3DSdhhsKikYqUGFLtxe2M\">L\u00e9a Girodolle<\/a>&nbsp;et&nbsp;<a href=\"https:\/\/www.linkedin.com\/in\/ACoAAExEtngB0XbHwRWvqscPW1agTfcbKpDCOxk\">Emilien Bertsch<\/a>.<\/p>\n\n\n\n<p>Pour marquer ce d\u00e9part, nous avons eu la visite de Doroth\u00e9e Pacaud, maire de Saint-Brevins-les-Pins, accompagn\u00e9e de son adjoint \u00c9ric Touret, ainsi que d\u2019\u00c9ric Cout\u00ebt, le cr\u00e9ateur du Km 0. Ensemble, ils ont donn\u00e9 le coup d\u2019envoi de cette aventure de 1000km \u00e0 v\u00e9lo au bord de l\u2019atlantique.<\/p>\n\n\n\n<p>Restez connect\u00e9s pour suivre leur p\u00e9riple et encouragez-les en partageant ou commentant! \u2728<\/p>\n\n\n\n<figure class=\"wp-block-embed is-type-video is-provider-youtube wp-block-embed-youtube wp-embed-aspect-16-9 wp-has-aspect-ratio\"><div class=\"wp-block-embed__wrapper\">\n<iframe loading=\"lazy\" title=\"Le d\u00e9part de C\u00f4te \u00e0 C\u00f4te est lanc\u00e9 ! \ud83d\udeb4\ud83c\udffc\u200d\u2640\ufe0f\ud83d\udeb4\u200d\u2642\ufe0f\" width=\"500\" height=\"281\" src=\"https:\/\/www.youtube.com\/embed\/y1HKmmC2oWU?feature=oembed\" frameborder=\"0\" allow=\"accelerometer; autoplay; clipboard-write; encrypted-media; gyroscope; picture-in-picture; web-share\" referrerpolicy=\"strict-origin-when-cross-origin\" allowfullscreen><\/iframe>\n<\/div><\/figure>\n","protected":false},"excerpt":{"rendered":"<p>C\u2019est avec plaisir que nous lan\u00e7ons l\u2019aventure de nos services civiques,&nbsp;L\u00e9a Girodolle&nbsp;et&nbsp;Emilien Bertsch. Pour marquer ce d\u00e9part, nous avons eu la visite de Doroth\u00e9e Pacaud, maire de Saint-Brevins-les-Pins, accompagn\u00e9e de son adjoint \u00c9ric Touret, ainsi que d\u2019\u00c9ric Cout\u00ebt, le cr\u00e9ateur du Km 0. Ensemble, ils ont donn\u00e9 le coup d\u2019envoi de cette aventure de 1000km [&hellip;]<\/p>\n","protected":false},"author":6,"featured_media":1372,"comment_status":"closed","ping_status":"closed","sticky":false,"template":"","format":"standard","meta":{"_acf_changed":false,"inline_featured_image":false,"ghostkit_customizer_options":"","ghostkit_custom_css":"","ghostkit_custom_js_head":"","ghostkit_custom_js_foot":"","ghostkit_typography":"","footnotes":""},"categories":[2],"tags":[],"class_list":["post-1371","post","type-post","status-publish","format-standard","has-post-thumbnail","hentry","category-non-classifie"],"acf":[],"yoast_head":"<!-- This site is optimized with the Yoast SEO plugin v24.9 - https:\/\/yoast.com\/wordpress\/plugins\/seo\/ -->\n<title>Le d\u00e9part de C\u00f4te \u00e0 C\u00f4te est lanc\u00e9 ! \ud83d\udeb4\ud83c\udffc\u200d\u2640\ufe0f\ud83d\udeb4\u200d\u2642\ufe0f - Preventraide - Conseils Pr\u00e9vention<\/title>\n<meta name=\"robots\" content=\"index, follow, max-snippet:-1, max-image-preview:large, max-video-preview:-1\" \/>\n<link rel=\"canonical\" href=\"https:\/\/www.preventraide.fr\/contenus\/actualites\/le-depart-de-cote-a-cote-est-lance-\ud83d\udeb4\ud83c\udffc\u2640\ufe0f\ud83d\udeb4\u2642\ufe0f\/\" \/>\n<meta property=\"og:locale\" content=\"fr_FR\" \/>\n<meta property=\"og:type\" content=\"article\" \/>\n<meta property=\"og:title\" content=\"Le d\u00e9part de C\u00f4te \u00e0 C\u00f4te est lanc\u00e9 ! \ud83d\udeb4\ud83c\udffc\u200d\u2640\ufe0f\ud83d\udeb4\u200d\u2642\ufe0f - Preventraide - Conseils Pr\u00e9vention\" \/>\n<meta property=\"og:description\" content=\"C\u2019est avec plaisir que nous lan\u00e7ons l\u2019aventure de nos services civiques,&nbsp;L\u00e9a Girodolle&nbsp;et&nbsp;Emilien Bertsch. Pour marquer ce d\u00e9part, nous avons eu la visite de Doroth\u00e9e Pacaud, maire de Saint-Brevins-les-Pins, accompagn\u00e9e de son adjoint \u00c9ric Touret, ainsi que d\u2019\u00c9ric Cout\u00ebt, le cr\u00e9ateur du Km 0. Ensemble, ils ont donn\u00e9 le coup d\u2019envoi de cette aventure de 1000km [&hellip;]\" \/>\n<meta property=\"og:url\" content=\"https:\/\/www.preventraide.fr\/contenus\/actualites\/le-depart-de-cote-a-cote-est-lance-\ud83d\udeb4\ud83c\udffc\u2640\ufe0f\ud83d\udeb4\u2642\ufe0f\/\" \/>\n<meta property=\"og:site_name\" content=\"Preventraide - Conseils Pr\u00e9vention\" \/>\n<meta property=\"article:published_time\" content=\"2024-05-10T16:41:02+00:00\" \/>\n<meta property=\"og:image\" content=\"https:\/\/www.preventraide.fr\/contenus\/app\/uploads\/2024\/05\/8bc5a737-bf32-4f60-9317-1bc289d6c1e4.jpeg\" \/>\n\t<meta property=\"og:image:width\" content=\"1066\" \/>\n\t<meta property=\"og:image:height\" content=\"1600\" \/>\n\t<meta property=\"og:image:type\" content=\"image\/jpeg\" \/>\n<meta name=\"author\" content=\"Camille Jagueneau\" \/>\n<meta name=\"twitter:card\" content=\"summary_large_image\" \/>\n<meta name=\"twitter:label1\" content=\"Written by\" \/>\n\t<meta name=\"twitter:data1\" content=\"Camille Jagueneau\" \/>\n\t<meta name=\"twitter:label2\" content=\"Est. reading time\" \/>\n\t<meta name=\"twitter:data2\" content=\"1 minute\" \/>\n<script type=\"application\/ld+json\" class=\"yoast-schema-graph\">{\"@context\":\"https:\/\/schema.org\",\"@graph\":[{\"@type\":\"WebPage\",\"@id\":\"https:\/\/www.preventraide.fr\/contenus\/actualites\/le-depart-de-cote-a-cote-est-lance-%f0%9f%9a%b4%f0%9f%8f%bc%e2%99%80%ef%b8%8f%f0%9f%9a%b4%e2%99%82%ef%b8%8f\/\",\"url\":\"https:\/\/www.preventraide.fr\/contenus\/actualites\/le-depart-de-cote-a-cote-est-lance-%f0%9f%9a%b4%f0%9f%8f%bc%e2%99%80%ef%b8%8f%f0%9f%9a%b4%e2%99%82%ef%b8%8f\/\",\"name\":\"Le d\u00e9part de C\u00f4te \u00e0 C\u00f4te est lanc\u00e9 ! \ud83d\udeb4\ud83c\udffc\u200d\u2640\ufe0f\ud83d\udeb4\u200d\u2642\ufe0f - Preventraide - Conseils Pr\u00e9vention\",\"isPartOf\":{\"@id\":\"https:\/\/www.preventraide.fr\/contenus\/#website\"},\"primaryImageOfPage\":{\"@id\":\"https:\/\/www.preventraide.fr\/contenus\/actualites\/le-depart-de-cote-a-cote-est-lance-%f0%9f%9a%b4%f0%9f%8f%bc%e2%99%80%ef%b8%8f%f0%9f%9a%b4%e2%99%82%ef%b8%8f\/#primaryimage\"},\"image\":{\"@id\":\"https:\/\/www.preventraide.fr\/contenus\/actualites\/le-depart-de-cote-a-cote-est-lance-%f0%9f%9a%b4%f0%9f%8f%bc%e2%99%80%ef%b8%8f%f0%9f%9a%b4%e2%99%82%ef%b8%8f\/#primaryimage\"},\"thumbnailUrl\":\"https:\/\/www.preventraide.fr\/contenus\/app\/uploads\/2024\/05\/8bc5a737-bf32-4f60-9317-1bc289d6c1e4.jpeg\",\"datePublished\":\"2024-05-10T16:41:02+00:00\",\"author\":{\"@id\":\"https:\/\/www.preventraide.fr\/contenus\/#\/schema\/person\/610d5b148158ad8b26a57ee3481784b9\"},\"breadcrumb\":{\"@id\":\"https:\/\/www.preventraide.fr\/contenus\/actualites\/le-depart-de-cote-a-cote-est-lance-%f0%9f%9a%b4%f0%9f%8f%bc%e2%99%80%ef%b8%8f%f0%9f%9a%b4%e2%99%82%ef%b8%8f\/#breadcrumb\"},\"inLanguage\":\"fr-FR\",\"potentialAction\":[{\"@type\":\"ReadAction\",\"target\":[\"https:\/\/www.preventraide.fr\/contenus\/actualites\/le-depart-de-cote-a-cote-est-lance-%f0%9f%9a%b4%f0%9f%8f%bc%e2%99%80%ef%b8%8f%f0%9f%9a%b4%e2%99%82%ef%b8%8f\/\"]}]},{\"@type\":\"ImageObject\",\"inLanguage\":\"fr-FR\",\"@id\":\"https:\/\/www.preventraide.fr\/contenus\/actualites\/le-depart-de-cote-a-cote-est-lance-%f0%9f%9a%b4%f0%9f%8f%bc%e2%99%80%ef%b8%8f%f0%9f%9a%b4%e2%99%82%ef%b8%8f\/#primaryimage\",\"url\":\"https:\/\/www.preventraide.fr\/contenus\/app\/uploads\/2024\/05\/8bc5a737-bf32-4f60-9317-1bc289d6c1e4.jpeg\",\"contentUrl\":\"https:\/\/www.preventraide.fr\/contenus\/app\/uploads\/2024\/05\/8bc5a737-bf32-4f60-9317-1bc289d6c1e4.jpeg\",\"width\":1066,\"height\":1600},{\"@type\":\"BreadcrumbList\",\"@id\":\"https:\/\/www.preventraide.fr\/contenus\/actualites\/le-depart-de-cote-a-cote-est-lance-%f0%9f%9a%b4%f0%9f%8f%bc%e2%99%80%ef%b8%8f%f0%9f%9a%b4%e2%99%82%ef%b8%8f\/#breadcrumb\",\"itemListElement\":[{\"@type\":\"ListItem\",\"position\":1,\"name\":\"Accueil\",\"item\":\"https:\/\/www.preventraide.fr\"},{\"@type\":\"ListItem\",\"position\":2,\"name\":\"Le d\u00e9part de C\u00f4te \u00e0 C\u00f4te est lanc\u00e9 ! \ud83d\udeb4\ud83c\udffc\u200d\u2640\ufe0f\ud83d\udeb4\u200d\u2642\ufe0f\"}]},{\"@type\":\"WebSite\",\"@id\":\"https:\/\/www.preventraide.fr\/contenus\/#website\",\"url\":\"https:\/\/www.preventraide.fr\/contenus\/\",\"name\":\"Preventraide\",\"description\":\"\",\"potentialAction\":[{\"@type\":\"SearchAction\",\"target\":{\"@type\":\"EntryPoint\",\"urlTemplate\":\"https:\/\/www.preventraide.fr\/contenus\/?s={search_term_string}\"},\"query-input\":{\"@type\":\"PropertyValueSpecification\",\"valueRequired\":true,\"valueName\":\"search_term_string\"}}],\"inLanguage\":\"fr-FR\"},{\"@type\":\"Person\",\"@id\":\"https:\/\/www.preventraide.fr\/contenus\/#\/schema\/person\/610d5b148158ad8b26a57ee3481784b9\",\"name\":\"Camille Jagueneau\",\"image\":{\"@type\":\"ImageObject\",\"inLanguage\":\"fr-FR\",\"@id\":\"https:\/\/www.preventraide.fr\/contenus\/#\/schema\/person\/image\/\",\"url\":\"https:\/\/secure.gravatar.com\/avatar\/3a79d305b8d74191fb30dfe16bb61532d97fe378fbea0c1b02acebf1deb00e68?s=96&d=mm&r=g\",\"contentUrl\":\"https:\/\/secure.gravatar.com\/avatar\/3a79d305b8d74191fb30dfe16bb61532d97fe378fbea0c1b02acebf1deb00e68?s=96&d=mm&r=g\",\"caption\":\"Camille Jagueneau\"}}]}<\/script>\n<!-- \/ Yoast SEO plugin. -->","yoast_head_json":{"title":"Le d\u00e9part de C\u00f4te \u00e0 C\u00f4te est lanc\u00e9 ! \ud83d\udeb4\ud83c\udffc\u200d\u2640\ufe0f\ud83d\udeb4\u200d\u2642\ufe0f - Preventraide - Conseils Pr\u00e9vention","robots":{"index":"index","follow":"follow","max-snippet":"max-snippet:-1","max-image-preview":"max-image-preview:large","max-video-preview":"max-video-preview:-1"},"canonical":"https:\/\/www.preventraide.fr\/contenus\/actualites\/le-depart-de-cote-a-cote-est-lance-\ud83d\udeb4\ud83c\udffc\u2640\ufe0f\ud83d\udeb4\u2642\ufe0f\/","og_locale":"fr_FR","og_type":"article","og_title":"Le d\u00e9part de C\u00f4te \u00e0 C\u00f4te est lanc\u00e9 ! \ud83d\udeb4\ud83c\udffc\u200d\u2640\ufe0f\ud83d\udeb4\u200d\u2642\ufe0f - Preventraide - Conseils Pr\u00e9vention","og_description":"C\u2019est avec plaisir que nous lan\u00e7ons l\u2019aventure de nos services civiques,&nbsp;L\u00e9a Girodolle&nbsp;et&nbsp;Emilien Bertsch. Pour marquer ce d\u00e9part, nous avons eu la visite de Doroth\u00e9e Pacaud, maire de Saint-Brevins-les-Pins, accompagn\u00e9e de son adjoint \u00c9ric Touret, ainsi que d\u2019\u00c9ric Cout\u00ebt, le cr\u00e9ateur du Km 0. Ensemble, ils ont donn\u00e9 le coup d\u2019envoi de cette aventure de 1000km [&hellip;]","og_url":"https:\/\/www.preventraide.fr\/contenus\/actualites\/le-depart-de-cote-a-cote-est-lance-\ud83d\udeb4\ud83c\udffc\u2640\ufe0f\ud83d\udeb4\u2642\ufe0f\/","og_site_name":"Preventraide - Conseils Pr\u00e9vention","article_published_time":"2024-05-10T16:41:02+00:00","og_image":[{"width":1066,"height":1600,"url":"https:\/\/www.preventraide.fr\/contenus\/app\/uploads\/2024\/05\/8bc5a737-bf32-4f60-9317-1bc289d6c1e4.jpeg","type":"image\/jpeg"}],"author":"Camille Jagueneau","twitter_card":"summary_large_image","twitter_misc":{"Written by":"Camille Jagueneau","Est. reading time":"1 minute"},"schema":{"@context":"https:\/\/schema.org","@graph":[{"@type":"WebPage","@id":"https:\/\/www.preventraide.fr\/contenus\/actualites\/le-depart-de-cote-a-cote-est-lance-%f0%9f%9a%b4%f0%9f%8f%bc%e2%99%80%ef%b8%8f%f0%9f%9a%b4%e2%99%82%ef%b8%8f\/","url":"https:\/\/www.preventraide.fr\/contenus\/actualites\/le-depart-de-cote-a-cote-est-lance-%f0%9f%9a%b4%f0%9f%8f%bc%e2%99%80%ef%b8%8f%f0%9f%9a%b4%e2%99%82%ef%b8%8f\/","name":"Le d\u00e9part de C\u00f4te \u00e0 C\u00f4te est lanc\u00e9 ! \ud83d\udeb4\ud83c\udffc\u200d\u2640\ufe0f\ud83d\udeb4\u200d\u2642\ufe0f - Preventraide - Conseils Pr\u00e9vention","isPartOf":{"@id":"https:\/\/www.preventraide.fr\/contenus\/#website"},"primaryImageOfPage":{"@id":"https:\/\/www.preventraide.fr\/contenus\/actualites\/le-depart-de-cote-a-cote-est-lance-%f0%9f%9a%b4%f0%9f%8f%bc%e2%99%80%ef%b8%8f%f0%9f%9a%b4%e2%99%82%ef%b8%8f\/#primaryimage"},"image":{"@id":"https:\/\/www.preventraide.fr\/contenus\/actualites\/le-depart-de-cote-a-cote-est-lance-%f0%9f%9a%b4%f0%9f%8f%bc%e2%99%80%ef%b8%8f%f0%9f%9a%b4%e2%99%82%ef%b8%8f\/#primaryimage"},"thumbnailUrl":"https:\/\/www.preventraide.fr\/contenus\/app\/uploads\/2024\/05\/8bc5a737-bf32-4f60-9317-1bc289d6c1e4.jpeg","datePublished":"2024-05-10T16:41:02+00:00","author":{"@id":"https:\/\/www.preventraide.fr\/contenus\/#\/schema\/person\/610d5b148158ad8b26a57ee3481784b9"},"breadcrumb":{"@id":"https:\/\/www.preventraide.fr\/contenus\/actualites\/le-depart-de-cote-a-cote-est-lance-%f0%9f%9a%b4%f0%9f%8f%bc%e2%99%80%ef%b8%8f%f0%9f%9a%b4%e2%99%82%ef%b8%8f\/#breadcrumb"},"inLanguage":"fr-FR","potentialAction":[{"@type":"ReadAction","target":["https:\/\/www.preventraide.fr\/contenus\/actualites\/le-depart-de-cote-a-cote-est-lance-%f0%9f%9a%b4%f0%9f%8f%bc%e2%99%80%ef%b8%8f%f0%9f%9a%b4%e2%99%82%ef%b8%8f\/"]}]},{"@type":"ImageObject","inLanguage":"fr-FR","@id":"https:\/\/www.preventraide.fr\/contenus\/actualites\/le-depart-de-cote-a-cote-est-lance-%f0%9f%9a%b4%f0%9f%8f%bc%e2%99%80%ef%b8%8f%f0%9f%9a%b4%e2%99%82%ef%b8%8f\/#primaryimage","url":"https:\/\/www.preventraide.fr\/contenus\/app\/uploads\/2024\/05\/8bc5a737-bf32-4f60-9317-1bc289d6c1e4.jpeg","contentUrl":"https:\/\/www.preventraide.fr\/contenus\/app\/uploads\/2024\/05\/8bc5a737-bf32-4f60-9317-1bc289d6c1e4.jpeg","width":1066,"height":1600},{"@type":"BreadcrumbList","@id":"https:\/\/www.preventraide.fr\/contenus\/actualites\/le-depart-de-cote-a-cote-est-lance-%f0%9f%9a%b4%f0%9f%8f%bc%e2%99%80%ef%b8%8f%f0%9f%9a%b4%e2%99%82%ef%b8%8f\/#breadcrumb","itemListElement":[{"@type":"ListItem","position":1,"name":"Accueil","item":"https:\/\/www.preventraide.fr"},{"@type":"ListItem","position":2,"name":"Le d\u00e9part de C\u00f4te \u00e0 C\u00f4te est lanc\u00e9 ! \ud83d\udeb4\ud83c\udffc\u200d\u2640\ufe0f\ud83d\udeb4\u200d\u2642\ufe0f"}]},{"@type":"WebSite","@id":"https:\/\/www.preventraide.fr\/contenus\/#website","url":"https:\/\/www.preventraide.fr\/contenus\/","name":"Preventraide","description":"","potentialAction":[{"@type":"SearchAction","target":{"@type":"EntryPoint","urlTemplate":"https:\/\/www.preventraide.fr\/contenus\/?s={search_term_string}"},"query-input":{"@type":"PropertyValueSpecification","valueRequired":true,"valueName":"search_term_string"}}],"inLanguage":"fr-FR"},{"@type":"Person","@id":"https:\/\/www.preventraide.fr\/contenus\/#\/schema\/person\/610d5b148158ad8b26a57ee3481784b9","name":"Camille Jagueneau","image":{"@type":"ImageObject","inLanguage":"fr-FR","@id":"https:\/\/www.preventraide.fr\/contenus\/#\/schema\/person\/image\/","url":"https:\/\/secure.gravatar.com\/avatar\/3a79d305b8d74191fb30dfe16bb61532d97fe378fbea0c1b02acebf1deb00e68?s=96&d=mm&r=g","contentUrl":"https:\/\/secure.gravatar.com\/avatar\/3a79d305b8d74191fb30dfe16bb61532d97fe378fbea0c1b02acebf1deb00e68?s=96&d=mm&r=g","caption":"Camille Jagueneau"}}]}},"_links":{"self":[{"href":"https:\/\/www.preventraide.fr\/contenus\/wp-json\/wp\/v2\/posts\/1371","targetHints":{"allow":["GET"]}}],"collection":[{"href":"https:\/\/www.preventraide.fr\/contenus\/wp-json\/wp\/v2\/posts"}],"about":[{"href":"https:\/\/www.preventraide.fr\/contenus\/wp-json\/wp\/v2\/types\/post"}],"author":[{"embeddable":true,"href":"https:\/\/www.preventraide.fr\/contenus\/wp-json\/wp\/v2\/users\/6"}],"replies":[{"embeddable":true,"href":"https:\/\/www.preventraide.fr\/contenus\/wp-json\/wp\/v2\/comments?post=1371"}],"version-history":[{"count":0,"href":"https:\/\/www.preventraide.fr\/contenus\/wp-json\/wp\/v2\/posts\/1371\/revisions"}],"wp:featuredmedia":[{"embeddable":true,"href":"https:\/\/www.preventraide.fr\/contenus\/wp-json\/wp\/v2\/media\/1372"}],"wp:attachment":[{"href":"https:\/\/www.preventraide.fr\/contenus\/wp-json\/wp\/v2\/media?parent=1371"}],"wp:term":[{"taxonomy":"category","embeddable":true,"href":"https:\/\/www.preventraide.fr\/contenus\/wp-json\/wp\/v2\/categories?post=1371"},{"taxonomy":"post_tag","embeddable":true,"href":"https:\/\/www.preventraide.fr\/contenus\/wp-json\/wp\/v2\/tags?post=1371"}],"curies":[{"name":"wp","href":"https:\/\/api.w.org\/{rel}","templated":true}]}}