{"id":1377,"date":"2024-05-15T09:43:56","date_gmt":"2024-05-15T07:43:56","guid":{"rendered":"https:\/\/www.preventraide.fr\/contenus\/?p=1377"},"modified":"2024-05-15T09:43:56","modified_gmt":"2024-05-15T07:43:56","slug":"lancement-de-la-campagne-feux-de-foret-du-gouvernement-%f0%9f%94%a5","status":"publish","type":"post","link":"https:\/\/www.preventraide.fr\/contenus\/actualites\/lancement-de-la-campagne-feux-de-foret-du-gouvernement-%f0%9f%94%a5\/","title":{"rendered":"Lancement de la Campagne Feux de For\u00eat du Gouvernement ! \ud83d\udd25"},"content":{"rendered":"\n<p>L&rsquo;Association Pr\u00e9vention MAIF soutient la nouvelle campagne du Minist\u00e8re \u00c9cologie Territoires sur la pr\u00e9vention des incendies de for\u00eat !<\/p>\n\n\n\n<p><strong>Savez-vous que 9 incendies sur 10 sont d&rsquo;origine humaine et pourraient \u00eatre \u00e9vit\u00e9s en adoptant les bons gestes :<\/strong><\/p>\n\n\n\n<p>\ud83d\udeac Si vous \u00eates fumeur, le bon geste est de jeter vos m\u00e9gots dans un cendrier. Il est strictement interdit de fumer en for\u00eat.<\/p>\n\n\n\n<p>\ud83c\udf54 Si vous organisez un barbecue, assurez-vous d&rsquo;\u00eatre chez vous ou dans un espace sp\u00e9cialement am\u00e9nag\u00e9 pour cela, comme une terrasse, \u00e9loign\u00e9e de toute v\u00e9g\u00e9tation (herbes, buissons, etc.).<\/p>\n\n\n\n<p>\ud83d\udd28 Si vous bricolez en ext\u00e9rieur, travaillez loin des zones sensibles, prot\u00e9gez-les des \u00e9tincelles et gardez un moyen d&rsquo;extinction \u00e0 port\u00e9e de main (extincteur, seau d&rsquo;eau).<\/p>\n\n\n\n<p>\ud83c\udfe1 Si vous avez un jardin, pr\u00e9servez votre maison en d\u00e9broussaillant les alentours avant l&rsquo;\u00e9t\u00e9 et en nettoyant les toits et goutti\u00e8res de tout d\u00e9bris v\u00e9g\u00e9tal.<\/p>\n\n\n\n<p>\ud83d\udc49 Si vous stockez du bois ou des bouteilles de gaz, \u00e9loignez-les de votre domicile et conservez-les dans un abri ferm\u00e9.<\/p>\n\n\n\n<p>Le risque d&rsquo;incendie est encore plus \u00e9lev\u00e9 en p\u00e9riode de s\u00e9cheresse. Lorsque la v\u00e9g\u00e9tation est dess\u00e9ch\u00e9e par le manque de pluie, un d\u00e9part de feu devient probable et peut se propager rapidement. En cas d&rsquo;incendie, composez le 18, le 112 ou le 114 (pour les personnes sourdes ou malentendantes).<\/p>\n\n\n\n<p>\u25b6 Pour plus d&rsquo;informations : <a href=\"https:\/\/www.ecologie.gouv.fr\/feux-foret-et-vegetation\">Feux de for\u00eat et de v\u00e9g\u00e9tation | Minist\u00e8re de la Transition \u00c9cologique et de la Coh\u00e9sion des Territoires (ecologie.gouv.fr)<\/a><\/p>\n\n\n\n<div class=\"wp-block-columns is-layout-flex wp-container-core-columns-is-layout-28f84493 wp-block-columns-is-layout-flex\">\n<div class=\"wp-block-column is-layout-flow wp-block-column-is-layout-flow\">\n<figure class=\"wp-block-embed is-type-video is-provider-youtube wp-block-embed-youtube wp-embed-aspect-16-9 wp-has-aspect-ratio\"><div class=\"wp-block-embed__wrapper\">\n<iframe loading=\"lazy\" title=\"Barbecue en for\u00eat : ayons les bons r\u00e9flexes pour \u00e9viter les d\u00e9parts de feu!\" width=\"500\" height=\"281\" src=\"https:\/\/www.youtube.com\/embed\/QmFUt_CrWx8?feature=oembed\" frameborder=\"0\" allow=\"accelerometer; autoplay; clipboard-write; encrypted-media; gyroscope; picture-in-picture; web-share\" referrerpolicy=\"strict-origin-when-cross-origin\" allowfullscreen><\/iframe>\n<\/div><\/figure>\n<\/div>\n\n\n\n<div class=\"wp-block-column is-layout-flow wp-block-column-is-layout-flow\">\n<figure class=\"wp-block-embed is-type-video is-provider-youtube wp-block-embed-youtube wp-embed-aspect-16-9 wp-has-aspect-ratio\"><div class=\"wp-block-embed__wrapper\">\n<iframe loading=\"lazy\" title=\"Fumeur en for\u00eat : ayons les bons r\u00e9flexes pour \u00e9viter les d\u00e9parts de feu!\" width=\"500\" height=\"281\" src=\"https:\/\/www.youtube.com\/embed\/-A01_wzbaWw?feature=oembed\" frameborder=\"0\" allow=\"accelerometer; autoplay; clipboard-write; encrypted-media; gyroscope; picture-in-picture; web-share\" referrerpolicy=\"strict-origin-when-cross-origin\" allowfullscreen><\/iframe>\n<\/div><\/figure>\n<\/div>\n<\/div>\n\n\n\n<p><\/p>\n","protected":false},"excerpt":{"rendered":"<p>L&rsquo;Association Pr\u00e9vention MAIF soutient la nouvelle campagne du Minist\u00e8re \u00c9cologie Territoires sur la pr\u00e9vention des incendies de for\u00eat ! Savez-vous que 9 incendies sur 10 sont d&rsquo;origine humaine et pourraient \u00eatre \u00e9vit\u00e9s en adoptant les bons gestes : \ud83d\udeac Si vous \u00eates fumeur, le bon geste est de jeter vos m\u00e9gots dans un cendrier. Il [&hellip;]<\/p>\n","protected":false},"author":6,"featured_media":1378,"comment_status":"closed","ping_status":"closed","sticky":false,"template":"","format":"standard","meta":{"_acf_changed":false,"inline_featured_image":false,"ghostkit_customizer_options":"","ghostkit_custom_css":"","ghostkit_custom_js_head":"","ghostkit_custom_js_foot":"","ghostkit_typography":"","footnotes":""},"categories":[2],"tags":[],"class_list":["post-1377","post","type-post","status-publish","format-standard","has-post-thumbnail","hentry","category-non-classifie"],"acf":[],"yoast_head":"<!-- This site is optimized with the Yoast SEO plugin v24.9 - https:\/\/yoast.com\/wordpress\/plugins\/seo\/ -->\n<title>Lancement de la Campagne Feux de For\u00eat du Gouvernement ! \ud83d\udd25 - Preventraide - Conseils Pr\u00e9vention<\/title>\n<meta name=\"robots\" content=\"index, follow, max-snippet:-1, max-image-preview:large, max-video-preview:-1\" \/>\n<link rel=\"canonical\" href=\"https:\/\/www.preventraide.fr\/contenus\/actualites\/lancement-de-la-campagne-feux-de-foret-du-gouvernement-\ud83d\udd25\/\" \/>\n<meta property=\"og:locale\" content=\"fr_FR\" \/>\n<meta property=\"og:type\" content=\"article\" \/>\n<meta property=\"og:title\" content=\"Lancement de la Campagne Feux de For\u00eat du Gouvernement ! \ud83d\udd25 - Preventraide - Conseils Pr\u00e9vention\" \/>\n<meta property=\"og:description\" content=\"L&rsquo;Association Pr\u00e9vention MAIF soutient la nouvelle campagne du Minist\u00e8re \u00c9cologie Territoires sur la pr\u00e9vention des incendies de for\u00eat ! Savez-vous que 9 incendies sur 10 sont d&rsquo;origine humaine et pourraient \u00eatre \u00e9vit\u00e9s en adoptant les bons gestes : \ud83d\udeac Si vous \u00eates fumeur, le bon geste est de jeter vos m\u00e9gots dans un cendrier. Il [&hellip;]\" \/>\n<meta property=\"og:url\" content=\"https:\/\/www.preventraide.fr\/contenus\/actualites\/lancement-de-la-campagne-feux-de-foret-du-gouvernement-\ud83d\udd25\/\" \/>\n<meta property=\"og:site_name\" content=\"Preventraide - Conseils Pr\u00e9vention\" \/>\n<meta property=\"article:published_time\" content=\"2024-05-15T07:43:56+00:00\" \/>\n<meta property=\"og:image\" content=\"https:\/\/www.preventraide.fr\/contenus\/app\/uploads\/2024\/05\/Vignette-reflexe-3.jpg\" \/>\n\t<meta property=\"og:image:width\" content=\"1042\" \/>\n\t<meta property=\"og:image:height\" content=\"1042\" \/>\n\t<meta property=\"og:image:type\" content=\"image\/jpeg\" \/>\n<meta name=\"author\" content=\"Camille Jagueneau\" \/>\n<meta name=\"twitter:card\" content=\"summary_large_image\" \/>\n<meta name=\"twitter:label1\" content=\"Written by\" \/>\n\t<meta name=\"twitter:data1\" content=\"Camille Jagueneau\" \/>\n\t<meta name=\"twitter:label2\" content=\"Est. reading time\" \/>\n\t<meta name=\"twitter:data2\" content=\"2 minutes\" \/>\n<script type=\"application\/ld+json\" class=\"yoast-schema-graph\">{\"@context\":\"https:\/\/schema.org\",\"@graph\":[{\"@type\":\"WebPage\",\"@id\":\"https:\/\/www.preventraide.fr\/contenus\/actualites\/lancement-de-la-campagne-feux-de-foret-du-gouvernement-%f0%9f%94%a5\/\",\"url\":\"https:\/\/www.preventraide.fr\/contenus\/actualites\/lancement-de-la-campagne-feux-de-foret-du-gouvernement-%f0%9f%94%a5\/\",\"name\":\"Lancement de la Campagne Feux de For\u00eat du Gouvernement ! \ud83d\udd25 - Preventraide - Conseils Pr\u00e9vention\",\"isPartOf\":{\"@id\":\"https:\/\/www.preventraide.fr\/contenus\/#website\"},\"primaryImageOfPage\":{\"@id\":\"https:\/\/www.preventraide.fr\/contenus\/actualites\/lancement-de-la-campagne-feux-de-foret-du-gouvernement-%f0%9f%94%a5\/#primaryimage\"},\"image\":{\"@id\":\"https:\/\/www.preventraide.fr\/contenus\/actualites\/lancement-de-la-campagne-feux-de-foret-du-gouvernement-%f0%9f%94%a5\/#primaryimage\"},\"thumbnailUrl\":\"https:\/\/www.preventraide.fr\/contenus\/app\/uploads\/2024\/05\/Vignette-reflexe-3.jpg\",\"datePublished\":\"2024-05-15T07:43:56+00:00\",\"author\":{\"@id\":\"https:\/\/www.preventraide.fr\/contenus\/#\/schema\/person\/610d5b148158ad8b26a57ee3481784b9\"},\"breadcrumb\":{\"@id\":\"https:\/\/www.preventraide.fr\/contenus\/actualites\/lancement-de-la-campagne-feux-de-foret-du-gouvernement-%f0%9f%94%a5\/#breadcrumb\"},\"inLanguage\":\"fr-FR\",\"potentialAction\":[{\"@type\":\"ReadAction\",\"target\":[\"https:\/\/www.preventraide.fr\/contenus\/actualites\/lancement-de-la-campagne-feux-de-foret-du-gouvernement-%f0%9f%94%a5\/\"]}]},{\"@type\":\"ImageObject\",\"inLanguage\":\"fr-FR\",\"@id\":\"https:\/\/www.preventraide.fr\/contenus\/actualites\/lancement-de-la-campagne-feux-de-foret-du-gouvernement-%f0%9f%94%a5\/#primaryimage\",\"url\":\"https:\/\/www.preventraide.fr\/contenus\/app\/uploads\/2024\/05\/Vignette-reflexe-3.jpg\",\"contentUrl\":\"https:\/\/www.preventraide.fr\/contenus\/app\/uploads\/2024\/05\/Vignette-reflexe-3.jpg\",\"width\":1042,\"height\":1042},{\"@type\":\"BreadcrumbList\",\"@id\":\"https:\/\/www.preventraide.fr\/contenus\/actualites\/lancement-de-la-campagne-feux-de-foret-du-gouvernement-%f0%9f%94%a5\/#breadcrumb\",\"itemListElement\":[{\"@type\":\"ListItem\",\"position\":1,\"name\":\"Accueil\",\"item\":\"https:\/\/www.preventraide.fr\"},{\"@type\":\"ListItem\",\"position\":2,\"name\":\"Lancement de la Campagne Feux de For\u00eat du Gouvernement ! \ud83d\udd25\"}]},{\"@type\":\"WebSite\",\"@id\":\"https:\/\/www.preventraide.fr\/contenus\/#website\",\"url\":\"https:\/\/www.preventraide.fr\/contenus\/\",\"name\":\"Preventraide\",\"description\":\"\",\"potentialAction\":[{\"@type\":\"SearchAction\",\"target\":{\"@type\":\"EntryPoint\",\"urlTemplate\":\"https:\/\/www.preventraide.fr\/contenus\/?s={search_term_string}\"},\"query-input\":{\"@type\":\"PropertyValueSpecification\",\"valueRequired\":true,\"valueName\":\"search_term_string\"}}],\"inLanguage\":\"fr-FR\"},{\"@type\":\"Person\",\"@id\":\"https:\/\/www.preventraide.fr\/contenus\/#\/schema\/person\/610d5b148158ad8b26a57ee3481784b9\",\"name\":\"Camille Jagueneau\",\"image\":{\"@type\":\"ImageObject\",\"inLanguage\":\"fr-FR\",\"@id\":\"https:\/\/www.preventraide.fr\/contenus\/#\/schema\/person\/image\/\",\"url\":\"https:\/\/secure.gravatar.com\/avatar\/3a79d305b8d74191fb30dfe16bb61532d97fe378fbea0c1b02acebf1deb00e68?s=96&d=mm&r=g\",\"contentUrl\":\"https:\/\/secure.gravatar.com\/avatar\/3a79d305b8d74191fb30dfe16bb61532d97fe378fbea0c1b02acebf1deb00e68?s=96&d=mm&r=g\",\"caption\":\"Camille Jagueneau\"}}]}<\/script>\n<!-- \/ Yoast SEO plugin. -->","yoast_head_json":{"title":"Lancement de la Campagne Feux de For\u00eat du Gouvernement ! \ud83d\udd25 - Preventraide - Conseils Pr\u00e9vention","robots":{"index":"index","follow":"follow","max-snippet":"max-snippet:-1","max-image-preview":"max-image-preview:large","max-video-preview":"max-video-preview:-1"},"canonical":"https:\/\/www.preventraide.fr\/contenus\/actualites\/lancement-de-la-campagne-feux-de-foret-du-gouvernement-\ud83d\udd25\/","og_locale":"fr_FR","og_type":"article","og_title":"Lancement de la Campagne Feux de For\u00eat du Gouvernement ! \ud83d\udd25 - Preventraide - Conseils Pr\u00e9vention","og_description":"L&rsquo;Association Pr\u00e9vention MAIF soutient la nouvelle campagne du Minist\u00e8re \u00c9cologie Territoires sur la pr\u00e9vention des incendies de for\u00eat ! Savez-vous que 9 incendies sur 10 sont d&rsquo;origine humaine et pourraient \u00eatre \u00e9vit\u00e9s en adoptant les bons gestes : \ud83d\udeac Si vous \u00eates fumeur, le bon geste est de jeter vos m\u00e9gots dans un cendrier. Il [&hellip;]","og_url":"https:\/\/www.preventraide.fr\/contenus\/actualites\/lancement-de-la-campagne-feux-de-foret-du-gouvernement-\ud83d\udd25\/","og_site_name":"Preventraide - Conseils Pr\u00e9vention","article_published_time":"2024-05-15T07:43:56+00:00","og_image":[{"width":1042,"height":1042,"url":"https:\/\/www.preventraide.fr\/contenus\/app\/uploads\/2024\/05\/Vignette-reflexe-3.jpg","type":"image\/jpeg"}],"author":"Camille Jagueneau","twitter_card":"summary_large_image","twitter_misc":{"Written by":"Camille Jagueneau","Est. reading time":"2 minutes"},"schema":{"@context":"https:\/\/schema.org","@graph":[{"@type":"WebPage","@id":"https:\/\/www.preventraide.fr\/contenus\/actualites\/lancement-de-la-campagne-feux-de-foret-du-gouvernement-%f0%9f%94%a5\/","url":"https:\/\/www.preventraide.fr\/contenus\/actualites\/lancement-de-la-campagne-feux-de-foret-du-gouvernement-%f0%9f%94%a5\/","name":"Lancement de la Campagne Feux de For\u00eat du Gouvernement ! \ud83d\udd25 - Preventraide - Conseils Pr\u00e9vention","isPartOf":{"@id":"https:\/\/www.preventraide.fr\/contenus\/#website"},"primaryImageOfPage":{"@id":"https:\/\/www.preventraide.fr\/contenus\/actualites\/lancement-de-la-campagne-feux-de-foret-du-gouvernement-%f0%9f%94%a5\/#primaryimage"},"image":{"@id":"https:\/\/www.preventraide.fr\/contenus\/actualites\/lancement-de-la-campagne-feux-de-foret-du-gouvernement-%f0%9f%94%a5\/#primaryimage"},"thumbnailUrl":"https:\/\/www.preventraide.fr\/contenus\/app\/uploads\/2024\/05\/Vignette-reflexe-3.jpg","datePublished":"2024-05-15T07:43:56+00:00","author":{"@id":"https:\/\/www.preventraide.fr\/contenus\/#\/schema\/person\/610d5b148158ad8b26a57ee3481784b9"},"breadcrumb":{"@id":"https:\/\/www.preventraide.fr\/contenus\/actualites\/lancement-de-la-campagne-feux-de-foret-du-gouvernement-%f0%9f%94%a5\/#breadcrumb"},"inLanguage":"fr-FR","potentialAction":[{"@type":"ReadAction","target":["https:\/\/www.preventraide.fr\/contenus\/actualites\/lancement-de-la-campagne-feux-de-foret-du-gouvernement-%f0%9f%94%a5\/"]}]},{"@type":"ImageObject","inLanguage":"fr-FR","@id":"https:\/\/www.preventraide.fr\/contenus\/actualites\/lancement-de-la-campagne-feux-de-foret-du-gouvernement-%f0%9f%94%a5\/#primaryimage","url":"https:\/\/www.preventraide.fr\/contenus\/app\/uploads\/2024\/05\/Vignette-reflexe-3.jpg","contentUrl":"https:\/\/www.preventraide.fr\/contenus\/app\/uploads\/2024\/05\/Vignette-reflexe-3.jpg","width":1042,"height":1042},{"@type":"BreadcrumbList","@id":"https:\/\/www.preventraide.fr\/contenus\/actualites\/lancement-de-la-campagne-feux-de-foret-du-gouvernement-%f0%9f%94%a5\/#breadcrumb","itemListElement":[{"@type":"ListItem","position":1,"name":"Accueil","item":"https:\/\/www.preventraide.fr"},{"@type":"ListItem","position":2,"name":"Lancement de la Campagne Feux de For\u00eat du Gouvernement ! \ud83d\udd25"}]},{"@type":"WebSite","@id":"https:\/\/www.preventraide.fr\/contenus\/#website","url":"https:\/\/www.preventraide.fr\/contenus\/","name":"Preventraide","description":"","potentialAction":[{"@type":"SearchAction","target":{"@type":"EntryPoint","urlTemplate":"https:\/\/www.preventraide.fr\/contenus\/?s={search_term_string}"},"query-input":{"@type":"PropertyValueSpecification","valueRequired":true,"valueName":"search_term_string"}}],"inLanguage":"fr-FR"},{"@type":"Person","@id":"https:\/\/www.preventraide.fr\/contenus\/#\/schema\/person\/610d5b148158ad8b26a57ee3481784b9","name":"Camille Jagueneau","image":{"@type":"ImageObject","inLanguage":"fr-FR","@id":"https:\/\/www.preventraide.fr\/contenus\/#\/schema\/person\/image\/","url":"https:\/\/secure.gravatar.com\/avatar\/3a79d305b8d74191fb30dfe16bb61532d97fe378fbea0c1b02acebf1deb00e68?s=96&d=mm&r=g","contentUrl":"https:\/\/secure.gravatar.com\/avatar\/3a79d305b8d74191fb30dfe16bb61532d97fe378fbea0c1b02acebf1deb00e68?s=96&d=mm&r=g","caption":"Camille Jagueneau"}}]}},"_links":{"self":[{"href":"https:\/\/www.preventraide.fr\/contenus\/wp-json\/wp\/v2\/posts\/1377","targetHints":{"allow":["GET"]}}],"collection":[{"href":"https:\/\/www.preventraide.fr\/contenus\/wp-json\/wp\/v2\/posts"}],"about":[{"href":"https:\/\/www.preventraide.fr\/contenus\/wp-json\/wp\/v2\/types\/post"}],"author":[{"embeddable":true,"href":"https:\/\/www.preventraide.fr\/contenus\/wp-json\/wp\/v2\/users\/6"}],"replies":[{"embeddable":true,"href":"https:\/\/www.preventraide.fr\/contenus\/wp-json\/wp\/v2\/comments?post=1377"}],"version-history":[{"count":0,"href":"https:\/\/www.preventraide.fr\/contenus\/wp-json\/wp\/v2\/posts\/1377\/revisions"}],"wp:featuredmedia":[{"embeddable":true,"href":"https:\/\/www.preventraide.fr\/contenus\/wp-json\/wp\/v2\/media\/1378"}],"wp:attachment":[{"href":"https:\/\/www.preventraide.fr\/contenus\/wp-json\/wp\/v2\/media?parent=1377"}],"wp:term":[{"taxonomy":"category","embeddable":true,"href":"https:\/\/www.preventraide.fr\/contenus\/wp-json\/wp\/v2\/categories?post=1377"},{"taxonomy":"post_tag","embeddable":true,"href":"https:\/\/www.preventraide.fr\/contenus\/wp-json\/wp\/v2\/tags?post=1377"}],"curies":[{"name":"wp","href":"https:\/\/api.w.org\/{rel}","templated":true}]}}