{"id":1382,"date":"2024-05-21T09:58:12","date_gmt":"2024-05-21T07:58:12","guid":{"rendered":"https:\/\/www.preventraide.fr\/contenus\/?p=1382"},"modified":"2024-05-21T09:58:12","modified_gmt":"2024-05-21T07:58:12","slug":"cote-a-cote-nettoyage-du-port-de-la-rochelle-avec-lassociation-echo-mer-%f0%9f%8c%8a","status":"publish","type":"post","link":"https:\/\/www.preventraide.fr\/contenus\/actualites\/cote-a-cote-nettoyage-du-port-de-la-rochelle-avec-lassociation-echo-mer-%f0%9f%8c%8a\/","title":{"rendered":"[C\u00f4te \u00e0 C\u00f4te] Nettoyage du port de La Rochelle avec l&rsquo;association Echo-Mer \ud83c\udf0a"},"content":{"rendered":"\n<p>Le vendredi 17 mai apr\u00e8s-midi, Lea Girodolle et \u00c9milien Bertsch se sont rendus sur le port de La Rochelle pour participer \u00e0 une op\u00e9ration de ramassage de d\u00e9chets organis\u00e9e par l&rsquo;association ECHO-MER.<\/p>\n\n\n\n<p><br>Ils ont parcouru les quais et les zones environnantes, ramassant des bouteilles en plastique, des emballages et d&rsquo;autres d\u00e9chets laiss\u00e9s par les passants ou rejet\u00e9s par la mer. \u00c9quip\u00e9s d&rsquo;\u00e9puisettes et de sacs poubelles fournis par l&rsquo;association, ils ont contribu\u00e9 \u00e0 rendre le port plus propre et \u00e0 sensibiliser les passants \u00e0 l&rsquo;importance de pr\u00e9server notre environnement. \ud83c\udf0d<\/p>\n\n\n\n<p><br>Un grand merci \u00e0 l&rsquo;association Echo-Mer pour cette belle action! \ud83d\udc4f<\/p>\n\n\n\n<figure class=\"wp-block-embed is-type-video is-provider-youtube wp-block-embed-youtube wp-embed-aspect-16-9 wp-has-aspect-ratio\"><div class=\"wp-block-embed__wrapper\">\n<iframe loading=\"lazy\" title=\"Ramassage de d\u00e9chets sur le port de La Rochelle avec l&#039;association Echo-Mer \ud83c\udf0a\" width=\"500\" height=\"281\" src=\"https:\/\/www.youtube.com\/embed\/TanSRruUNBk?feature=oembed\" frameborder=\"0\" allow=\"accelerometer; autoplay; clipboard-write; encrypted-media; gyroscope; picture-in-picture; web-share\" referrerpolicy=\"strict-origin-when-cross-origin\" allowfullscreen><\/iframe>\n<\/div><\/figure>\n","protected":false},"excerpt":{"rendered":"<p>Le vendredi 17 mai apr\u00e8s-midi, Lea Girodolle et \u00c9milien Bertsch se sont rendus sur le port de La Rochelle pour participer \u00e0 une op\u00e9ration de ramassage de d\u00e9chets organis\u00e9e par l&rsquo;association ECHO-MER. Ils ont parcouru les quais et les zones environnantes, ramassant des bouteilles en plastique, des emballages et d&rsquo;autres d\u00e9chets laiss\u00e9s par les passants [&hellip;]<\/p>\n","protected":false},"author":6,"featured_media":1383,"comment_status":"closed","ping_status":"closed","sticky":false,"template":"","format":"standard","meta":{"_acf_changed":false,"inline_featured_image":false,"ghostkit_customizer_options":"","ghostkit_custom_css":"","ghostkit_custom_js_head":"","ghostkit_custom_js_foot":"","ghostkit_typography":"","footnotes":""},"categories":[2],"tags":[],"class_list":["post-1382","post","type-post","status-publish","format-standard","has-post-thumbnail","hentry","category-non-classifie"],"acf":[],"yoast_head":"<!-- This site is optimized with the Yoast SEO plugin v24.9 - https:\/\/yoast.com\/wordpress\/plugins\/seo\/ -->\n<title>[C\u00f4te \u00e0 C\u00f4te] Nettoyage du port de La Rochelle avec l&#039;association Echo-Mer \ud83c\udf0a - Preventraide - Conseils Pr\u00e9vention<\/title>\n<meta name=\"robots\" content=\"index, follow, max-snippet:-1, max-image-preview:large, max-video-preview:-1\" \/>\n<link rel=\"canonical\" href=\"https:\/\/www.preventraide.fr\/contenus\/actualites\/cote-a-cote-nettoyage-du-port-de-la-rochelle-avec-lassociation-echo-mer-\ud83c\udf0a\/\" \/>\n<meta property=\"og:locale\" content=\"fr_FR\" \/>\n<meta property=\"og:type\" content=\"article\" \/>\n<meta property=\"og:title\" content=\"[C\u00f4te \u00e0 C\u00f4te] Nettoyage du port de La Rochelle avec l&#039;association Echo-Mer \ud83c\udf0a - Preventraide - Conseils Pr\u00e9vention\" \/>\n<meta property=\"og:description\" content=\"Le vendredi 17 mai apr\u00e8s-midi, Lea Girodolle et \u00c9milien Bertsch se sont rendus sur le port de La Rochelle pour participer \u00e0 une op\u00e9ration de ramassage de d\u00e9chets organis\u00e9e par l&rsquo;association ECHO-MER. Ils ont parcouru les quais et les zones environnantes, ramassant des bouteilles en plastique, des emballages et d&rsquo;autres d\u00e9chets laiss\u00e9s par les passants [&hellip;]\" \/>\n<meta property=\"og:url\" content=\"https:\/\/www.preventraide.fr\/contenus\/actualites\/cote-a-cote-nettoyage-du-port-de-la-rochelle-avec-lassociation-echo-mer-\ud83c\udf0a\/\" \/>\n<meta property=\"og:site_name\" content=\"Preventraide - Conseils Pr\u00e9vention\" \/>\n<meta property=\"article:published_time\" content=\"2024-05-21T07:58:12+00:00\" \/>\n<meta property=\"og:image\" content=\"https:\/\/www.preventraide.fr\/contenus\/app\/uploads\/2024\/05\/VIgnette-reel-insta-3-576x1024.png\" \/>\n\t<meta property=\"og:image:width\" content=\"576\" \/>\n\t<meta property=\"og:image:height\" content=\"1024\" \/>\n\t<meta property=\"og:image:type\" content=\"image\/png\" \/>\n<meta name=\"author\" content=\"Camille Jagueneau\" \/>\n<meta name=\"twitter:card\" content=\"summary_large_image\" \/>\n<meta name=\"twitter:label1\" content=\"Written by\" \/>\n\t<meta name=\"twitter:data1\" content=\"Camille Jagueneau\" \/>\n\t<meta name=\"twitter:label2\" content=\"Est. reading time\" \/>\n\t<meta name=\"twitter:data2\" content=\"1 minute\" \/>\n<script type=\"application\/ld+json\" class=\"yoast-schema-graph\">{\"@context\":\"https:\/\/schema.org\",\"@graph\":[{\"@type\":\"WebPage\",\"@id\":\"https:\/\/www.preventraide.fr\/contenus\/actualites\/cote-a-cote-nettoyage-du-port-de-la-rochelle-avec-lassociation-echo-mer-%f0%9f%8c%8a\/\",\"url\":\"https:\/\/www.preventraide.fr\/contenus\/actualites\/cote-a-cote-nettoyage-du-port-de-la-rochelle-avec-lassociation-echo-mer-%f0%9f%8c%8a\/\",\"name\":\"[C\u00f4te \u00e0 C\u00f4te] Nettoyage du port de La Rochelle avec l'association Echo-Mer \ud83c\udf0a - Preventraide - Conseils Pr\u00e9vention\",\"isPartOf\":{\"@id\":\"https:\/\/www.preventraide.fr\/contenus\/#website\"},\"primaryImageOfPage\":{\"@id\":\"https:\/\/www.preventraide.fr\/contenus\/actualites\/cote-a-cote-nettoyage-du-port-de-la-rochelle-avec-lassociation-echo-mer-%f0%9f%8c%8a\/#primaryimage\"},\"image\":{\"@id\":\"https:\/\/www.preventraide.fr\/contenus\/actualites\/cote-a-cote-nettoyage-du-port-de-la-rochelle-avec-lassociation-echo-mer-%f0%9f%8c%8a\/#primaryimage\"},\"thumbnailUrl\":\"https:\/\/www.preventraide.fr\/contenus\/app\/uploads\/2024\/05\/VIgnette-reel-insta-3.png\",\"datePublished\":\"2024-05-21T07:58:12+00:00\",\"author\":{\"@id\":\"https:\/\/www.preventraide.fr\/contenus\/#\/schema\/person\/610d5b148158ad8b26a57ee3481784b9\"},\"breadcrumb\":{\"@id\":\"https:\/\/www.preventraide.fr\/contenus\/actualites\/cote-a-cote-nettoyage-du-port-de-la-rochelle-avec-lassociation-echo-mer-%f0%9f%8c%8a\/#breadcrumb\"},\"inLanguage\":\"fr-FR\",\"potentialAction\":[{\"@type\":\"ReadAction\",\"target\":[\"https:\/\/www.preventraide.fr\/contenus\/actualites\/cote-a-cote-nettoyage-du-port-de-la-rochelle-avec-lassociation-echo-mer-%f0%9f%8c%8a\/\"]}]},{\"@type\":\"ImageObject\",\"inLanguage\":\"fr-FR\",\"@id\":\"https:\/\/www.preventraide.fr\/contenus\/actualites\/cote-a-cote-nettoyage-du-port-de-la-rochelle-avec-lassociation-echo-mer-%f0%9f%8c%8a\/#primaryimage\",\"url\":\"https:\/\/www.preventraide.fr\/contenus\/app\/uploads\/2024\/05\/VIgnette-reel-insta-3.png\",\"contentUrl\":\"https:\/\/www.preventraide.fr\/contenus\/app\/uploads\/2024\/05\/VIgnette-reel-insta-3.png\",\"width\":1080,\"height\":1920},{\"@type\":\"BreadcrumbList\",\"@id\":\"https:\/\/www.preventraide.fr\/contenus\/actualites\/cote-a-cote-nettoyage-du-port-de-la-rochelle-avec-lassociation-echo-mer-%f0%9f%8c%8a\/#breadcrumb\",\"itemListElement\":[{\"@type\":\"ListItem\",\"position\":1,\"name\":\"Accueil\",\"item\":\"https:\/\/www.preventraide.fr\"},{\"@type\":\"ListItem\",\"position\":2,\"name\":\"[C\u00f4te \u00e0 C\u00f4te] Nettoyage du port de La Rochelle avec l&rsquo;association Echo-Mer \ud83c\udf0a\"}]},{\"@type\":\"WebSite\",\"@id\":\"https:\/\/www.preventraide.fr\/contenus\/#website\",\"url\":\"https:\/\/www.preventraide.fr\/contenus\/\",\"name\":\"Preventraide\",\"description\":\"\",\"potentialAction\":[{\"@type\":\"SearchAction\",\"target\":{\"@type\":\"EntryPoint\",\"urlTemplate\":\"https:\/\/www.preventraide.fr\/contenus\/?s={search_term_string}\"},\"query-input\":{\"@type\":\"PropertyValueSpecification\",\"valueRequired\":true,\"valueName\":\"search_term_string\"}}],\"inLanguage\":\"fr-FR\"},{\"@type\":\"Person\",\"@id\":\"https:\/\/www.preventraide.fr\/contenus\/#\/schema\/person\/610d5b148158ad8b26a57ee3481784b9\",\"name\":\"Camille Jagueneau\",\"image\":{\"@type\":\"ImageObject\",\"inLanguage\":\"fr-FR\",\"@id\":\"https:\/\/www.preventraide.fr\/contenus\/#\/schema\/person\/image\/\",\"url\":\"https:\/\/secure.gravatar.com\/avatar\/3a79d305b8d74191fb30dfe16bb61532d97fe378fbea0c1b02acebf1deb00e68?s=96&d=mm&r=g\",\"contentUrl\":\"https:\/\/secure.gravatar.com\/avatar\/3a79d305b8d74191fb30dfe16bb61532d97fe378fbea0c1b02acebf1deb00e68?s=96&d=mm&r=g\",\"caption\":\"Camille Jagueneau\"}}]}<\/script>\n<!-- \/ Yoast SEO plugin. -->","yoast_head_json":{"title":"[C\u00f4te \u00e0 C\u00f4te] Nettoyage du port de La Rochelle avec l'association Echo-Mer \ud83c\udf0a - Preventraide - Conseils Pr\u00e9vention","robots":{"index":"index","follow":"follow","max-snippet":"max-snippet:-1","max-image-preview":"max-image-preview:large","max-video-preview":"max-video-preview:-1"},"canonical":"https:\/\/www.preventraide.fr\/contenus\/actualites\/cote-a-cote-nettoyage-du-port-de-la-rochelle-avec-lassociation-echo-mer-\ud83c\udf0a\/","og_locale":"fr_FR","og_type":"article","og_title":"[C\u00f4te \u00e0 C\u00f4te] Nettoyage du port de La Rochelle avec l'association Echo-Mer \ud83c\udf0a - Preventraide - Conseils Pr\u00e9vention","og_description":"Le vendredi 17 mai apr\u00e8s-midi, Lea Girodolle et \u00c9milien Bertsch se sont rendus sur le port de La Rochelle pour participer \u00e0 une op\u00e9ration de ramassage de d\u00e9chets organis\u00e9e par l&rsquo;association ECHO-MER. Ils ont parcouru les quais et les zones environnantes, ramassant des bouteilles en plastique, des emballages et d&rsquo;autres d\u00e9chets laiss\u00e9s par les passants [&hellip;]","og_url":"https:\/\/www.preventraide.fr\/contenus\/actualites\/cote-a-cote-nettoyage-du-port-de-la-rochelle-avec-lassociation-echo-mer-\ud83c\udf0a\/","og_site_name":"Preventraide - Conseils Pr\u00e9vention","article_published_time":"2024-05-21T07:58:12+00:00","og_image":[{"width":576,"height":1024,"url":"https:\/\/www.preventraide.fr\/contenus\/app\/uploads\/2024\/05\/VIgnette-reel-insta-3-576x1024.png","type":"image\/png"}],"author":"Camille Jagueneau","twitter_card":"summary_large_image","twitter_misc":{"Written by":"Camille Jagueneau","Est. reading time":"1 minute"},"schema":{"@context":"https:\/\/schema.org","@graph":[{"@type":"WebPage","@id":"https:\/\/www.preventraide.fr\/contenus\/actualites\/cote-a-cote-nettoyage-du-port-de-la-rochelle-avec-lassociation-echo-mer-%f0%9f%8c%8a\/","url":"https:\/\/www.preventraide.fr\/contenus\/actualites\/cote-a-cote-nettoyage-du-port-de-la-rochelle-avec-lassociation-echo-mer-%f0%9f%8c%8a\/","name":"[C\u00f4te \u00e0 C\u00f4te] Nettoyage du port de La Rochelle avec l'association Echo-Mer \ud83c\udf0a - Preventraide - Conseils Pr\u00e9vention","isPartOf":{"@id":"https:\/\/www.preventraide.fr\/contenus\/#website"},"primaryImageOfPage":{"@id":"https:\/\/www.preventraide.fr\/contenus\/actualites\/cote-a-cote-nettoyage-du-port-de-la-rochelle-avec-lassociation-echo-mer-%f0%9f%8c%8a\/#primaryimage"},"image":{"@id":"https:\/\/www.preventraide.fr\/contenus\/actualites\/cote-a-cote-nettoyage-du-port-de-la-rochelle-avec-lassociation-echo-mer-%f0%9f%8c%8a\/#primaryimage"},"thumbnailUrl":"https:\/\/www.preventraide.fr\/contenus\/app\/uploads\/2024\/05\/VIgnette-reel-insta-3.png","datePublished":"2024-05-21T07:58:12+00:00","author":{"@id":"https:\/\/www.preventraide.fr\/contenus\/#\/schema\/person\/610d5b148158ad8b26a57ee3481784b9"},"breadcrumb":{"@id":"https:\/\/www.preventraide.fr\/contenus\/actualites\/cote-a-cote-nettoyage-du-port-de-la-rochelle-avec-lassociation-echo-mer-%f0%9f%8c%8a\/#breadcrumb"},"inLanguage":"fr-FR","potentialAction":[{"@type":"ReadAction","target":["https:\/\/www.preventraide.fr\/contenus\/actualites\/cote-a-cote-nettoyage-du-port-de-la-rochelle-avec-lassociation-echo-mer-%f0%9f%8c%8a\/"]}]},{"@type":"ImageObject","inLanguage":"fr-FR","@id":"https:\/\/www.preventraide.fr\/contenus\/actualites\/cote-a-cote-nettoyage-du-port-de-la-rochelle-avec-lassociation-echo-mer-%f0%9f%8c%8a\/#primaryimage","url":"https:\/\/www.preventraide.fr\/contenus\/app\/uploads\/2024\/05\/VIgnette-reel-insta-3.png","contentUrl":"https:\/\/www.preventraide.fr\/contenus\/app\/uploads\/2024\/05\/VIgnette-reel-insta-3.png","width":1080,"height":1920},{"@type":"BreadcrumbList","@id":"https:\/\/www.preventraide.fr\/contenus\/actualites\/cote-a-cote-nettoyage-du-port-de-la-rochelle-avec-lassociation-echo-mer-%f0%9f%8c%8a\/#breadcrumb","itemListElement":[{"@type":"ListItem","position":1,"name":"Accueil","item":"https:\/\/www.preventraide.fr"},{"@type":"ListItem","position":2,"name":"[C\u00f4te \u00e0 C\u00f4te] Nettoyage du port de La Rochelle avec l&rsquo;association Echo-Mer \ud83c\udf0a"}]},{"@type":"WebSite","@id":"https:\/\/www.preventraide.fr\/contenus\/#website","url":"https:\/\/www.preventraide.fr\/contenus\/","name":"Preventraide","description":"","potentialAction":[{"@type":"SearchAction","target":{"@type":"EntryPoint","urlTemplate":"https:\/\/www.preventraide.fr\/contenus\/?s={search_term_string}"},"query-input":{"@type":"PropertyValueSpecification","valueRequired":true,"valueName":"search_term_string"}}],"inLanguage":"fr-FR"},{"@type":"Person","@id":"https:\/\/www.preventraide.fr\/contenus\/#\/schema\/person\/610d5b148158ad8b26a57ee3481784b9","name":"Camille Jagueneau","image":{"@type":"ImageObject","inLanguage":"fr-FR","@id":"https:\/\/www.preventraide.fr\/contenus\/#\/schema\/person\/image\/","url":"https:\/\/secure.gravatar.com\/avatar\/3a79d305b8d74191fb30dfe16bb61532d97fe378fbea0c1b02acebf1deb00e68?s=96&d=mm&r=g","contentUrl":"https:\/\/secure.gravatar.com\/avatar\/3a79d305b8d74191fb30dfe16bb61532d97fe378fbea0c1b02acebf1deb00e68?s=96&d=mm&r=g","caption":"Camille Jagueneau"}}]}},"_links":{"self":[{"href":"https:\/\/www.preventraide.fr\/contenus\/wp-json\/wp\/v2\/posts\/1382","targetHints":{"allow":["GET"]}}],"collection":[{"href":"https:\/\/www.preventraide.fr\/contenus\/wp-json\/wp\/v2\/posts"}],"about":[{"href":"https:\/\/www.preventraide.fr\/contenus\/wp-json\/wp\/v2\/types\/post"}],"author":[{"embeddable":true,"href":"https:\/\/www.preventraide.fr\/contenus\/wp-json\/wp\/v2\/users\/6"}],"replies":[{"embeddable":true,"href":"https:\/\/www.preventraide.fr\/contenus\/wp-json\/wp\/v2\/comments?post=1382"}],"version-history":[{"count":0,"href":"https:\/\/www.preventraide.fr\/contenus\/wp-json\/wp\/v2\/posts\/1382\/revisions"}],"wp:featuredmedia":[{"embeddable":true,"href":"https:\/\/www.preventraide.fr\/contenus\/wp-json\/wp\/v2\/media\/1383"}],"wp:attachment":[{"href":"https:\/\/www.preventraide.fr\/contenus\/wp-json\/wp\/v2\/media?parent=1382"}],"wp:term":[{"taxonomy":"category","embeddable":true,"href":"https:\/\/www.preventraide.fr\/contenus\/wp-json\/wp\/v2\/categories?post=1382"},{"taxonomy":"post_tag","embeddable":true,"href":"https:\/\/www.preventraide.fr\/contenus\/wp-json\/wp\/v2\/tags?post=1382"}],"curies":[{"name":"wp","href":"https:\/\/api.w.org\/{rel}","templated":true}]}}