{"id":1385,"date":"2024-05-22T15:53:44","date_gmt":"2024-05-22T13:53:44","guid":{"rendered":"https:\/\/www.preventraide.fr\/contenus\/?p=1385"},"modified":"2024-05-22T15:53:44","modified_gmt":"2024-05-22T13:53:44","slug":"printemps-du-climat-a-mulhouse","status":"publish","type":"post","link":"https:\/\/www.preventraide.fr\/contenus\/actualites\/printemps-du-climat-a-mulhouse\/","title":{"rendered":"Printemps du Climat \u00e0 Mulhouse"},"content":{"rendered":"\n<p>Dans un monde confront\u00e9 \u00e0 une crise climatique, il est imp\u00e9ratif d\u2019agir ensemble pour prot\u00e9ger notre plan\u00e8te. C\u2019est pourquoi l\u2019association Pr\u00e9vention MAIF vous invite \u00e0 participer au Printemps du Climat \u00e0 Mulhouse, un \u00e9v\u00e9nement unique et engageant qui donne \u00e0 chacun la possibilit\u00e9 de s\u2019impliquer dans des actions en faveur de l\u2019environnement.<\/p>\n\n\n\n<p><strong>Informations Pratiques<\/strong><br>\ud83d\udcc5 Date : Samedi 1er juin 2024<br>\ud83d\udd57 Horaires : 10h \u2013 18h<br>\ud83d\udccd Lieu : La Fonderie, 16 rue de la Fonderie, 68100 Mulhouse<\/p>\n\n\n\n<p>En partenariat avec la Mulhouse Alsace Agglom\u00e9ration et la ville de Mulhouse, le Printemps du Climat s\u2019inscrit pleinement dans le plan climat local.<\/p>\n\n\n\n<div class=\"wp-block-image\"><figure class=\"alignleft size-large is-resized\"><img loading=\"lazy\" decoding=\"async\" src=\"https:\/\/www.preventraide.fr\/contenus\/app\/uploads\/2024\/05\/Printemps-du-clminat-Mulhouse-Banniere-300x600px_Plan-de-travail-1-512x1024.png\" alt=\"\" class=\"wp-image-1386\" width=\"583\" height=\"1165\" srcset=\"https:\/\/www.preventraide.fr\/contenus\/app\/uploads\/2024\/05\/Printemps-du-clminat-Mulhouse-Banniere-300x600px_Plan-de-travail-1-512x1024.png 512w, https:\/\/www.preventraide.fr\/contenus\/app\/uploads\/2024\/05\/Printemps-du-clminat-Mulhouse-Banniere-300x600px_Plan-de-travail-1-150x300.png 150w, https:\/\/www.preventraide.fr\/contenus\/app\/uploads\/2024\/05\/Printemps-du-clminat-Mulhouse-Banniere-300x600px_Plan-de-travail-1.png 625w\" sizes=\"auto, (max-width: 583px) 100vw, 583px\" \/><\/figure><\/div>\n\n\n\n<p class=\"has-white-color has-blue-background-color has-text-color has-background\"><strong>PROGRAMME<\/strong><\/p>\n\n\n\n<p class=\"has-red-color has-text-color\"><strong>Sensibilisation et Actions<\/strong><\/p>\n\n\n\n<p><strong>SIVOM Mulhouse Sud Alsace\u00a0<\/strong>: D\u00e9couvrez un espace d\u00e9di\u00e9 \u00e0 la sensibilisation aux gestes de tri et au devenir des d\u00e9chets apr\u00e8s tri.<\/p>\n\n\n\n<p><strong>Arboriculteurs et Apiculteurs de Kingersheim\u00a0<\/strong>: Envie d\u2019en savoir plus sur la vie des abeilles ? Venez rencontrer les arboriculteurs et apiculteurs de Kingersheim.<\/p>\n\n\n\n<p><strong>LE RELAIS EST<\/strong>\u00a0: Participez \u00e0 un atelier z\u00e9ro d\u00e9chet pour coudre une pochette multi-usages \u00e0 partir de tissus recycl\u00e9s (Horaires : 9h-12h \/ 13h30-17h).<\/p>\n\n\n\n<p class=\"has-red-color has-text-color\"><strong>Ateliers et Stands Interactifs<\/strong><\/p>\n\n\n\n<p><strong>Alter Alsace Energies\u00a0<\/strong>: Participez \u00e0 des ateliers participatifs et ludiques sur les enjeux \u00e9nerg\u00e9tiques actuels :<\/p>\n\n\n\n<ul class=\"wp-block-list\"><li>Th\u00e8me \u00e9lectricit\u00e9 : \u00e0 10h, 12h et 14h30<\/li><li>Th\u00e8me eau : \u00e0 10h30, 13h et 15h<\/li><li>Th\u00e8me lutte contre les surchauffes estivales : 11h et 13h30<\/li><li>Th\u00e8me chauffage : 11h30 et 14h<\/li><\/ul>\n\n\n\n<p><strong>Hop La Transition :<\/strong>\u00a0Association citoyenne engag\u00e9e pour pr\u00e9server les conditions d\u2019habitabilit\u00e9 de la Terre, pr\u00e9sente le matin pour sensibiliser aux enjeux environnementaux actuels.<\/p>\n\n\n\n<p><strong>The Shifters<\/strong>\u00a0: Sensibilisation g\u00e9n\u00e9rale \u00e0 la d\u00e9carbonation avec un atelier d\u00e9couverte des enjeux climatiques.<\/p>\n\n\n\n<p class=\"has-red-color has-text-color\"><strong>D\u00e9couvertes et Initiatives Locales<\/strong><\/p>\n\n\n\n<p><strong>Lacit\u00e9dur\u00e9emploi.recyclerie\u00a0<\/strong>: Apprenez \u00e0 entretenir et \u00e0 autor\u00e9parer votre v\u00e9lo.<\/p>\n\n\n\n<p><strong>LPO\u00a0<\/strong>: Participez \u00e0 une balade d\u2019observation des oiseaux \u00e0 la coul\u00e9e verte de l\u2019Ill entre 10h et 15h.<\/p>\n\n\n\n<p><strong>La Cigogne<\/strong>\u00a0: D\u00e9couvrez la monnaie locale du Haut-Rhin et son \u00e9cosyst\u00e8me coop\u00e9ratif qui soutient les acteurs locaux et favorise la solidarit\u00e9.<\/p>\n\n\n\n<p class=\"has-red-color has-text-color\"><strong>Activit\u00e9s Ludiques et \u00c9ducatives<\/strong><\/p>\n\n\n\n<p><strong>EPICES\u00a0<\/strong>: Atelier de cuisine locale et responsable.<\/p>\n\n\n\n<p><strong>La Brigade Verte<\/strong>\u00a0: Balades sur le site des Berges de l\u2019Ill (environ 1h15\/1h30) pour d\u00e9couvrir la protection de la nature en ville et le m\u00e9tier de garde champ\u00eatre.<\/p>\n\n\n\n<p><strong>Gr\u00e9gory Ba\u00efotto\u00a0<\/strong>: Vivez des animations interactives sur l\u2019\u00e9cologie solidaire avec des questions et t\u00e9moignages qui s\u2019essaiment dans l\u2019espace public.<\/p>\n\n\n\n<p><\/p>\n\n\n\n<p>Le Printemps du Climat est une opportunit\u00e9 unique de se mobiliser pour notre plan\u00e8te tout en participant \u00e0 des activit\u00e9s enrichissantes et \u00e9ducatives. Rejoignez-nous le 1er juin \u00e0 Mulhouse pour contribuer \u00e0 un avenir durable.<\/p>\n\n\n\n<p>Nous vous attendons nombreux!<\/p>\n","protected":false},"excerpt":{"rendered":"<p>Dans un monde confront\u00e9 \u00e0 une crise climatique, il est imp\u00e9ratif d\u2019agir ensemble pour prot\u00e9ger notre plan\u00e8te. C\u2019est pourquoi l\u2019association Pr\u00e9vention MAIF vous invite \u00e0 participer au Printemps du Climat \u00e0 Mulhouse, un \u00e9v\u00e9nement unique et engageant qui donne \u00e0 chacun la possibilit\u00e9 de s\u2019impliquer dans des actions en faveur de l\u2019environnement. Informations Pratiques\ud83d\udcc5 Date [&hellip;]<\/p>\n","protected":false},"author":6,"featured_media":1387,"comment_status":"closed","ping_status":"closed","sticky":false,"template":"","format":"standard","meta":{"_acf_changed":false,"inline_featured_image":false,"ghostkit_customizer_options":"","ghostkit_custom_css":"","ghostkit_custom_js_head":"","ghostkit_custom_js_foot":"","ghostkit_typography":"","footnotes":""},"categories":[2],"tags":[],"class_list":["post-1385","post","type-post","status-publish","format-standard","has-post-thumbnail","hentry","category-non-classifie"],"acf":[],"yoast_head":"<!-- This site is optimized with the Yoast SEO plugin v24.9 - https:\/\/yoast.com\/wordpress\/plugins\/seo\/ -->\n<title>Printemps du Climat \u00e0 Mulhouse - Preventraide - Conseils Pr\u00e9vention<\/title>\n<meta name=\"robots\" content=\"index, follow, max-snippet:-1, max-image-preview:large, max-video-preview:-1\" \/>\n<link rel=\"canonical\" href=\"https:\/\/www.preventraide.fr\/contenus\/actualites\/printemps-du-climat-a-mulhouse\/\" \/>\n<meta property=\"og:locale\" content=\"fr_FR\" \/>\n<meta property=\"og:type\" content=\"article\" \/>\n<meta property=\"og:title\" content=\"Printemps du Climat \u00e0 Mulhouse - Preventraide - Conseils Pr\u00e9vention\" \/>\n<meta property=\"og:description\" content=\"Dans un monde confront\u00e9 \u00e0 une crise climatique, il est imp\u00e9ratif d\u2019agir ensemble pour prot\u00e9ger notre plan\u00e8te. C\u2019est pourquoi l\u2019association Pr\u00e9vention MAIF vous invite \u00e0 participer au Printemps du Climat \u00e0 Mulhouse, un \u00e9v\u00e9nement unique et engageant qui donne \u00e0 chacun la possibilit\u00e9 de s\u2019impliquer dans des actions en faveur de l\u2019environnement. Informations Pratiques\ud83d\udcc5 Date [&hellip;]\" \/>\n<meta property=\"og:url\" content=\"https:\/\/www.preventraide.fr\/contenus\/actualites\/printemps-du-climat-a-mulhouse\/\" \/>\n<meta property=\"og:site_name\" content=\"Preventraide - Conseils Pr\u00e9vention\" \/>\n<meta property=\"article:published_time\" content=\"2024-05-22T13:53:44+00:00\" \/>\n<meta property=\"og:image\" content=\"https:\/\/www.preventraide.fr\/contenus\/app\/uploads\/2024\/05\/Printemps-du-clminat-Mulhouse-Banniere-320x250px_Plan-de-travail-1.png\" \/>\n\t<meta property=\"og:image:width\" content=\"667\" \/>\n\t<meta property=\"og:image:height\" content=\"521\" \/>\n\t<meta property=\"og:image:type\" content=\"image\/png\" \/>\n<meta name=\"author\" content=\"Camille Jagueneau\" \/>\n<meta name=\"twitter:card\" content=\"summary_large_image\" \/>\n<meta name=\"twitter:label1\" content=\"Written by\" \/>\n\t<meta name=\"twitter:data1\" content=\"Camille Jagueneau\" \/>\n\t<meta name=\"twitter:label2\" content=\"Est. reading time\" \/>\n\t<meta name=\"twitter:data2\" content=\"2 minutes\" \/>\n<script type=\"application\/ld+json\" class=\"yoast-schema-graph\">{\"@context\":\"https:\/\/schema.org\",\"@graph\":[{\"@type\":\"WebPage\",\"@id\":\"https:\/\/www.preventraide.fr\/contenus\/actualites\/printemps-du-climat-a-mulhouse\/\",\"url\":\"https:\/\/www.preventraide.fr\/contenus\/actualites\/printemps-du-climat-a-mulhouse\/\",\"name\":\"Printemps du Climat \u00e0 Mulhouse - Preventraide - Conseils Pr\u00e9vention\",\"isPartOf\":{\"@id\":\"https:\/\/www.preventraide.fr\/contenus\/#website\"},\"primaryImageOfPage\":{\"@id\":\"https:\/\/www.preventraide.fr\/contenus\/actualites\/printemps-du-climat-a-mulhouse\/#primaryimage\"},\"image\":{\"@id\":\"https:\/\/www.preventraide.fr\/contenus\/actualites\/printemps-du-climat-a-mulhouse\/#primaryimage\"},\"thumbnailUrl\":\"https:\/\/www.preventraide.fr\/contenus\/app\/uploads\/2024\/05\/Printemps-du-clminat-Mulhouse-Banniere-320x250px_Plan-de-travail-1.png\",\"datePublished\":\"2024-05-22T13:53:44+00:00\",\"author\":{\"@id\":\"https:\/\/www.preventraide.fr\/contenus\/#\/schema\/person\/610d5b148158ad8b26a57ee3481784b9\"},\"breadcrumb\":{\"@id\":\"https:\/\/www.preventraide.fr\/contenus\/actualites\/printemps-du-climat-a-mulhouse\/#breadcrumb\"},\"inLanguage\":\"fr-FR\",\"potentialAction\":[{\"@type\":\"ReadAction\",\"target\":[\"https:\/\/www.preventraide.fr\/contenus\/actualites\/printemps-du-climat-a-mulhouse\/\"]}]},{\"@type\":\"ImageObject\",\"inLanguage\":\"fr-FR\",\"@id\":\"https:\/\/www.preventraide.fr\/contenus\/actualites\/printemps-du-climat-a-mulhouse\/#primaryimage\",\"url\":\"https:\/\/www.preventraide.fr\/contenus\/app\/uploads\/2024\/05\/Printemps-du-clminat-Mulhouse-Banniere-320x250px_Plan-de-travail-1.png\",\"contentUrl\":\"https:\/\/www.preventraide.fr\/contenus\/app\/uploads\/2024\/05\/Printemps-du-clminat-Mulhouse-Banniere-320x250px_Plan-de-travail-1.png\",\"width\":667,\"height\":521},{\"@type\":\"BreadcrumbList\",\"@id\":\"https:\/\/www.preventraide.fr\/contenus\/actualites\/printemps-du-climat-a-mulhouse\/#breadcrumb\",\"itemListElement\":[{\"@type\":\"ListItem\",\"position\":1,\"name\":\"Accueil\",\"item\":\"https:\/\/www.preventraide.fr\"},{\"@type\":\"ListItem\",\"position\":2,\"name\":\"Printemps du Climat \u00e0 Mulhouse\"}]},{\"@type\":\"WebSite\",\"@id\":\"https:\/\/www.preventraide.fr\/contenus\/#website\",\"url\":\"https:\/\/www.preventraide.fr\/contenus\/\",\"name\":\"Preventraide\",\"description\":\"\",\"potentialAction\":[{\"@type\":\"SearchAction\",\"target\":{\"@type\":\"EntryPoint\",\"urlTemplate\":\"https:\/\/www.preventraide.fr\/contenus\/?s={search_term_string}\"},\"query-input\":{\"@type\":\"PropertyValueSpecification\",\"valueRequired\":true,\"valueName\":\"search_term_string\"}}],\"inLanguage\":\"fr-FR\"},{\"@type\":\"Person\",\"@id\":\"https:\/\/www.preventraide.fr\/contenus\/#\/schema\/person\/610d5b148158ad8b26a57ee3481784b9\",\"name\":\"Camille Jagueneau\",\"image\":{\"@type\":\"ImageObject\",\"inLanguage\":\"fr-FR\",\"@id\":\"https:\/\/www.preventraide.fr\/contenus\/#\/schema\/person\/image\/\",\"url\":\"https:\/\/secure.gravatar.com\/avatar\/3a79d305b8d74191fb30dfe16bb61532d97fe378fbea0c1b02acebf1deb00e68?s=96&d=mm&r=g\",\"contentUrl\":\"https:\/\/secure.gravatar.com\/avatar\/3a79d305b8d74191fb30dfe16bb61532d97fe378fbea0c1b02acebf1deb00e68?s=96&d=mm&r=g\",\"caption\":\"Camille Jagueneau\"}}]}<\/script>\n<!-- \/ Yoast SEO plugin. -->","yoast_head_json":{"title":"Printemps du Climat \u00e0 Mulhouse - Preventraide - Conseils Pr\u00e9vention","robots":{"index":"index","follow":"follow","max-snippet":"max-snippet:-1","max-image-preview":"max-image-preview:large","max-video-preview":"max-video-preview:-1"},"canonical":"https:\/\/www.preventraide.fr\/contenus\/actualites\/printemps-du-climat-a-mulhouse\/","og_locale":"fr_FR","og_type":"article","og_title":"Printemps du Climat \u00e0 Mulhouse - Preventraide - Conseils Pr\u00e9vention","og_description":"Dans un monde confront\u00e9 \u00e0 une crise climatique, il est imp\u00e9ratif d\u2019agir ensemble pour prot\u00e9ger notre plan\u00e8te. C\u2019est pourquoi l\u2019association Pr\u00e9vention MAIF vous invite \u00e0 participer au Printemps du Climat \u00e0 Mulhouse, un \u00e9v\u00e9nement unique et engageant qui donne \u00e0 chacun la possibilit\u00e9 de s\u2019impliquer dans des actions en faveur de l\u2019environnement. Informations Pratiques\ud83d\udcc5 Date [&hellip;]","og_url":"https:\/\/www.preventraide.fr\/contenus\/actualites\/printemps-du-climat-a-mulhouse\/","og_site_name":"Preventraide - Conseils Pr\u00e9vention","article_published_time":"2024-05-22T13:53:44+00:00","og_image":[{"width":667,"height":521,"url":"https:\/\/www.preventraide.fr\/contenus\/app\/uploads\/2024\/05\/Printemps-du-clminat-Mulhouse-Banniere-320x250px_Plan-de-travail-1.png","type":"image\/png"}],"author":"Camille Jagueneau","twitter_card":"summary_large_image","twitter_misc":{"Written by":"Camille Jagueneau","Est. reading time":"2 minutes"},"schema":{"@context":"https:\/\/schema.org","@graph":[{"@type":"WebPage","@id":"https:\/\/www.preventraide.fr\/contenus\/actualites\/printemps-du-climat-a-mulhouse\/","url":"https:\/\/www.preventraide.fr\/contenus\/actualites\/printemps-du-climat-a-mulhouse\/","name":"Printemps du Climat \u00e0 Mulhouse - Preventraide - Conseils Pr\u00e9vention","isPartOf":{"@id":"https:\/\/www.preventraide.fr\/contenus\/#website"},"primaryImageOfPage":{"@id":"https:\/\/www.preventraide.fr\/contenus\/actualites\/printemps-du-climat-a-mulhouse\/#primaryimage"},"image":{"@id":"https:\/\/www.preventraide.fr\/contenus\/actualites\/printemps-du-climat-a-mulhouse\/#primaryimage"},"thumbnailUrl":"https:\/\/www.preventraide.fr\/contenus\/app\/uploads\/2024\/05\/Printemps-du-clminat-Mulhouse-Banniere-320x250px_Plan-de-travail-1.png","datePublished":"2024-05-22T13:53:44+00:00","author":{"@id":"https:\/\/www.preventraide.fr\/contenus\/#\/schema\/person\/610d5b148158ad8b26a57ee3481784b9"},"breadcrumb":{"@id":"https:\/\/www.preventraide.fr\/contenus\/actualites\/printemps-du-climat-a-mulhouse\/#breadcrumb"},"inLanguage":"fr-FR","potentialAction":[{"@type":"ReadAction","target":["https:\/\/www.preventraide.fr\/contenus\/actualites\/printemps-du-climat-a-mulhouse\/"]}]},{"@type":"ImageObject","inLanguage":"fr-FR","@id":"https:\/\/www.preventraide.fr\/contenus\/actualites\/printemps-du-climat-a-mulhouse\/#primaryimage","url":"https:\/\/www.preventraide.fr\/contenus\/app\/uploads\/2024\/05\/Printemps-du-clminat-Mulhouse-Banniere-320x250px_Plan-de-travail-1.png","contentUrl":"https:\/\/www.preventraide.fr\/contenus\/app\/uploads\/2024\/05\/Printemps-du-clminat-Mulhouse-Banniere-320x250px_Plan-de-travail-1.png","width":667,"height":521},{"@type":"BreadcrumbList","@id":"https:\/\/www.preventraide.fr\/contenus\/actualites\/printemps-du-climat-a-mulhouse\/#breadcrumb","itemListElement":[{"@type":"ListItem","position":1,"name":"Accueil","item":"https:\/\/www.preventraide.fr"},{"@type":"ListItem","position":2,"name":"Printemps du Climat \u00e0 Mulhouse"}]},{"@type":"WebSite","@id":"https:\/\/www.preventraide.fr\/contenus\/#website","url":"https:\/\/www.preventraide.fr\/contenus\/","name":"Preventraide","description":"","potentialAction":[{"@type":"SearchAction","target":{"@type":"EntryPoint","urlTemplate":"https:\/\/www.preventraide.fr\/contenus\/?s={search_term_string}"},"query-input":{"@type":"PropertyValueSpecification","valueRequired":true,"valueName":"search_term_string"}}],"inLanguage":"fr-FR"},{"@type":"Person","@id":"https:\/\/www.preventraide.fr\/contenus\/#\/schema\/person\/610d5b148158ad8b26a57ee3481784b9","name":"Camille Jagueneau","image":{"@type":"ImageObject","inLanguage":"fr-FR","@id":"https:\/\/www.preventraide.fr\/contenus\/#\/schema\/person\/image\/","url":"https:\/\/secure.gravatar.com\/avatar\/3a79d305b8d74191fb30dfe16bb61532d97fe378fbea0c1b02acebf1deb00e68?s=96&d=mm&r=g","contentUrl":"https:\/\/secure.gravatar.com\/avatar\/3a79d305b8d74191fb30dfe16bb61532d97fe378fbea0c1b02acebf1deb00e68?s=96&d=mm&r=g","caption":"Camille Jagueneau"}}]}},"_links":{"self":[{"href":"https:\/\/www.preventraide.fr\/contenus\/wp-json\/wp\/v2\/posts\/1385","targetHints":{"allow":["GET"]}}],"collection":[{"href":"https:\/\/www.preventraide.fr\/contenus\/wp-json\/wp\/v2\/posts"}],"about":[{"href":"https:\/\/www.preventraide.fr\/contenus\/wp-json\/wp\/v2\/types\/post"}],"author":[{"embeddable":true,"href":"https:\/\/www.preventraide.fr\/contenus\/wp-json\/wp\/v2\/users\/6"}],"replies":[{"embeddable":true,"href":"https:\/\/www.preventraide.fr\/contenus\/wp-json\/wp\/v2\/comments?post=1385"}],"version-history":[{"count":0,"href":"https:\/\/www.preventraide.fr\/contenus\/wp-json\/wp\/v2\/posts\/1385\/revisions"}],"wp:featuredmedia":[{"embeddable":true,"href":"https:\/\/www.preventraide.fr\/contenus\/wp-json\/wp\/v2\/media\/1387"}],"wp:attachment":[{"href":"https:\/\/www.preventraide.fr\/contenus\/wp-json\/wp\/v2\/media?parent=1385"}],"wp:term":[{"taxonomy":"category","embeddable":true,"href":"https:\/\/www.preventraide.fr\/contenus\/wp-json\/wp\/v2\/categories?post=1385"},{"taxonomy":"post_tag","embeddable":true,"href":"https:\/\/www.preventraide.fr\/contenus\/wp-json\/wp\/v2\/tags?post=1385"}],"curies":[{"name":"wp","href":"https:\/\/api.w.org\/{rel}","templated":true}]}}