{"id":1398,"date":"2024-06-15T14:48:00","date_gmt":"2024-06-15T12:48:00","guid":{"rendered":"https:\/\/www.preventraide.fr\/contenus\/?p=1398"},"modified":"2024-06-15T14:48:00","modified_gmt":"2024-06-15T12:48:00","slug":"agir-pour-le-climat-engagement-et-sensibilisation-a-lirts-darras","status":"publish","type":"post","link":"https:\/\/www.preventraide.fr\/contenus\/actualites\/agir-pour-le-climat-engagement-et-sensibilisation-a-lirts-darras\/","title":{"rendered":"Agir pour le climat : Engagement et Sensibilisation \u00e0 l\u2019IRTS d\u2019Arras"},"content":{"rendered":"\n<p>La troisi\u00e8me \u00e9dition des rencontres sur le climat \u00e0 l\u2019Universit\u00e9 d\u2019Artois et \u00e0 l\u2019IRTS d\u2019Arras a eu lieu le jeudi 30 mai dernier. Cette journ\u00e9e a \u00e9t\u00e9 marqu\u00e9e par des conf\u00e9rences et des tables rondes anim\u00e9es par Laurie Barrault, ma\u00eetresse de conf\u00e9rences et experte en sant\u00e9 durable, ainsi que Cyril Dion, \u00e9crivain, r\u00e9alisateur et militant \u00e9cologiste, qui ont captiv\u00e9 l\u2019attention du public le matin \u00e0 l\u2019Universit\u00e9 d\u2019Artois.<\/p>\n\n\n\n<p>L\u2019apr\u00e8s-midi a \u00e9t\u00e9 d\u00e9di\u00e9 \u00e0 une s\u00e9rie d\u2019ateliers portant sur la sensibilisation au changement climatique. Les membres de l\u2019antenne Pr\u00e9vention Maif de Lens ont activement particip\u00e9 aux c\u00f4t\u00e9s des militants MCA de la d\u00e9l\u00e9gation Maif de Lille. Ils ont mis en avant la Mutuelle Maif et son engagement particulier \u00e0 r\u00e9compenser les initiatives favorables au climat en offrant un dividende \u00e9cologique aux porteurs de projets. Cette initiative a \u00e9t\u00e9 associ\u00e9e aux missions de pr\u00e9vention de l\u2019Association Pr\u00e9vention Maif, notamment en ce qui concerne la sensibilisation aux risques climatiques, une priorit\u00e9 croissante.<\/p>\n\n\n\n<p>Lors de cet apr\u00e8s-midi, les participants ont eu l\u2019occasion de d\u00e9couvrir le site et le jeu Preventraide pr\u00e9sent\u00e9s par l\u2019antenne de Lens. Divis\u00e9s en groupes, ils ont pris part \u00e0 divers jeux ax\u00e9s sur le d\u00e9fi climatique, tels que Sport Plan\u00e8te, Carboniq, la mesure de l\u2019impact num\u00e9rique sur le climat, ainsi que la r\u00e9alisation d\u2019une fresque du climat pour les adultes. Le jeu Preventraide, propos\u00e9 par les membres de l\u2019antenne, a \u00e9t\u00e9 particuli\u00e8rement appr\u00e9ci\u00e9 pour sa qualit\u00e9 et sa facilit\u00e9 d\u2019utilisation, offrant ainsi une opportunit\u00e9 d\u2019enrichir leurs connaissances sur les risques climatiques.<\/p>\n\n\n\n<p>\u00c0 la fin des deux heures d\u2019intervention de la Maif et de la Pr\u00e9vention Maif, des flyers Preventraide ont \u00e9t\u00e9 distribu\u00e9s aux participants. Ces derniers sont repartis satisfaits de cette journ\u00e9e enrichissante d\u00e9di\u00e9e aux enjeux climatiques.<\/p>\n\n\n\n<figure class=\"wp-block-gallery columns-3 is-cropped wp-block-gallery-1 is-layout-flex wp-block-gallery-is-layout-flex\"><ul class=\"blocks-gallery-grid\"><li class=\"blocks-gallery-item\"><figure><img loading=\"lazy\" decoding=\"async\" width=\"768\" height=\"1024\" src=\"https:\/\/www.preventraide.fr\/contenus\/app\/uploads\/2024\/06\/IMG-20240530-WA0000-768x1024.jpg\" alt=\"\" data-id=\"1399\" data-full-url=\"https:\/\/www.preventraide.fr\/contenus\/app\/uploads\/2024\/06\/IMG-20240530-WA0000.jpg\" data-link=\"https:\/\/www.preventraide.fr\/contenus\/?attachment_id=1399\" class=\"wp-image-1399\" srcset=\"https:\/\/www.preventraide.fr\/contenus\/app\/uploads\/2024\/06\/IMG-20240530-WA0000-768x1024.jpg 768w, https:\/\/www.preventraide.fr\/contenus\/app\/uploads\/2024\/06\/IMG-20240530-WA0000-225x300.jpg 225w, https:\/\/www.preventraide.fr\/contenus\/app\/uploads\/2024\/06\/IMG-20240530-WA0000-1152x1536.jpg 1152w, https:\/\/www.preventraide.fr\/contenus\/app\/uploads\/2024\/06\/IMG-20240530-WA0000.jpg 1200w\" sizes=\"auto, (max-width: 768px) 100vw, 768px\" \/><\/figure><\/li><li class=\"blocks-gallery-item\"><figure><img loading=\"lazy\" decoding=\"async\" width=\"1024\" height=\"768\" src=\"https:\/\/www.preventraide.fr\/contenus\/app\/uploads\/2024\/06\/IMG-20240530-WA0001-1024x768.jpg\" alt=\"\" data-id=\"1400\" data-full-url=\"https:\/\/www.preventraide.fr\/contenus\/app\/uploads\/2024\/06\/IMG-20240530-WA0001.jpg\" data-link=\"https:\/\/www.preventraide.fr\/contenus\/?attachment_id=1400\" class=\"wp-image-1400\" srcset=\"https:\/\/www.preventraide.fr\/contenus\/app\/uploads\/2024\/06\/IMG-20240530-WA0001-1024x768.jpg 1024w, https:\/\/www.preventraide.fr\/contenus\/app\/uploads\/2024\/06\/IMG-20240530-WA0001-300x225.jpg 300w, https:\/\/www.preventraide.fr\/contenus\/app\/uploads\/2024\/06\/IMG-20240530-WA0001-768x576.jpg 768w, https:\/\/www.preventraide.fr\/contenus\/app\/uploads\/2024\/06\/IMG-20240530-WA0001-1536x1152.jpg 1536w, https:\/\/www.preventraide.fr\/contenus\/app\/uploads\/2024\/06\/IMG-20240530-WA0001-1600x1200.jpg 1600w, https:\/\/www.preventraide.fr\/contenus\/app\/uploads\/2024\/06\/IMG-20240530-WA0001.jpg 2048w\" sizes=\"auto, (max-width: 1024px) 100vw, 1024px\" \/><\/figure><\/li><li class=\"blocks-gallery-item\"><figure><img loading=\"lazy\" decoding=\"async\" width=\"1024\" height=\"576\" src=\"https:\/\/www.preventraide.fr\/contenus\/app\/uploads\/2024\/06\/PXL_20240530_124617453.MP_-1024x576.jpg\" alt=\"\" data-id=\"1401\" data-full-url=\"https:\/\/www.preventraide.fr\/contenus\/app\/uploads\/2024\/06\/PXL_20240530_124617453.MP_-scaled.jpg\" data-link=\"https:\/\/www.preventraide.fr\/contenus\/?attachment_id=1401\" class=\"wp-image-1401\" srcset=\"https:\/\/www.preventraide.fr\/contenus\/app\/uploads\/2024\/06\/PXL_20240530_124617453.MP_-1024x576.jpg 1024w, https:\/\/www.preventraide.fr\/contenus\/app\/uploads\/2024\/06\/PXL_20240530_124617453.MP_-300x169.jpg 300w, https:\/\/www.preventraide.fr\/contenus\/app\/uploads\/2024\/06\/PXL_20240530_124617453.MP_-768x432.jpg 768w, https:\/\/www.preventraide.fr\/contenus\/app\/uploads\/2024\/06\/PXL_20240530_124617453.MP_-1536x864.jpg 1536w, https:\/\/www.preventraide.fr\/contenus\/app\/uploads\/2024\/06\/PXL_20240530_124617453.MP_-2048x1152.jpg 2048w, https:\/\/www.preventraide.fr\/contenus\/app\/uploads\/2024\/06\/PXL_20240530_124617453.MP_-1600x900.jpg 1600w\" sizes=\"auto, (max-width: 1024px) 100vw, 1024px\" \/><\/figure><\/li><li class=\"blocks-gallery-item\"><figure><img loading=\"lazy\" decoding=\"async\" width=\"1024\" height=\"576\" src=\"https:\/\/www.preventraide.fr\/contenus\/app\/uploads\/2024\/06\/PXL_20240530_125601709.MP_-1024x576.jpg\" alt=\"\" data-id=\"1402\" data-full-url=\"https:\/\/www.preventraide.fr\/contenus\/app\/uploads\/2024\/06\/PXL_20240530_125601709.MP_-scaled.jpg\" data-link=\"https:\/\/www.preventraide.fr\/contenus\/?attachment_id=1402\" class=\"wp-image-1402\" srcset=\"https:\/\/www.preventraide.fr\/contenus\/app\/uploads\/2024\/06\/PXL_20240530_125601709.MP_-1024x576.jpg 1024w, https:\/\/www.preventraide.fr\/contenus\/app\/uploads\/2024\/06\/PXL_20240530_125601709.MP_-300x169.jpg 300w, https:\/\/www.preventraide.fr\/contenus\/app\/uploads\/2024\/06\/PXL_20240530_125601709.MP_-768x432.jpg 768w, https:\/\/www.preventraide.fr\/contenus\/app\/uploads\/2024\/06\/PXL_20240530_125601709.MP_-1536x864.jpg 1536w, https:\/\/www.preventraide.fr\/contenus\/app\/uploads\/2024\/06\/PXL_20240530_125601709.MP_-2048x1152.jpg 2048w, https:\/\/www.preventraide.fr\/contenus\/app\/uploads\/2024\/06\/PXL_20240530_125601709.MP_-1600x900.jpg 1600w\" sizes=\"auto, (max-width: 1024px) 100vw, 1024px\" \/><\/figure><\/li><li class=\"blocks-gallery-item\"><figure><img loading=\"lazy\" decoding=\"async\" width=\"1024\" height=\"768\" src=\"https:\/\/www.preventraide.fr\/contenus\/app\/uploads\/2024\/06\/IMG-20240530-WA0003-1024x768.jpg\" alt=\"\" data-id=\"1403\" data-full-url=\"https:\/\/www.preventraide.fr\/contenus\/app\/uploads\/2024\/06\/IMG-20240530-WA0003.jpg\" data-link=\"https:\/\/www.preventraide.fr\/contenus\/?attachment_id=1403\" class=\"wp-image-1403\" srcset=\"https:\/\/www.preventraide.fr\/contenus\/app\/uploads\/2024\/06\/IMG-20240530-WA0003-1024x768.jpg 1024w, https:\/\/www.preventraide.fr\/contenus\/app\/uploads\/2024\/06\/IMG-20240530-WA0003-300x225.jpg 300w, https:\/\/www.preventraide.fr\/contenus\/app\/uploads\/2024\/06\/IMG-20240530-WA0003-768x576.jpg 768w, https:\/\/www.preventraide.fr\/contenus\/app\/uploads\/2024\/06\/IMG-20240530-WA0003-1536x1152.jpg 1536w, https:\/\/www.preventraide.fr\/contenus\/app\/uploads\/2024\/06\/IMG-20240530-WA0003-1600x1200.jpg 1600w, https:\/\/www.preventraide.fr\/contenus\/app\/uploads\/2024\/06\/IMG-20240530-WA0003.jpg 2048w\" sizes=\"auto, (max-width: 1024px) 100vw, 1024px\" \/><\/figure><\/li><li class=\"blocks-gallery-item\"><figure><img loading=\"lazy\" decoding=\"async\" width=\"768\" height=\"1024\" src=\"https:\/\/www.preventraide.fr\/contenus\/app\/uploads\/2024\/06\/IMG-20240530-WA0005-768x1024.jpg\" alt=\"\" data-id=\"1404\" data-full-url=\"https:\/\/www.preventraide.fr\/contenus\/app\/uploads\/2024\/06\/IMG-20240530-WA0005.jpg\" data-link=\"https:\/\/www.preventraide.fr\/contenus\/?attachment_id=1404\" class=\"wp-image-1404\" srcset=\"https:\/\/www.preventraide.fr\/contenus\/app\/uploads\/2024\/06\/IMG-20240530-WA0005-768x1024.jpg 768w, https:\/\/www.preventraide.fr\/contenus\/app\/uploads\/2024\/06\/IMG-20240530-WA0005-225x300.jpg 225w, https:\/\/www.preventraide.fr\/contenus\/app\/uploads\/2024\/06\/IMG-20240530-WA0005-1152x1536.jpg 1152w, https:\/\/www.preventraide.fr\/contenus\/app\/uploads\/2024\/06\/IMG-20240530-WA0005.jpg 1536w\" sizes=\"auto, (max-width: 768px) 100vw, 768px\" \/><\/figure><\/li><li class=\"blocks-gallery-item\"><figure><img loading=\"lazy\" decoding=\"async\" width=\"1024\" height=\"768\" src=\"https:\/\/www.preventraide.fr\/contenus\/app\/uploads\/2024\/06\/IMG-20240530-WA0006-1024x768.jpg\" alt=\"\" data-id=\"1405\" data-full-url=\"https:\/\/www.preventraide.fr\/contenus\/app\/uploads\/2024\/06\/IMG-20240530-WA0006.jpg\" data-link=\"https:\/\/www.preventraide.fr\/contenus\/?attachment_id=1405\" class=\"wp-image-1405\" srcset=\"https:\/\/www.preventraide.fr\/contenus\/app\/uploads\/2024\/06\/IMG-20240530-WA0006-1024x768.jpg 1024w, https:\/\/www.preventraide.fr\/contenus\/app\/uploads\/2024\/06\/IMG-20240530-WA0006-300x225.jpg 300w, https:\/\/www.preventraide.fr\/contenus\/app\/uploads\/2024\/06\/IMG-20240530-WA0006-768x576.jpg 768w, https:\/\/www.preventraide.fr\/contenus\/app\/uploads\/2024\/06\/IMG-20240530-WA0006-1536x1152.jpg 1536w, https:\/\/www.preventraide.fr\/contenus\/app\/uploads\/2024\/06\/IMG-20240530-WA0006.jpg 1600w\" sizes=\"auto, (max-width: 1024px) 100vw, 1024px\" \/><\/figure><\/li><li class=\"blocks-gallery-item\"><figure><img loading=\"lazy\" decoding=\"async\" width=\"1024\" height=\"576\" src=\"https:\/\/www.preventraide.fr\/contenus\/app\/uploads\/2024\/06\/PXL_20240530_121448027.MP_-1024x576.jpg\" alt=\"\" data-id=\"1406\" data-full-url=\"https:\/\/www.preventraide.fr\/contenus\/app\/uploads\/2024\/06\/PXL_20240530_121448027.MP_-scaled.jpg\" data-link=\"https:\/\/www.preventraide.fr\/contenus\/?attachment_id=1406\" class=\"wp-image-1406\" srcset=\"https:\/\/www.preventraide.fr\/contenus\/app\/uploads\/2024\/06\/PXL_20240530_121448027.MP_-1024x576.jpg 1024w, https:\/\/www.preventraide.fr\/contenus\/app\/uploads\/2024\/06\/PXL_20240530_121448027.MP_-300x169.jpg 300w, https:\/\/www.preventraide.fr\/contenus\/app\/uploads\/2024\/06\/PXL_20240530_121448027.MP_-768x432.jpg 768w, https:\/\/www.preventraide.fr\/contenus\/app\/uploads\/2024\/06\/PXL_20240530_121448027.MP_-1536x864.jpg 1536w, https:\/\/www.preventraide.fr\/contenus\/app\/uploads\/2024\/06\/PXL_20240530_121448027.MP_-2048x1152.jpg 2048w, https:\/\/www.preventraide.fr\/contenus\/app\/uploads\/2024\/06\/PXL_20240530_121448027.MP_-1600x900.jpg 1600w\" sizes=\"auto, (max-width: 1024px) 100vw, 1024px\" \/><\/figure><\/li><li class=\"blocks-gallery-item\"><figure><img loading=\"lazy\" decoding=\"async\" width=\"1024\" height=\"576\" src=\"https:\/\/www.preventraide.fr\/contenus\/app\/uploads\/2024\/06\/PXL_20240530_121532798.MP_-1024x576.jpg\" alt=\"\" data-id=\"1407\" data-full-url=\"https:\/\/www.preventraide.fr\/contenus\/app\/uploads\/2024\/06\/PXL_20240530_121532798.MP_-scaled.jpg\" data-link=\"https:\/\/www.preventraide.fr\/contenus\/?attachment_id=1407\" class=\"wp-image-1407\" srcset=\"https:\/\/www.preventraide.fr\/contenus\/app\/uploads\/2024\/06\/PXL_20240530_121532798.MP_-1024x576.jpg 1024w, https:\/\/www.preventraide.fr\/contenus\/app\/uploads\/2024\/06\/PXL_20240530_121532798.MP_-300x169.jpg 300w, https:\/\/www.preventraide.fr\/contenus\/app\/uploads\/2024\/06\/PXL_20240530_121532798.MP_-768x432.jpg 768w, https:\/\/www.preventraide.fr\/contenus\/app\/uploads\/2024\/06\/PXL_20240530_121532798.MP_-1536x864.jpg 1536w, https:\/\/www.preventraide.fr\/contenus\/app\/uploads\/2024\/06\/PXL_20240530_121532798.MP_-2048x1152.jpg 2048w, https:\/\/www.preventraide.fr\/contenus\/app\/uploads\/2024\/06\/PXL_20240530_121532798.MP_-1600x900.jpg 1600w\" sizes=\"auto, (max-width: 1024px) 100vw, 1024px\" \/><\/figure><\/li><\/ul><\/figure>\n","protected":false},"excerpt":{"rendered":"<p>La troisi\u00e8me \u00e9dition des rencontres sur le climat \u00e0 l\u2019Universit\u00e9 d\u2019Artois et \u00e0 l\u2019IRTS d\u2019Arras a eu lieu le jeudi 30 mai dernier. Cette journ\u00e9e a \u00e9t\u00e9 marqu\u00e9e par des conf\u00e9rences et des tables rondes anim\u00e9es par Laurie Barrault, ma\u00eetresse de conf\u00e9rences et experte en sant\u00e9 durable, ainsi que Cyril Dion, \u00e9crivain, r\u00e9alisateur et militant [&hellip;]<\/p>\n","protected":false},"author":6,"featured_media":1404,"comment_status":"closed","ping_status":"closed","sticky":false,"template":"","format":"standard","meta":{"_acf_changed":false,"inline_featured_image":false,"ghostkit_customizer_options":"","ghostkit_custom_css":"","ghostkit_custom_js_head":"","ghostkit_custom_js_foot":"","ghostkit_typography":"","footnotes":""},"categories":[2],"tags":[],"class_list":["post-1398","post","type-post","status-publish","format-standard","has-post-thumbnail","hentry","category-non-classifie"],"acf":[],"yoast_head":"<!-- This site is optimized with the Yoast SEO plugin v24.9 - https:\/\/yoast.com\/wordpress\/plugins\/seo\/ -->\n<title>Agir pour le climat : Engagement et Sensibilisation \u00e0 l\u2019IRTS d\u2019Arras - Preventraide - Conseils Pr\u00e9vention<\/title>\n<meta name=\"robots\" content=\"index, follow, max-snippet:-1, max-image-preview:large, max-video-preview:-1\" \/>\n<link rel=\"canonical\" href=\"https:\/\/www.preventraide.fr\/contenus\/actualites\/agir-pour-le-climat-engagement-et-sensibilisation-a-lirts-darras\/\" \/>\n<meta property=\"og:locale\" content=\"fr_FR\" \/>\n<meta property=\"og:type\" content=\"article\" \/>\n<meta property=\"og:title\" content=\"Agir pour le climat : Engagement et Sensibilisation \u00e0 l\u2019IRTS d\u2019Arras - Preventraide - Conseils Pr\u00e9vention\" \/>\n<meta property=\"og:description\" content=\"La troisi\u00e8me \u00e9dition des rencontres sur le climat \u00e0 l\u2019Universit\u00e9 d\u2019Artois et \u00e0 l\u2019IRTS d\u2019Arras a eu lieu le jeudi 30 mai dernier. Cette journ\u00e9e a \u00e9t\u00e9 marqu\u00e9e par des conf\u00e9rences et des tables rondes anim\u00e9es par Laurie Barrault, ma\u00eetresse de conf\u00e9rences et experte en sant\u00e9 durable, ainsi que Cyril Dion, \u00e9crivain, r\u00e9alisateur et militant [&hellip;]\" \/>\n<meta property=\"og:url\" content=\"https:\/\/www.preventraide.fr\/contenus\/actualites\/agir-pour-le-climat-engagement-et-sensibilisation-a-lirts-darras\/\" \/>\n<meta property=\"og:site_name\" content=\"Preventraide - Conseils Pr\u00e9vention\" \/>\n<meta property=\"article:published_time\" content=\"2024-06-15T12:48:00+00:00\" \/>\n<meta property=\"og:image\" content=\"https:\/\/www.preventraide.fr\/contenus\/app\/uploads\/2024\/06\/IMG-20240530-WA0005.jpg\" \/>\n\t<meta property=\"og:image:width\" content=\"1536\" \/>\n\t<meta property=\"og:image:height\" content=\"2048\" \/>\n\t<meta property=\"og:image:type\" content=\"image\/jpeg\" \/>\n<meta name=\"author\" content=\"Camille Jagueneau\" \/>\n<meta name=\"twitter:card\" content=\"summary_large_image\" \/>\n<meta name=\"twitter:label1\" content=\"Written by\" \/>\n\t<meta name=\"twitter:data1\" content=\"Camille Jagueneau\" \/>\n\t<meta name=\"twitter:label2\" content=\"Est. reading time\" \/>\n\t<meta name=\"twitter:data2\" content=\"4 minutes\" \/>\n<script type=\"application\/ld+json\" class=\"yoast-schema-graph\">{\"@context\":\"https:\/\/schema.org\",\"@graph\":[{\"@type\":\"WebPage\",\"@id\":\"https:\/\/www.preventraide.fr\/contenus\/actualites\/agir-pour-le-climat-engagement-et-sensibilisation-a-lirts-darras\/\",\"url\":\"https:\/\/www.preventraide.fr\/contenus\/actualites\/agir-pour-le-climat-engagement-et-sensibilisation-a-lirts-darras\/\",\"name\":\"Agir pour le climat : Engagement et Sensibilisation \u00e0 l\u2019IRTS d\u2019Arras - Preventraide - Conseils Pr\u00e9vention\",\"isPartOf\":{\"@id\":\"https:\/\/www.preventraide.fr\/contenus\/#website\"},\"primaryImageOfPage\":{\"@id\":\"https:\/\/www.preventraide.fr\/contenus\/actualites\/agir-pour-le-climat-engagement-et-sensibilisation-a-lirts-darras\/#primaryimage\"},\"image\":{\"@id\":\"https:\/\/www.preventraide.fr\/contenus\/actualites\/agir-pour-le-climat-engagement-et-sensibilisation-a-lirts-darras\/#primaryimage\"},\"thumbnailUrl\":\"https:\/\/www.preventraide.fr\/contenus\/app\/uploads\/2024\/06\/IMG-20240530-WA0005.jpg\",\"datePublished\":\"2024-06-15T12:48:00+00:00\",\"author\":{\"@id\":\"https:\/\/www.preventraide.fr\/contenus\/#\/schema\/person\/610d5b148158ad8b26a57ee3481784b9\"},\"breadcrumb\":{\"@id\":\"https:\/\/www.preventraide.fr\/contenus\/actualites\/agir-pour-le-climat-engagement-et-sensibilisation-a-lirts-darras\/#breadcrumb\"},\"inLanguage\":\"fr-FR\",\"potentialAction\":[{\"@type\":\"ReadAction\",\"target\":[\"https:\/\/www.preventraide.fr\/contenus\/actualites\/agir-pour-le-climat-engagement-et-sensibilisation-a-lirts-darras\/\"]}]},{\"@type\":\"ImageObject\",\"inLanguage\":\"fr-FR\",\"@id\":\"https:\/\/www.preventraide.fr\/contenus\/actualites\/agir-pour-le-climat-engagement-et-sensibilisation-a-lirts-darras\/#primaryimage\",\"url\":\"https:\/\/www.preventraide.fr\/contenus\/app\/uploads\/2024\/06\/IMG-20240530-WA0005.jpg\",\"contentUrl\":\"https:\/\/www.preventraide.fr\/contenus\/app\/uploads\/2024\/06\/IMG-20240530-WA0005.jpg\",\"width\":1536,\"height\":2048},{\"@type\":\"BreadcrumbList\",\"@id\":\"https:\/\/www.preventraide.fr\/contenus\/actualites\/agir-pour-le-climat-engagement-et-sensibilisation-a-lirts-darras\/#breadcrumb\",\"itemListElement\":[{\"@type\":\"ListItem\",\"position\":1,\"name\":\"Accueil\",\"item\":\"https:\/\/www.preventraide.fr\"},{\"@type\":\"ListItem\",\"position\":2,\"name\":\"Agir pour le climat : Engagement et Sensibilisation \u00e0 l\u2019IRTS d\u2019Arras\"}]},{\"@type\":\"WebSite\",\"@id\":\"https:\/\/www.preventraide.fr\/contenus\/#website\",\"url\":\"https:\/\/www.preventraide.fr\/contenus\/\",\"name\":\"Preventraide\",\"description\":\"\",\"potentialAction\":[{\"@type\":\"SearchAction\",\"target\":{\"@type\":\"EntryPoint\",\"urlTemplate\":\"https:\/\/www.preventraide.fr\/contenus\/?s={search_term_string}\"},\"query-input\":{\"@type\":\"PropertyValueSpecification\",\"valueRequired\":true,\"valueName\":\"search_term_string\"}}],\"inLanguage\":\"fr-FR\"},{\"@type\":\"Person\",\"@id\":\"https:\/\/www.preventraide.fr\/contenus\/#\/schema\/person\/610d5b148158ad8b26a57ee3481784b9\",\"name\":\"Camille Jagueneau\",\"image\":{\"@type\":\"ImageObject\",\"inLanguage\":\"fr-FR\",\"@id\":\"https:\/\/www.preventraide.fr\/contenus\/#\/schema\/person\/image\/\",\"url\":\"https:\/\/secure.gravatar.com\/avatar\/3a79d305b8d74191fb30dfe16bb61532d97fe378fbea0c1b02acebf1deb00e68?s=96&d=mm&r=g\",\"contentUrl\":\"https:\/\/secure.gravatar.com\/avatar\/3a79d305b8d74191fb30dfe16bb61532d97fe378fbea0c1b02acebf1deb00e68?s=96&d=mm&r=g\",\"caption\":\"Camille Jagueneau\"}}]}<\/script>\n<!-- \/ Yoast SEO plugin. -->","yoast_head_json":{"title":"Agir pour le climat : Engagement et Sensibilisation \u00e0 l\u2019IRTS d\u2019Arras - Preventraide - Conseils Pr\u00e9vention","robots":{"index":"index","follow":"follow","max-snippet":"max-snippet:-1","max-image-preview":"max-image-preview:large","max-video-preview":"max-video-preview:-1"},"canonical":"https:\/\/www.preventraide.fr\/contenus\/actualites\/agir-pour-le-climat-engagement-et-sensibilisation-a-lirts-darras\/","og_locale":"fr_FR","og_type":"article","og_title":"Agir pour le climat : Engagement et Sensibilisation \u00e0 l\u2019IRTS d\u2019Arras - Preventraide - Conseils Pr\u00e9vention","og_description":"La troisi\u00e8me \u00e9dition des rencontres sur le climat \u00e0 l\u2019Universit\u00e9 d\u2019Artois et \u00e0 l\u2019IRTS d\u2019Arras a eu lieu le jeudi 30 mai dernier. Cette journ\u00e9e a \u00e9t\u00e9 marqu\u00e9e par des conf\u00e9rences et des tables rondes anim\u00e9es par Laurie Barrault, ma\u00eetresse de conf\u00e9rences et experte en sant\u00e9 durable, ainsi que Cyril Dion, \u00e9crivain, r\u00e9alisateur et militant [&hellip;]","og_url":"https:\/\/www.preventraide.fr\/contenus\/actualites\/agir-pour-le-climat-engagement-et-sensibilisation-a-lirts-darras\/","og_site_name":"Preventraide - Conseils Pr\u00e9vention","article_published_time":"2024-06-15T12:48:00+00:00","og_image":[{"width":1536,"height":2048,"url":"https:\/\/www.preventraide.fr\/contenus\/app\/uploads\/2024\/06\/IMG-20240530-WA0005.jpg","type":"image\/jpeg"}],"author":"Camille Jagueneau","twitter_card":"summary_large_image","twitter_misc":{"Written by":"Camille Jagueneau","Est. reading time":"4 minutes"},"schema":{"@context":"https:\/\/schema.org","@graph":[{"@type":"WebPage","@id":"https:\/\/www.preventraide.fr\/contenus\/actualites\/agir-pour-le-climat-engagement-et-sensibilisation-a-lirts-darras\/","url":"https:\/\/www.preventraide.fr\/contenus\/actualites\/agir-pour-le-climat-engagement-et-sensibilisation-a-lirts-darras\/","name":"Agir pour le climat : Engagement et Sensibilisation \u00e0 l\u2019IRTS d\u2019Arras - Preventraide - Conseils Pr\u00e9vention","isPartOf":{"@id":"https:\/\/www.preventraide.fr\/contenus\/#website"},"primaryImageOfPage":{"@id":"https:\/\/www.preventraide.fr\/contenus\/actualites\/agir-pour-le-climat-engagement-et-sensibilisation-a-lirts-darras\/#primaryimage"},"image":{"@id":"https:\/\/www.preventraide.fr\/contenus\/actualites\/agir-pour-le-climat-engagement-et-sensibilisation-a-lirts-darras\/#primaryimage"},"thumbnailUrl":"https:\/\/www.preventraide.fr\/contenus\/app\/uploads\/2024\/06\/IMG-20240530-WA0005.jpg","datePublished":"2024-06-15T12:48:00+00:00","author":{"@id":"https:\/\/www.preventraide.fr\/contenus\/#\/schema\/person\/610d5b148158ad8b26a57ee3481784b9"},"breadcrumb":{"@id":"https:\/\/www.preventraide.fr\/contenus\/actualites\/agir-pour-le-climat-engagement-et-sensibilisation-a-lirts-darras\/#breadcrumb"},"inLanguage":"fr-FR","potentialAction":[{"@type":"ReadAction","target":["https:\/\/www.preventraide.fr\/contenus\/actualites\/agir-pour-le-climat-engagement-et-sensibilisation-a-lirts-darras\/"]}]},{"@type":"ImageObject","inLanguage":"fr-FR","@id":"https:\/\/www.preventraide.fr\/contenus\/actualites\/agir-pour-le-climat-engagement-et-sensibilisation-a-lirts-darras\/#primaryimage","url":"https:\/\/www.preventraide.fr\/contenus\/app\/uploads\/2024\/06\/IMG-20240530-WA0005.jpg","contentUrl":"https:\/\/www.preventraide.fr\/contenus\/app\/uploads\/2024\/06\/IMG-20240530-WA0005.jpg","width":1536,"height":2048},{"@type":"BreadcrumbList","@id":"https:\/\/www.preventraide.fr\/contenus\/actualites\/agir-pour-le-climat-engagement-et-sensibilisation-a-lirts-darras\/#breadcrumb","itemListElement":[{"@type":"ListItem","position":1,"name":"Accueil","item":"https:\/\/www.preventraide.fr"},{"@type":"ListItem","position":2,"name":"Agir pour le climat : Engagement et Sensibilisation \u00e0 l\u2019IRTS d\u2019Arras"}]},{"@type":"WebSite","@id":"https:\/\/www.preventraide.fr\/contenus\/#website","url":"https:\/\/www.preventraide.fr\/contenus\/","name":"Preventraide","description":"","potentialAction":[{"@type":"SearchAction","target":{"@type":"EntryPoint","urlTemplate":"https:\/\/www.preventraide.fr\/contenus\/?s={search_term_string}"},"query-input":{"@type":"PropertyValueSpecification","valueRequired":true,"valueName":"search_term_string"}}],"inLanguage":"fr-FR"},{"@type":"Person","@id":"https:\/\/www.preventraide.fr\/contenus\/#\/schema\/person\/610d5b148158ad8b26a57ee3481784b9","name":"Camille Jagueneau","image":{"@type":"ImageObject","inLanguage":"fr-FR","@id":"https:\/\/www.preventraide.fr\/contenus\/#\/schema\/person\/image\/","url":"https:\/\/secure.gravatar.com\/avatar\/3a79d305b8d74191fb30dfe16bb61532d97fe378fbea0c1b02acebf1deb00e68?s=96&d=mm&r=g","contentUrl":"https:\/\/secure.gravatar.com\/avatar\/3a79d305b8d74191fb30dfe16bb61532d97fe378fbea0c1b02acebf1deb00e68?s=96&d=mm&r=g","caption":"Camille Jagueneau"}}]}},"_links":{"self":[{"href":"https:\/\/www.preventraide.fr\/contenus\/wp-json\/wp\/v2\/posts\/1398","targetHints":{"allow":["GET"]}}],"collection":[{"href":"https:\/\/www.preventraide.fr\/contenus\/wp-json\/wp\/v2\/posts"}],"about":[{"href":"https:\/\/www.preventraide.fr\/contenus\/wp-json\/wp\/v2\/types\/post"}],"author":[{"embeddable":true,"href":"https:\/\/www.preventraide.fr\/contenus\/wp-json\/wp\/v2\/users\/6"}],"replies":[{"embeddable":true,"href":"https:\/\/www.preventraide.fr\/contenus\/wp-json\/wp\/v2\/comments?post=1398"}],"version-history":[{"count":0,"href":"https:\/\/www.preventraide.fr\/contenus\/wp-json\/wp\/v2\/posts\/1398\/revisions"}],"wp:featuredmedia":[{"embeddable":true,"href":"https:\/\/www.preventraide.fr\/contenus\/wp-json\/wp\/v2\/media\/1404"}],"wp:attachment":[{"href":"https:\/\/www.preventraide.fr\/contenus\/wp-json\/wp\/v2\/media?parent=1398"}],"wp:term":[{"taxonomy":"category","embeddable":true,"href":"https:\/\/www.preventraide.fr\/contenus\/wp-json\/wp\/v2\/categories?post=1398"},{"taxonomy":"post_tag","embeddable":true,"href":"https:\/\/www.preventraide.fr\/contenus\/wp-json\/wp\/v2\/tags?post=1398"}],"curies":[{"name":"wp","href":"https:\/\/api.w.org\/{rel}","templated":true}]}}