{"id":1409,"date":"2024-06-11T06:09:00","date_gmt":"2024-06-11T04:09:00","guid":{"rendered":"https:\/\/www.preventraide.fr\/contenus\/?p=1409"},"modified":"2024-06-11T06:09:00","modified_gmt":"2024-06-11T04:09:00","slug":"sensibilisation-au-climat-quand-les-enfants-prennent-les-renes","status":"publish","type":"post","link":"https:\/\/www.preventraide.fr\/contenus\/actualites\/sensibilisation-au-climat-quand-les-enfants-prennent-les-renes\/","title":{"rendered":"Sensibilisation au climat : quand les enfants prennent les r\u00eanes\u00a0"},"content":{"rendered":"\n<p>Prenons soin de la terre : Voici l\u2019un des slogans trouv\u00e9s par un groupe d\u2019\u00e9l\u00e8ves lors de l&rsquo;intervention&nbsp;\u00ab Fresque du climat Junior \u00bb dans une \u00e9cole rurale du sud de l\u2019Aisne.<\/p>\n\n\n\n<p>Apr\u00e8s une formation de 3 heures avec l\u2019association \u00ab La Fresque du climat \u00bb et 3 heures pour devenir animateur, les membres de l&rsquo;antenne de LAON et les MCA ont mis en place un parcours centr\u00e9 sur l\u2019att\u00e9nuation dans le cadre des actions \u00ab Preventraide pour le climat \u00bb.<\/p>\n\n\n\n<p>Les b\u00e9n\u00e9voles sont intervenu dans deux communes, aupr\u00e8s de quatre classes de cycle 3. Des familles et enseignants motiv\u00e9s se sont investis dans ce projet, accompagn\u00e9s par les b\u00e9n\u00e9voles de l\u2019antenne et l&rsquo;administrateur de r\u00e9gion, Marc Bonneton. Une centaine d\u2019enfants ont ainsi particip\u00e9 \u00e0 nos actions sur deux jours.<\/p>\n\n\n\n<p>Les \u00e9l\u00e8ves ont visionn\u00e9 deux courtes vid\u00e9os sur l\u2019effet de serre en amont. Des exp\u00e9riences sur les impacts de la fonte des glaciers et du r\u00e9chauffement des oc\u00e9ans ont \u00e9t\u00e9 propos\u00e9es, avec du mat\u00e9riel pr\u00eat\u00e9 par l\u2019antenne. Les familles ont \u00e9t\u00e9 invit\u00e9es \u00e0 participer, et une dizaine de parents et grands-parents sont venus co-encadrer les groupes d\u2019enfants. <\/p>\n\n\n\n<p class=\"has-link-color has-vivid-red-color has-text-color has-medium-font-size wp-elements-a128125815502a4c7d4846c6e427d5b6\"><strong>Fresquons maintenant !<\/strong><\/p>\n\n\n\n<p>Les \u00e9l\u00e8ves \u00e9taient install\u00e9s par groupes de 5 ou 6, un adulte toujours proche pour guider l\u2019activit\u00e9, aider et encourager discussions et \u00e9changes. Les enfants ont progressivement d\u00e9couvert les 21 cartes organis\u00e9es et distribu\u00e9es en trois lots s\u00e9par\u00e9s. Chaque groupe avait pour mission de raconter une histoire en discutant des connexions logiques entre les cartes (par exemple pour le lot n\u00b01, comment se d\u00e9placer en voiture ou en avion d\u00e9gage du CO\u2082, l\u2019augmentation du CO\u2082 entra\u00eene un r\u00e9chauffement, la terre se r\u00e9chauffe ce qui fait fondre la banquise). Pour chaque lot, les enfants ont ensuite reli\u00e9 les cartes entre elles pour visualiser les causes et les cons\u00e9quences. Ils ont d\u00e9cor\u00e9 leur fresque et cherch\u00e9 un titre ou un slogan. Une d\u00e9couverte collective de toutes les fresques cr\u00e9\u00e9es a \u00e9t\u00e9 organis\u00e9e avant qu\u2019elles soient expos\u00e9es sur les murs de la classe et de l\u2019\u00e9cole. Les \u00e9l\u00e8ves utiliseront ensuite ces supports pour expliquer leurs travaux \u00e0 leurs parents et aux autres enfants de l\u2019\u00e9cole pour leur donner \u00e0 leur tour les moyens d\u2019agir !<\/p>\n\n\n\n<p>La deuxi\u00e8me partie de l\u2019atelier fut un moment d\u2019\u00e9change sur les \u00e9motions provoqu\u00e9es par le constat des cons\u00e9quences du r\u00e9chauffement climatique\u2026 Mais, heureusement, ils ont tous utilis\u00e9 leur \u00ab \u0153il lune \u00bb, celui qui nous permet de voir le monde de mani\u00e8re positive ! \u00ab On peut tous agir \u00e0 notre niveau et ainsi trouver des solutions \u00bb pour att\u00e9nuer et r\u00e9duire nos \u00e9missions de gaz \u00e0 effet de serre : aller \u00e0 l\u2019\u00e9cole \u00e0 pied, trier nos d\u00e9chets, r\u00e9duire les emballages, manger des produits de saison, manger moins de viande comme on le fait une fois par semaine \u00e0 la cantine, prendre une douche plut\u00f4t qu\u2019un bain, et beaucoup d\u2019autres suggestions\u2026 Une grande affiche a \u00e9t\u00e9 constitu\u00e9e sur laquelle les enfants ont coll\u00e9 les \u00ab bulles \u00bb sur lesquelles ils ont commenc\u00e9 \u00e0 noter leurs engagements.<\/p>\n\n\n\n<p>Ce fut une journ\u00e9e enrichissante, autant pour les \u00e9l\u00e8ves que pour les adultes, que nos b\u00e9n\u00e9voles. L&rsquo;antenne Pr\u00e9vention MAIF de LAON souhaite d\u00e9velopper avec d\u2019autres partenaires cette action.<\/p>\n\n\n\n<figure class=\"wp-block-gallery columns-3 is-cropped has-nested-images columns-default wp-block-gallery-1 is-layout-flex wp-block-gallery-is-layout-flex\"><ul class=\"blocks-gallery-grid\"><li class=\"blocks-gallery-item\"><figure><img loading=\"lazy\" decoding=\"async\" width=\"1024\" height=\"516\" src=\"https:\/\/www.preventraide.fr\/contenus\/app\/uploads\/2024\/06\/IMG_20231013_113335-1024x516.jpg\" alt=\"\" data-id=\"1410\" data-full-url=\"https:\/\/www.preventraide.fr\/contenus\/app\/uploads\/2024\/06\/IMG_20231013_113335-scaled.jpg\" data-link=\"https:\/\/www.preventraide.fr\/contenus\/?attachment_id=1410\" class=\"wp-image-1410\" srcset=\"https:\/\/www.preventraide.fr\/contenus\/app\/uploads\/2024\/06\/IMG_20231013_113335-1024x516.jpg 1024w, https:\/\/www.preventraide.fr\/contenus\/app\/uploads\/2024\/06\/IMG_20231013_113335-300x151.jpg 300w, https:\/\/www.preventraide.fr\/contenus\/app\/uploads\/2024\/06\/IMG_20231013_113335-768x387.jpg 768w, https:\/\/www.preventraide.fr\/contenus\/app\/uploads\/2024\/06\/IMG_20231013_113335-1536x775.jpg 1536w, https:\/\/www.preventraide.fr\/contenus\/app\/uploads\/2024\/06\/IMG_20231013_113335-2048x1033.jpg 2048w, https:\/\/www.preventraide.fr\/contenus\/app\/uploads\/2024\/06\/IMG_20231013_113335-1600x807.jpg 1600w\" sizes=\"auto, (max-width: 1024px) 100vw, 1024px\" \/><\/figure><\/li><li class=\"blocks-gallery-item\"><figure><img loading=\"lazy\" decoding=\"async\" width=\"1024\" height=\"579\" src=\"https:\/\/www.preventraide.fr\/contenus\/app\/uploads\/2024\/06\/IMG_20240527_114804-1024x579.jpg\" alt=\"\" data-id=\"1411\" data-full-url=\"https:\/\/www.preventraide.fr\/contenus\/app\/uploads\/2024\/06\/IMG_20240527_114804-scaled.jpg\" data-link=\"https:\/\/www.preventraide.fr\/contenus\/?attachment_id=1411\" class=\"wp-image-1411\" srcset=\"https:\/\/www.preventraide.fr\/contenus\/app\/uploads\/2024\/06\/IMG_20240527_114804-1024x579.jpg 1024w, https:\/\/www.preventraide.fr\/contenus\/app\/uploads\/2024\/06\/IMG_20240527_114804-300x170.jpg 300w, https:\/\/www.preventraide.fr\/contenus\/app\/uploads\/2024\/06\/IMG_20240527_114804-768x434.jpg 768w, https:\/\/www.preventraide.fr\/contenus\/app\/uploads\/2024\/06\/IMG_20240527_114804-1536x869.jpg 1536w, https:\/\/www.preventraide.fr\/contenus\/app\/uploads\/2024\/06\/IMG_20240527_114804-2048x1158.jpg 2048w, https:\/\/www.preventraide.fr\/contenus\/app\/uploads\/2024\/06\/IMG_20240527_114804-1600x905.jpg 1600w\" sizes=\"auto, (max-width: 1024px) 100vw, 1024px\" \/><\/figure><\/li><li class=\"blocks-gallery-item\"><figure><img loading=\"lazy\" decoding=\"async\" width=\"1024\" height=\"768\" src=\"https:\/\/www.preventraide.fr\/contenus\/app\/uploads\/2024\/06\/IMG_20240527_115116-1024x768.jpg\" alt=\"\" data-id=\"1412\" data-full-url=\"https:\/\/www.preventraide.fr\/contenus\/app\/uploads\/2024\/06\/IMG_20240527_115116-scaled.jpg\" data-link=\"https:\/\/www.preventraide.fr\/contenus\/?attachment_id=1412\" class=\"wp-image-1412\" srcset=\"https:\/\/www.preventraide.fr\/contenus\/app\/uploads\/2024\/06\/IMG_20240527_115116-1024x768.jpg 1024w, https:\/\/www.preventraide.fr\/contenus\/app\/uploads\/2024\/06\/IMG_20240527_115116-300x225.jpg 300w, https:\/\/www.preventraide.fr\/contenus\/app\/uploads\/2024\/06\/IMG_20240527_115116-768x576.jpg 768w, https:\/\/www.preventraide.fr\/contenus\/app\/uploads\/2024\/06\/IMG_20240527_115116-1536x1152.jpg 1536w, https:\/\/www.preventraide.fr\/contenus\/app\/uploads\/2024\/06\/IMG_20240527_115116-2048x1536.jpg 2048w, https:\/\/www.preventraide.fr\/contenus\/app\/uploads\/2024\/06\/IMG_20240527_115116-1600x1200.jpg 1600w\" sizes=\"auto, (max-width: 1024px) 100vw, 1024px\" \/><\/figure><\/li><li class=\"blocks-gallery-item\"><figure><img loading=\"lazy\" decoding=\"async\" width=\"1024\" height=\"812\" src=\"https:\/\/www.preventraide.fr\/contenus\/app\/uploads\/2024\/06\/IMG_20240527_155916-1024x812.jpg\" alt=\"\" data-id=\"1413\" data-full-url=\"https:\/\/www.preventraide.fr\/contenus\/app\/uploads\/2024\/06\/IMG_20240527_155916-scaled.jpg\" data-link=\"https:\/\/www.preventraide.fr\/contenus\/?attachment_id=1413\" class=\"wp-image-1413\" srcset=\"https:\/\/www.preventraide.fr\/contenus\/app\/uploads\/2024\/06\/IMG_20240527_155916-1024x812.jpg 1024w, https:\/\/www.preventraide.fr\/contenus\/app\/uploads\/2024\/06\/IMG_20240527_155916-300x238.jpg 300w, https:\/\/www.preventraide.fr\/contenus\/app\/uploads\/2024\/06\/IMG_20240527_155916-768x609.jpg 768w, https:\/\/www.preventraide.fr\/contenus\/app\/uploads\/2024\/06\/IMG_20240527_155916-1536x1219.jpg 1536w, https:\/\/www.preventraide.fr\/contenus\/app\/uploads\/2024\/06\/IMG_20240527_155916-2048x1625.jpg 2048w, https:\/\/www.preventraide.fr\/contenus\/app\/uploads\/2024\/06\/IMG_20240527_155916-1600x1269.jpg 1600w\" sizes=\"auto, (max-width: 1024px) 100vw, 1024px\" \/><\/figure><\/li><\/ul><\/figure>\n","protected":false},"excerpt":{"rendered":"<p>Prenons soin de la terre : Voici l\u2019un des slogans trouv\u00e9s par un groupe d\u2019\u00e9l\u00e8ves lors de l&rsquo;intervention&nbsp;\u00ab Fresque du climat Junior \u00bb dans une \u00e9cole rurale du sud de l\u2019Aisne. Apr\u00e8s une formation de 3 heures avec l\u2019association \u00ab La Fresque du climat \u00bb et 3 heures pour devenir animateur, les membres de l&rsquo;antenne [&hellip;]<\/p>\n","protected":false},"author":6,"featured_media":1413,"comment_status":"closed","ping_status":"closed","sticky":false,"template":"","format":"standard","meta":{"_acf_changed":false,"inline_featured_image":false,"ghostkit_customizer_options":"","ghostkit_custom_css":"","ghostkit_custom_js_head":"","ghostkit_custom_js_foot":"","ghostkit_typography":"","footnotes":""},"categories":[2],"tags":[],"class_list":["post-1409","post","type-post","status-publish","format-standard","has-post-thumbnail","hentry","category-non-classifie"],"acf":[],"yoast_head":"<!-- This site is optimized with the Yoast SEO plugin v24.9 - https:\/\/yoast.com\/wordpress\/plugins\/seo\/ -->\n<title>Sensibilisation au climat : quand les enfants prennent les r\u00eanes\u00a0 - Preventraide - Conseils Pr\u00e9vention<\/title>\n<meta name=\"robots\" content=\"index, follow, max-snippet:-1, max-image-preview:large, max-video-preview:-1\" \/>\n<link rel=\"canonical\" href=\"https:\/\/www.preventraide.fr\/contenus\/actualites\/sensibilisation-au-climat-quand-les-enfants-prennent-les-renes\/\" \/>\n<meta property=\"og:locale\" content=\"fr_FR\" \/>\n<meta property=\"og:type\" content=\"article\" \/>\n<meta property=\"og:title\" content=\"Sensibilisation au climat : quand les enfants prennent les r\u00eanes\u00a0 - Preventraide - Conseils Pr\u00e9vention\" \/>\n<meta property=\"og:description\" content=\"Prenons soin de la terre : Voici l\u2019un des slogans trouv\u00e9s par un groupe d\u2019\u00e9l\u00e8ves lors de l&rsquo;intervention&nbsp;\u00ab Fresque du climat Junior \u00bb dans une \u00e9cole rurale du sud de l\u2019Aisne. Apr\u00e8s une formation de 3 heures avec l\u2019association \u00ab La Fresque du climat \u00bb et 3 heures pour devenir animateur, les membres de l&rsquo;antenne [&hellip;]\" \/>\n<meta property=\"og:url\" content=\"https:\/\/www.preventraide.fr\/contenus\/actualites\/sensibilisation-au-climat-quand-les-enfants-prennent-les-renes\/\" \/>\n<meta property=\"og:site_name\" content=\"Preventraide - Conseils Pr\u00e9vention\" \/>\n<meta property=\"article:published_time\" content=\"2024-06-11T04:09:00+00:00\" \/>\n<meta property=\"og:image\" content=\"https:\/\/www.preventraide.fr\/contenus\/app\/uploads\/2024\/06\/IMG_20240527_155916-scaled.jpg\" \/>\n\t<meta property=\"og:image:width\" content=\"2560\" \/>\n\t<meta property=\"og:image:height\" content=\"2031\" \/>\n\t<meta property=\"og:image:type\" content=\"image\/jpeg\" \/>\n<meta name=\"author\" content=\"Camille Jagueneau\" \/>\n<meta name=\"twitter:card\" content=\"summary_large_image\" \/>\n<meta name=\"twitter:label1\" content=\"Written by\" \/>\n\t<meta name=\"twitter:data1\" content=\"Camille Jagueneau\" \/>\n\t<meta name=\"twitter:label2\" content=\"Est. reading time\" \/>\n\t<meta name=\"twitter:data2\" content=\"4 minutes\" \/>\n<script type=\"application\/ld+json\" class=\"yoast-schema-graph\">{\"@context\":\"https:\/\/schema.org\",\"@graph\":[{\"@type\":\"WebPage\",\"@id\":\"https:\/\/www.preventraide.fr\/contenus\/actualites\/sensibilisation-au-climat-quand-les-enfants-prennent-les-renes\/\",\"url\":\"https:\/\/www.preventraide.fr\/contenus\/actualites\/sensibilisation-au-climat-quand-les-enfants-prennent-les-renes\/\",\"name\":\"Sensibilisation au climat : quand les enfants prennent les r\u00eanes\u00a0 - Preventraide - Conseils Pr\u00e9vention\",\"isPartOf\":{\"@id\":\"https:\/\/www.preventraide.fr\/contenus\/#website\"},\"primaryImageOfPage\":{\"@id\":\"https:\/\/www.preventraide.fr\/contenus\/actualites\/sensibilisation-au-climat-quand-les-enfants-prennent-les-renes\/#primaryimage\"},\"image\":{\"@id\":\"https:\/\/www.preventraide.fr\/contenus\/actualites\/sensibilisation-au-climat-quand-les-enfants-prennent-les-renes\/#primaryimage\"},\"thumbnailUrl\":\"https:\/\/www.preventraide.fr\/contenus\/app\/uploads\/2024\/06\/IMG_20240527_155916-scaled.jpg\",\"datePublished\":\"2024-06-11T04:09:00+00:00\",\"author\":{\"@id\":\"https:\/\/www.preventraide.fr\/contenus\/#\/schema\/person\/610d5b148158ad8b26a57ee3481784b9\"},\"breadcrumb\":{\"@id\":\"https:\/\/www.preventraide.fr\/contenus\/actualites\/sensibilisation-au-climat-quand-les-enfants-prennent-les-renes\/#breadcrumb\"},\"inLanguage\":\"fr-FR\",\"potentialAction\":[{\"@type\":\"ReadAction\",\"target\":[\"https:\/\/www.preventraide.fr\/contenus\/actualites\/sensibilisation-au-climat-quand-les-enfants-prennent-les-renes\/\"]}]},{\"@type\":\"ImageObject\",\"inLanguage\":\"fr-FR\",\"@id\":\"https:\/\/www.preventraide.fr\/contenus\/actualites\/sensibilisation-au-climat-quand-les-enfants-prennent-les-renes\/#primaryimage\",\"url\":\"https:\/\/www.preventraide.fr\/contenus\/app\/uploads\/2024\/06\/IMG_20240527_155916-scaled.jpg\",\"contentUrl\":\"https:\/\/www.preventraide.fr\/contenus\/app\/uploads\/2024\/06\/IMG_20240527_155916-scaled.jpg\",\"width\":2560,\"height\":2031},{\"@type\":\"BreadcrumbList\",\"@id\":\"https:\/\/www.preventraide.fr\/contenus\/actualites\/sensibilisation-au-climat-quand-les-enfants-prennent-les-renes\/#breadcrumb\",\"itemListElement\":[{\"@type\":\"ListItem\",\"position\":1,\"name\":\"Accueil\",\"item\":\"https:\/\/www.preventraide.fr\"},{\"@type\":\"ListItem\",\"position\":2,\"name\":\"Sensibilisation au climat : quand les enfants prennent les r\u00eanes\u00a0\"}]},{\"@type\":\"WebSite\",\"@id\":\"https:\/\/www.preventraide.fr\/contenus\/#website\",\"url\":\"https:\/\/www.preventraide.fr\/contenus\/\",\"name\":\"Preventraide\",\"description\":\"\",\"potentialAction\":[{\"@type\":\"SearchAction\",\"target\":{\"@type\":\"EntryPoint\",\"urlTemplate\":\"https:\/\/www.preventraide.fr\/contenus\/?s={search_term_string}\"},\"query-input\":{\"@type\":\"PropertyValueSpecification\",\"valueRequired\":true,\"valueName\":\"search_term_string\"}}],\"inLanguage\":\"fr-FR\"},{\"@type\":\"Person\",\"@id\":\"https:\/\/www.preventraide.fr\/contenus\/#\/schema\/person\/610d5b148158ad8b26a57ee3481784b9\",\"name\":\"Camille Jagueneau\",\"image\":{\"@type\":\"ImageObject\",\"inLanguage\":\"fr-FR\",\"@id\":\"https:\/\/www.preventraide.fr\/contenus\/#\/schema\/person\/image\/\",\"url\":\"https:\/\/secure.gravatar.com\/avatar\/3a79d305b8d74191fb30dfe16bb61532d97fe378fbea0c1b02acebf1deb00e68?s=96&d=mm&r=g\",\"contentUrl\":\"https:\/\/secure.gravatar.com\/avatar\/3a79d305b8d74191fb30dfe16bb61532d97fe378fbea0c1b02acebf1deb00e68?s=96&d=mm&r=g\",\"caption\":\"Camille Jagueneau\"}}]}<\/script>\n<!-- \/ Yoast SEO plugin. -->","yoast_head_json":{"title":"Sensibilisation au climat : quand les enfants prennent les r\u00eanes\u00a0 - Preventraide - Conseils Pr\u00e9vention","robots":{"index":"index","follow":"follow","max-snippet":"max-snippet:-1","max-image-preview":"max-image-preview:large","max-video-preview":"max-video-preview:-1"},"canonical":"https:\/\/www.preventraide.fr\/contenus\/actualites\/sensibilisation-au-climat-quand-les-enfants-prennent-les-renes\/","og_locale":"fr_FR","og_type":"article","og_title":"Sensibilisation au climat : quand les enfants prennent les r\u00eanes\u00a0 - Preventraide - Conseils Pr\u00e9vention","og_description":"Prenons soin de la terre : Voici l\u2019un des slogans trouv\u00e9s par un groupe d\u2019\u00e9l\u00e8ves lors de l&rsquo;intervention&nbsp;\u00ab Fresque du climat Junior \u00bb dans une \u00e9cole rurale du sud de l\u2019Aisne. Apr\u00e8s une formation de 3 heures avec l\u2019association \u00ab La Fresque du climat \u00bb et 3 heures pour devenir animateur, les membres de l&rsquo;antenne [&hellip;]","og_url":"https:\/\/www.preventraide.fr\/contenus\/actualites\/sensibilisation-au-climat-quand-les-enfants-prennent-les-renes\/","og_site_name":"Preventraide - Conseils Pr\u00e9vention","article_published_time":"2024-06-11T04:09:00+00:00","og_image":[{"width":2560,"height":2031,"url":"https:\/\/www.preventraide.fr\/contenus\/app\/uploads\/2024\/06\/IMG_20240527_155916-scaled.jpg","type":"image\/jpeg"}],"author":"Camille Jagueneau","twitter_card":"summary_large_image","twitter_misc":{"Written by":"Camille Jagueneau","Est. reading time":"4 minutes"},"schema":{"@context":"https:\/\/schema.org","@graph":[{"@type":"WebPage","@id":"https:\/\/www.preventraide.fr\/contenus\/actualites\/sensibilisation-au-climat-quand-les-enfants-prennent-les-renes\/","url":"https:\/\/www.preventraide.fr\/contenus\/actualites\/sensibilisation-au-climat-quand-les-enfants-prennent-les-renes\/","name":"Sensibilisation au climat : quand les enfants prennent les r\u00eanes\u00a0 - Preventraide - Conseils Pr\u00e9vention","isPartOf":{"@id":"https:\/\/www.preventraide.fr\/contenus\/#website"},"primaryImageOfPage":{"@id":"https:\/\/www.preventraide.fr\/contenus\/actualites\/sensibilisation-au-climat-quand-les-enfants-prennent-les-renes\/#primaryimage"},"image":{"@id":"https:\/\/www.preventraide.fr\/contenus\/actualites\/sensibilisation-au-climat-quand-les-enfants-prennent-les-renes\/#primaryimage"},"thumbnailUrl":"https:\/\/www.preventraide.fr\/contenus\/app\/uploads\/2024\/06\/IMG_20240527_155916-scaled.jpg","datePublished":"2024-06-11T04:09:00+00:00","author":{"@id":"https:\/\/www.preventraide.fr\/contenus\/#\/schema\/person\/610d5b148158ad8b26a57ee3481784b9"},"breadcrumb":{"@id":"https:\/\/www.preventraide.fr\/contenus\/actualites\/sensibilisation-au-climat-quand-les-enfants-prennent-les-renes\/#breadcrumb"},"inLanguage":"fr-FR","potentialAction":[{"@type":"ReadAction","target":["https:\/\/www.preventraide.fr\/contenus\/actualites\/sensibilisation-au-climat-quand-les-enfants-prennent-les-renes\/"]}]},{"@type":"ImageObject","inLanguage":"fr-FR","@id":"https:\/\/www.preventraide.fr\/contenus\/actualites\/sensibilisation-au-climat-quand-les-enfants-prennent-les-renes\/#primaryimage","url":"https:\/\/www.preventraide.fr\/contenus\/app\/uploads\/2024\/06\/IMG_20240527_155916-scaled.jpg","contentUrl":"https:\/\/www.preventraide.fr\/contenus\/app\/uploads\/2024\/06\/IMG_20240527_155916-scaled.jpg","width":2560,"height":2031},{"@type":"BreadcrumbList","@id":"https:\/\/www.preventraide.fr\/contenus\/actualites\/sensibilisation-au-climat-quand-les-enfants-prennent-les-renes\/#breadcrumb","itemListElement":[{"@type":"ListItem","position":1,"name":"Accueil","item":"https:\/\/www.preventraide.fr"},{"@type":"ListItem","position":2,"name":"Sensibilisation au climat : quand les enfants prennent les r\u00eanes\u00a0"}]},{"@type":"WebSite","@id":"https:\/\/www.preventraide.fr\/contenus\/#website","url":"https:\/\/www.preventraide.fr\/contenus\/","name":"Preventraide","description":"","potentialAction":[{"@type":"SearchAction","target":{"@type":"EntryPoint","urlTemplate":"https:\/\/www.preventraide.fr\/contenus\/?s={search_term_string}"},"query-input":{"@type":"PropertyValueSpecification","valueRequired":true,"valueName":"search_term_string"}}],"inLanguage":"fr-FR"},{"@type":"Person","@id":"https:\/\/www.preventraide.fr\/contenus\/#\/schema\/person\/610d5b148158ad8b26a57ee3481784b9","name":"Camille Jagueneau","image":{"@type":"ImageObject","inLanguage":"fr-FR","@id":"https:\/\/www.preventraide.fr\/contenus\/#\/schema\/person\/image\/","url":"https:\/\/secure.gravatar.com\/avatar\/3a79d305b8d74191fb30dfe16bb61532d97fe378fbea0c1b02acebf1deb00e68?s=96&d=mm&r=g","contentUrl":"https:\/\/secure.gravatar.com\/avatar\/3a79d305b8d74191fb30dfe16bb61532d97fe378fbea0c1b02acebf1deb00e68?s=96&d=mm&r=g","caption":"Camille Jagueneau"}}]}},"_links":{"self":[{"href":"https:\/\/www.preventraide.fr\/contenus\/wp-json\/wp\/v2\/posts\/1409","targetHints":{"allow":["GET"]}}],"collection":[{"href":"https:\/\/www.preventraide.fr\/contenus\/wp-json\/wp\/v2\/posts"}],"about":[{"href":"https:\/\/www.preventraide.fr\/contenus\/wp-json\/wp\/v2\/types\/post"}],"author":[{"embeddable":true,"href":"https:\/\/www.preventraide.fr\/contenus\/wp-json\/wp\/v2\/users\/6"}],"replies":[{"embeddable":true,"href":"https:\/\/www.preventraide.fr\/contenus\/wp-json\/wp\/v2\/comments?post=1409"}],"version-history":[{"count":0,"href":"https:\/\/www.preventraide.fr\/contenus\/wp-json\/wp\/v2\/posts\/1409\/revisions"}],"wp:featuredmedia":[{"embeddable":true,"href":"https:\/\/www.preventraide.fr\/contenus\/wp-json\/wp\/v2\/media\/1413"}],"wp:attachment":[{"href":"https:\/\/www.preventraide.fr\/contenus\/wp-json\/wp\/v2\/media?parent=1409"}],"wp:term":[{"taxonomy":"category","embeddable":true,"href":"https:\/\/www.preventraide.fr\/contenus\/wp-json\/wp\/v2\/categories?post=1409"},{"taxonomy":"post_tag","embeddable":true,"href":"https:\/\/www.preventraide.fr\/contenus\/wp-json\/wp\/v2\/tags?post=1409"}],"curies":[{"name":"wp","href":"https:\/\/api.w.org\/{rel}","templated":true}]}}