{"id":1415,"date":"2024-06-05T04:34:00","date_gmt":"2024-06-05T02:34:00","guid":{"rendered":"https:\/\/www.preventraide.fr\/contenus\/?p=1415"},"modified":"2024-06-05T04:34:00","modified_gmt":"2024-06-05T02:34:00","slug":"printemps-du-climat-dans-la-roya","status":"publish","type":"post","link":"https:\/\/www.preventraide.fr\/contenus\/actualites\/printemps-du-climat-dans-la-roya\/","title":{"rendered":"Printemps du Climat dans la Roya"},"content":{"rendered":"\n<p>Le samedi 25 mai, le village de St Dalmas de Tende a accueilli le Printemps du Climat dans la vall\u00e9e de la Roya, au Prieur\u00e9.<\/p>\n\n\n\n<p>L&rsquo;\u00e9v\u00e9nement a attir\u00e9 plus de <strong>400 personnes<\/strong> venues des villages environnants ainsi que de la c\u00f4te, notamment de Nice.<\/p>\n\n\n\n<p>Le matin, une centaine de personnes ont pris part \u00e0 <strong>deux chantiers participatifs<\/strong>. Le premier visait \u00e0 \u00e9liminer des esp\u00e8ces envahissantes et proposait des ateliers de d\u00e9couverte de la biodiversit\u00e9. Le second chantier consistait \u00e0 \u00e9vacuer une ruine gr\u00e2ce \u00e0 une v\u00e9ritable cha\u00eene humaine. Ces activit\u00e9s ont permis de nettoyer les terrains en vue des plantations pr\u00e9vues pour l&rsquo;automne prochain. <\/p>\n\n\n\n<p>\u00c0 partir de 13h, divers <strong>stands et ateliers participatifs <\/strong>ont anim\u00e9 l&rsquo;apr\u00e8s-midi. Les participants ont pu s&rsquo;initier \u00e0 la fabrication de papier ensemenc\u00e9 avec des graines paysannes, \u00e0 la cr\u00e9ation de teintures v\u00e9g\u00e9tales, et \u00e0 la d\u00e9couverte de la biodiversit\u00e9 et des esp\u00e8ces blanches. D&rsquo;autres ateliers portaient sur le cycle des d\u00e9chets, la visite de la ch\u00e2taigneraie, et des \u00e9changes sur l&rsquo;entraide, la coop\u00e9ration, et l&rsquo;\u00e9conomie sociale et solidaire.<\/p>\n\n\n\n<p>Une quinzaine de b\u00e9n\u00e9voles Pr\u00e9vention MAIF de Nice et du Cannet \u00e9taient \u00e9galement pr\u00e9sents et ont contribu\u00e9 \u00e0 l&rsquo;organisation de l&rsquo;\u00e9v\u00e9nement. Ils ont anim\u00e9 des activit\u00e9s telles que le<strong> jeu Pr\u00e9ventraide<\/strong>, des d\u00e9monstrations des<strong> gestes qui sauvent<\/strong>, des <strong>ateliers sur la mobilit\u00e9 douce<\/strong> et la <strong>s\u00e9curit\u00e9 \u00e0 v\u00e9lo<\/strong>, et ont pr\u00e9sent\u00e9 une exposition sur le sport \u00e9coresponsable. Ils ont aussi pris la parole au micro tout au long de l&rsquo;apr\u00e8s-midi pour animer l&rsquo;\u00e9v\u00e9nement. <\/p>\n\n\n\n<p>Le stand <strong>\u00ab capsule temporelle \u00bb<\/strong> a rencontr\u00e9 un grand succ\u00e8s. Les visiteurs pouvaient y laisser des messages ou enregistrer des t\u00e9moignages pour r\u00e9pondre \u00e0 la question \u00ab Comment aimeriez-vous voir le monde en 2050 par rapport au climat et \u00e0 la biodiversit\u00e9 ? \u00bb. Tous les messages ont \u00e9t\u00e9 plac\u00e9s dans une capsule temporelle, enterr\u00e9e en fin d&rsquo;apr\u00e8s-midi et destin\u00e9e \u00e0 \u00eatre ouverte en 2050.<\/p>\n\n\n\n<p>En fin d&rsquo;apr\u00e8s-midi, plus de 200 personnes ont assist\u00e9 \u00e0 une <strong>table ronde sur le th\u00e8me de la \u00ab coop\u00e9ration en temps de crise \u00bb<\/strong>, avec la participation de Pablo Servigne. Les \u00e9changes, riches et engag\u00e9s, ont b\u00e9n\u00e9fici\u00e9 de la pr\u00e9sence de nombreux intervenants de qualit\u00e9.<\/p>\n\n\n\n<p>La journ\u00e9e s&rsquo;est termin\u00e9e sur une note joyeuse et dansante avec un baletti qui a anim\u00e9 la soir\u00e9e jusqu&rsquo;\u00e0 23h. <\/p>\n\n\n\n<figure class=\"wp-block-gallery columns-3 is-cropped wp-block-gallery-1 is-layout-flex wp-block-gallery-is-layout-flex\"><ul class=\"blocks-gallery-grid\"><li class=\"blocks-gallery-item\"><figure><img loading=\"lazy\" decoding=\"async\" width=\"1024\" height=\"683\" src=\"https:\/\/www.preventraide.fr\/contenus\/app\/uploads\/2024\/06\/MAIF008479-010-1024x683.jpg\" alt=\"\" data-id=\"1416\" data-link=\"https:\/\/www.preventraide.fr\/contenus\/?attachment_id=1416\" class=\"wp-image-1416\" srcset=\"https:\/\/www.preventraide.fr\/contenus\/app\/uploads\/2024\/06\/MAIF008479-010-1024x683.jpg 1024w, https:\/\/www.preventraide.fr\/contenus\/app\/uploads\/2024\/06\/MAIF008479-010-300x200.jpg 300w, https:\/\/www.preventraide.fr\/contenus\/app\/uploads\/2024\/06\/MAIF008479-010-768x512.jpg 768w, https:\/\/www.preventraide.fr\/contenus\/app\/uploads\/2024\/06\/MAIF008479-010-1536x1024.jpg 1536w, https:\/\/www.preventraide.fr\/contenus\/app\/uploads\/2024\/06\/MAIF008479-010-2048x1365.jpg 2048w, https:\/\/www.preventraide.fr\/contenus\/app\/uploads\/2024\/06\/MAIF008479-010-1600x1067.jpg 1600w\" sizes=\"auto, (max-width: 1024px) 100vw, 1024px\" \/><\/figure><\/li><li class=\"blocks-gallery-item\"><figure><img loading=\"lazy\" decoding=\"async\" width=\"1024\" height=\"683\" src=\"https:\/\/www.preventraide.fr\/contenus\/app\/uploads\/2024\/06\/MAIF008479-044-1024x683.jpg\" alt=\"\" data-id=\"1418\" data-full-url=\"https:\/\/www.preventraide.fr\/contenus\/app\/uploads\/2024\/06\/MAIF008479-044-scaled.jpg\" data-link=\"https:\/\/www.preventraide.fr\/contenus\/?attachment_id=1418\" class=\"wp-image-1418\" srcset=\"https:\/\/www.preventraide.fr\/contenus\/app\/uploads\/2024\/06\/MAIF008479-044-1024x683.jpg 1024w, https:\/\/www.preventraide.fr\/contenus\/app\/uploads\/2024\/06\/MAIF008479-044-300x200.jpg 300w, https:\/\/www.preventraide.fr\/contenus\/app\/uploads\/2024\/06\/MAIF008479-044-768x512.jpg 768w, https:\/\/www.preventraide.fr\/contenus\/app\/uploads\/2024\/06\/MAIF008479-044-1536x1024.jpg 1536w, https:\/\/www.preventraide.fr\/contenus\/app\/uploads\/2024\/06\/MAIF008479-044-2048x1365.jpg 2048w, https:\/\/www.preventraide.fr\/contenus\/app\/uploads\/2024\/06\/MAIF008479-044-1600x1067.jpg 1600w\" sizes=\"auto, (max-width: 1024px) 100vw, 1024px\" \/><\/figure><\/li><li class=\"blocks-gallery-item\"><figure><img loading=\"lazy\" decoding=\"async\" width=\"1024\" height=\"683\" src=\"https:\/\/www.preventraide.fr\/contenus\/app\/uploads\/2024\/06\/MAIF008479-047-1024x683.jpg\" alt=\"\" data-id=\"1420\" data-full-url=\"https:\/\/www.preventraide.fr\/contenus\/app\/uploads\/2024\/06\/MAIF008479-047-scaled.jpg\" data-link=\"https:\/\/www.preventraide.fr\/contenus\/?attachment_id=1420\" class=\"wp-image-1420\" srcset=\"https:\/\/www.preventraide.fr\/contenus\/app\/uploads\/2024\/06\/MAIF008479-047-1024x683.jpg 1024w, https:\/\/www.preventraide.fr\/contenus\/app\/uploads\/2024\/06\/MAIF008479-047-300x200.jpg 300w, https:\/\/www.preventraide.fr\/contenus\/app\/uploads\/2024\/06\/MAIF008479-047-768x512.jpg 768w, https:\/\/www.preventraide.fr\/contenus\/app\/uploads\/2024\/06\/MAIF008479-047-1536x1024.jpg 1536w, https:\/\/www.preventraide.fr\/contenus\/app\/uploads\/2024\/06\/MAIF008479-047-2048x1365.jpg 2048w, https:\/\/www.preventraide.fr\/contenus\/app\/uploads\/2024\/06\/MAIF008479-047-1600x1067.jpg 1600w\" sizes=\"auto, (max-width: 1024px) 100vw, 1024px\" \/><\/figure><\/li><li class=\"blocks-gallery-item\"><figure><img loading=\"lazy\" decoding=\"async\" width=\"1024\" height=\"683\" src=\"https:\/\/www.preventraide.fr\/contenus\/app\/uploads\/2024\/06\/MAIF008479-049-1024x683.jpg\" alt=\"\" data-id=\"1424\" data-full-url=\"https:\/\/www.preventraide.fr\/contenus\/app\/uploads\/2024\/06\/MAIF008479-049-scaled.jpg\" data-link=\"https:\/\/www.preventraide.fr\/contenus\/?attachment_id=1424\" class=\"wp-image-1424\" srcset=\"https:\/\/www.preventraide.fr\/contenus\/app\/uploads\/2024\/06\/MAIF008479-049-1024x683.jpg 1024w, https:\/\/www.preventraide.fr\/contenus\/app\/uploads\/2024\/06\/MAIF008479-049-300x200.jpg 300w, https:\/\/www.preventraide.fr\/contenus\/app\/uploads\/2024\/06\/MAIF008479-049-768x512.jpg 768w, https:\/\/www.preventraide.fr\/contenus\/app\/uploads\/2024\/06\/MAIF008479-049-1536x1024.jpg 1536w, https:\/\/www.preventraide.fr\/contenus\/app\/uploads\/2024\/06\/MAIF008479-049-2048x1365.jpg 2048w, https:\/\/www.preventraide.fr\/contenus\/app\/uploads\/2024\/06\/MAIF008479-049-1600x1067.jpg 1600w\" sizes=\"auto, (max-width: 1024px) 100vw, 1024px\" \/><\/figure><\/li><li class=\"blocks-gallery-item\"><figure><img loading=\"lazy\" decoding=\"async\" width=\"683\" height=\"1024\" src=\"https:\/\/www.preventraide.fr\/contenus\/app\/uploads\/2024\/06\/MAIF008479-050-683x1024.jpg\" alt=\"\" data-id=\"1426\" data-full-url=\"https:\/\/www.preventraide.fr\/contenus\/app\/uploads\/2024\/06\/MAIF008479-050-scaled.jpg\" data-link=\"https:\/\/www.preventraide.fr\/contenus\/?attachment_id=1426\" class=\"wp-image-1426\" srcset=\"https:\/\/www.preventraide.fr\/contenus\/app\/uploads\/2024\/06\/MAIF008479-050-683x1024.jpg 683w, https:\/\/www.preventraide.fr\/contenus\/app\/uploads\/2024\/06\/MAIF008479-050-200x300.jpg 200w, https:\/\/www.preventraide.fr\/contenus\/app\/uploads\/2024\/06\/MAIF008479-050-768x1152.jpg 768w, https:\/\/www.preventraide.fr\/contenus\/app\/uploads\/2024\/06\/MAIF008479-050-1024x1536.jpg 1024w, https:\/\/www.preventraide.fr\/contenus\/app\/uploads\/2024\/06\/MAIF008479-050-1365x2048.jpg 1365w, https:\/\/www.preventraide.fr\/contenus\/app\/uploads\/2024\/06\/MAIF008479-050-1600x2400.jpg 1600w, https:\/\/www.preventraide.fr\/contenus\/app\/uploads\/2024\/06\/MAIF008479-050-scaled.jpg 1707w\" sizes=\"auto, (max-width: 683px) 100vw, 683px\" \/><\/figure><\/li><li class=\"blocks-gallery-item\"><figure><img loading=\"lazy\" decoding=\"async\" width=\"1024\" height=\"683\" src=\"https:\/\/www.preventraide.fr\/contenus\/app\/uploads\/2024\/06\/MAIF008479-054-1024x683.jpg\" alt=\"\" data-id=\"1427\" data-full-url=\"https:\/\/www.preventraide.fr\/contenus\/app\/uploads\/2024\/06\/MAIF008479-054-scaled.jpg\" data-link=\"https:\/\/www.preventraide.fr\/contenus\/?attachment_id=1427\" class=\"wp-image-1427\" srcset=\"https:\/\/www.preventraide.fr\/contenus\/app\/uploads\/2024\/06\/MAIF008479-054-1024x683.jpg 1024w, https:\/\/www.preventraide.fr\/contenus\/app\/uploads\/2024\/06\/MAIF008479-054-300x200.jpg 300w, https:\/\/www.preventraide.fr\/contenus\/app\/uploads\/2024\/06\/MAIF008479-054-768x512.jpg 768w, https:\/\/www.preventraide.fr\/contenus\/app\/uploads\/2024\/06\/MAIF008479-054-1536x1024.jpg 1536w, https:\/\/www.preventraide.fr\/contenus\/app\/uploads\/2024\/06\/MAIF008479-054-2048x1365.jpg 2048w, https:\/\/www.preventraide.fr\/contenus\/app\/uploads\/2024\/06\/MAIF008479-054-1600x1067.jpg 1600w\" sizes=\"auto, (max-width: 1024px) 100vw, 1024px\" \/><\/figure><\/li><li class=\"blocks-gallery-item\"><figure><img loading=\"lazy\" decoding=\"async\" width=\"1024\" height=\"683\" src=\"https:\/\/www.preventraide.fr\/contenus\/app\/uploads\/2024\/06\/MAIF008479-055-1024x683.jpg\" alt=\"\" data-id=\"1428\" data-full-url=\"https:\/\/www.preventraide.fr\/contenus\/app\/uploads\/2024\/06\/MAIF008479-055-scaled.jpg\" data-link=\"https:\/\/www.preventraide.fr\/contenus\/?attachment_id=1428\" class=\"wp-image-1428\" srcset=\"https:\/\/www.preventraide.fr\/contenus\/app\/uploads\/2024\/06\/MAIF008479-055-1024x683.jpg 1024w, https:\/\/www.preventraide.fr\/contenus\/app\/uploads\/2024\/06\/MAIF008479-055-300x200.jpg 300w, https:\/\/www.preventraide.fr\/contenus\/app\/uploads\/2024\/06\/MAIF008479-055-768x512.jpg 768w, https:\/\/www.preventraide.fr\/contenus\/app\/uploads\/2024\/06\/MAIF008479-055-1536x1024.jpg 1536w, https:\/\/www.preventraide.fr\/contenus\/app\/uploads\/2024\/06\/MAIF008479-055-2048x1365.jpg 2048w, https:\/\/www.preventraide.fr\/contenus\/app\/uploads\/2024\/06\/MAIF008479-055-1600x1067.jpg 1600w\" sizes=\"auto, (max-width: 1024px) 100vw, 1024px\" \/><\/figure><\/li><li class=\"blocks-gallery-item\"><figure><img loading=\"lazy\" decoding=\"async\" width=\"1024\" height=\"683\" src=\"https:\/\/www.preventraide.fr\/contenus\/app\/uploads\/2024\/06\/MAIF008479-057-1024x683.jpg\" alt=\"\" data-id=\"1430\" data-full-url=\"https:\/\/www.preventraide.fr\/contenus\/app\/uploads\/2024\/06\/MAIF008479-057-scaled.jpg\" data-link=\"https:\/\/www.preventraide.fr\/contenus\/?attachment_id=1430\" class=\"wp-image-1430\" srcset=\"https:\/\/www.preventraide.fr\/contenus\/app\/uploads\/2024\/06\/MAIF008479-057-1024x683.jpg 1024w, https:\/\/www.preventraide.fr\/contenus\/app\/uploads\/2024\/06\/MAIF008479-057-300x200.jpg 300w, https:\/\/www.preventraide.fr\/contenus\/app\/uploads\/2024\/06\/MAIF008479-057-768x512.jpg 768w, https:\/\/www.preventraide.fr\/contenus\/app\/uploads\/2024\/06\/MAIF008479-057-1536x1024.jpg 1536w, https:\/\/www.preventraide.fr\/contenus\/app\/uploads\/2024\/06\/MAIF008479-057-2048x1365.jpg 2048w, https:\/\/www.preventraide.fr\/contenus\/app\/uploads\/2024\/06\/MAIF008479-057-1600x1067.jpg 1600w\" sizes=\"auto, (max-width: 1024px) 100vw, 1024px\" \/><\/figure><\/li><li class=\"blocks-gallery-item\"><figure><img loading=\"lazy\" decoding=\"async\" width=\"1024\" height=\"683\" src=\"https:\/\/www.preventraide.fr\/contenus\/app\/uploads\/2024\/06\/MAIF008479-024-1024x683.jpg\" alt=\"\" data-id=\"1431\" data-full-url=\"https:\/\/www.preventraide.fr\/contenus\/app\/uploads\/2024\/06\/MAIF008479-024-scaled.jpg\" data-link=\"https:\/\/www.preventraide.fr\/contenus\/?attachment_id=1431\" class=\"wp-image-1431\" srcset=\"https:\/\/www.preventraide.fr\/contenus\/app\/uploads\/2024\/06\/MAIF008479-024-1024x683.jpg 1024w, https:\/\/www.preventraide.fr\/contenus\/app\/uploads\/2024\/06\/MAIF008479-024-300x200.jpg 300w, https:\/\/www.preventraide.fr\/contenus\/app\/uploads\/2024\/06\/MAIF008479-024-768x512.jpg 768w, https:\/\/www.preventraide.fr\/contenus\/app\/uploads\/2024\/06\/MAIF008479-024-1536x1024.jpg 1536w, https:\/\/www.preventraide.fr\/contenus\/app\/uploads\/2024\/06\/MAIF008479-024-2048x1365.jpg 2048w, https:\/\/www.preventraide.fr\/contenus\/app\/uploads\/2024\/06\/MAIF008479-024-1600x1067.jpg 1600w\" sizes=\"auto, (max-width: 1024px) 100vw, 1024px\" \/><\/figure><\/li><li class=\"blocks-gallery-item\"><figure><img loading=\"lazy\" decoding=\"async\" width=\"1024\" height=\"683\" src=\"https:\/\/www.preventraide.fr\/contenus\/app\/uploads\/2024\/06\/MAIF008479-026-1024x683.jpg\" alt=\"\" data-id=\"1433\" data-full-url=\"https:\/\/www.preventraide.fr\/contenus\/app\/uploads\/2024\/06\/MAIF008479-026-scaled.jpg\" data-link=\"https:\/\/www.preventraide.fr\/contenus\/?attachment_id=1433\" class=\"wp-image-1433\" srcset=\"https:\/\/www.preventraide.fr\/contenus\/app\/uploads\/2024\/06\/MAIF008479-026-1024x683.jpg 1024w, https:\/\/www.preventraide.fr\/contenus\/app\/uploads\/2024\/06\/MAIF008479-026-300x200.jpg 300w, https:\/\/www.preventraide.fr\/contenus\/app\/uploads\/2024\/06\/MAIF008479-026-768x512.jpg 768w, https:\/\/www.preventraide.fr\/contenus\/app\/uploads\/2024\/06\/MAIF008479-026-1536x1024.jpg 1536w, https:\/\/www.preventraide.fr\/contenus\/app\/uploads\/2024\/06\/MAIF008479-026-2048x1365.jpg 2048w, https:\/\/www.preventraide.fr\/contenus\/app\/uploads\/2024\/06\/MAIF008479-026-1600x1067.jpg 1600w\" sizes=\"auto, (max-width: 1024px) 100vw, 1024px\" \/><\/figure><\/li><li class=\"blocks-gallery-item\"><figure><img loading=\"lazy\" decoding=\"async\" width=\"1024\" height=\"683\" src=\"https:\/\/www.preventraide.fr\/contenus\/app\/uploads\/2024\/06\/MAIF008479-028-1-1024x683.jpg\" alt=\"\" data-id=\"1434\" data-full-url=\"https:\/\/www.preventraide.fr\/contenus\/app\/uploads\/2024\/06\/MAIF008479-028-1-scaled.jpg\" data-link=\"https:\/\/www.preventraide.fr\/contenus\/?attachment_id=1434\" class=\"wp-image-1434\" srcset=\"https:\/\/www.preventraide.fr\/contenus\/app\/uploads\/2024\/06\/MAIF008479-028-1-1024x683.jpg 1024w, https:\/\/www.preventraide.fr\/contenus\/app\/uploads\/2024\/06\/MAIF008479-028-1-300x200.jpg 300w, https:\/\/www.preventraide.fr\/contenus\/app\/uploads\/2024\/06\/MAIF008479-028-1-768x512.jpg 768w, https:\/\/www.preventraide.fr\/contenus\/app\/uploads\/2024\/06\/MAIF008479-028-1-1536x1024.jpg 1536w, https:\/\/www.preventraide.fr\/contenus\/app\/uploads\/2024\/06\/MAIF008479-028-1-2048x1365.jpg 2048w, https:\/\/www.preventraide.fr\/contenus\/app\/uploads\/2024\/06\/MAIF008479-028-1-1600x1067.jpg 1600w\" sizes=\"auto, (max-width: 1024px) 100vw, 1024px\" \/><\/figure><\/li><li class=\"blocks-gallery-item\"><figure><img loading=\"lazy\" decoding=\"async\" width=\"1024\" height=\"683\" src=\"https:\/\/www.preventraide.fr\/contenus\/app\/uploads\/2024\/06\/MAIF008479-041-1024x683.jpg\" alt=\"\" data-id=\"1435\" data-full-url=\"https:\/\/www.preventraide.fr\/contenus\/app\/uploads\/2024\/06\/MAIF008479-041-scaled.jpg\" data-link=\"https:\/\/www.preventraide.fr\/contenus\/?attachment_id=1435\" class=\"wp-image-1435\" srcset=\"https:\/\/www.preventraide.fr\/contenus\/app\/uploads\/2024\/06\/MAIF008479-041-1024x683.jpg 1024w, https:\/\/www.preventraide.fr\/contenus\/app\/uploads\/2024\/06\/MAIF008479-041-300x200.jpg 300w, https:\/\/www.preventraide.fr\/contenus\/app\/uploads\/2024\/06\/MAIF008479-041-768x512.jpg 768w, https:\/\/www.preventraide.fr\/contenus\/app\/uploads\/2024\/06\/MAIF008479-041-1536x1024.jpg 1536w, https:\/\/www.preventraide.fr\/contenus\/app\/uploads\/2024\/06\/MAIF008479-041-2048x1365.jpg 2048w, https:\/\/www.preventraide.fr\/contenus\/app\/uploads\/2024\/06\/MAIF008479-041-1600x1067.jpg 1600w\" sizes=\"auto, (max-width: 1024px) 100vw, 1024px\" \/><\/figure><\/li><li class=\"blocks-gallery-item\"><figure><img loading=\"lazy\" decoding=\"async\" width=\"1024\" height=\"683\" src=\"https:\/\/www.preventraide.fr\/contenus\/app\/uploads\/2024\/06\/MAIF008479-042-1024x683.jpg\" alt=\"\" data-id=\"1436\" data-full-url=\"https:\/\/www.preventraide.fr\/contenus\/app\/uploads\/2024\/06\/MAIF008479-042-scaled.jpg\" data-link=\"https:\/\/www.preventraide.fr\/contenus\/?attachment_id=1436\" class=\"wp-image-1436\" srcset=\"https:\/\/www.preventraide.fr\/contenus\/app\/uploads\/2024\/06\/MAIF008479-042-1024x683.jpg 1024w, https:\/\/www.preventraide.fr\/contenus\/app\/uploads\/2024\/06\/MAIF008479-042-300x200.jpg 300w, https:\/\/www.preventraide.fr\/contenus\/app\/uploads\/2024\/06\/MAIF008479-042-768x512.jpg 768w, https:\/\/www.preventraide.fr\/contenus\/app\/uploads\/2024\/06\/MAIF008479-042-1536x1024.jpg 1536w, https:\/\/www.preventraide.fr\/contenus\/app\/uploads\/2024\/06\/MAIF008479-042-2048x1365.jpg 2048w, https:\/\/www.preventraide.fr\/contenus\/app\/uploads\/2024\/06\/MAIF008479-042-1600x1067.jpg 1600w\" sizes=\"auto, (max-width: 1024px) 100vw, 1024px\" \/><\/figure><\/li><li class=\"blocks-gallery-item\"><figure><img loading=\"lazy\" decoding=\"async\" width=\"1024\" height=\"683\" src=\"https:\/\/www.preventraide.fr\/contenus\/app\/uploads\/2024\/06\/MAIF008479-031-1024x683.jpg\" alt=\"\" data-id=\"1437\" data-full-url=\"https:\/\/www.preventraide.fr\/contenus\/app\/uploads\/2024\/06\/MAIF008479-031-scaled.jpg\" data-link=\"https:\/\/www.preventraide.fr\/contenus\/?attachment_id=1437\" class=\"wp-image-1437\" srcset=\"https:\/\/www.preventraide.fr\/contenus\/app\/uploads\/2024\/06\/MAIF008479-031-1024x683.jpg 1024w, https:\/\/www.preventraide.fr\/contenus\/app\/uploads\/2024\/06\/MAIF008479-031-300x200.jpg 300w, https:\/\/www.preventraide.fr\/contenus\/app\/uploads\/2024\/06\/MAIF008479-031-768x512.jpg 768w, https:\/\/www.preventraide.fr\/contenus\/app\/uploads\/2024\/06\/MAIF008479-031-1536x1024.jpg 1536w, https:\/\/www.preventraide.fr\/contenus\/app\/uploads\/2024\/06\/MAIF008479-031-2048x1365.jpg 2048w, https:\/\/www.preventraide.fr\/contenus\/app\/uploads\/2024\/06\/MAIF008479-031-1600x1067.jpg 1600w\" sizes=\"auto, (max-width: 1024px) 100vw, 1024px\" \/><\/figure><\/li><li class=\"blocks-gallery-item\"><figure><img loading=\"lazy\" decoding=\"async\" width=\"1024\" height=\"683\" src=\"https:\/\/www.preventraide.fr\/contenus\/app\/uploads\/2024\/06\/MAIF008479-032-1024x683.jpg\" alt=\"\" data-id=\"1438\" data-full-url=\"https:\/\/www.preventraide.fr\/contenus\/app\/uploads\/2024\/06\/MAIF008479-032-scaled.jpg\" data-link=\"https:\/\/www.preventraide.fr\/contenus\/?attachment_id=1438\" class=\"wp-image-1438\" srcset=\"https:\/\/www.preventraide.fr\/contenus\/app\/uploads\/2024\/06\/MAIF008479-032-1024x683.jpg 1024w, https:\/\/www.preventraide.fr\/contenus\/app\/uploads\/2024\/06\/MAIF008479-032-300x200.jpg 300w, https:\/\/www.preventraide.fr\/contenus\/app\/uploads\/2024\/06\/MAIF008479-032-768x512.jpg 768w, https:\/\/www.preventraide.fr\/contenus\/app\/uploads\/2024\/06\/MAIF008479-032-1536x1024.jpg 1536w, https:\/\/www.preventraide.fr\/contenus\/app\/uploads\/2024\/06\/MAIF008479-032-2048x1365.jpg 2048w, https:\/\/www.preventraide.fr\/contenus\/app\/uploads\/2024\/06\/MAIF008479-032-1600x1067.jpg 1600w\" sizes=\"auto, (max-width: 1024px) 100vw, 1024px\" \/><\/figure><\/li><li class=\"blocks-gallery-item\"><figure><img loading=\"lazy\" decoding=\"async\" width=\"1024\" height=\"683\" src=\"https:\/\/www.preventraide.fr\/contenus\/app\/uploads\/2024\/06\/MAIF008479-033-1024x683.jpg\" alt=\"\" data-id=\"1439\" data-full-url=\"https:\/\/www.preventraide.fr\/contenus\/app\/uploads\/2024\/06\/MAIF008479-033-scaled.jpg\" data-link=\"https:\/\/www.preventraide.fr\/contenus\/?attachment_id=1439\" class=\"wp-image-1439\" srcset=\"https:\/\/www.preventraide.fr\/contenus\/app\/uploads\/2024\/06\/MAIF008479-033-1024x683.jpg 1024w, https:\/\/www.preventraide.fr\/contenus\/app\/uploads\/2024\/06\/MAIF008479-033-300x200.jpg 300w, https:\/\/www.preventraide.fr\/contenus\/app\/uploads\/2024\/06\/MAIF008479-033-768x512.jpg 768w, https:\/\/www.preventraide.fr\/contenus\/app\/uploads\/2024\/06\/MAIF008479-033-1536x1024.jpg 1536w, https:\/\/www.preventraide.fr\/contenus\/app\/uploads\/2024\/06\/MAIF008479-033-2048x1365.jpg 2048w, https:\/\/www.preventraide.fr\/contenus\/app\/uploads\/2024\/06\/MAIF008479-033-1600x1067.jpg 1600w\" sizes=\"auto, (max-width: 1024px) 100vw, 1024px\" \/><\/figure><\/li><li class=\"blocks-gallery-item\"><figure><img loading=\"lazy\" decoding=\"async\" width=\"1024\" height=\"683\" src=\"https:\/\/www.preventraide.fr\/contenus\/app\/uploads\/2024\/06\/MAIF008479-036-1024x683.jpg\" alt=\"\" data-id=\"1440\" data-full-url=\"https:\/\/www.preventraide.fr\/contenus\/app\/uploads\/2024\/06\/MAIF008479-036-scaled.jpg\" data-link=\"https:\/\/www.preventraide.fr\/contenus\/?attachment_id=1440\" class=\"wp-image-1440\" srcset=\"https:\/\/www.preventraide.fr\/contenus\/app\/uploads\/2024\/06\/MAIF008479-036-1024x683.jpg 1024w, https:\/\/www.preventraide.fr\/contenus\/app\/uploads\/2024\/06\/MAIF008479-036-300x200.jpg 300w, https:\/\/www.preventraide.fr\/contenus\/app\/uploads\/2024\/06\/MAIF008479-036-768x512.jpg 768w, https:\/\/www.preventraide.fr\/contenus\/app\/uploads\/2024\/06\/MAIF008479-036-1536x1024.jpg 1536w, https:\/\/www.preventraide.fr\/contenus\/app\/uploads\/2024\/06\/MAIF008479-036-2048x1365.jpg 2048w, https:\/\/www.preventraide.fr\/contenus\/app\/uploads\/2024\/06\/MAIF008479-036-1600x1067.jpg 1600w\" sizes=\"auto, (max-width: 1024px) 100vw, 1024px\" \/><\/figure><\/li><\/ul><\/figure>\n","protected":false},"excerpt":{"rendered":"<p>Le samedi 25 mai, le village de St Dalmas de Tende a accueilli le Printemps du Climat dans la vall\u00e9e de la Roya, au Prieur\u00e9. L&rsquo;\u00e9v\u00e9nement a attir\u00e9 plus de 400 personnes venues des villages environnants ainsi que de la c\u00f4te, notamment de Nice. Le matin, une centaine de personnes ont pris part \u00e0 deux [&hellip;]<\/p>\n","protected":false},"author":6,"featured_media":1425,"comment_status":"closed","ping_status":"closed","sticky":false,"template":"","format":"standard","meta":{"_acf_changed":false,"inline_featured_image":false,"ghostkit_customizer_options":"","ghostkit_custom_css":"","ghostkit_custom_js_head":"","ghostkit_custom_js_foot":"","ghostkit_typography":"","footnotes":""},"categories":[2],"tags":[],"class_list":["post-1415","post","type-post","status-publish","format-standard","has-post-thumbnail","hentry","category-non-classifie"],"acf":[],"yoast_head":"<!-- This site is optimized with the Yoast SEO plugin v24.9 - https:\/\/yoast.com\/wordpress\/plugins\/seo\/ -->\n<title>Printemps du Climat dans la Roya - Preventraide - Conseils Pr\u00e9vention<\/title>\n<meta name=\"robots\" content=\"index, follow, max-snippet:-1, max-image-preview:large, max-video-preview:-1\" \/>\n<link rel=\"canonical\" href=\"https:\/\/www.preventraide.fr\/contenus\/actualites\/printemps-du-climat-dans-la-roya\/\" \/>\n<meta property=\"og:locale\" content=\"fr_FR\" \/>\n<meta property=\"og:type\" content=\"article\" \/>\n<meta property=\"og:title\" content=\"Printemps du Climat dans la Roya - Preventraide - Conseils Pr\u00e9vention\" \/>\n<meta property=\"og:description\" content=\"Le samedi 25 mai, le village de St Dalmas de Tende a accueilli le Printemps du Climat dans la vall\u00e9e de la Roya, au Prieur\u00e9. L&rsquo;\u00e9v\u00e9nement a attir\u00e9 plus de 400 personnes venues des villages environnants ainsi que de la c\u00f4te, notamment de Nice. Le matin, une centaine de personnes ont pris part \u00e0 deux [&hellip;]\" \/>\n<meta property=\"og:url\" content=\"https:\/\/www.preventraide.fr\/contenus\/actualites\/printemps-du-climat-dans-la-roya\/\" \/>\n<meta property=\"og:site_name\" content=\"Preventraide - Conseils Pr\u00e9vention\" \/>\n<meta property=\"article:published_time\" content=\"2024-06-05T02:34:00+00:00\" \/>\n<meta property=\"og:image\" content=\"https:\/\/www.preventraide.fr\/contenus\/app\/uploads\/2024\/06\/MAIF008479-028-scaled.jpg\" \/>\n\t<meta property=\"og:image:width\" content=\"2560\" \/>\n\t<meta property=\"og:image:height\" content=\"1707\" \/>\n\t<meta property=\"og:image:type\" content=\"image\/jpeg\" \/>\n<meta name=\"author\" content=\"Camille Jagueneau\" \/>\n<meta name=\"twitter:card\" content=\"summary_large_image\" \/>\n<meta name=\"twitter:label1\" content=\"Written by\" \/>\n\t<meta name=\"twitter:data1\" content=\"Camille Jagueneau\" \/>\n\t<meta name=\"twitter:label2\" content=\"Est. reading time\" \/>\n\t<meta name=\"twitter:data2\" content=\"6 minutes\" \/>\n<script type=\"application\/ld+json\" class=\"yoast-schema-graph\">{\"@context\":\"https:\/\/schema.org\",\"@graph\":[{\"@type\":\"WebPage\",\"@id\":\"https:\/\/www.preventraide.fr\/contenus\/actualites\/printemps-du-climat-dans-la-roya\/\",\"url\":\"https:\/\/www.preventraide.fr\/contenus\/actualites\/printemps-du-climat-dans-la-roya\/\",\"name\":\"Printemps du Climat dans la Roya - Preventraide - Conseils Pr\u00e9vention\",\"isPartOf\":{\"@id\":\"https:\/\/www.preventraide.fr\/contenus\/#website\"},\"primaryImageOfPage\":{\"@id\":\"https:\/\/www.preventraide.fr\/contenus\/actualites\/printemps-du-climat-dans-la-roya\/#primaryimage\"},\"image\":{\"@id\":\"https:\/\/www.preventraide.fr\/contenus\/actualites\/printemps-du-climat-dans-la-roya\/#primaryimage\"},\"thumbnailUrl\":\"https:\/\/www.preventraide.fr\/contenus\/app\/uploads\/2024\/06\/MAIF008479-028-scaled.jpg\",\"datePublished\":\"2024-06-05T02:34:00+00:00\",\"author\":{\"@id\":\"https:\/\/www.preventraide.fr\/contenus\/#\/schema\/person\/610d5b148158ad8b26a57ee3481784b9\"},\"breadcrumb\":{\"@id\":\"https:\/\/www.preventraide.fr\/contenus\/actualites\/printemps-du-climat-dans-la-roya\/#breadcrumb\"},\"inLanguage\":\"fr-FR\",\"potentialAction\":[{\"@type\":\"ReadAction\",\"target\":[\"https:\/\/www.preventraide.fr\/contenus\/actualites\/printemps-du-climat-dans-la-roya\/\"]}]},{\"@type\":\"ImageObject\",\"inLanguage\":\"fr-FR\",\"@id\":\"https:\/\/www.preventraide.fr\/contenus\/actualites\/printemps-du-climat-dans-la-roya\/#primaryimage\",\"url\":\"https:\/\/www.preventraide.fr\/contenus\/app\/uploads\/2024\/06\/MAIF008479-028-scaled.jpg\",\"contentUrl\":\"https:\/\/www.preventraide.fr\/contenus\/app\/uploads\/2024\/06\/MAIF008479-028-scaled.jpg\",\"width\":2560,\"height\":1707},{\"@type\":\"BreadcrumbList\",\"@id\":\"https:\/\/www.preventraide.fr\/contenus\/actualites\/printemps-du-climat-dans-la-roya\/#breadcrumb\",\"itemListElement\":[{\"@type\":\"ListItem\",\"position\":1,\"name\":\"Accueil\",\"item\":\"https:\/\/www.preventraide.fr\"},{\"@type\":\"ListItem\",\"position\":2,\"name\":\"Printemps du Climat dans la Roya\"}]},{\"@type\":\"WebSite\",\"@id\":\"https:\/\/www.preventraide.fr\/contenus\/#website\",\"url\":\"https:\/\/www.preventraide.fr\/contenus\/\",\"name\":\"Preventraide\",\"description\":\"\",\"potentialAction\":[{\"@type\":\"SearchAction\",\"target\":{\"@type\":\"EntryPoint\",\"urlTemplate\":\"https:\/\/www.preventraide.fr\/contenus\/?s={search_term_string}\"},\"query-input\":{\"@type\":\"PropertyValueSpecification\",\"valueRequired\":true,\"valueName\":\"search_term_string\"}}],\"inLanguage\":\"fr-FR\"},{\"@type\":\"Person\",\"@id\":\"https:\/\/www.preventraide.fr\/contenus\/#\/schema\/person\/610d5b148158ad8b26a57ee3481784b9\",\"name\":\"Camille Jagueneau\",\"image\":{\"@type\":\"ImageObject\",\"inLanguage\":\"fr-FR\",\"@id\":\"https:\/\/www.preventraide.fr\/contenus\/#\/schema\/person\/image\/\",\"url\":\"https:\/\/secure.gravatar.com\/avatar\/3a79d305b8d74191fb30dfe16bb61532d97fe378fbea0c1b02acebf1deb00e68?s=96&d=mm&r=g\",\"contentUrl\":\"https:\/\/secure.gravatar.com\/avatar\/3a79d305b8d74191fb30dfe16bb61532d97fe378fbea0c1b02acebf1deb00e68?s=96&d=mm&r=g\",\"caption\":\"Camille Jagueneau\"}}]}<\/script>\n<!-- \/ Yoast SEO plugin. -->","yoast_head_json":{"title":"Printemps du Climat dans la Roya - Preventraide - Conseils Pr\u00e9vention","robots":{"index":"index","follow":"follow","max-snippet":"max-snippet:-1","max-image-preview":"max-image-preview:large","max-video-preview":"max-video-preview:-1"},"canonical":"https:\/\/www.preventraide.fr\/contenus\/actualites\/printemps-du-climat-dans-la-roya\/","og_locale":"fr_FR","og_type":"article","og_title":"Printemps du Climat dans la Roya - Preventraide - Conseils Pr\u00e9vention","og_description":"Le samedi 25 mai, le village de St Dalmas de Tende a accueilli le Printemps du Climat dans la vall\u00e9e de la Roya, au Prieur\u00e9. L&rsquo;\u00e9v\u00e9nement a attir\u00e9 plus de 400 personnes venues des villages environnants ainsi que de la c\u00f4te, notamment de Nice. Le matin, une centaine de personnes ont pris part \u00e0 deux [&hellip;]","og_url":"https:\/\/www.preventraide.fr\/contenus\/actualites\/printemps-du-climat-dans-la-roya\/","og_site_name":"Preventraide - Conseils Pr\u00e9vention","article_published_time":"2024-06-05T02:34:00+00:00","og_image":[{"width":2560,"height":1707,"url":"https:\/\/www.preventraide.fr\/contenus\/app\/uploads\/2024\/06\/MAIF008479-028-scaled.jpg","type":"image\/jpeg"}],"author":"Camille Jagueneau","twitter_card":"summary_large_image","twitter_misc":{"Written by":"Camille Jagueneau","Est. reading time":"6 minutes"},"schema":{"@context":"https:\/\/schema.org","@graph":[{"@type":"WebPage","@id":"https:\/\/www.preventraide.fr\/contenus\/actualites\/printemps-du-climat-dans-la-roya\/","url":"https:\/\/www.preventraide.fr\/contenus\/actualites\/printemps-du-climat-dans-la-roya\/","name":"Printemps du Climat dans la Roya - Preventraide - Conseils Pr\u00e9vention","isPartOf":{"@id":"https:\/\/www.preventraide.fr\/contenus\/#website"},"primaryImageOfPage":{"@id":"https:\/\/www.preventraide.fr\/contenus\/actualites\/printemps-du-climat-dans-la-roya\/#primaryimage"},"image":{"@id":"https:\/\/www.preventraide.fr\/contenus\/actualites\/printemps-du-climat-dans-la-roya\/#primaryimage"},"thumbnailUrl":"https:\/\/www.preventraide.fr\/contenus\/app\/uploads\/2024\/06\/MAIF008479-028-scaled.jpg","datePublished":"2024-06-05T02:34:00+00:00","author":{"@id":"https:\/\/www.preventraide.fr\/contenus\/#\/schema\/person\/610d5b148158ad8b26a57ee3481784b9"},"breadcrumb":{"@id":"https:\/\/www.preventraide.fr\/contenus\/actualites\/printemps-du-climat-dans-la-roya\/#breadcrumb"},"inLanguage":"fr-FR","potentialAction":[{"@type":"ReadAction","target":["https:\/\/www.preventraide.fr\/contenus\/actualites\/printemps-du-climat-dans-la-roya\/"]}]},{"@type":"ImageObject","inLanguage":"fr-FR","@id":"https:\/\/www.preventraide.fr\/contenus\/actualites\/printemps-du-climat-dans-la-roya\/#primaryimage","url":"https:\/\/www.preventraide.fr\/contenus\/app\/uploads\/2024\/06\/MAIF008479-028-scaled.jpg","contentUrl":"https:\/\/www.preventraide.fr\/contenus\/app\/uploads\/2024\/06\/MAIF008479-028-scaled.jpg","width":2560,"height":1707},{"@type":"BreadcrumbList","@id":"https:\/\/www.preventraide.fr\/contenus\/actualites\/printemps-du-climat-dans-la-roya\/#breadcrumb","itemListElement":[{"@type":"ListItem","position":1,"name":"Accueil","item":"https:\/\/www.preventraide.fr"},{"@type":"ListItem","position":2,"name":"Printemps du Climat dans la Roya"}]},{"@type":"WebSite","@id":"https:\/\/www.preventraide.fr\/contenus\/#website","url":"https:\/\/www.preventraide.fr\/contenus\/","name":"Preventraide","description":"","potentialAction":[{"@type":"SearchAction","target":{"@type":"EntryPoint","urlTemplate":"https:\/\/www.preventraide.fr\/contenus\/?s={search_term_string}"},"query-input":{"@type":"PropertyValueSpecification","valueRequired":true,"valueName":"search_term_string"}}],"inLanguage":"fr-FR"},{"@type":"Person","@id":"https:\/\/www.preventraide.fr\/contenus\/#\/schema\/person\/610d5b148158ad8b26a57ee3481784b9","name":"Camille Jagueneau","image":{"@type":"ImageObject","inLanguage":"fr-FR","@id":"https:\/\/www.preventraide.fr\/contenus\/#\/schema\/person\/image\/","url":"https:\/\/secure.gravatar.com\/avatar\/3a79d305b8d74191fb30dfe16bb61532d97fe378fbea0c1b02acebf1deb00e68?s=96&d=mm&r=g","contentUrl":"https:\/\/secure.gravatar.com\/avatar\/3a79d305b8d74191fb30dfe16bb61532d97fe378fbea0c1b02acebf1deb00e68?s=96&d=mm&r=g","caption":"Camille Jagueneau"}}]}},"_links":{"self":[{"href":"https:\/\/www.preventraide.fr\/contenus\/wp-json\/wp\/v2\/posts\/1415","targetHints":{"allow":["GET"]}}],"collection":[{"href":"https:\/\/www.preventraide.fr\/contenus\/wp-json\/wp\/v2\/posts"}],"about":[{"href":"https:\/\/www.preventraide.fr\/contenus\/wp-json\/wp\/v2\/types\/post"}],"author":[{"embeddable":true,"href":"https:\/\/www.preventraide.fr\/contenus\/wp-json\/wp\/v2\/users\/6"}],"replies":[{"embeddable":true,"href":"https:\/\/www.preventraide.fr\/contenus\/wp-json\/wp\/v2\/comments?post=1415"}],"version-history":[{"count":0,"href":"https:\/\/www.preventraide.fr\/contenus\/wp-json\/wp\/v2\/posts\/1415\/revisions"}],"wp:featuredmedia":[{"embeddable":true,"href":"https:\/\/www.preventraide.fr\/contenus\/wp-json\/wp\/v2\/media\/1425"}],"wp:attachment":[{"href":"https:\/\/www.preventraide.fr\/contenus\/wp-json\/wp\/v2\/media?parent=1415"}],"wp:term":[{"taxonomy":"category","embeddable":true,"href":"https:\/\/www.preventraide.fr\/contenus\/wp-json\/wp\/v2\/categories?post=1415"},{"taxonomy":"post_tag","embeddable":true,"href":"https:\/\/www.preventraide.fr\/contenus\/wp-json\/wp\/v2\/tags?post=1415"}],"curies":[{"name":"wp","href":"https:\/\/api.w.org\/{rel}","templated":true}]}}