{"id":1469,"date":"2024-06-08T16:24:00","date_gmt":"2024-06-08T14:24:00","guid":{"rendered":"https:\/\/www.preventraide.fr\/contenus\/?p=1469"},"modified":"2024-06-08T16:24:00","modified_gmt":"2024-06-08T14:24:00","slug":"printemps-du-climat-a-grenoble-%f0%9f%8c%bf","status":"publish","type":"post","link":"https:\/\/www.preventraide.fr\/contenus\/actualites\/printemps-du-climat-a-grenoble-%f0%9f%8c%bf\/","title":{"rendered":"Printemps du Climat \u00e0 Grenoble \ud83c\udf3f"},"content":{"rendered":"\n<p>Face \u00e0 l\u2019urgence climatique qui menace notre plan\u00e8te, il est crucial d\u2019agir collectivement pour la pr\u00e9server. C\u2019est dans cet esprit que nous avons cr\u00e9\u00e9 le Printemps du Climat, un \u00e9v\u00e9nement d\u00e9di\u00e9 \u00e0 encourager chacun \u00e0 s\u2019engager en faveur de l\u2019environnement. Cette journ\u00e9e promet d\u2019\u00eatre une exp\u00e9rience enrichissante pour tous ceux qui souhaitent apprendre, d\u00e9couvrir de nouvelles perspectives, ou simplement rencontrer des organisations et des collectifs inspirants.<\/p>\n\n\n\n<p>Rejoignez-nous le&nbsp;<strong>15 juin \u00e0 l\u2019\u00c9cole Lucie Aubrac, situ\u00e9e au 53B boulevard Gambetta<\/strong>, \u00e0 c\u00f4t\u00e9 du parc Hoche et de la caserne de Bonne. De 1<strong>0h \u00e0 18h<\/strong>, nous vous invitons \u00e0 \u00e9changer des id\u00e9es, partager des bonnes pratiques et participer \u00e0 des ateliers ludiques ax\u00e9s sur le climat, que ce soit en solo ou en famille.<\/p>\n\n\n\n<p><strong>Programme de la journ\u00e9e<\/strong><\/p>\n\n\n\n<p>Fran\u00e7ois Jousserandot animera un atelier de calcul rapide de votre empreinte carbone. Apr\u00e8s cette \u00e9valuation, vous pourrez rencontrer diverses associations et d\u00e9couvrir leurs initiatives pour la protection de l\u2019environnement :<\/p>\n\n\n\n<ul class=\"wp-block-list\"><li><strong>The Shifters&nbsp;<\/strong>: Pr\u00e9sentation de 12 mesures simples pour r\u00e9duire votre empreinte carbone au quotidien.<\/li><li><strong>A Bord Perdu<\/strong>&nbsp;: Atelier de s\u00e9rigraphie utilisant des encres v\u00e9g\u00e9tales.<\/li><li><strong>Cultivons nos Toits&nbsp;<\/strong>: Atelier sur les plantes sauvages comestibles et d\u00e9gustation de tartinades l\u2019apr\u00e8s-midi.<\/li><li><strong>Z\u00e9ro Waste<\/strong>&nbsp;: Atelier DIY pour fabriquer des produits m\u00e9nagers \u00e9cologiques.<\/li><li><strong>Aux Arbres Citadins<\/strong>&nbsp;: Pr\u00e9sentation de l\u2019association et jeu de reconnaissance des v\u00e9g\u00e9taux.<\/li><li><strong>Un Jardin Sans Fronti\u00e8res<\/strong>&nbsp;: D\u00e9couverte des activit\u00e9s de l\u2019association.<\/li><li><strong>R\u00e9seau des Repair Caf\u00e9s de Grenoble<\/strong>&nbsp;: Introduction aux initiatives de r\u00e9paration et r\u00e9utilisation.<\/li><li><strong>Nemeton&nbsp;<\/strong>(le matin) : Atelier de d\u00e9couverte de la biodiversit\u00e9 par la science.<\/li><\/ul>\n\n\n\n<p><br><strong>Librairie \u00c9ph\u00e9m\u00e8re<\/strong><br>D\u00e9couvrez une s\u00e9lection de pr\u00e8s de 40 livres de la maison d\u2019\u00e9dition TERRE VIVANTE, sp\u00e9cialis\u00e9e dans l\u2019\u00e9cologie pratique depuis plus de 40 ans. Une occasion unique de vous plonger dans des ouvrages riches en savoir-faire et en conseils pour un mode de vie plus durable.<\/p>\n\n\n\n<p><strong>Animation Interactive<\/strong><br>Manon Letassey sera pr\u00e9sente pour animer une session interactive et graphique sur le climat, offrant une perspective visuelle et engageante sur les enjeux environnementaux actuels.<\/p>\n\n\n\n<p>Le Printemps du Climat est une opportunit\u00e9 unique pour chacun d\u2019entre nous de s\u2019informer, de s\u2019inspirer et de s\u2019engager dans des actions concr\u00e8tes pour prot\u00e9ger notre plan\u00e8te.<\/p>\n\n\n\n<p>Venez nombreux pour partager cette journ\u00e9e d\u00e9di\u00e9e \u00e0 l\u2019environnement et \u00e0 l\u2019avenir de notre plan\u00e8te ! \ud83c\udf0d<\/p>\n\n\n\n<div class=\"wp-block-image\"><figure class=\"aligncenter size-large\"><img loading=\"lazy\" decoding=\"async\" width=\"725\" height=\"1024\" src=\"https:\/\/www.preventraide.fr\/contenus\/app\/uploads\/2024\/06\/AFFICHE-Printemps-du-Climat-GRENOBLE-002_page-0001-725x1024.jpg\" alt=\"\" class=\"wp-image-1470\" srcset=\"https:\/\/www.preventraide.fr\/contenus\/app\/uploads\/2024\/06\/AFFICHE-Printemps-du-Climat-GRENOBLE-002_page-0001-725x1024.jpg 725w, https:\/\/www.preventraide.fr\/contenus\/app\/uploads\/2024\/06\/AFFICHE-Printemps-du-Climat-GRENOBLE-002_page-0001-212x300.jpg 212w, https:\/\/www.preventraide.fr\/contenus\/app\/uploads\/2024\/06\/AFFICHE-Printemps-du-Climat-GRENOBLE-002_page-0001-768x1085.jpg 768w, https:\/\/www.preventraide.fr\/contenus\/app\/uploads\/2024\/06\/AFFICHE-Printemps-du-Climat-GRENOBLE-002_page-0001-1087x1536.jpg 1087w, https:\/\/www.preventraide.fr\/contenus\/app\/uploads\/2024\/06\/AFFICHE-Printemps-du-Climat-GRENOBLE-002_page-0001.jpg 1241w\" sizes=\"auto, (max-width: 725px) 100vw, 725px\" \/><\/figure><\/div>\n","protected":false},"excerpt":{"rendered":"<p>Face \u00e0 l\u2019urgence climatique qui menace notre plan\u00e8te, il est crucial d\u2019agir collectivement pour la pr\u00e9server. C\u2019est dans cet esprit que nous avons cr\u00e9\u00e9 le Printemps du Climat, un \u00e9v\u00e9nement d\u00e9di\u00e9 \u00e0 encourager chacun \u00e0 s\u2019engager en faveur de l\u2019environnement. Cette journ\u00e9e promet d\u2019\u00eatre une exp\u00e9rience enrichissante pour tous ceux qui souhaitent apprendre, d\u00e9couvrir de [&hellip;]<\/p>\n","protected":false},"author":6,"featured_media":1471,"comment_status":"closed","ping_status":"closed","sticky":false,"template":"","format":"standard","meta":{"_acf_changed":false,"inline_featured_image":false,"ghostkit_customizer_options":"","ghostkit_custom_css":"","ghostkit_custom_js_head":"","ghostkit_custom_js_foot":"","ghostkit_typography":"","footnotes":""},"categories":[2],"tags":[],"class_list":["post-1469","post","type-post","status-publish","format-standard","has-post-thumbnail","hentry","category-non-classifie"],"acf":[],"yoast_head":"<!-- This site is optimized with the Yoast SEO plugin v24.9 - https:\/\/yoast.com\/wordpress\/plugins\/seo\/ -->\n<title>Printemps du Climat \u00e0 Grenoble \ud83c\udf3f - Preventraide - Conseils Pr\u00e9vention<\/title>\n<meta name=\"robots\" content=\"index, follow, max-snippet:-1, max-image-preview:large, max-video-preview:-1\" \/>\n<link rel=\"canonical\" href=\"https:\/\/www.preventraide.fr\/contenus\/actualites\/printemps-du-climat-a-grenoble-\ud83c\udf3f\/\" \/>\n<meta property=\"og:locale\" content=\"fr_FR\" \/>\n<meta property=\"og:type\" content=\"article\" \/>\n<meta property=\"og:title\" content=\"Printemps du Climat \u00e0 Grenoble \ud83c\udf3f - Preventraide - Conseils Pr\u00e9vention\" \/>\n<meta property=\"og:description\" content=\"Face \u00e0 l\u2019urgence climatique qui menace notre plan\u00e8te, il est crucial d\u2019agir collectivement pour la pr\u00e9server. C\u2019est dans cet esprit que nous avons cr\u00e9\u00e9 le Printemps du Climat, un \u00e9v\u00e9nement d\u00e9di\u00e9 \u00e0 encourager chacun \u00e0 s\u2019engager en faveur de l\u2019environnement. Cette journ\u00e9e promet d\u2019\u00eatre une exp\u00e9rience enrichissante pour tous ceux qui souhaitent apprendre, d\u00e9couvrir de [&hellip;]\" \/>\n<meta property=\"og:url\" content=\"https:\/\/www.preventraide.fr\/contenus\/actualites\/printemps-du-climat-a-grenoble-\ud83c\udf3f\/\" \/>\n<meta property=\"og:site_name\" content=\"Preventraide - Conseils Pr\u00e9vention\" \/>\n<meta property=\"article:published_time\" content=\"2024-06-08T14:24:00+00:00\" \/>\n<meta property=\"og:image\" content=\"https:\/\/www.preventraide.fr\/contenus\/app\/uploads\/2024\/06\/logo-PRINTEMPS-du-CLIMAT-prevention-MAIF_Plan-de-travail-1-scaled.jpg\" \/>\n\t<meta property=\"og:image:width\" content=\"2560\" \/>\n\t<meta property=\"og:image:height\" content=\"1811\" \/>\n\t<meta property=\"og:image:type\" content=\"image\/jpeg\" \/>\n<meta name=\"author\" content=\"Camille Jagueneau\" \/>\n<meta name=\"twitter:card\" content=\"summary_large_image\" \/>\n<meta name=\"twitter:label1\" content=\"Written by\" \/>\n\t<meta name=\"twitter:data1\" content=\"Camille Jagueneau\" \/>\n\t<meta name=\"twitter:label2\" content=\"Est. reading time\" \/>\n\t<meta name=\"twitter:data2\" content=\"2 minutes\" \/>\n<script type=\"application\/ld+json\" class=\"yoast-schema-graph\">{\"@context\":\"https:\/\/schema.org\",\"@graph\":[{\"@type\":\"WebPage\",\"@id\":\"https:\/\/www.preventraide.fr\/contenus\/actualites\/printemps-du-climat-a-grenoble-%f0%9f%8c%bf\/\",\"url\":\"https:\/\/www.preventraide.fr\/contenus\/actualites\/printemps-du-climat-a-grenoble-%f0%9f%8c%bf\/\",\"name\":\"Printemps du Climat \u00e0 Grenoble \ud83c\udf3f - Preventraide - Conseils Pr\u00e9vention\",\"isPartOf\":{\"@id\":\"https:\/\/www.preventraide.fr\/contenus\/#website\"},\"primaryImageOfPage\":{\"@id\":\"https:\/\/www.preventraide.fr\/contenus\/actualites\/printemps-du-climat-a-grenoble-%f0%9f%8c%bf\/#primaryimage\"},\"image\":{\"@id\":\"https:\/\/www.preventraide.fr\/contenus\/actualites\/printemps-du-climat-a-grenoble-%f0%9f%8c%bf\/#primaryimage\"},\"thumbnailUrl\":\"https:\/\/www.preventraide.fr\/contenus\/app\/uploads\/2024\/06\/logo-PRINTEMPS-du-CLIMAT-prevention-MAIF_Plan-de-travail-1-scaled.jpg\",\"datePublished\":\"2024-06-08T14:24:00+00:00\",\"author\":{\"@id\":\"https:\/\/www.preventraide.fr\/contenus\/#\/schema\/person\/610d5b148158ad8b26a57ee3481784b9\"},\"breadcrumb\":{\"@id\":\"https:\/\/www.preventraide.fr\/contenus\/actualites\/printemps-du-climat-a-grenoble-%f0%9f%8c%bf\/#breadcrumb\"},\"inLanguage\":\"fr-FR\",\"potentialAction\":[{\"@type\":\"ReadAction\",\"target\":[\"https:\/\/www.preventraide.fr\/contenus\/actualites\/printemps-du-climat-a-grenoble-%f0%9f%8c%bf\/\"]}]},{\"@type\":\"ImageObject\",\"inLanguage\":\"fr-FR\",\"@id\":\"https:\/\/www.preventraide.fr\/contenus\/actualites\/printemps-du-climat-a-grenoble-%f0%9f%8c%bf\/#primaryimage\",\"url\":\"https:\/\/www.preventraide.fr\/contenus\/app\/uploads\/2024\/06\/logo-PRINTEMPS-du-CLIMAT-prevention-MAIF_Plan-de-travail-1-scaled.jpg\",\"contentUrl\":\"https:\/\/www.preventraide.fr\/contenus\/app\/uploads\/2024\/06\/logo-PRINTEMPS-du-CLIMAT-prevention-MAIF_Plan-de-travail-1-scaled.jpg\",\"width\":2560,\"height\":1811},{\"@type\":\"BreadcrumbList\",\"@id\":\"https:\/\/www.preventraide.fr\/contenus\/actualites\/printemps-du-climat-a-grenoble-%f0%9f%8c%bf\/#breadcrumb\",\"itemListElement\":[{\"@type\":\"ListItem\",\"position\":1,\"name\":\"Accueil\",\"item\":\"https:\/\/www.preventraide.fr\"},{\"@type\":\"ListItem\",\"position\":2,\"name\":\"Printemps du Climat \u00e0 Grenoble \ud83c\udf3f\"}]},{\"@type\":\"WebSite\",\"@id\":\"https:\/\/www.preventraide.fr\/contenus\/#website\",\"url\":\"https:\/\/www.preventraide.fr\/contenus\/\",\"name\":\"Preventraide\",\"description\":\"\",\"potentialAction\":[{\"@type\":\"SearchAction\",\"target\":{\"@type\":\"EntryPoint\",\"urlTemplate\":\"https:\/\/www.preventraide.fr\/contenus\/?s={search_term_string}\"},\"query-input\":{\"@type\":\"PropertyValueSpecification\",\"valueRequired\":true,\"valueName\":\"search_term_string\"}}],\"inLanguage\":\"fr-FR\"},{\"@type\":\"Person\",\"@id\":\"https:\/\/www.preventraide.fr\/contenus\/#\/schema\/person\/610d5b148158ad8b26a57ee3481784b9\",\"name\":\"Camille Jagueneau\",\"image\":{\"@type\":\"ImageObject\",\"inLanguage\":\"fr-FR\",\"@id\":\"https:\/\/www.preventraide.fr\/contenus\/#\/schema\/person\/image\/\",\"url\":\"https:\/\/secure.gravatar.com\/avatar\/3a79d305b8d74191fb30dfe16bb61532d97fe378fbea0c1b02acebf1deb00e68?s=96&d=mm&r=g\",\"contentUrl\":\"https:\/\/secure.gravatar.com\/avatar\/3a79d305b8d74191fb30dfe16bb61532d97fe378fbea0c1b02acebf1deb00e68?s=96&d=mm&r=g\",\"caption\":\"Camille Jagueneau\"}}]}<\/script>\n<!-- \/ Yoast SEO plugin. -->","yoast_head_json":{"title":"Printemps du Climat \u00e0 Grenoble \ud83c\udf3f - Preventraide - Conseils Pr\u00e9vention","robots":{"index":"index","follow":"follow","max-snippet":"max-snippet:-1","max-image-preview":"max-image-preview:large","max-video-preview":"max-video-preview:-1"},"canonical":"https:\/\/www.preventraide.fr\/contenus\/actualites\/printemps-du-climat-a-grenoble-\ud83c\udf3f\/","og_locale":"fr_FR","og_type":"article","og_title":"Printemps du Climat \u00e0 Grenoble \ud83c\udf3f - Preventraide - Conseils Pr\u00e9vention","og_description":"Face \u00e0 l\u2019urgence climatique qui menace notre plan\u00e8te, il est crucial d\u2019agir collectivement pour la pr\u00e9server. C\u2019est dans cet esprit que nous avons cr\u00e9\u00e9 le Printemps du Climat, un \u00e9v\u00e9nement d\u00e9di\u00e9 \u00e0 encourager chacun \u00e0 s\u2019engager en faveur de l\u2019environnement. Cette journ\u00e9e promet d\u2019\u00eatre une exp\u00e9rience enrichissante pour tous ceux qui souhaitent apprendre, d\u00e9couvrir de [&hellip;]","og_url":"https:\/\/www.preventraide.fr\/contenus\/actualites\/printemps-du-climat-a-grenoble-\ud83c\udf3f\/","og_site_name":"Preventraide - Conseils Pr\u00e9vention","article_published_time":"2024-06-08T14:24:00+00:00","og_image":[{"width":2560,"height":1811,"url":"https:\/\/www.preventraide.fr\/contenus\/app\/uploads\/2024\/06\/logo-PRINTEMPS-du-CLIMAT-prevention-MAIF_Plan-de-travail-1-scaled.jpg","type":"image\/jpeg"}],"author":"Camille Jagueneau","twitter_card":"summary_large_image","twitter_misc":{"Written by":"Camille Jagueneau","Est. reading time":"2 minutes"},"schema":{"@context":"https:\/\/schema.org","@graph":[{"@type":"WebPage","@id":"https:\/\/www.preventraide.fr\/contenus\/actualites\/printemps-du-climat-a-grenoble-%f0%9f%8c%bf\/","url":"https:\/\/www.preventraide.fr\/contenus\/actualites\/printemps-du-climat-a-grenoble-%f0%9f%8c%bf\/","name":"Printemps du Climat \u00e0 Grenoble \ud83c\udf3f - Preventraide - Conseils Pr\u00e9vention","isPartOf":{"@id":"https:\/\/www.preventraide.fr\/contenus\/#website"},"primaryImageOfPage":{"@id":"https:\/\/www.preventraide.fr\/contenus\/actualites\/printemps-du-climat-a-grenoble-%f0%9f%8c%bf\/#primaryimage"},"image":{"@id":"https:\/\/www.preventraide.fr\/contenus\/actualites\/printemps-du-climat-a-grenoble-%f0%9f%8c%bf\/#primaryimage"},"thumbnailUrl":"https:\/\/www.preventraide.fr\/contenus\/app\/uploads\/2024\/06\/logo-PRINTEMPS-du-CLIMAT-prevention-MAIF_Plan-de-travail-1-scaled.jpg","datePublished":"2024-06-08T14:24:00+00:00","author":{"@id":"https:\/\/www.preventraide.fr\/contenus\/#\/schema\/person\/610d5b148158ad8b26a57ee3481784b9"},"breadcrumb":{"@id":"https:\/\/www.preventraide.fr\/contenus\/actualites\/printemps-du-climat-a-grenoble-%f0%9f%8c%bf\/#breadcrumb"},"inLanguage":"fr-FR","potentialAction":[{"@type":"ReadAction","target":["https:\/\/www.preventraide.fr\/contenus\/actualites\/printemps-du-climat-a-grenoble-%f0%9f%8c%bf\/"]}]},{"@type":"ImageObject","inLanguage":"fr-FR","@id":"https:\/\/www.preventraide.fr\/contenus\/actualites\/printemps-du-climat-a-grenoble-%f0%9f%8c%bf\/#primaryimage","url":"https:\/\/www.preventraide.fr\/contenus\/app\/uploads\/2024\/06\/logo-PRINTEMPS-du-CLIMAT-prevention-MAIF_Plan-de-travail-1-scaled.jpg","contentUrl":"https:\/\/www.preventraide.fr\/contenus\/app\/uploads\/2024\/06\/logo-PRINTEMPS-du-CLIMAT-prevention-MAIF_Plan-de-travail-1-scaled.jpg","width":2560,"height":1811},{"@type":"BreadcrumbList","@id":"https:\/\/www.preventraide.fr\/contenus\/actualites\/printemps-du-climat-a-grenoble-%f0%9f%8c%bf\/#breadcrumb","itemListElement":[{"@type":"ListItem","position":1,"name":"Accueil","item":"https:\/\/www.preventraide.fr"},{"@type":"ListItem","position":2,"name":"Printemps du Climat \u00e0 Grenoble \ud83c\udf3f"}]},{"@type":"WebSite","@id":"https:\/\/www.preventraide.fr\/contenus\/#website","url":"https:\/\/www.preventraide.fr\/contenus\/","name":"Preventraide","description":"","potentialAction":[{"@type":"SearchAction","target":{"@type":"EntryPoint","urlTemplate":"https:\/\/www.preventraide.fr\/contenus\/?s={search_term_string}"},"query-input":{"@type":"PropertyValueSpecification","valueRequired":true,"valueName":"search_term_string"}}],"inLanguage":"fr-FR"},{"@type":"Person","@id":"https:\/\/www.preventraide.fr\/contenus\/#\/schema\/person\/610d5b148158ad8b26a57ee3481784b9","name":"Camille Jagueneau","image":{"@type":"ImageObject","inLanguage":"fr-FR","@id":"https:\/\/www.preventraide.fr\/contenus\/#\/schema\/person\/image\/","url":"https:\/\/secure.gravatar.com\/avatar\/3a79d305b8d74191fb30dfe16bb61532d97fe378fbea0c1b02acebf1deb00e68?s=96&d=mm&r=g","contentUrl":"https:\/\/secure.gravatar.com\/avatar\/3a79d305b8d74191fb30dfe16bb61532d97fe378fbea0c1b02acebf1deb00e68?s=96&d=mm&r=g","caption":"Camille Jagueneau"}}]}},"_links":{"self":[{"href":"https:\/\/www.preventraide.fr\/contenus\/wp-json\/wp\/v2\/posts\/1469","targetHints":{"allow":["GET"]}}],"collection":[{"href":"https:\/\/www.preventraide.fr\/contenus\/wp-json\/wp\/v2\/posts"}],"about":[{"href":"https:\/\/www.preventraide.fr\/contenus\/wp-json\/wp\/v2\/types\/post"}],"author":[{"embeddable":true,"href":"https:\/\/www.preventraide.fr\/contenus\/wp-json\/wp\/v2\/users\/6"}],"replies":[{"embeddable":true,"href":"https:\/\/www.preventraide.fr\/contenus\/wp-json\/wp\/v2\/comments?post=1469"}],"version-history":[{"count":0,"href":"https:\/\/www.preventraide.fr\/contenus\/wp-json\/wp\/v2\/posts\/1469\/revisions"}],"wp:featuredmedia":[{"embeddable":true,"href":"https:\/\/www.preventraide.fr\/contenus\/wp-json\/wp\/v2\/media\/1471"}],"wp:attachment":[{"href":"https:\/\/www.preventraide.fr\/contenus\/wp-json\/wp\/v2\/media?parent=1469"}],"wp:term":[{"taxonomy":"category","embeddable":true,"href":"https:\/\/www.preventraide.fr\/contenus\/wp-json\/wp\/v2\/categories?post=1469"},{"taxonomy":"post_tag","embeddable":true,"href":"https:\/\/www.preventraide.fr\/contenus\/wp-json\/wp\/v2\/tags?post=1469"}],"curies":[{"name":"wp","href":"https:\/\/api.w.org\/{rel}","templated":true}]}}