{"id":1475,"date":"2024-06-14T14:49:14","date_gmt":"2024-06-14T12:49:14","guid":{"rendered":"https:\/\/www.preventraide.fr\/contenus\/?p=1475"},"modified":"2024-06-14T14:49:14","modified_gmt":"2024-06-14T12:49:14","slug":"cote-a-cote-arrivee-des-services-civiques-a-hendaye","status":"publish","type":"post","link":"https:\/\/www.preventraide.fr\/contenus\/actualites\/cote-a-cote-arrivee-des-services-civiques-a-hendaye\/","title":{"rendered":"C\u00f4te \u00e0 C\u00f4te : Arriv\u00e9e des services civiques \u00e0 Hendaye"},"content":{"rendered":"\n<p>Les services civiques ont termin\u00e9 leur aventure !<\/p>\n\n\n\n<p>\ud83d\uddd3 Le 10 juin, <a href=\"https:\/\/www.linkedin.com\/in\/ACoAAD2jGAQBTM9_ka3DSdhhsKikYqUGFLtxe2M\"><\/a><a href=\"https:\/\/www.linkedin.com\/in\/l%C3%A9a-girodolle-8b039824a\/\">L\u00e9a Girodolle<\/a> et <a href=\"https:\/\/www.linkedin.com\/in\/ACoAAExEtngB0XbHwRWvqscPW1agTfcbKpDCOxk\"><\/a><a href=\"https:\/\/www.linkedin.com\/in\/emilien-bertsch-9886382b8\/\">emilien bertsch<\/a> sont arriv\u00e9s \u00e0 Hendaye apr\u00e8s avoir parcouru plus de \ud835\udfed \ud835\udfee\ud835\udff1\ud835\udfec \ud835\uddf8\ud835\uddfa \ud835\uddee\u0300 \ud835\ude03\ud835\uddf2\u0301\ud835\uddf9\ud835\uddfc le long de la c\u00f4te atlantique.<\/p>\n\n\n\n<p>\ud83d\udc6b Les services civiques ont \u00e9t\u00e9 accueillis chaleureusement par des enfants qui les attendaient impatiemment. La classe avait suivi l\u2019aventure depuis le d\u00e9but, notamment leurs rencontres et leurs actions en faveur du climat et des mobilit\u00e9s douces.<\/p>\n\n\n\n<p>\ud83d\udd8c Ils avaient cr\u00e9\u00e9 des pancartes et des dessins pour les f\u00e9liciter de leur d\u00e9fi. C\u2019est un parcours inspirant pour les enfants, qui avaient de nombreuses interrogations sur le projet.<\/p>\n\n\n\n<p>\u2753 \ud835\udddf\ud835\uddf2\ud835\ude00 \ud835\uddfe\ud835\ude02\ud835\uddf2\ud835\ude00\ud835\ude01\ud835\uddf6\ud835\uddfc\ud835\uddfb\ud835\ude00 \ud835\uddfe\ud835\ude02\ud835\uddf6 \ud835\ude00\ud835\uddfc\ud835\uddfb\ud835\ude01 \ud835\uddff\ud835\uddf2\ud835\ude00\ud835\ude00\ud835\uddfc\ud835\uddff\ud835\ude01\ud835\uddf6\ud835\uddf2\ud835\ude00 :<br>Avez-vous fait une pr\u00e9paration physique avant votre d\u00e9part ?<br>Quelle \u00e9tait votre \u00e9tape pr\u00e9f\u00e9r\u00e9e tout au long du parcours ?<br>Avez-vous eu des courbatures ?<\/p>\n\n\n\n<p>\ud83d\udeb2 Apr\u00e8s avoir \u00e9chang\u00e9 autour du projet, les enfants ont pr\u00e9sent\u00e9 leurs r\u00e9alisations sur le sujet de la pr\u00e9vention, notamment autour du climat, du v\u00e9lo et des gestes de premiers secours. Ils nous ont aussi racont\u00e9 l\u2019histoire de l\u2019\u00eele des Faisans, qui se trouve en face de l\u2019\u00e9cole. Le saviez-vous ? Cette \u00eele est situ\u00e9e au milieu de la Bidassoa, elle appartient 6 mois \u00e0 la France et 6 mois \u00e0 l\u2019Espagne.<\/p>\n\n\n\n<p>Les enfants ont termin\u00e9 par des chants basques et un tonnerre d\u2019applaudissements. \ud83c\udfa4<\/p>\n\n\n\n<p>Pour l\u2019organisation de cette superbe arriv\u00e9e, nous tenons \u00e0 remercier l\u2019\u00e9cole ainsi que les b\u00e9n\u00e9voles <a href=\"https:\/\/www.linkedin.com\/company\/pr-vention-maif\/\">Pr\u00e9vention MAIF<\/a> de l\u2019antenne d\u2019Anglet pour leur mobilisation. \ud83d\udc4f<\/p>\n\n\n\n<p>Nous vous encourageons \u00e0 vous lancer dans des d\u00e9fis sportifs qui ont un impact positif sur l\u2019environnement ! \ud83c\udf43<\/p>\n\n\n\n<p>On se retrouve prochainement pour vous exposer les chiffres cl\u00e9s de cette aventure. \u00c0 bient\u00f4t pour de nouvelles aventures ! \ud83d\udc4b<\/p>\n\n\n\n<figure class=\"wp-block-embed is-type-video is-provider-youtube wp-block-embed-youtube wp-embed-aspect-16-9 wp-has-aspect-ratio\"><div class=\"wp-block-embed__wrapper\">\n<iframe loading=\"lazy\" title=\"L\u00e9a et Emilien ont termin\u00e9 leur aventure \u00e0 Hendaye\" width=\"500\" height=\"281\" src=\"https:\/\/www.youtube.com\/embed\/bGAzQN5L6NY?list=PLPXfa2P0C9OBAkNZyv9kQDqgqzGP1JePL\" frameborder=\"0\" allow=\"accelerometer; autoplay; clipboard-write; encrypted-media; gyroscope; picture-in-picture; web-share\" referrerpolicy=\"strict-origin-when-cross-origin\" allowfullscreen><\/iframe>\n<\/div><\/figure>\n","protected":false},"excerpt":{"rendered":"<p>Les services civiques ont termin\u00e9 leur aventure ! \ud83d\uddd3 Le 10 juin, L\u00e9a Girodolle et emilien bertsch sont arriv\u00e9s \u00e0 Hendaye apr\u00e8s avoir parcouru plus de \ud835\udfed \ud835\udfee\ud835\udff1\ud835\udfec \ud835\uddf8\ud835\uddfa \ud835\uddee\u0300 \ud835\ude03\ud835\uddf2\u0301\ud835\uddf9\ud835\uddfc le long de la c\u00f4te atlantique. \ud83d\udc6b Les services civiques ont \u00e9t\u00e9 accueillis chaleureusement par des enfants qui les attendaient impatiemment. La classe avait [&hellip;]<\/p>\n","protected":false},"author":7,"featured_media":1476,"comment_status":"closed","ping_status":"closed","sticky":false,"template":"","format":"standard","meta":{"_acf_changed":false,"inline_featured_image":false,"ghostkit_customizer_options":"","ghostkit_custom_css":"","ghostkit_custom_js_head":"","ghostkit_custom_js_foot":"","ghostkit_typography":"","footnotes":""},"categories":[2],"tags":[],"class_list":["post-1475","post","type-post","status-publish","format-standard","has-post-thumbnail","hentry","category-non-classifie"],"acf":[],"yoast_head":"<!-- This site is optimized with the Yoast SEO plugin v24.9 - https:\/\/yoast.com\/wordpress\/plugins\/seo\/ -->\n<title>C\u00f4te \u00e0 C\u00f4te : Arriv\u00e9e des services civiques \u00e0 Hendaye - Preventraide - Conseils Pr\u00e9vention<\/title>\n<meta name=\"robots\" content=\"index, follow, max-snippet:-1, max-image-preview:large, max-video-preview:-1\" \/>\n<link rel=\"canonical\" href=\"https:\/\/www.preventraide.fr\/contenus\/actualites\/cote-a-cote-arrivee-des-services-civiques-a-hendaye\/\" \/>\n<meta property=\"og:locale\" content=\"fr_FR\" \/>\n<meta property=\"og:type\" content=\"article\" \/>\n<meta property=\"og:title\" content=\"C\u00f4te \u00e0 C\u00f4te : Arriv\u00e9e des services civiques \u00e0 Hendaye - Preventraide - Conseils Pr\u00e9vention\" \/>\n<meta property=\"og:description\" content=\"Les services civiques ont termin\u00e9 leur aventure ! \ud83d\uddd3 Le 10 juin, L\u00e9a Girodolle et emilien bertsch sont arriv\u00e9s \u00e0 Hendaye apr\u00e8s avoir parcouru plus de \ud835\udfed \ud835\udfee\ud835\udff1\ud835\udfec \ud835\uddf8\ud835\uddfa \ud835\uddee\u0300 \ud835\ude03\ud835\uddf2\u0301\ud835\uddf9\ud835\uddfc le long de la c\u00f4te atlantique. \ud83d\udc6b Les services civiques ont \u00e9t\u00e9 accueillis chaleureusement par des enfants qui les attendaient impatiemment. La classe avait [&hellip;]\" \/>\n<meta property=\"og:url\" content=\"https:\/\/www.preventraide.fr\/contenus\/actualites\/cote-a-cote-arrivee-des-services-civiques-a-hendaye\/\" \/>\n<meta property=\"og:site_name\" content=\"Preventraide - Conseils Pr\u00e9vention\" \/>\n<meta property=\"article:published_time\" content=\"2024-06-14T12:49:14+00:00\" \/>\n<meta property=\"og:image\" content=\"https:\/\/www.preventraide.fr\/contenus\/app\/uploads\/2024\/06\/image00242-scaled.jpeg\" \/>\n\t<meta property=\"og:image:width\" content=\"2560\" \/>\n\t<meta property=\"og:image:height\" content=\"1617\" \/>\n\t<meta property=\"og:image:type\" content=\"image\/jpeg\" \/>\n<meta name=\"author\" content=\"Romane THIBAUD\" \/>\n<meta name=\"twitter:card\" content=\"summary_large_image\" \/>\n<meta name=\"twitter:label1\" content=\"Written by\" \/>\n\t<meta name=\"twitter:data1\" content=\"Romane THIBAUD\" \/>\n\t<meta name=\"twitter:label2\" content=\"Est. reading time\" \/>\n\t<meta name=\"twitter:data2\" content=\"2 minutes\" \/>\n<script type=\"application\/ld+json\" class=\"yoast-schema-graph\">{\"@context\":\"https:\/\/schema.org\",\"@graph\":[{\"@type\":\"WebPage\",\"@id\":\"https:\/\/www.preventraide.fr\/contenus\/actualites\/cote-a-cote-arrivee-des-services-civiques-a-hendaye\/\",\"url\":\"https:\/\/www.preventraide.fr\/contenus\/actualites\/cote-a-cote-arrivee-des-services-civiques-a-hendaye\/\",\"name\":\"C\u00f4te \u00e0 C\u00f4te : Arriv\u00e9e des services civiques \u00e0 Hendaye - Preventraide - Conseils Pr\u00e9vention\",\"isPartOf\":{\"@id\":\"https:\/\/www.preventraide.fr\/contenus\/#website\"},\"primaryImageOfPage\":{\"@id\":\"https:\/\/www.preventraide.fr\/contenus\/actualites\/cote-a-cote-arrivee-des-services-civiques-a-hendaye\/#primaryimage\"},\"image\":{\"@id\":\"https:\/\/www.preventraide.fr\/contenus\/actualites\/cote-a-cote-arrivee-des-services-civiques-a-hendaye\/#primaryimage\"},\"thumbnailUrl\":\"https:\/\/www.preventraide.fr\/contenus\/app\/uploads\/2024\/06\/image00242-scaled.jpeg\",\"datePublished\":\"2024-06-14T12:49:14+00:00\",\"author\":{\"@id\":\"https:\/\/www.preventraide.fr\/contenus\/#\/schema\/person\/858cea8e6801e68794c6b7980b7f061c\"},\"breadcrumb\":{\"@id\":\"https:\/\/www.preventraide.fr\/contenus\/actualites\/cote-a-cote-arrivee-des-services-civiques-a-hendaye\/#breadcrumb\"},\"inLanguage\":\"fr-FR\",\"potentialAction\":[{\"@type\":\"ReadAction\",\"target\":[\"https:\/\/www.preventraide.fr\/contenus\/actualites\/cote-a-cote-arrivee-des-services-civiques-a-hendaye\/\"]}]},{\"@type\":\"ImageObject\",\"inLanguage\":\"fr-FR\",\"@id\":\"https:\/\/www.preventraide.fr\/contenus\/actualites\/cote-a-cote-arrivee-des-services-civiques-a-hendaye\/#primaryimage\",\"url\":\"https:\/\/www.preventraide.fr\/contenus\/app\/uploads\/2024\/06\/image00242-scaled.jpeg\",\"contentUrl\":\"https:\/\/www.preventraide.fr\/contenus\/app\/uploads\/2024\/06\/image00242-scaled.jpeg\",\"width\":2560,\"height\":1617},{\"@type\":\"BreadcrumbList\",\"@id\":\"https:\/\/www.preventraide.fr\/contenus\/actualites\/cote-a-cote-arrivee-des-services-civiques-a-hendaye\/#breadcrumb\",\"itemListElement\":[{\"@type\":\"ListItem\",\"position\":1,\"name\":\"Accueil\",\"item\":\"https:\/\/www.preventraide.fr\"},{\"@type\":\"ListItem\",\"position\":2,\"name\":\"C\u00f4te \u00e0 C\u00f4te : Arriv\u00e9e des services civiques \u00e0 Hendaye\"}]},{\"@type\":\"WebSite\",\"@id\":\"https:\/\/www.preventraide.fr\/contenus\/#website\",\"url\":\"https:\/\/www.preventraide.fr\/contenus\/\",\"name\":\"Preventraide\",\"description\":\"\",\"potentialAction\":[{\"@type\":\"SearchAction\",\"target\":{\"@type\":\"EntryPoint\",\"urlTemplate\":\"https:\/\/www.preventraide.fr\/contenus\/?s={search_term_string}\"},\"query-input\":{\"@type\":\"PropertyValueSpecification\",\"valueRequired\":true,\"valueName\":\"search_term_string\"}}],\"inLanguage\":\"fr-FR\"},{\"@type\":\"Person\",\"@id\":\"https:\/\/www.preventraide.fr\/contenus\/#\/schema\/person\/858cea8e6801e68794c6b7980b7f061c\",\"name\":\"Romane THIBAUD\",\"image\":{\"@type\":\"ImageObject\",\"inLanguage\":\"fr-FR\",\"@id\":\"https:\/\/www.preventraide.fr\/contenus\/#\/schema\/person\/image\/\",\"url\":\"https:\/\/secure.gravatar.com\/avatar\/37db5230d457183ece50f097bc55f9c854e002d4134a069e3e426d621fc31c31?s=96&d=mm&r=g\",\"contentUrl\":\"https:\/\/secure.gravatar.com\/avatar\/37db5230d457183ece50f097bc55f9c854e002d4134a069e3e426d621fc31c31?s=96&d=mm&r=g\",\"caption\":\"Romane THIBAUD\"}}]}<\/script>\n<!-- \/ Yoast SEO plugin. -->","yoast_head_json":{"title":"C\u00f4te \u00e0 C\u00f4te : Arriv\u00e9e des services civiques \u00e0 Hendaye - Preventraide - Conseils Pr\u00e9vention","robots":{"index":"index","follow":"follow","max-snippet":"max-snippet:-1","max-image-preview":"max-image-preview:large","max-video-preview":"max-video-preview:-1"},"canonical":"https:\/\/www.preventraide.fr\/contenus\/actualites\/cote-a-cote-arrivee-des-services-civiques-a-hendaye\/","og_locale":"fr_FR","og_type":"article","og_title":"C\u00f4te \u00e0 C\u00f4te : Arriv\u00e9e des services civiques \u00e0 Hendaye - Preventraide - Conseils Pr\u00e9vention","og_description":"Les services civiques ont termin\u00e9 leur aventure ! \ud83d\uddd3 Le 10 juin, L\u00e9a Girodolle et emilien bertsch sont arriv\u00e9s \u00e0 Hendaye apr\u00e8s avoir parcouru plus de \ud835\udfed \ud835\udfee\ud835\udff1\ud835\udfec \ud835\uddf8\ud835\uddfa \ud835\uddee\u0300 \ud835\ude03\ud835\uddf2\u0301\ud835\uddf9\ud835\uddfc le long de la c\u00f4te atlantique. \ud83d\udc6b Les services civiques ont \u00e9t\u00e9 accueillis chaleureusement par des enfants qui les attendaient impatiemment. La classe avait [&hellip;]","og_url":"https:\/\/www.preventraide.fr\/contenus\/actualites\/cote-a-cote-arrivee-des-services-civiques-a-hendaye\/","og_site_name":"Preventraide - Conseils Pr\u00e9vention","article_published_time":"2024-06-14T12:49:14+00:00","og_image":[{"width":2560,"height":1617,"url":"https:\/\/www.preventraide.fr\/contenus\/app\/uploads\/2024\/06\/image00242-scaled.jpeg","type":"image\/jpeg"}],"author":"Romane THIBAUD","twitter_card":"summary_large_image","twitter_misc":{"Written by":"Romane THIBAUD","Est. reading time":"2 minutes"},"schema":{"@context":"https:\/\/schema.org","@graph":[{"@type":"WebPage","@id":"https:\/\/www.preventraide.fr\/contenus\/actualites\/cote-a-cote-arrivee-des-services-civiques-a-hendaye\/","url":"https:\/\/www.preventraide.fr\/contenus\/actualites\/cote-a-cote-arrivee-des-services-civiques-a-hendaye\/","name":"C\u00f4te \u00e0 C\u00f4te : Arriv\u00e9e des services civiques \u00e0 Hendaye - Preventraide - Conseils Pr\u00e9vention","isPartOf":{"@id":"https:\/\/www.preventraide.fr\/contenus\/#website"},"primaryImageOfPage":{"@id":"https:\/\/www.preventraide.fr\/contenus\/actualites\/cote-a-cote-arrivee-des-services-civiques-a-hendaye\/#primaryimage"},"image":{"@id":"https:\/\/www.preventraide.fr\/contenus\/actualites\/cote-a-cote-arrivee-des-services-civiques-a-hendaye\/#primaryimage"},"thumbnailUrl":"https:\/\/www.preventraide.fr\/contenus\/app\/uploads\/2024\/06\/image00242-scaled.jpeg","datePublished":"2024-06-14T12:49:14+00:00","author":{"@id":"https:\/\/www.preventraide.fr\/contenus\/#\/schema\/person\/858cea8e6801e68794c6b7980b7f061c"},"breadcrumb":{"@id":"https:\/\/www.preventraide.fr\/contenus\/actualites\/cote-a-cote-arrivee-des-services-civiques-a-hendaye\/#breadcrumb"},"inLanguage":"fr-FR","potentialAction":[{"@type":"ReadAction","target":["https:\/\/www.preventraide.fr\/contenus\/actualites\/cote-a-cote-arrivee-des-services-civiques-a-hendaye\/"]}]},{"@type":"ImageObject","inLanguage":"fr-FR","@id":"https:\/\/www.preventraide.fr\/contenus\/actualites\/cote-a-cote-arrivee-des-services-civiques-a-hendaye\/#primaryimage","url":"https:\/\/www.preventraide.fr\/contenus\/app\/uploads\/2024\/06\/image00242-scaled.jpeg","contentUrl":"https:\/\/www.preventraide.fr\/contenus\/app\/uploads\/2024\/06\/image00242-scaled.jpeg","width":2560,"height":1617},{"@type":"BreadcrumbList","@id":"https:\/\/www.preventraide.fr\/contenus\/actualites\/cote-a-cote-arrivee-des-services-civiques-a-hendaye\/#breadcrumb","itemListElement":[{"@type":"ListItem","position":1,"name":"Accueil","item":"https:\/\/www.preventraide.fr"},{"@type":"ListItem","position":2,"name":"C\u00f4te \u00e0 C\u00f4te : Arriv\u00e9e des services civiques \u00e0 Hendaye"}]},{"@type":"WebSite","@id":"https:\/\/www.preventraide.fr\/contenus\/#website","url":"https:\/\/www.preventraide.fr\/contenus\/","name":"Preventraide","description":"","potentialAction":[{"@type":"SearchAction","target":{"@type":"EntryPoint","urlTemplate":"https:\/\/www.preventraide.fr\/contenus\/?s={search_term_string}"},"query-input":{"@type":"PropertyValueSpecification","valueRequired":true,"valueName":"search_term_string"}}],"inLanguage":"fr-FR"},{"@type":"Person","@id":"https:\/\/www.preventraide.fr\/contenus\/#\/schema\/person\/858cea8e6801e68794c6b7980b7f061c","name":"Romane THIBAUD","image":{"@type":"ImageObject","inLanguage":"fr-FR","@id":"https:\/\/www.preventraide.fr\/contenus\/#\/schema\/person\/image\/","url":"https:\/\/secure.gravatar.com\/avatar\/37db5230d457183ece50f097bc55f9c854e002d4134a069e3e426d621fc31c31?s=96&d=mm&r=g","contentUrl":"https:\/\/secure.gravatar.com\/avatar\/37db5230d457183ece50f097bc55f9c854e002d4134a069e3e426d621fc31c31?s=96&d=mm&r=g","caption":"Romane THIBAUD"}}]}},"_links":{"self":[{"href":"https:\/\/www.preventraide.fr\/contenus\/wp-json\/wp\/v2\/posts\/1475","targetHints":{"allow":["GET"]}}],"collection":[{"href":"https:\/\/www.preventraide.fr\/contenus\/wp-json\/wp\/v2\/posts"}],"about":[{"href":"https:\/\/www.preventraide.fr\/contenus\/wp-json\/wp\/v2\/types\/post"}],"author":[{"embeddable":true,"href":"https:\/\/www.preventraide.fr\/contenus\/wp-json\/wp\/v2\/users\/7"}],"replies":[{"embeddable":true,"href":"https:\/\/www.preventraide.fr\/contenus\/wp-json\/wp\/v2\/comments?post=1475"}],"version-history":[{"count":0,"href":"https:\/\/www.preventraide.fr\/contenus\/wp-json\/wp\/v2\/posts\/1475\/revisions"}],"wp:featuredmedia":[{"embeddable":true,"href":"https:\/\/www.preventraide.fr\/contenus\/wp-json\/wp\/v2\/media\/1476"}],"wp:attachment":[{"href":"https:\/\/www.preventraide.fr\/contenus\/wp-json\/wp\/v2\/media?parent=1475"}],"wp:term":[{"taxonomy":"category","embeddable":true,"href":"https:\/\/www.preventraide.fr\/contenus\/wp-json\/wp\/v2\/categories?post=1475"},{"taxonomy":"post_tag","embeddable":true,"href":"https:\/\/www.preventraide.fr\/contenus\/wp-json\/wp\/v2\/tags?post=1475"}],"curies":[{"name":"wp","href":"https:\/\/api.w.org\/{rel}","templated":true}]}}