{"id":1480,"date":"2024-06-30T06:04:00","date_gmt":"2024-06-30T04:04:00","guid":{"rendered":"https:\/\/www.preventraide.fr\/contenus\/?p=1480"},"modified":"2024-06-30T06:04:00","modified_gmt":"2024-06-30T04:04:00","slug":"les-ateliers-de-prevention-a-aubagne","status":"publish","type":"post","link":"https:\/\/www.preventraide.fr\/contenus\/actualites\/les-ateliers-de-prevention-a-aubagne\/","title":{"rendered":"Les ateliers de pr\u00e9vention \u00e0 Aubagne"},"content":{"rendered":"\n<p>Dans le cadre des actions de pr\u00e9vention men\u00e9es dans les \u00e9coles \u00e9l\u00e9mentaires de la ville d\u2019Aubagne, le Permis Pi\u00e9ton a \u00e9t\u00e9 enseign\u00e9 \u00e0 toutes les classes de CE2 au premier trimestre 2024. Poursuivant cet effort, le service de s\u00e9curit\u00e9 civile et routi\u00e8re de la ville, en collaboration avec les b\u00e9n\u00e9voles Pr\u00e9vention MAIF de Marseille, a organis\u00e9 quatre ateliers pour les classes de CM2, sous la supervision de l&rsquo;Inspection de l&rsquo;\u00c9ducation Nationale de la circonscription.<\/p>\n\n\n\n<p>Ces ateliers, qui se sont d\u00e9roul\u00e9s du 14 mai au 14 juin 2024, portaient sur les th\u00e8mes suivants : les risques routiers, les risques num\u00e9riques, les risques majeurs, et les gestes de premiers secours. <\/p>\n\n\n\n<p>Au total,<strong> 17 classes<\/strong> provenant de<strong> 9 \u00e9coles <\/strong>ont particip\u00e9 \u00e0 ce projet, repr\u00e9sentant<strong> 421 \u00e9l\u00e8ves<\/strong>. Les ateliers ont \u00e9t\u00e9 men\u00e9s en demi-classe, ce qui a doubl\u00e9 le nombre de s\u00e9ances mais a facilit\u00e9 les \u00e9changes gr\u00e2ce \u00e0 des groupes d&rsquo;\u00e9l\u00e8ves plus petits. Divers supports ont \u00e9t\u00e9 remis aux \u00e9l\u00e8ves pour qu&rsquo;ils puissent les partager avec leurs familles, tels que le d\u00e9pliant \u00ab Tous pr\u00e9par\u00e9s face aux risques \u00bb, le flyer Pr\u00e9v\u2019Entraide, et le d\u00e9pliant \u00ab Premiers secours \u00bb.<\/p>\n\n\n\n<p>Un grand merci aux trois charg\u00e9s de mission de la ville ainsi qu&rsquo;aux b\u00e9n\u00e9voles de l\u2019antenne, Alain, Brigitte, Chantal, Danielle, Fran\u00e7oise, Gilles, Laurence, et Michel dont l&rsquo;engagement constant a permis la r\u00e9ussite de ces animations. \ud83d\udc4f<\/p>\n\n\n\n<figure class=\"wp-block-gallery columns-3 is-cropped wp-block-gallery-1 is-layout-flex wp-block-gallery-is-layout-flex\"><ul class=\"blocks-gallery-grid\"><li class=\"blocks-gallery-item\"><figure><img loading=\"lazy\" decoding=\"async\" width=\"768\" height=\"1024\" src=\"https:\/\/www.preventraide.fr\/contenus\/app\/uploads\/2024\/06\/2024-Ateliers-GQS-Aubagne-768x1024.jpg\" alt=\"\" data-id=\"1481\" data-full-url=\"https:\/\/www.preventraide.fr\/contenus\/app\/uploads\/2024\/06\/2024-Ateliers-GQS-Aubagne-rotated.jpg\" data-link=\"https:\/\/www.preventraide.fr\/contenus\/?attachment_id=1481\" class=\"wp-image-1481\" srcset=\"https:\/\/www.preventraide.fr\/contenus\/app\/uploads\/2024\/06\/2024-Ateliers-GQS-Aubagne-768x1024.jpg 768w, https:\/\/www.preventraide.fr\/contenus\/app\/uploads\/2024\/06\/2024-Ateliers-GQS-Aubagne-225x300.jpg 225w, https:\/\/www.preventraide.fr\/contenus\/app\/uploads\/2024\/06\/2024-Ateliers-GQS-Aubagne-1152x1536.jpg 1152w, https:\/\/www.preventraide.fr\/contenus\/app\/uploads\/2024\/06\/2024-Ateliers-GQS-Aubagne-rotated.jpg 1512w\" sizes=\"auto, (max-width: 768px) 100vw, 768px\" \/><\/figure><\/li><li class=\"blocks-gallery-item\"><figure><img loading=\"lazy\" decoding=\"async\" width=\"768\" height=\"1024\" src=\"https:\/\/www.preventraide.fr\/contenus\/app\/uploads\/2024\/06\/2024-Ateliers-SR-Aubagne-768x1024.jpg\" alt=\"\" data-id=\"1482\" data-full-url=\"https:\/\/www.preventraide.fr\/contenus\/app\/uploads\/2024\/06\/2024-Ateliers-SR-Aubagne.jpg\" data-link=\"https:\/\/www.preventraide.fr\/contenus\/?attachment_id=1482\" class=\"wp-image-1482\" srcset=\"https:\/\/www.preventraide.fr\/contenus\/app\/uploads\/2024\/06\/2024-Ateliers-SR-Aubagne-768x1024.jpg 768w, https:\/\/www.preventraide.fr\/contenus\/app\/uploads\/2024\/06\/2024-Ateliers-SR-Aubagne-225x300.jpg 225w, https:\/\/www.preventraide.fr\/contenus\/app\/uploads\/2024\/06\/2024-Ateliers-SR-Aubagne-1152x1536.jpg 1152w, https:\/\/www.preventraide.fr\/contenus\/app\/uploads\/2024\/06\/2024-Ateliers-SR-Aubagne.jpg 1512w\" sizes=\"auto, (max-width: 768px) 100vw, 768px\" \/><\/figure><\/li><li class=\"blocks-gallery-item\"><figure><img loading=\"lazy\" decoding=\"async\" width=\"768\" height=\"1024\" src=\"https:\/\/www.preventraide.fr\/contenus\/app\/uploads\/2024\/06\/2024-Ateliers-RN-Aubagne-768x1024.jpg\" alt=\"\" data-id=\"1484\" data-full-url=\"https:\/\/www.preventraide.fr\/contenus\/app\/uploads\/2024\/06\/2024-Ateliers-RN-Aubagne-rotated.jpg\" data-link=\"https:\/\/www.preventraide.fr\/contenus\/?attachment_id=1484\" class=\"wp-image-1484\" srcset=\"https:\/\/www.preventraide.fr\/contenus\/app\/uploads\/2024\/06\/2024-Ateliers-RN-Aubagne-768x1024.jpg 768w, https:\/\/www.preventraide.fr\/contenus\/app\/uploads\/2024\/06\/2024-Ateliers-RN-Aubagne-225x300.jpg 225w, https:\/\/www.preventraide.fr\/contenus\/app\/uploads\/2024\/06\/2024-Ateliers-RN-Aubagne-1152x1536.jpg 1152w, https:\/\/www.preventraide.fr\/contenus\/app\/uploads\/2024\/06\/2024-Ateliers-RN-Aubagne-rotated.jpg 1512w\" sizes=\"auto, (max-width: 768px) 100vw, 768px\" \/><\/figure><\/li><\/ul><\/figure>\n","protected":false},"excerpt":{"rendered":"<p>Dans le cadre des actions de pr\u00e9vention men\u00e9es dans les \u00e9coles \u00e9l\u00e9mentaires de la ville d\u2019Aubagne, le Permis Pi\u00e9ton a \u00e9t\u00e9 enseign\u00e9 \u00e0 toutes les classes de CE2 au premier trimestre 2024. Poursuivant cet effort, le service de s\u00e9curit\u00e9 civile et routi\u00e8re de la ville, en collaboration avec les b\u00e9n\u00e9voles Pr\u00e9vention MAIF de Marseille, a [&hellip;]<\/p>\n","protected":false},"author":6,"featured_media":1484,"comment_status":"closed","ping_status":"closed","sticky":false,"template":"","format":"standard","meta":{"_acf_changed":false,"inline_featured_image":false,"ghostkit_customizer_options":"","ghostkit_custom_css":"","ghostkit_custom_js_head":"","ghostkit_custom_js_foot":"","ghostkit_typography":"","footnotes":""},"categories":[2],"tags":[],"class_list":["post-1480","post","type-post","status-publish","format-standard","has-post-thumbnail","hentry","category-non-classifie"],"acf":[],"yoast_head":"<!-- This site is optimized with the Yoast SEO plugin v24.9 - https:\/\/yoast.com\/wordpress\/plugins\/seo\/ -->\n<title>Les ateliers de pr\u00e9vention \u00e0 Aubagne - Preventraide - Conseils Pr\u00e9vention<\/title>\n<meta name=\"robots\" content=\"index, follow, max-snippet:-1, max-image-preview:large, max-video-preview:-1\" \/>\n<link rel=\"canonical\" href=\"https:\/\/www.preventraide.fr\/contenus\/actualites\/les-ateliers-de-prevention-a-aubagne\/\" \/>\n<meta property=\"og:locale\" content=\"fr_FR\" \/>\n<meta property=\"og:type\" content=\"article\" \/>\n<meta property=\"og:title\" content=\"Les ateliers de pr\u00e9vention \u00e0 Aubagne - Preventraide - Conseils Pr\u00e9vention\" \/>\n<meta property=\"og:description\" content=\"Dans le cadre des actions de pr\u00e9vention men\u00e9es dans les \u00e9coles \u00e9l\u00e9mentaires de la ville d\u2019Aubagne, le Permis Pi\u00e9ton a \u00e9t\u00e9 enseign\u00e9 \u00e0 toutes les classes de CE2 au premier trimestre 2024. Poursuivant cet effort, le service de s\u00e9curit\u00e9 civile et routi\u00e8re de la ville, en collaboration avec les b\u00e9n\u00e9voles Pr\u00e9vention MAIF de Marseille, a [&hellip;]\" \/>\n<meta property=\"og:url\" content=\"https:\/\/www.preventraide.fr\/contenus\/actualites\/les-ateliers-de-prevention-a-aubagne\/\" \/>\n<meta property=\"og:site_name\" content=\"Preventraide - Conseils Pr\u00e9vention\" \/>\n<meta property=\"article:published_time\" content=\"2024-06-30T04:04:00+00:00\" \/>\n<meta property=\"og:image\" content=\"https:\/\/www.preventraide.fr\/contenus\/app\/uploads\/2024\/06\/2024-Ateliers-RN-Aubagne-rotated.jpg\" \/>\n\t<meta property=\"og:image:width\" content=\"1512\" \/>\n\t<meta property=\"og:image:height\" content=\"2016\" \/>\n\t<meta property=\"og:image:type\" content=\"image\/jpeg\" \/>\n<meta name=\"author\" content=\"Camille Jagueneau\" \/>\n<meta name=\"twitter:card\" content=\"summary_large_image\" \/>\n<meta name=\"twitter:label1\" content=\"Written by\" \/>\n\t<meta name=\"twitter:data1\" content=\"Camille Jagueneau\" \/>\n\t<meta name=\"twitter:label2\" content=\"Est. reading time\" \/>\n\t<meta name=\"twitter:data2\" content=\"2 minutes\" \/>\n<script type=\"application\/ld+json\" class=\"yoast-schema-graph\">{\"@context\":\"https:\/\/schema.org\",\"@graph\":[{\"@type\":\"WebPage\",\"@id\":\"https:\/\/www.preventraide.fr\/contenus\/actualites\/les-ateliers-de-prevention-a-aubagne\/\",\"url\":\"https:\/\/www.preventraide.fr\/contenus\/actualites\/les-ateliers-de-prevention-a-aubagne\/\",\"name\":\"Les ateliers de pr\u00e9vention \u00e0 Aubagne - Preventraide - Conseils Pr\u00e9vention\",\"isPartOf\":{\"@id\":\"https:\/\/www.preventraide.fr\/contenus\/#website\"},\"primaryImageOfPage\":{\"@id\":\"https:\/\/www.preventraide.fr\/contenus\/actualites\/les-ateliers-de-prevention-a-aubagne\/#primaryimage\"},\"image\":{\"@id\":\"https:\/\/www.preventraide.fr\/contenus\/actualites\/les-ateliers-de-prevention-a-aubagne\/#primaryimage\"},\"thumbnailUrl\":\"https:\/\/www.preventraide.fr\/contenus\/app\/uploads\/2024\/06\/2024-Ateliers-RN-Aubagne-rotated.jpg\",\"datePublished\":\"2024-06-30T04:04:00+00:00\",\"author\":{\"@id\":\"https:\/\/www.preventraide.fr\/contenus\/#\/schema\/person\/610d5b148158ad8b26a57ee3481784b9\"},\"breadcrumb\":{\"@id\":\"https:\/\/www.preventraide.fr\/contenus\/actualites\/les-ateliers-de-prevention-a-aubagne\/#breadcrumb\"},\"inLanguage\":\"fr-FR\",\"potentialAction\":[{\"@type\":\"ReadAction\",\"target\":[\"https:\/\/www.preventraide.fr\/contenus\/actualites\/les-ateliers-de-prevention-a-aubagne\/\"]}]},{\"@type\":\"ImageObject\",\"inLanguage\":\"fr-FR\",\"@id\":\"https:\/\/www.preventraide.fr\/contenus\/actualites\/les-ateliers-de-prevention-a-aubagne\/#primaryimage\",\"url\":\"https:\/\/www.preventraide.fr\/contenus\/app\/uploads\/2024\/06\/2024-Ateliers-RN-Aubagne-rotated.jpg\",\"contentUrl\":\"https:\/\/www.preventraide.fr\/contenus\/app\/uploads\/2024\/06\/2024-Ateliers-RN-Aubagne-rotated.jpg\",\"width\":1512,\"height\":2016},{\"@type\":\"BreadcrumbList\",\"@id\":\"https:\/\/www.preventraide.fr\/contenus\/actualites\/les-ateliers-de-prevention-a-aubagne\/#breadcrumb\",\"itemListElement\":[{\"@type\":\"ListItem\",\"position\":1,\"name\":\"Accueil\",\"item\":\"https:\/\/www.preventraide.fr\"},{\"@type\":\"ListItem\",\"position\":2,\"name\":\"Les ateliers de pr\u00e9vention \u00e0 Aubagne\"}]},{\"@type\":\"WebSite\",\"@id\":\"https:\/\/www.preventraide.fr\/contenus\/#website\",\"url\":\"https:\/\/www.preventraide.fr\/contenus\/\",\"name\":\"Preventraide\",\"description\":\"\",\"potentialAction\":[{\"@type\":\"SearchAction\",\"target\":{\"@type\":\"EntryPoint\",\"urlTemplate\":\"https:\/\/www.preventraide.fr\/contenus\/?s={search_term_string}\"},\"query-input\":{\"@type\":\"PropertyValueSpecification\",\"valueRequired\":true,\"valueName\":\"search_term_string\"}}],\"inLanguage\":\"fr-FR\"},{\"@type\":\"Person\",\"@id\":\"https:\/\/www.preventraide.fr\/contenus\/#\/schema\/person\/610d5b148158ad8b26a57ee3481784b9\",\"name\":\"Camille Jagueneau\",\"image\":{\"@type\":\"ImageObject\",\"inLanguage\":\"fr-FR\",\"@id\":\"https:\/\/www.preventraide.fr\/contenus\/#\/schema\/person\/image\/\",\"url\":\"https:\/\/secure.gravatar.com\/avatar\/3a79d305b8d74191fb30dfe16bb61532d97fe378fbea0c1b02acebf1deb00e68?s=96&d=mm&r=g\",\"contentUrl\":\"https:\/\/secure.gravatar.com\/avatar\/3a79d305b8d74191fb30dfe16bb61532d97fe378fbea0c1b02acebf1deb00e68?s=96&d=mm&r=g\",\"caption\":\"Camille Jagueneau\"}}]}<\/script>\n<!-- \/ Yoast SEO plugin. -->","yoast_head_json":{"title":"Les ateliers de pr\u00e9vention \u00e0 Aubagne - Preventraide - Conseils Pr\u00e9vention","robots":{"index":"index","follow":"follow","max-snippet":"max-snippet:-1","max-image-preview":"max-image-preview:large","max-video-preview":"max-video-preview:-1"},"canonical":"https:\/\/www.preventraide.fr\/contenus\/actualites\/les-ateliers-de-prevention-a-aubagne\/","og_locale":"fr_FR","og_type":"article","og_title":"Les ateliers de pr\u00e9vention \u00e0 Aubagne - Preventraide - Conseils Pr\u00e9vention","og_description":"Dans le cadre des actions de pr\u00e9vention men\u00e9es dans les \u00e9coles \u00e9l\u00e9mentaires de la ville d\u2019Aubagne, le Permis Pi\u00e9ton a \u00e9t\u00e9 enseign\u00e9 \u00e0 toutes les classes de CE2 au premier trimestre 2024. Poursuivant cet effort, le service de s\u00e9curit\u00e9 civile et routi\u00e8re de la ville, en collaboration avec les b\u00e9n\u00e9voles Pr\u00e9vention MAIF de Marseille, a [&hellip;]","og_url":"https:\/\/www.preventraide.fr\/contenus\/actualites\/les-ateliers-de-prevention-a-aubagne\/","og_site_name":"Preventraide - Conseils Pr\u00e9vention","article_published_time":"2024-06-30T04:04:00+00:00","og_image":[{"width":1512,"height":2016,"url":"https:\/\/www.preventraide.fr\/contenus\/app\/uploads\/2024\/06\/2024-Ateliers-RN-Aubagne-rotated.jpg","type":"image\/jpeg"}],"author":"Camille Jagueneau","twitter_card":"summary_large_image","twitter_misc":{"Written by":"Camille Jagueneau","Est. reading time":"2 minutes"},"schema":{"@context":"https:\/\/schema.org","@graph":[{"@type":"WebPage","@id":"https:\/\/www.preventraide.fr\/contenus\/actualites\/les-ateliers-de-prevention-a-aubagne\/","url":"https:\/\/www.preventraide.fr\/contenus\/actualites\/les-ateliers-de-prevention-a-aubagne\/","name":"Les ateliers de pr\u00e9vention \u00e0 Aubagne - Preventraide - Conseils Pr\u00e9vention","isPartOf":{"@id":"https:\/\/www.preventraide.fr\/contenus\/#website"},"primaryImageOfPage":{"@id":"https:\/\/www.preventraide.fr\/contenus\/actualites\/les-ateliers-de-prevention-a-aubagne\/#primaryimage"},"image":{"@id":"https:\/\/www.preventraide.fr\/contenus\/actualites\/les-ateliers-de-prevention-a-aubagne\/#primaryimage"},"thumbnailUrl":"https:\/\/www.preventraide.fr\/contenus\/app\/uploads\/2024\/06\/2024-Ateliers-RN-Aubagne-rotated.jpg","datePublished":"2024-06-30T04:04:00+00:00","author":{"@id":"https:\/\/www.preventraide.fr\/contenus\/#\/schema\/person\/610d5b148158ad8b26a57ee3481784b9"},"breadcrumb":{"@id":"https:\/\/www.preventraide.fr\/contenus\/actualites\/les-ateliers-de-prevention-a-aubagne\/#breadcrumb"},"inLanguage":"fr-FR","potentialAction":[{"@type":"ReadAction","target":["https:\/\/www.preventraide.fr\/contenus\/actualites\/les-ateliers-de-prevention-a-aubagne\/"]}]},{"@type":"ImageObject","inLanguage":"fr-FR","@id":"https:\/\/www.preventraide.fr\/contenus\/actualites\/les-ateliers-de-prevention-a-aubagne\/#primaryimage","url":"https:\/\/www.preventraide.fr\/contenus\/app\/uploads\/2024\/06\/2024-Ateliers-RN-Aubagne-rotated.jpg","contentUrl":"https:\/\/www.preventraide.fr\/contenus\/app\/uploads\/2024\/06\/2024-Ateliers-RN-Aubagne-rotated.jpg","width":1512,"height":2016},{"@type":"BreadcrumbList","@id":"https:\/\/www.preventraide.fr\/contenus\/actualites\/les-ateliers-de-prevention-a-aubagne\/#breadcrumb","itemListElement":[{"@type":"ListItem","position":1,"name":"Accueil","item":"https:\/\/www.preventraide.fr"},{"@type":"ListItem","position":2,"name":"Les ateliers de pr\u00e9vention \u00e0 Aubagne"}]},{"@type":"WebSite","@id":"https:\/\/www.preventraide.fr\/contenus\/#website","url":"https:\/\/www.preventraide.fr\/contenus\/","name":"Preventraide","description":"","potentialAction":[{"@type":"SearchAction","target":{"@type":"EntryPoint","urlTemplate":"https:\/\/www.preventraide.fr\/contenus\/?s={search_term_string}"},"query-input":{"@type":"PropertyValueSpecification","valueRequired":true,"valueName":"search_term_string"}}],"inLanguage":"fr-FR"},{"@type":"Person","@id":"https:\/\/www.preventraide.fr\/contenus\/#\/schema\/person\/610d5b148158ad8b26a57ee3481784b9","name":"Camille Jagueneau","image":{"@type":"ImageObject","inLanguage":"fr-FR","@id":"https:\/\/www.preventraide.fr\/contenus\/#\/schema\/person\/image\/","url":"https:\/\/secure.gravatar.com\/avatar\/3a79d305b8d74191fb30dfe16bb61532d97fe378fbea0c1b02acebf1deb00e68?s=96&d=mm&r=g","contentUrl":"https:\/\/secure.gravatar.com\/avatar\/3a79d305b8d74191fb30dfe16bb61532d97fe378fbea0c1b02acebf1deb00e68?s=96&d=mm&r=g","caption":"Camille Jagueneau"}}]}},"_links":{"self":[{"href":"https:\/\/www.preventraide.fr\/contenus\/wp-json\/wp\/v2\/posts\/1480","targetHints":{"allow":["GET"]}}],"collection":[{"href":"https:\/\/www.preventraide.fr\/contenus\/wp-json\/wp\/v2\/posts"}],"about":[{"href":"https:\/\/www.preventraide.fr\/contenus\/wp-json\/wp\/v2\/types\/post"}],"author":[{"embeddable":true,"href":"https:\/\/www.preventraide.fr\/contenus\/wp-json\/wp\/v2\/users\/6"}],"replies":[{"embeddable":true,"href":"https:\/\/www.preventraide.fr\/contenus\/wp-json\/wp\/v2\/comments?post=1480"}],"version-history":[{"count":0,"href":"https:\/\/www.preventraide.fr\/contenus\/wp-json\/wp\/v2\/posts\/1480\/revisions"}],"wp:featuredmedia":[{"embeddable":true,"href":"https:\/\/www.preventraide.fr\/contenus\/wp-json\/wp\/v2\/media\/1484"}],"wp:attachment":[{"href":"https:\/\/www.preventraide.fr\/contenus\/wp-json\/wp\/v2\/media?parent=1480"}],"wp:term":[{"taxonomy":"category","embeddable":true,"href":"https:\/\/www.preventraide.fr\/contenus\/wp-json\/wp\/v2\/categories?post=1480"},{"taxonomy":"post_tag","embeddable":true,"href":"https:\/\/www.preventraide.fr\/contenus\/wp-json\/wp\/v2\/tags?post=1480"}],"curies":[{"name":"wp","href":"https:\/\/api.w.org\/{rel}","templated":true}]}}