{"id":1486,"date":"2024-06-20T11:11:36","date_gmt":"2024-06-20T09:11:36","guid":{"rendered":"https:\/\/www.preventraide.fr\/contenus\/?p=1486"},"modified":"2024-06-20T11:11:36","modified_gmt":"2024-06-20T09:11:36","slug":"bilan-cote-a-cote","status":"publish","type":"post","link":"https:\/\/www.preventraide.fr\/contenus\/actualites\/bilan-cote-a-cote\/","title":{"rendered":"Bilan de l&rsquo;aventure C\u00f4te \u00e0 C\u00f4te"},"content":{"rendered":"\n<p>Du 10 mai au 10 juin, Emilien Bertsch et L\u00e9a Girodolle, deux services civiques de l\u2019association Pr\u00e9vention MAIF, ont parcouru La V\u00e9lodyss\u00e9e le long de la c\u00f4te atlantique, de Saint-Brevins-les-Pins \u00e0 Hendaye.<\/p>\n\n\n\n<p>\ud83c\udf43 Leur mission : agir en faveur du climat et des mobilit\u00e9s douces et rencontrer des acteurs engag\u00e9s dans la protection du climat et le d\u00e9veloppement des mobilit\u00e9s douces.<\/p>\n\n\n\n<p>\ud835\udde8\ud835\uddfb\ud835\uddf2 \ud835\ude00\ud835\uddf2\ud835\uddfa\ud835\uddee\ud835\uddf6\ud835\uddfb\ud835\uddf2 \ud835\uddee\ud835\uddfd\ud835\uddff\ud835\uddf2\u0300\ud835\ude00 \ud835\uddf9\ud835\uddee \ud835\uddf3\ud835\uddf6\ud835\uddfb \ud835\uddf1\ud835\uddf2 \ud835\uddf0\ud835\uddf2\ud835\ude01\ud835\ude01\ud835\uddf2 \ud835\uddee\ud835\ude03\ud835\uddf2\ud835\uddfb\ud835\ude01\ud835\ude02\ud835\uddff\ud835\uddf2, \ud835\ude03\ud835\uddfc\ud835\uddf6\ud835\uddf0\ud835\uddf6 \ud835\uddfe\ud835\ude02\ud835\uddf2\ud835\uddf9\ud835\uddfe\ud835\ude02\ud835\uddf2\ud835\ude00 \ud835\uddf3\ud835\uddee\ud835\uddf6\ud835\ude01\ud835\ude00 \ud835\uddf1\ud835\uddf2 \ud835\uddf9\ud835\uddf2\ud835\ude02\ud835\uddff \ud835\uddfd\ud835\uddf2\u0301\ud835\uddff\ud835\uddf6\ud835\uddfd\ud835\uddf9\ud835\uddf2 :<\/p>\n\n\n\n<p>\ud83d\udeb4\u200d\u2640\ufe0f Plus de 1250 km parcourus \u00e0 v\u00e9lo en 30 jours.<\/p>\n\n\n\n<p>\ud83e\uddd2 R\u00e9alisation de 6 actions de pr\u00e9vention dans des \u00e9coles, utilisant des outils p\u00e9dagogiques de Pr\u00e9vention MAIF comme le jeu PrevEntraide, 1,2,3 baignade et Savoir Rouler \u00e0 V\u00e9lo.<\/p>\n\n\n\n<p>\ud83e\udd1d Rencontres avec 7 organismes, dont Cr\u00e9ateur de for\u00eat, Wings of the Ocean, ECHO-MER, Les Voiles S\u2019en M\u00ealent et les pompiers de Saint-Gilles-Croix-de-Vie.<\/p>\n\n\n\n<p>\u2728 Impact direct sur plus de 200 personnes, incluant enfants, associations et entreprises tout au long de leur parcours. L\u2019association Pr\u00e9vention MAIF tient \u00e0 remercier chaleureusement toutes les personnes ayant contribu\u00e9 de pr\u00e8s ou de loin \u00e0 la r\u00e9ussite de ce projet. \ud83d\udc4f<\/p>\n\n\n\n<p>Rendez-vous l\u2019ann\u00e9e prochaine pour de nouvelles aventures! En esp\u00e9rant que cette initiative vous inspire \u00e0 relever des d\u00e9fis sportifs \u00e9coresponsables. \ud83d\udc4b \ud83c\udf43<\/p>\n\n\n\n<p>D\u00e9couvrez toute l\u2019aventure ici \ud83d\udc49&nbsp;<a href=\"https:\/\/www.youtube.com\/redirect?event=video_description&amp;redir_token=QUFFLUhqbGFPYi1yTWFSbUlnbkI3aU9ISlBvY3l4MWxaQXxBQ3Jtc0tsaTFMcUJncDRqR2w5OE5MNW5sQkprMXJjLTJtTUZpZE5jRUVWSXktUGRpUGpSMlVZZ01GdFZEMERFZnhJcnA3WmJJdFI0bWg2NWZ0eWJ1MHhMWjRUSjJhQ2M1OUs5RDlaNGpGN1UxYXFITlM0anRHMA&amp;q=https%3A%2F%2Fswll.to%2FkcUx5&amp;v=cR1iL5wQINg\" target=\"_blank\" rel=\"noreferrer noopener\">https:\/\/swll.to\/kcUx5<\/a><\/p>\n\n\n\n<p><\/p>\n\n\n\n<figure class=\"wp-block-embed is-type-video is-provider-youtube wp-block-embed-youtube wp-embed-aspect-16-9 wp-has-aspect-ratio\"><div class=\"wp-block-embed__wrapper\">\n<iframe loading=\"lazy\" title=\"Bilan C\u00f4te \u00e0 C\u00f4te !\" width=\"500\" height=\"281\" src=\"https:\/\/www.youtube.com\/embed\/cR1iL5wQINg?list=PLPXfa2P0C9OBAkNZyv9kQDqgqzGP1JePL\" frameborder=\"0\" allow=\"accelerometer; autoplay; clipboard-write; encrypted-media; gyroscope; picture-in-picture; web-share\" referrerpolicy=\"strict-origin-when-cross-origin\" allowfullscreen><\/iframe>\n<\/div><\/figure>\n","protected":false},"excerpt":{"rendered":"<p>Du 10 mai au 10 juin, Emilien Bertsch et L\u00e9a Girodolle, deux services civiques de l\u2019association Pr\u00e9vention MAIF, ont parcouru La V\u00e9lodyss\u00e9e le long de la c\u00f4te atlantique, de Saint-Brevins-les-Pins \u00e0 Hendaye. \ud83c\udf43 Leur mission : agir en faveur du climat et des mobilit\u00e9s douces et rencontrer des acteurs engag\u00e9s dans la protection du climat [&hellip;]<\/p>\n","protected":false},"author":7,"featured_media":1487,"comment_status":"closed","ping_status":"closed","sticky":false,"template":"","format":"standard","meta":{"_acf_changed":false,"inline_featured_image":false,"ghostkit_customizer_options":"","ghostkit_custom_css":"","ghostkit_custom_js_head":"","ghostkit_custom_js_foot":"","ghostkit_typography":"","footnotes":""},"categories":[2],"tags":[],"class_list":["post-1486","post","type-post","status-publish","format-standard","has-post-thumbnail","hentry","category-non-classifie"],"acf":[],"yoast_head":"<!-- This site is optimized with the Yoast SEO plugin v24.9 - https:\/\/yoast.com\/wordpress\/plugins\/seo\/ -->\n<title>Bilan de l&#039;aventure C\u00f4te \u00e0 C\u00f4te - Preventraide - Conseils Pr\u00e9vention<\/title>\n<meta name=\"robots\" content=\"index, follow, max-snippet:-1, max-image-preview:large, max-video-preview:-1\" \/>\n<link rel=\"canonical\" href=\"https:\/\/www.preventraide.fr\/contenus\/actualites\/bilan-cote-a-cote\/\" \/>\n<meta property=\"og:locale\" content=\"fr_FR\" \/>\n<meta property=\"og:type\" content=\"article\" \/>\n<meta property=\"og:title\" content=\"Bilan de l&#039;aventure C\u00f4te \u00e0 C\u00f4te - Preventraide - Conseils Pr\u00e9vention\" \/>\n<meta property=\"og:description\" content=\"Du 10 mai au 10 juin, Emilien Bertsch et L\u00e9a Girodolle, deux services civiques de l\u2019association Pr\u00e9vention MAIF, ont parcouru La V\u00e9lodyss\u00e9e le long de la c\u00f4te atlantique, de Saint-Brevins-les-Pins \u00e0 Hendaye. \ud83c\udf43 Leur mission : agir en faveur du climat et des mobilit\u00e9s douces et rencontrer des acteurs engag\u00e9s dans la protection du climat [&hellip;]\" \/>\n<meta property=\"og:url\" content=\"https:\/\/www.preventraide.fr\/contenus\/actualites\/bilan-cote-a-cote\/\" \/>\n<meta property=\"og:site_name\" content=\"Preventraide - Conseils Pr\u00e9vention\" \/>\n<meta property=\"article:published_time\" content=\"2024-06-20T09:11:36+00:00\" \/>\n<meta property=\"og:image\" content=\"https:\/\/www.preventraide.fr\/contenus\/app\/uploads\/2024\/06\/service-civique-basse-def-01-1024x683.jpg\" \/>\n\t<meta property=\"og:image:width\" content=\"1024\" \/>\n\t<meta property=\"og:image:height\" content=\"683\" \/>\n\t<meta property=\"og:image:type\" content=\"image\/jpeg\" \/>\n<meta name=\"author\" content=\"Romane THIBAUD\" \/>\n<meta name=\"twitter:card\" content=\"summary_large_image\" \/>\n<meta name=\"twitter:label1\" content=\"Written by\" \/>\n\t<meta name=\"twitter:data1\" content=\"Romane THIBAUD\" \/>\n\t<meta name=\"twitter:label2\" content=\"Est. reading time\" \/>\n\t<meta name=\"twitter:data2\" content=\"1 minute\" \/>\n<script type=\"application\/ld+json\" class=\"yoast-schema-graph\">{\"@context\":\"https:\/\/schema.org\",\"@graph\":[{\"@type\":\"WebPage\",\"@id\":\"https:\/\/www.preventraide.fr\/contenus\/actualites\/bilan-cote-a-cote\/\",\"url\":\"https:\/\/www.preventraide.fr\/contenus\/actualites\/bilan-cote-a-cote\/\",\"name\":\"Bilan de l'aventure C\u00f4te \u00e0 C\u00f4te - Preventraide - Conseils Pr\u00e9vention\",\"isPartOf\":{\"@id\":\"https:\/\/www.preventraide.fr\/contenus\/#website\"},\"primaryImageOfPage\":{\"@id\":\"https:\/\/www.preventraide.fr\/contenus\/actualites\/bilan-cote-a-cote\/#primaryimage\"},\"image\":{\"@id\":\"https:\/\/www.preventraide.fr\/contenus\/actualites\/bilan-cote-a-cote\/#primaryimage\"},\"thumbnailUrl\":\"https:\/\/www.preventraide.fr\/contenus\/app\/uploads\/2024\/06\/service-civique-basse-def-01.jpg\",\"datePublished\":\"2024-06-20T09:11:36+00:00\",\"author\":{\"@id\":\"https:\/\/www.preventraide.fr\/contenus\/#\/schema\/person\/858cea8e6801e68794c6b7980b7f061c\"},\"breadcrumb\":{\"@id\":\"https:\/\/www.preventraide.fr\/contenus\/actualites\/bilan-cote-a-cote\/#breadcrumb\"},\"inLanguage\":\"fr-FR\",\"potentialAction\":[{\"@type\":\"ReadAction\",\"target\":[\"https:\/\/www.preventraide.fr\/contenus\/actualites\/bilan-cote-a-cote\/\"]}]},{\"@type\":\"ImageObject\",\"inLanguage\":\"fr-FR\",\"@id\":\"https:\/\/www.preventraide.fr\/contenus\/actualites\/bilan-cote-a-cote\/#primaryimage\",\"url\":\"https:\/\/www.preventraide.fr\/contenus\/app\/uploads\/2024\/06\/service-civique-basse-def-01.jpg\",\"contentUrl\":\"https:\/\/www.preventraide.fr\/contenus\/app\/uploads\/2024\/06\/service-civique-basse-def-01.jpg\",\"width\":2500,\"height\":1667},{\"@type\":\"BreadcrumbList\",\"@id\":\"https:\/\/www.preventraide.fr\/contenus\/actualites\/bilan-cote-a-cote\/#breadcrumb\",\"itemListElement\":[{\"@type\":\"ListItem\",\"position\":1,\"name\":\"Accueil\",\"item\":\"https:\/\/www.preventraide.fr\"},{\"@type\":\"ListItem\",\"position\":2,\"name\":\"Bilan de l&rsquo;aventure C\u00f4te \u00e0 C\u00f4te\"}]},{\"@type\":\"WebSite\",\"@id\":\"https:\/\/www.preventraide.fr\/contenus\/#website\",\"url\":\"https:\/\/www.preventraide.fr\/contenus\/\",\"name\":\"Preventraide\",\"description\":\"\",\"potentialAction\":[{\"@type\":\"SearchAction\",\"target\":{\"@type\":\"EntryPoint\",\"urlTemplate\":\"https:\/\/www.preventraide.fr\/contenus\/?s={search_term_string}\"},\"query-input\":{\"@type\":\"PropertyValueSpecification\",\"valueRequired\":true,\"valueName\":\"search_term_string\"}}],\"inLanguage\":\"fr-FR\"},{\"@type\":\"Person\",\"@id\":\"https:\/\/www.preventraide.fr\/contenus\/#\/schema\/person\/858cea8e6801e68794c6b7980b7f061c\",\"name\":\"Romane THIBAUD\",\"image\":{\"@type\":\"ImageObject\",\"inLanguage\":\"fr-FR\",\"@id\":\"https:\/\/www.preventraide.fr\/contenus\/#\/schema\/person\/image\/\",\"url\":\"https:\/\/secure.gravatar.com\/avatar\/37db5230d457183ece50f097bc55f9c854e002d4134a069e3e426d621fc31c31?s=96&d=mm&r=g\",\"contentUrl\":\"https:\/\/secure.gravatar.com\/avatar\/37db5230d457183ece50f097bc55f9c854e002d4134a069e3e426d621fc31c31?s=96&d=mm&r=g\",\"caption\":\"Romane THIBAUD\"}}]}<\/script>\n<!-- \/ Yoast SEO plugin. -->","yoast_head_json":{"title":"Bilan de l'aventure C\u00f4te \u00e0 C\u00f4te - Preventraide - Conseils Pr\u00e9vention","robots":{"index":"index","follow":"follow","max-snippet":"max-snippet:-1","max-image-preview":"max-image-preview:large","max-video-preview":"max-video-preview:-1"},"canonical":"https:\/\/www.preventraide.fr\/contenus\/actualites\/bilan-cote-a-cote\/","og_locale":"fr_FR","og_type":"article","og_title":"Bilan de l'aventure C\u00f4te \u00e0 C\u00f4te - Preventraide - Conseils Pr\u00e9vention","og_description":"Du 10 mai au 10 juin, Emilien Bertsch et L\u00e9a Girodolle, deux services civiques de l\u2019association Pr\u00e9vention MAIF, ont parcouru La V\u00e9lodyss\u00e9e le long de la c\u00f4te atlantique, de Saint-Brevins-les-Pins \u00e0 Hendaye. \ud83c\udf43 Leur mission : agir en faveur du climat et des mobilit\u00e9s douces et rencontrer des acteurs engag\u00e9s dans la protection du climat [&hellip;]","og_url":"https:\/\/www.preventraide.fr\/contenus\/actualites\/bilan-cote-a-cote\/","og_site_name":"Preventraide - Conseils Pr\u00e9vention","article_published_time":"2024-06-20T09:11:36+00:00","og_image":[{"width":1024,"height":683,"url":"https:\/\/www.preventraide.fr\/contenus\/app\/uploads\/2024\/06\/service-civique-basse-def-01-1024x683.jpg","type":"image\/jpeg"}],"author":"Romane THIBAUD","twitter_card":"summary_large_image","twitter_misc":{"Written by":"Romane THIBAUD","Est. reading time":"1 minute"},"schema":{"@context":"https:\/\/schema.org","@graph":[{"@type":"WebPage","@id":"https:\/\/www.preventraide.fr\/contenus\/actualites\/bilan-cote-a-cote\/","url":"https:\/\/www.preventraide.fr\/contenus\/actualites\/bilan-cote-a-cote\/","name":"Bilan de l'aventure C\u00f4te \u00e0 C\u00f4te - Preventraide - Conseils Pr\u00e9vention","isPartOf":{"@id":"https:\/\/www.preventraide.fr\/contenus\/#website"},"primaryImageOfPage":{"@id":"https:\/\/www.preventraide.fr\/contenus\/actualites\/bilan-cote-a-cote\/#primaryimage"},"image":{"@id":"https:\/\/www.preventraide.fr\/contenus\/actualites\/bilan-cote-a-cote\/#primaryimage"},"thumbnailUrl":"https:\/\/www.preventraide.fr\/contenus\/app\/uploads\/2024\/06\/service-civique-basse-def-01.jpg","datePublished":"2024-06-20T09:11:36+00:00","author":{"@id":"https:\/\/www.preventraide.fr\/contenus\/#\/schema\/person\/858cea8e6801e68794c6b7980b7f061c"},"breadcrumb":{"@id":"https:\/\/www.preventraide.fr\/contenus\/actualites\/bilan-cote-a-cote\/#breadcrumb"},"inLanguage":"fr-FR","potentialAction":[{"@type":"ReadAction","target":["https:\/\/www.preventraide.fr\/contenus\/actualites\/bilan-cote-a-cote\/"]}]},{"@type":"ImageObject","inLanguage":"fr-FR","@id":"https:\/\/www.preventraide.fr\/contenus\/actualites\/bilan-cote-a-cote\/#primaryimage","url":"https:\/\/www.preventraide.fr\/contenus\/app\/uploads\/2024\/06\/service-civique-basse-def-01.jpg","contentUrl":"https:\/\/www.preventraide.fr\/contenus\/app\/uploads\/2024\/06\/service-civique-basse-def-01.jpg","width":2500,"height":1667},{"@type":"BreadcrumbList","@id":"https:\/\/www.preventraide.fr\/contenus\/actualites\/bilan-cote-a-cote\/#breadcrumb","itemListElement":[{"@type":"ListItem","position":1,"name":"Accueil","item":"https:\/\/www.preventraide.fr"},{"@type":"ListItem","position":2,"name":"Bilan de l&rsquo;aventure C\u00f4te \u00e0 C\u00f4te"}]},{"@type":"WebSite","@id":"https:\/\/www.preventraide.fr\/contenus\/#website","url":"https:\/\/www.preventraide.fr\/contenus\/","name":"Preventraide","description":"","potentialAction":[{"@type":"SearchAction","target":{"@type":"EntryPoint","urlTemplate":"https:\/\/www.preventraide.fr\/contenus\/?s={search_term_string}"},"query-input":{"@type":"PropertyValueSpecification","valueRequired":true,"valueName":"search_term_string"}}],"inLanguage":"fr-FR"},{"@type":"Person","@id":"https:\/\/www.preventraide.fr\/contenus\/#\/schema\/person\/858cea8e6801e68794c6b7980b7f061c","name":"Romane THIBAUD","image":{"@type":"ImageObject","inLanguage":"fr-FR","@id":"https:\/\/www.preventraide.fr\/contenus\/#\/schema\/person\/image\/","url":"https:\/\/secure.gravatar.com\/avatar\/37db5230d457183ece50f097bc55f9c854e002d4134a069e3e426d621fc31c31?s=96&d=mm&r=g","contentUrl":"https:\/\/secure.gravatar.com\/avatar\/37db5230d457183ece50f097bc55f9c854e002d4134a069e3e426d621fc31c31?s=96&d=mm&r=g","caption":"Romane THIBAUD"}}]}},"_links":{"self":[{"href":"https:\/\/www.preventraide.fr\/contenus\/wp-json\/wp\/v2\/posts\/1486","targetHints":{"allow":["GET"]}}],"collection":[{"href":"https:\/\/www.preventraide.fr\/contenus\/wp-json\/wp\/v2\/posts"}],"about":[{"href":"https:\/\/www.preventraide.fr\/contenus\/wp-json\/wp\/v2\/types\/post"}],"author":[{"embeddable":true,"href":"https:\/\/www.preventraide.fr\/contenus\/wp-json\/wp\/v2\/users\/7"}],"replies":[{"embeddable":true,"href":"https:\/\/www.preventraide.fr\/contenus\/wp-json\/wp\/v2\/comments?post=1486"}],"version-history":[{"count":0,"href":"https:\/\/www.preventraide.fr\/contenus\/wp-json\/wp\/v2\/posts\/1486\/revisions"}],"wp:featuredmedia":[{"embeddable":true,"href":"https:\/\/www.preventraide.fr\/contenus\/wp-json\/wp\/v2\/media\/1487"}],"wp:attachment":[{"href":"https:\/\/www.preventraide.fr\/contenus\/wp-json\/wp\/v2\/media?parent=1486"}],"wp:term":[{"taxonomy":"category","embeddable":true,"href":"https:\/\/www.preventraide.fr\/contenus\/wp-json\/wp\/v2\/categories?post=1486"},{"taxonomy":"post_tag","embeddable":true,"href":"https:\/\/www.preventraide.fr\/contenus\/wp-json\/wp\/v2\/tags?post=1486"}],"curies":[{"name":"wp","href":"https:\/\/api.w.org\/{rel}","templated":true}]}}