{"id":1490,"date":"2024-07-02T06:14:00","date_gmt":"2024-07-02T04:14:00","guid":{"rendered":"https:\/\/www.preventraide.fr\/contenus\/?p=1490"},"modified":"2024-07-02T06:14:00","modified_gmt":"2024-07-02T04:14:00","slug":"bilan-des-printemps-du-climat-2024-%f0%9f%93%b9%f0%9f%8d%83","status":"publish","type":"post","link":"https:\/\/www.preventraide.fr\/contenus\/actualites\/bilan-des-printemps-du-climat-2024-%f0%9f%93%b9%f0%9f%8d%83\/","title":{"rendered":"Bilan des Printemps du Climat 2024 \ud83d\udcf9\ud83c\udf43"},"content":{"rendered":"\n<p>Ce printemps, Pr\u00e9vention MAIF a eu le plaisir d\u2019organiser quatre \u00e9v\u00e9nements marquants \u00e0 Bordeaux, dans la Vall\u00e9e de la Roya, \u00e0 Mulhouse et \u00e0 Grenoble.<\/p>\n\n\n\n<p>\ud83c\udfaf Notre objectif ? Mener des actions concr\u00e8tes pour l\u2019att\u00e9nuation du changement climatique et inspirer les citoyens \u00e0 s\u2019engager.<\/p>\n\n\n\n<p>\ud83d\udee0 Ces \u00e9v\u00e9nements ont rassembl\u00e9 des associations locales et permis aux habitants de d\u00e9couvrir et de s&rsquo;impliquer dans des initiatives climatiques. Un message positif a \u00e9t\u00e9 au c\u0153ur de nos actions : chacun de nous peut agir et s&rsquo;adapter aux changements climatiques.<\/p>\n\n\n\n<p>\ud83d\udc67 Plus de 600 enfants ont particip\u00e9 \u00e0 nos ateliers de sensibilisation sur l\u2019\u00e9nergie, la fabrication avec des v\u00eatements de seconde main et bien d&rsquo;autres id\u00e9es pratiques qu&rsquo;ils peuvent appliquer \u00e0 l&rsquo;\u00e9cole ou chez eux. Ces moments d&rsquo;\u00e9change et de partage ont sem\u00e9 les graines d&rsquo;une conscience \u00e9cologique d\u00e8s le plus jeune \u00e2ge.<\/p>\n\n\n\n<p>2024 a \u00e9t\u00e9 une ann\u00e9e d\u2019exp\u00e9rimentation riche en apprentissages. Nous avons nou\u00e9 des relations pr\u00e9cieuses avec les collectivit\u00e9s, les associations et d&rsquo;autres partenaires engag\u00e9s. Nous esp\u00e9rons renouveler ces \u00e9v\u00e9nements en 2025, avec des formats encore plus enrichissants. \ud83c\udf43<\/p>\n\n\n\n<p>Un grand merci \u00e0 tous les salari\u00e9s, administrateurs, b\u00e9n\u00e9voles, associations et partenaires qui ont rendu ces Printemps du Climat possibles. \ud83d\udc4f<\/p>\n\n\n\n<p>Revivez les moments forts de ces \u00e9v\u00e9nements ! \ud83d\udcf9<\/p>\n\n\n\n<figure class=\"wp-block-embed is-type-video is-provider-youtube wp-block-embed-youtube wp-embed-aspect-16-9 wp-has-aspect-ratio\"><div class=\"wp-block-embed__wrapper\">\n<iframe loading=\"lazy\" title=\"Bilan des Printemps du Climat 2024\" width=\"500\" height=\"281\" src=\"https:\/\/www.youtube.com\/embed\/RZeOVFiMDww?feature=oembed\" frameborder=\"0\" allow=\"accelerometer; autoplay; clipboard-write; encrypted-media; gyroscope; picture-in-picture; web-share\" referrerpolicy=\"strict-origin-when-cross-origin\" allowfullscreen><\/iframe>\n<\/div><\/figure>\n","protected":false},"excerpt":{"rendered":"<p>Ce printemps, Pr\u00e9vention MAIF a eu le plaisir d\u2019organiser quatre \u00e9v\u00e9nements marquants \u00e0 Bordeaux, dans la Vall\u00e9e de la Roya, \u00e0 Mulhouse et \u00e0 Grenoble. \ud83c\udfaf Notre objectif ? Mener des actions concr\u00e8tes pour l\u2019att\u00e9nuation du changement climatique et inspirer les citoyens \u00e0 s\u2019engager. \ud83d\udee0 Ces \u00e9v\u00e9nements ont rassembl\u00e9 des associations locales et permis aux [&hellip;]<\/p>\n","protected":false},"author":6,"featured_media":1326,"comment_status":"closed","ping_status":"closed","sticky":false,"template":"","format":"standard","meta":{"_acf_changed":false,"inline_featured_image":false,"ghostkit_customizer_options":"","ghostkit_custom_css":"","ghostkit_custom_js_head":"","ghostkit_custom_js_foot":"","ghostkit_typography":"","footnotes":""},"categories":[2],"tags":[],"class_list":["post-1490","post","type-post","status-publish","format-standard","has-post-thumbnail","hentry","category-non-classifie"],"acf":[],"yoast_head":"<!-- This site is optimized with the Yoast SEO plugin v24.9 - https:\/\/yoast.com\/wordpress\/plugins\/seo\/ -->\n<title>Bilan des Printemps du Climat 2024 \ud83d\udcf9\ud83c\udf43 - Preventraide - Conseils Pr\u00e9vention<\/title>\n<meta name=\"robots\" content=\"index, follow, max-snippet:-1, max-image-preview:large, max-video-preview:-1\" \/>\n<link rel=\"canonical\" href=\"https:\/\/www.preventraide.fr\/contenus\/actualites\/bilan-des-printemps-du-climat-2024-\ud83d\udcf9\ud83c\udf43\/\" \/>\n<meta property=\"og:locale\" content=\"fr_FR\" \/>\n<meta property=\"og:type\" content=\"article\" \/>\n<meta property=\"og:title\" content=\"Bilan des Printemps du Climat 2024 \ud83d\udcf9\ud83c\udf43 - Preventraide - Conseils Pr\u00e9vention\" \/>\n<meta property=\"og:description\" content=\"Ce printemps, Pr\u00e9vention MAIF a eu le plaisir d\u2019organiser quatre \u00e9v\u00e9nements marquants \u00e0 Bordeaux, dans la Vall\u00e9e de la Roya, \u00e0 Mulhouse et \u00e0 Grenoble. \ud83c\udfaf Notre objectif ? Mener des actions concr\u00e8tes pour l\u2019att\u00e9nuation du changement climatique et inspirer les citoyens \u00e0 s\u2019engager. \ud83d\udee0 Ces \u00e9v\u00e9nements ont rassembl\u00e9 des associations locales et permis aux [&hellip;]\" \/>\n<meta property=\"og:url\" content=\"https:\/\/www.preventraide.fr\/contenus\/actualites\/bilan-des-printemps-du-climat-2024-\ud83d\udcf9\ud83c\udf43\/\" \/>\n<meta property=\"og:site_name\" content=\"Preventraide - Conseils Pr\u00e9vention\" \/>\n<meta property=\"article:published_time\" content=\"2024-07-02T04:14:00+00:00\" \/>\n<meta property=\"og:image\" content=\"https:\/\/www.preventraide.fr\/contenus\/app\/uploads\/2024\/04\/MAIF008450-015-scaled.jpg\" \/>\n\t<meta property=\"og:image:width\" content=\"2560\" \/>\n\t<meta property=\"og:image:height\" content=\"1707\" \/>\n\t<meta property=\"og:image:type\" content=\"image\/jpeg\" \/>\n<meta name=\"author\" content=\"Camille Jagueneau\" \/>\n<meta name=\"twitter:card\" content=\"summary_large_image\" \/>\n<meta name=\"twitter:label1\" content=\"Written by\" \/>\n\t<meta name=\"twitter:data1\" content=\"Camille Jagueneau\" \/>\n\t<meta name=\"twitter:label2\" content=\"Est. reading time\" \/>\n\t<meta name=\"twitter:data2\" content=\"1 minute\" \/>\n<script type=\"application\/ld+json\" class=\"yoast-schema-graph\">{\"@context\":\"https:\/\/schema.org\",\"@graph\":[{\"@type\":\"WebPage\",\"@id\":\"https:\/\/www.preventraide.fr\/contenus\/actualites\/bilan-des-printemps-du-climat-2024-%f0%9f%93%b9%f0%9f%8d%83\/\",\"url\":\"https:\/\/www.preventraide.fr\/contenus\/actualites\/bilan-des-printemps-du-climat-2024-%f0%9f%93%b9%f0%9f%8d%83\/\",\"name\":\"Bilan des Printemps du Climat 2024 \ud83d\udcf9\ud83c\udf43 - Preventraide - Conseils Pr\u00e9vention\",\"isPartOf\":{\"@id\":\"https:\/\/www.preventraide.fr\/contenus\/#website\"},\"primaryImageOfPage\":{\"@id\":\"https:\/\/www.preventraide.fr\/contenus\/actualites\/bilan-des-printemps-du-climat-2024-%f0%9f%93%b9%f0%9f%8d%83\/#primaryimage\"},\"image\":{\"@id\":\"https:\/\/www.preventraide.fr\/contenus\/actualites\/bilan-des-printemps-du-climat-2024-%f0%9f%93%b9%f0%9f%8d%83\/#primaryimage\"},\"thumbnailUrl\":\"https:\/\/www.preventraide.fr\/contenus\/app\/uploads\/2024\/04\/MAIF008450-015-scaled.jpg\",\"datePublished\":\"2024-07-02T04:14:00+00:00\",\"author\":{\"@id\":\"https:\/\/www.preventraide.fr\/contenus\/#\/schema\/person\/610d5b148158ad8b26a57ee3481784b9\"},\"breadcrumb\":{\"@id\":\"https:\/\/www.preventraide.fr\/contenus\/actualites\/bilan-des-printemps-du-climat-2024-%f0%9f%93%b9%f0%9f%8d%83\/#breadcrumb\"},\"inLanguage\":\"fr-FR\",\"potentialAction\":[{\"@type\":\"ReadAction\",\"target\":[\"https:\/\/www.preventraide.fr\/contenus\/actualites\/bilan-des-printemps-du-climat-2024-%f0%9f%93%b9%f0%9f%8d%83\/\"]}]},{\"@type\":\"ImageObject\",\"inLanguage\":\"fr-FR\",\"@id\":\"https:\/\/www.preventraide.fr\/contenus\/actualites\/bilan-des-printemps-du-climat-2024-%f0%9f%93%b9%f0%9f%8d%83\/#primaryimage\",\"url\":\"https:\/\/www.preventraide.fr\/contenus\/app\/uploads\/2024\/04\/MAIF008450-015-scaled.jpg\",\"contentUrl\":\"https:\/\/www.preventraide.fr\/contenus\/app\/uploads\/2024\/04\/MAIF008450-015-scaled.jpg\",\"width\":2560,\"height\":1707,\"caption\":\"L'entree de l evenement printemps du climat. Le premier plan est le hall principal.\"},{\"@type\":\"BreadcrumbList\",\"@id\":\"https:\/\/www.preventraide.fr\/contenus\/actualites\/bilan-des-printemps-du-climat-2024-%f0%9f%93%b9%f0%9f%8d%83\/#breadcrumb\",\"itemListElement\":[{\"@type\":\"ListItem\",\"position\":1,\"name\":\"Accueil\",\"item\":\"https:\/\/www.preventraide.fr\"},{\"@type\":\"ListItem\",\"position\":2,\"name\":\"Bilan des Printemps du Climat 2024 \ud83d\udcf9\ud83c\udf43\"}]},{\"@type\":\"WebSite\",\"@id\":\"https:\/\/www.preventraide.fr\/contenus\/#website\",\"url\":\"https:\/\/www.preventraide.fr\/contenus\/\",\"name\":\"Preventraide\",\"description\":\"\",\"potentialAction\":[{\"@type\":\"SearchAction\",\"target\":{\"@type\":\"EntryPoint\",\"urlTemplate\":\"https:\/\/www.preventraide.fr\/contenus\/?s={search_term_string}\"},\"query-input\":{\"@type\":\"PropertyValueSpecification\",\"valueRequired\":true,\"valueName\":\"search_term_string\"}}],\"inLanguage\":\"fr-FR\"},{\"@type\":\"Person\",\"@id\":\"https:\/\/www.preventraide.fr\/contenus\/#\/schema\/person\/610d5b148158ad8b26a57ee3481784b9\",\"name\":\"Camille Jagueneau\",\"image\":{\"@type\":\"ImageObject\",\"inLanguage\":\"fr-FR\",\"@id\":\"https:\/\/www.preventraide.fr\/contenus\/#\/schema\/person\/image\/\",\"url\":\"https:\/\/secure.gravatar.com\/avatar\/3a79d305b8d74191fb30dfe16bb61532d97fe378fbea0c1b02acebf1deb00e68?s=96&d=mm&r=g\",\"contentUrl\":\"https:\/\/secure.gravatar.com\/avatar\/3a79d305b8d74191fb30dfe16bb61532d97fe378fbea0c1b02acebf1deb00e68?s=96&d=mm&r=g\",\"caption\":\"Camille Jagueneau\"}}]}<\/script>\n<!-- \/ Yoast SEO plugin. -->","yoast_head_json":{"title":"Bilan des Printemps du Climat 2024 \ud83d\udcf9\ud83c\udf43 - Preventraide - Conseils Pr\u00e9vention","robots":{"index":"index","follow":"follow","max-snippet":"max-snippet:-1","max-image-preview":"max-image-preview:large","max-video-preview":"max-video-preview:-1"},"canonical":"https:\/\/www.preventraide.fr\/contenus\/actualites\/bilan-des-printemps-du-climat-2024-\ud83d\udcf9\ud83c\udf43\/","og_locale":"fr_FR","og_type":"article","og_title":"Bilan des Printemps du Climat 2024 \ud83d\udcf9\ud83c\udf43 - Preventraide - Conseils Pr\u00e9vention","og_description":"Ce printemps, Pr\u00e9vention MAIF a eu le plaisir d\u2019organiser quatre \u00e9v\u00e9nements marquants \u00e0 Bordeaux, dans la Vall\u00e9e de la Roya, \u00e0 Mulhouse et \u00e0 Grenoble. \ud83c\udfaf Notre objectif ? Mener des actions concr\u00e8tes pour l\u2019att\u00e9nuation du changement climatique et inspirer les citoyens \u00e0 s\u2019engager. \ud83d\udee0 Ces \u00e9v\u00e9nements ont rassembl\u00e9 des associations locales et permis aux [&hellip;]","og_url":"https:\/\/www.preventraide.fr\/contenus\/actualites\/bilan-des-printemps-du-climat-2024-\ud83d\udcf9\ud83c\udf43\/","og_site_name":"Preventraide - Conseils Pr\u00e9vention","article_published_time":"2024-07-02T04:14:00+00:00","og_image":[{"width":2560,"height":1707,"url":"https:\/\/www.preventraide.fr\/contenus\/app\/uploads\/2024\/04\/MAIF008450-015-scaled.jpg","type":"image\/jpeg"}],"author":"Camille Jagueneau","twitter_card":"summary_large_image","twitter_misc":{"Written by":"Camille Jagueneau","Est. reading time":"1 minute"},"schema":{"@context":"https:\/\/schema.org","@graph":[{"@type":"WebPage","@id":"https:\/\/www.preventraide.fr\/contenus\/actualites\/bilan-des-printemps-du-climat-2024-%f0%9f%93%b9%f0%9f%8d%83\/","url":"https:\/\/www.preventraide.fr\/contenus\/actualites\/bilan-des-printemps-du-climat-2024-%f0%9f%93%b9%f0%9f%8d%83\/","name":"Bilan des Printemps du Climat 2024 \ud83d\udcf9\ud83c\udf43 - Preventraide - Conseils Pr\u00e9vention","isPartOf":{"@id":"https:\/\/www.preventraide.fr\/contenus\/#website"},"primaryImageOfPage":{"@id":"https:\/\/www.preventraide.fr\/contenus\/actualites\/bilan-des-printemps-du-climat-2024-%f0%9f%93%b9%f0%9f%8d%83\/#primaryimage"},"image":{"@id":"https:\/\/www.preventraide.fr\/contenus\/actualites\/bilan-des-printemps-du-climat-2024-%f0%9f%93%b9%f0%9f%8d%83\/#primaryimage"},"thumbnailUrl":"https:\/\/www.preventraide.fr\/contenus\/app\/uploads\/2024\/04\/MAIF008450-015-scaled.jpg","datePublished":"2024-07-02T04:14:00+00:00","author":{"@id":"https:\/\/www.preventraide.fr\/contenus\/#\/schema\/person\/610d5b148158ad8b26a57ee3481784b9"},"breadcrumb":{"@id":"https:\/\/www.preventraide.fr\/contenus\/actualites\/bilan-des-printemps-du-climat-2024-%f0%9f%93%b9%f0%9f%8d%83\/#breadcrumb"},"inLanguage":"fr-FR","potentialAction":[{"@type":"ReadAction","target":["https:\/\/www.preventraide.fr\/contenus\/actualites\/bilan-des-printemps-du-climat-2024-%f0%9f%93%b9%f0%9f%8d%83\/"]}]},{"@type":"ImageObject","inLanguage":"fr-FR","@id":"https:\/\/www.preventraide.fr\/contenus\/actualites\/bilan-des-printemps-du-climat-2024-%f0%9f%93%b9%f0%9f%8d%83\/#primaryimage","url":"https:\/\/www.preventraide.fr\/contenus\/app\/uploads\/2024\/04\/MAIF008450-015-scaled.jpg","contentUrl":"https:\/\/www.preventraide.fr\/contenus\/app\/uploads\/2024\/04\/MAIF008450-015-scaled.jpg","width":2560,"height":1707,"caption":"L'entree de l evenement printemps du climat. Le premier plan est le hall principal."},{"@type":"BreadcrumbList","@id":"https:\/\/www.preventraide.fr\/contenus\/actualites\/bilan-des-printemps-du-climat-2024-%f0%9f%93%b9%f0%9f%8d%83\/#breadcrumb","itemListElement":[{"@type":"ListItem","position":1,"name":"Accueil","item":"https:\/\/www.preventraide.fr"},{"@type":"ListItem","position":2,"name":"Bilan des Printemps du Climat 2024 \ud83d\udcf9\ud83c\udf43"}]},{"@type":"WebSite","@id":"https:\/\/www.preventraide.fr\/contenus\/#website","url":"https:\/\/www.preventraide.fr\/contenus\/","name":"Preventraide","description":"","potentialAction":[{"@type":"SearchAction","target":{"@type":"EntryPoint","urlTemplate":"https:\/\/www.preventraide.fr\/contenus\/?s={search_term_string}"},"query-input":{"@type":"PropertyValueSpecification","valueRequired":true,"valueName":"search_term_string"}}],"inLanguage":"fr-FR"},{"@type":"Person","@id":"https:\/\/www.preventraide.fr\/contenus\/#\/schema\/person\/610d5b148158ad8b26a57ee3481784b9","name":"Camille Jagueneau","image":{"@type":"ImageObject","inLanguage":"fr-FR","@id":"https:\/\/www.preventraide.fr\/contenus\/#\/schema\/person\/image\/","url":"https:\/\/secure.gravatar.com\/avatar\/3a79d305b8d74191fb30dfe16bb61532d97fe378fbea0c1b02acebf1deb00e68?s=96&d=mm&r=g","contentUrl":"https:\/\/secure.gravatar.com\/avatar\/3a79d305b8d74191fb30dfe16bb61532d97fe378fbea0c1b02acebf1deb00e68?s=96&d=mm&r=g","caption":"Camille Jagueneau"}}]}},"_links":{"self":[{"href":"https:\/\/www.preventraide.fr\/contenus\/wp-json\/wp\/v2\/posts\/1490","targetHints":{"allow":["GET"]}}],"collection":[{"href":"https:\/\/www.preventraide.fr\/contenus\/wp-json\/wp\/v2\/posts"}],"about":[{"href":"https:\/\/www.preventraide.fr\/contenus\/wp-json\/wp\/v2\/types\/post"}],"author":[{"embeddable":true,"href":"https:\/\/www.preventraide.fr\/contenus\/wp-json\/wp\/v2\/users\/6"}],"replies":[{"embeddable":true,"href":"https:\/\/www.preventraide.fr\/contenus\/wp-json\/wp\/v2\/comments?post=1490"}],"version-history":[{"count":0,"href":"https:\/\/www.preventraide.fr\/contenus\/wp-json\/wp\/v2\/posts\/1490\/revisions"}],"wp:featuredmedia":[{"embeddable":true,"href":"https:\/\/www.preventraide.fr\/contenus\/wp-json\/wp\/v2\/media\/1326"}],"wp:attachment":[{"href":"https:\/\/www.preventraide.fr\/contenus\/wp-json\/wp\/v2\/media?parent=1490"}],"wp:term":[{"taxonomy":"category","embeddable":true,"href":"https:\/\/www.preventraide.fr\/contenus\/wp-json\/wp\/v2\/categories?post=1490"},{"taxonomy":"post_tag","embeddable":true,"href":"https:\/\/www.preventraide.fr\/contenus\/wp-json\/wp\/v2\/tags?post=1490"}],"curies":[{"name":"wp","href":"https:\/\/api.w.org\/{rel}","templated":true}]}}