{"id":1495,"date":"2024-07-06T16:07:00","date_gmt":"2024-07-06T14:07:00","guid":{"rendered":"https:\/\/www.preventraide.fr\/contenus\/?p=1495"},"modified":"2025-10-30T10:51:46","modified_gmt":"2025-10-30T09:51:46","slug":"comprendre-la-foret","status":"publish","type":"post","link":"https:\/\/www.preventraide.fr\/contenus\/actualites\/comprendre-la-foret\/","title":{"rendered":"Comprendre la for\u00eat"},"content":{"rendered":"\n<div class=\"wp-block-columns is-layout-flex wp-container-core-columns-is-layout-28f84493 wp-block-columns-is-layout-flex\">\n<div class=\"wp-block-column is-layout-flow wp-block-column-is-layout-flow\">\n<figure class=\"wp-block-image size-large\"><a href=\"https:\/\/www.preventraide.fr\/contenus\/app\/uploads\/comprendre_la_foret\/index.html\"><img loading=\"lazy\" decoding=\"async\" width=\"1024\" height=\"576\" src=\"https:\/\/www.preventraide.fr\/contenus\/app\/uploads\/2024\/06\/Sans-titre-1024x576.png\" alt=\"\" class=\"wp-image-1496\" srcset=\"https:\/\/www.preventraide.fr\/contenus\/app\/uploads\/2024\/06\/Sans-titre-1024x576.png 1024w, https:\/\/www.preventraide.fr\/contenus\/app\/uploads\/2024\/06\/Sans-titre-300x169.png 300w, https:\/\/www.preventraide.fr\/contenus\/app\/uploads\/2024\/06\/Sans-titre-768x432.png 768w, https:\/\/www.preventraide.fr\/contenus\/app\/uploads\/2024\/06\/Sans-titre-1536x864.png 1536w, https:\/\/www.preventraide.fr\/contenus\/app\/uploads\/2024\/06\/Sans-titre.png 1600w\" sizes=\"auto, (max-width: 1024px) 100vw, 1024px\" \/><\/a><\/figure>\n<\/div>\n\n\n\n<div class=\"wp-block-column is-layout-flow wp-block-column-is-layout-flow\">\n<p>Cette action repose sur une animation p\u00e9dagogique num\u00e9rique qui permet de d\u00e9couvrir le r\u00f4le de la for\u00eat dans l\u2019\u00e9cosyst\u00e8me., le cycle de la for\u00eat, le risque incendie, les gestes de pr\u00e9vention pour \u00e9viter les feux et les bons r\u00e9flexes \u00e0 adopter en cas d\u2019incendie.<\/p>\n\n\n\n<p><strong>Les objectifs :<\/strong> sensibiliser les enfants et les jeunes aux r\u00f4les multiples de la for\u00eat, expliquer le cycle de vie de la for\u00eat et ses interactions avec l\u2019environnement et informer sur les risques d\u2019incendie et les comportements \u00e0 adopter en cas de feu.<\/p>\n\n\n\n<div class=\"wp-block-buttons is-layout-flex wp-block-buttons-is-layout-flex\">\n<div class=\"wp-block-button\"><a class=\"wp-block-button__link wp-element-button\" href=\"https:\/\/www.preventraide.fr\/contenus\/app\/uploads\/comprendre_la_foret\/index.html\">Acc\u00e9der \u00e0 l&rsquo;animation<\/a><\/div>\n<\/div>\n<\/div>\n<\/div>\n\n\n\n<p><\/p>\n","protected":false},"excerpt":{"rendered":"<p>Cette action repose sur une animation p\u00e9dagogique num\u00e9rique qui permet de d\u00e9couvrir le r\u00f4le de la for\u00eat dans l\u2019\u00e9cosyst\u00e8me., le cycle de la for\u00eat, le risque incendie, les gestes de pr\u00e9vention pour \u00e9viter les feux et les bons r\u00e9flexes \u00e0 adopter en cas d\u2019incendie. Les objectifs : sensibiliser les enfants et les jeunes aux r\u00f4les [&hellip;]<\/p>\n","protected":false},"author":6,"featured_media":1496,"comment_status":"closed","ping_status":"closed","sticky":false,"template":"","format":"standard","meta":{"_acf_changed":false,"inline_featured_image":false,"ghostkit_customizer_options":"","ghostkit_custom_css":"","ghostkit_custom_js_head":"","ghostkit_custom_js_foot":"","ghostkit_typography":"","footnotes":""},"categories":[2],"tags":[],"class_list":["post-1495","post","type-post","status-publish","format-standard","has-post-thumbnail","hentry","category-non-classifie"],"acf":[],"yoast_head":"<!-- This site is optimized with the Yoast SEO plugin v24.9 - https:\/\/yoast.com\/wordpress\/plugins\/seo\/ -->\n<title>Comprendre la for\u00eat - Preventraide - Conseils Pr\u00e9vention<\/title>\n<meta name=\"robots\" content=\"index, follow, max-snippet:-1, max-image-preview:large, max-video-preview:-1\" \/>\n<link rel=\"canonical\" href=\"https:\/\/www.preventraide.fr\/contenus\/actualites\/comprendre-la-foret\/\" \/>\n<meta property=\"og:locale\" content=\"fr_FR\" \/>\n<meta property=\"og:type\" content=\"article\" \/>\n<meta property=\"og:title\" content=\"Comprendre la for\u00eat - Preventraide - Conseils Pr\u00e9vention\" \/>\n<meta property=\"og:description\" content=\"Cette action repose sur une animation p\u00e9dagogique num\u00e9rique qui permet de d\u00e9couvrir le r\u00f4le de la for\u00eat dans l\u2019\u00e9cosyst\u00e8me., le cycle de la for\u00eat, le risque incendie, les gestes de pr\u00e9vention pour \u00e9viter les feux et les bons r\u00e9flexes \u00e0 adopter en cas d\u2019incendie. Les objectifs : sensibiliser les enfants et les jeunes aux r\u00f4les [&hellip;]\" \/>\n<meta property=\"og:url\" content=\"https:\/\/www.preventraide.fr\/contenus\/actualites\/comprendre-la-foret\/\" \/>\n<meta property=\"og:site_name\" content=\"Preventraide - Conseils Pr\u00e9vention\" \/>\n<meta property=\"article:published_time\" content=\"2024-07-06T14:07:00+00:00\" \/>\n<meta property=\"article:modified_time\" content=\"2025-10-30T09:51:46+00:00\" \/>\n<meta property=\"og:image\" content=\"https:\/\/www.preventraide.fr\/contenus\/app\/uploads\/2024\/06\/Sans-titre.png\" \/>\n\t<meta property=\"og:image:width\" content=\"1600\" \/>\n\t<meta property=\"og:image:height\" content=\"900\" \/>\n\t<meta property=\"og:image:type\" content=\"image\/png\" \/>\n<meta name=\"author\" content=\"Camille Jagueneau\" \/>\n<meta name=\"twitter:card\" content=\"summary_large_image\" \/>\n<meta name=\"twitter:label1\" content=\"Written by\" \/>\n\t<meta name=\"twitter:data1\" content=\"Camille Jagueneau\" \/>\n\t<meta name=\"twitter:label2\" content=\"Est. reading time\" \/>\n\t<meta name=\"twitter:data2\" content=\"1 minute\" \/>\n<script type=\"application\/ld+json\" class=\"yoast-schema-graph\">{\"@context\":\"https:\/\/schema.org\",\"@graph\":[{\"@type\":\"WebPage\",\"@id\":\"https:\/\/www.preventraide.fr\/contenus\/actualites\/comprendre-la-foret\/\",\"url\":\"https:\/\/www.preventraide.fr\/contenus\/actualites\/comprendre-la-foret\/\",\"name\":\"Comprendre la for\u00eat - Preventraide - Conseils Pr\u00e9vention\",\"isPartOf\":{\"@id\":\"https:\/\/www.preventraide.fr\/contenus\/#website\"},\"primaryImageOfPage\":{\"@id\":\"https:\/\/www.preventraide.fr\/contenus\/actualites\/comprendre-la-foret\/#primaryimage\"},\"image\":{\"@id\":\"https:\/\/www.preventraide.fr\/contenus\/actualites\/comprendre-la-foret\/#primaryimage\"},\"thumbnailUrl\":\"https:\/\/www.preventraide.fr\/contenus\/app\/uploads\/2024\/06\/Sans-titre.png\",\"datePublished\":\"2024-07-06T14:07:00+00:00\",\"dateModified\":\"2025-10-30T09:51:46+00:00\",\"author\":{\"@id\":\"https:\/\/www.preventraide.fr\/contenus\/#\/schema\/person\/610d5b148158ad8b26a57ee3481784b9\"},\"breadcrumb\":{\"@id\":\"https:\/\/www.preventraide.fr\/contenus\/actualites\/comprendre-la-foret\/#breadcrumb\"},\"inLanguage\":\"fr-FR\",\"potentialAction\":[{\"@type\":\"ReadAction\",\"target\":[\"https:\/\/www.preventraide.fr\/contenus\/actualites\/comprendre-la-foret\/\"]}]},{\"@type\":\"ImageObject\",\"inLanguage\":\"fr-FR\",\"@id\":\"https:\/\/www.preventraide.fr\/contenus\/actualites\/comprendre-la-foret\/#primaryimage\",\"url\":\"https:\/\/www.preventraide.fr\/contenus\/app\/uploads\/2024\/06\/Sans-titre.png\",\"contentUrl\":\"https:\/\/www.preventraide.fr\/contenus\/app\/uploads\/2024\/06\/Sans-titre.png\",\"width\":1600,\"height\":900},{\"@type\":\"BreadcrumbList\",\"@id\":\"https:\/\/www.preventraide.fr\/contenus\/actualites\/comprendre-la-foret\/#breadcrumb\",\"itemListElement\":[{\"@type\":\"ListItem\",\"position\":1,\"name\":\"Accueil\",\"item\":\"https:\/\/www.preventraide.fr\"},{\"@type\":\"ListItem\",\"position\":2,\"name\":\"Comprendre la for\u00eat\"}]},{\"@type\":\"WebSite\",\"@id\":\"https:\/\/www.preventraide.fr\/contenus\/#website\",\"url\":\"https:\/\/www.preventraide.fr\/contenus\/\",\"name\":\"Preventraide\",\"description\":\"\",\"potentialAction\":[{\"@type\":\"SearchAction\",\"target\":{\"@type\":\"EntryPoint\",\"urlTemplate\":\"https:\/\/www.preventraide.fr\/contenus\/?s={search_term_string}\"},\"query-input\":{\"@type\":\"PropertyValueSpecification\",\"valueRequired\":true,\"valueName\":\"search_term_string\"}}],\"inLanguage\":\"fr-FR\"},{\"@type\":\"Person\",\"@id\":\"https:\/\/www.preventraide.fr\/contenus\/#\/schema\/person\/610d5b148158ad8b26a57ee3481784b9\",\"name\":\"Camille Jagueneau\",\"image\":{\"@type\":\"ImageObject\",\"inLanguage\":\"fr-FR\",\"@id\":\"https:\/\/www.preventraide.fr\/contenus\/#\/schema\/person\/image\/\",\"url\":\"https:\/\/secure.gravatar.com\/avatar\/3a79d305b8d74191fb30dfe16bb61532d97fe378fbea0c1b02acebf1deb00e68?s=96&d=mm&r=g\",\"contentUrl\":\"https:\/\/secure.gravatar.com\/avatar\/3a79d305b8d74191fb30dfe16bb61532d97fe378fbea0c1b02acebf1deb00e68?s=96&d=mm&r=g\",\"caption\":\"Camille Jagueneau\"}}]}<\/script>\n<!-- \/ Yoast SEO plugin. -->","yoast_head_json":{"title":"Comprendre la for\u00eat - Preventraide - Conseils Pr\u00e9vention","robots":{"index":"index","follow":"follow","max-snippet":"max-snippet:-1","max-image-preview":"max-image-preview:large","max-video-preview":"max-video-preview:-1"},"canonical":"https:\/\/www.preventraide.fr\/contenus\/actualites\/comprendre-la-foret\/","og_locale":"fr_FR","og_type":"article","og_title":"Comprendre la for\u00eat - Preventraide - Conseils Pr\u00e9vention","og_description":"Cette action repose sur une animation p\u00e9dagogique num\u00e9rique qui permet de d\u00e9couvrir le r\u00f4le de la for\u00eat dans l\u2019\u00e9cosyst\u00e8me., le cycle de la for\u00eat, le risque incendie, les gestes de pr\u00e9vention pour \u00e9viter les feux et les bons r\u00e9flexes \u00e0 adopter en cas d\u2019incendie. Les objectifs : sensibiliser les enfants et les jeunes aux r\u00f4les [&hellip;]","og_url":"https:\/\/www.preventraide.fr\/contenus\/actualites\/comprendre-la-foret\/","og_site_name":"Preventraide - Conseils Pr\u00e9vention","article_published_time":"2024-07-06T14:07:00+00:00","article_modified_time":"2025-10-30T09:51:46+00:00","og_image":[{"width":1600,"height":900,"url":"https:\/\/www.preventraide.fr\/contenus\/app\/uploads\/2024\/06\/Sans-titre.png","type":"image\/png"}],"author":"Camille Jagueneau","twitter_card":"summary_large_image","twitter_misc":{"Written by":"Camille Jagueneau","Est. reading time":"1 minute"},"schema":{"@context":"https:\/\/schema.org","@graph":[{"@type":"WebPage","@id":"https:\/\/www.preventraide.fr\/contenus\/actualites\/comprendre-la-foret\/","url":"https:\/\/www.preventraide.fr\/contenus\/actualites\/comprendre-la-foret\/","name":"Comprendre la for\u00eat - Preventraide - Conseils Pr\u00e9vention","isPartOf":{"@id":"https:\/\/www.preventraide.fr\/contenus\/#website"},"primaryImageOfPage":{"@id":"https:\/\/www.preventraide.fr\/contenus\/actualites\/comprendre-la-foret\/#primaryimage"},"image":{"@id":"https:\/\/www.preventraide.fr\/contenus\/actualites\/comprendre-la-foret\/#primaryimage"},"thumbnailUrl":"https:\/\/www.preventraide.fr\/contenus\/app\/uploads\/2024\/06\/Sans-titre.png","datePublished":"2024-07-06T14:07:00+00:00","dateModified":"2025-10-30T09:51:46+00:00","author":{"@id":"https:\/\/www.preventraide.fr\/contenus\/#\/schema\/person\/610d5b148158ad8b26a57ee3481784b9"},"breadcrumb":{"@id":"https:\/\/www.preventraide.fr\/contenus\/actualites\/comprendre-la-foret\/#breadcrumb"},"inLanguage":"fr-FR","potentialAction":[{"@type":"ReadAction","target":["https:\/\/www.preventraide.fr\/contenus\/actualites\/comprendre-la-foret\/"]}]},{"@type":"ImageObject","inLanguage":"fr-FR","@id":"https:\/\/www.preventraide.fr\/contenus\/actualites\/comprendre-la-foret\/#primaryimage","url":"https:\/\/www.preventraide.fr\/contenus\/app\/uploads\/2024\/06\/Sans-titre.png","contentUrl":"https:\/\/www.preventraide.fr\/contenus\/app\/uploads\/2024\/06\/Sans-titre.png","width":1600,"height":900},{"@type":"BreadcrumbList","@id":"https:\/\/www.preventraide.fr\/contenus\/actualites\/comprendre-la-foret\/#breadcrumb","itemListElement":[{"@type":"ListItem","position":1,"name":"Accueil","item":"https:\/\/www.preventraide.fr"},{"@type":"ListItem","position":2,"name":"Comprendre la for\u00eat"}]},{"@type":"WebSite","@id":"https:\/\/www.preventraide.fr\/contenus\/#website","url":"https:\/\/www.preventraide.fr\/contenus\/","name":"Preventraide","description":"","potentialAction":[{"@type":"SearchAction","target":{"@type":"EntryPoint","urlTemplate":"https:\/\/www.preventraide.fr\/contenus\/?s={search_term_string}"},"query-input":{"@type":"PropertyValueSpecification","valueRequired":true,"valueName":"search_term_string"}}],"inLanguage":"fr-FR"},{"@type":"Person","@id":"https:\/\/www.preventraide.fr\/contenus\/#\/schema\/person\/610d5b148158ad8b26a57ee3481784b9","name":"Camille Jagueneau","image":{"@type":"ImageObject","inLanguage":"fr-FR","@id":"https:\/\/www.preventraide.fr\/contenus\/#\/schema\/person\/image\/","url":"https:\/\/secure.gravatar.com\/avatar\/3a79d305b8d74191fb30dfe16bb61532d97fe378fbea0c1b02acebf1deb00e68?s=96&d=mm&r=g","contentUrl":"https:\/\/secure.gravatar.com\/avatar\/3a79d305b8d74191fb30dfe16bb61532d97fe378fbea0c1b02acebf1deb00e68?s=96&d=mm&r=g","caption":"Camille Jagueneau"}}]}},"_links":{"self":[{"href":"https:\/\/www.preventraide.fr\/contenus\/wp-json\/wp\/v2\/posts\/1495","targetHints":{"allow":["GET"]}}],"collection":[{"href":"https:\/\/www.preventraide.fr\/contenus\/wp-json\/wp\/v2\/posts"}],"about":[{"href":"https:\/\/www.preventraide.fr\/contenus\/wp-json\/wp\/v2\/types\/post"}],"author":[{"embeddable":true,"href":"https:\/\/www.preventraide.fr\/contenus\/wp-json\/wp\/v2\/users\/6"}],"replies":[{"embeddable":true,"href":"https:\/\/www.preventraide.fr\/contenus\/wp-json\/wp\/v2\/comments?post=1495"}],"version-history":[{"count":1,"href":"https:\/\/www.preventraide.fr\/contenus\/wp-json\/wp\/v2\/posts\/1495\/revisions"}],"predecessor-version":[{"id":2608,"href":"https:\/\/www.preventraide.fr\/contenus\/wp-json\/wp\/v2\/posts\/1495\/revisions\/2608"}],"wp:featuredmedia":[{"embeddable":true,"href":"https:\/\/www.preventraide.fr\/contenus\/wp-json\/wp\/v2\/media\/1496"}],"wp:attachment":[{"href":"https:\/\/www.preventraide.fr\/contenus\/wp-json\/wp\/v2\/media?parent=1495"}],"wp:term":[{"taxonomy":"category","embeddable":true,"href":"https:\/\/www.preventraide.fr\/contenus\/wp-json\/wp\/v2\/categories?post=1495"},{"taxonomy":"post_tag","embeddable":true,"href":"https:\/\/www.preventraide.fr\/contenus\/wp-json\/wp\/v2\/tags?post=1495"}],"curies":[{"name":"wp","href":"https:\/\/api.w.org\/{rel}","templated":true}]}}