{"id":1512,"date":"2024-07-30T12:07:19","date_gmt":"2024-07-30T10:07:19","guid":{"rendered":"https:\/\/www.preventraide.fr\/contenus\/?p=1512"},"modified":"2024-07-30T12:07:19","modified_gmt":"2024-07-30T10:07:19","slug":"action-de-sensibilisation-aux-feux-de-foret-sur-laire-dautoroute-bourges-sainte-thorette","status":"publish","type":"post","link":"https:\/\/www.preventraide.fr\/contenus\/actualites\/action-de-sensibilisation-aux-feux-de-foret-sur-laire-dautoroute-bourges-sainte-thorette\/","title":{"rendered":"Action de sensibilisation aux feux de for\u00eat sur l&rsquo;aire d\u2019autoroute Bourges Sainte-Thorette"},"content":{"rendered":"\n<p>L&rsquo;association Pr\u00e9vention MAIF s&rsquo;est associ\u00e9e une nouvelle fois avec l&rsquo;AFPCNT afin de sensibiliser le grand public aux dangers des feux de for\u00eats \u00e0 travers divers outils et ce, gratuitement.<\/p>\n\n\n\n<p><br>Les<strong> 27 et 28 juillet 2024<\/strong>, six b\u00e9n\u00e9voles de l\u2019antenne Pr\u00e9vention MAIF de Bourges \u00e9taient pr\u00e9sents sur l\u2019aire d\u2019autoroute Bourges Sainte-Thorette, dans le sens Paris-Clermont-Ferrand, pour atteindre cet objectif et en faire b\u00e9n\u00e9ficier les vacanciers lors de leurs escales pendant ce premier grand chass\u00e9-crois\u00e9 des vacances.<\/p>\n\n\n\n<p>Lors de l\u2019animation, les b\u00e9n\u00e9voles ont sensibilis\u00e9 les vacanciers \u00e0 travers divers moyens : la remise d&rsquo;un livret de jeux sp\u00e9cial feux de for\u00eats, l\u2019\u00e9laboration d&rsquo;un kit d\u2019urgence en cas d\u2019\u00e9vacuation, des quizz autour des feux de for\u00eats, ainsi que l\u2019utilisation du jeu Pr\u00e9vEntraide sur les risques majeurs.<\/p>\n\n\n\n<p><br>\ud83d\udc66 Emilie, 12 ans, venant de Mayenne, exprimait sa joie : \u00ab <strong>C\u2019est super, j\u2019ai appris beaucoup de choses en peu de temps et maintenant je pourrai continuer d\u2019approfondir mes connaissances avec le cahier de jeu sur mon lieu de vacances. <\/strong>\u00bb<\/p>\n\n\n\n<p><br>\ud83d\udc68\u200d\ud83d\udc67\u200d\ud83d\udc66 Philippe, papa de trois enfants venant de la Sarthe, montrait sa grande satisfaction : \u00ab <strong>Je suis soci\u00e9taire MAIF depuis 12 ans et c\u2019est une excellente initiative de sensibiliser les familles aux risques des incendies. En effet, un geste malencontreux comme jeter un m\u00e9got de cigarette peut entra\u00eener des cons\u00e9quences dramatiques sur l\u2019environnement.<\/strong> \u00bb<\/p>\n\n\n\n<p><br>\ud83d\udc67 Cl\u00e9mentine, 11 ans, commentait : \u00ab <strong>Il faut prot\u00e9ger la for\u00eat car elle est source de vie et n\u00e9cessaire pour la biodiversit\u00e9\u2026 <\/strong>\u00bb<\/p>\n\n\n\n<p><br>Environ <strong>95 enfants<\/strong> et <strong>60 adultes<\/strong> ont particip\u00e9 \u00e0 cette action durant le week-end. Apr\u00e8s des \u00e9changes enrichissants, de nombreuses familles ont repris la route en emportant pr\u00e9cieusement le livret Pr\u00e9vEntraide \u00ab m\u00e9mo familial du kit d\u2019urgence \u00bb et le document \u00ab Tous pr\u00e9par\u00e9s face aux risques \u00bb (environ 300 ont \u00e9t\u00e9 distribu\u00e9s).<\/p>\n\n\n\n<p><br>Heureux de cette nouvelle exp\u00e9rience, nos b\u00e9n\u00e9voles se sentent pr\u00eats \u00e0 renouveler cette action p\u00e9dagogique reconnue d\u2019une grande utilit\u00e9 par les voyageurs.<\/p>\n\n\n\n<figure class=\"wp-block-gallery columns-3 is-cropped wp-block-gallery-1 is-layout-flex wp-block-gallery-is-layout-flex\"><ul class=\"blocks-gallery-grid\"><li class=\"blocks-gallery-item\"><figure><img loading=\"lazy\" decoding=\"async\" width=\"768\" height=\"1024\" src=\"https:\/\/www.preventraide.fr\/contenus\/app\/uploads\/2024\/07\/IMG_0006-768x1024.jpg\" alt=\"\" data-id=\"1519\" data-full-url=\"https:\/\/www.preventraide.fr\/contenus\/app\/uploads\/2024\/07\/IMG_0006-scaled.jpg\" data-link=\"https:\/\/www.preventraide.fr\/contenus\/?attachment_id=1519\" class=\"wp-image-1519\" srcset=\"https:\/\/www.preventraide.fr\/contenus\/app\/uploads\/2024\/07\/IMG_0006-768x1024.jpg 768w, https:\/\/www.preventraide.fr\/contenus\/app\/uploads\/2024\/07\/IMG_0006-225x300.jpg 225w, https:\/\/www.preventraide.fr\/contenus\/app\/uploads\/2024\/07\/IMG_0006-1152x1536.jpg 1152w, https:\/\/www.preventraide.fr\/contenus\/app\/uploads\/2024\/07\/IMG_0006-1536x2048.jpg 1536w, https:\/\/www.preventraide.fr\/contenus\/app\/uploads\/2024\/07\/IMG_0006-1600x2133.jpg 1600w, https:\/\/www.preventraide.fr\/contenus\/app\/uploads\/2024\/07\/IMG_0006-scaled.jpg 1920w\" sizes=\"auto, (max-width: 768px) 100vw, 768px\" \/><\/figure><\/li><li class=\"blocks-gallery-item\"><figure><img loading=\"lazy\" decoding=\"async\" width=\"768\" height=\"1024\" src=\"https:\/\/www.preventraide.fr\/contenus\/app\/uploads\/2024\/07\/IMG_0005-768x1024.jpg\" alt=\"\" data-id=\"1520\" data-full-url=\"https:\/\/www.preventraide.fr\/contenus\/app\/uploads\/2024\/07\/IMG_0005-scaled.jpg\" data-link=\"https:\/\/www.preventraide.fr\/contenus\/?attachment_id=1520\" class=\"wp-image-1520\" srcset=\"https:\/\/www.preventraide.fr\/contenus\/app\/uploads\/2024\/07\/IMG_0005-768x1024.jpg 768w, https:\/\/www.preventraide.fr\/contenus\/app\/uploads\/2024\/07\/IMG_0005-225x300.jpg 225w, https:\/\/www.preventraide.fr\/contenus\/app\/uploads\/2024\/07\/IMG_0005-1152x1536.jpg 1152w, https:\/\/www.preventraide.fr\/contenus\/app\/uploads\/2024\/07\/IMG_0005-1536x2048.jpg 1536w, https:\/\/www.preventraide.fr\/contenus\/app\/uploads\/2024\/07\/IMG_0005-1600x2133.jpg 1600w, https:\/\/www.preventraide.fr\/contenus\/app\/uploads\/2024\/07\/IMG_0005-scaled.jpg 1920w\" sizes=\"auto, (max-width: 768px) 100vw, 768px\" \/><\/figure><\/li><li class=\"blocks-gallery-item\"><figure><img loading=\"lazy\" decoding=\"async\" width=\"768\" height=\"1024\" src=\"https:\/\/www.preventraide.fr\/contenus\/app\/uploads\/2024\/07\/image0000011-1-768x1024.jpg\" alt=\"\" data-id=\"1513\" data-full-url=\"https:\/\/www.preventraide.fr\/contenus\/app\/uploads\/2024\/07\/image0000011-1.jpg\" data-link=\"https:\/\/www.preventraide.fr\/contenus\/?attachment_id=1513\" class=\"wp-image-1513\" srcset=\"https:\/\/www.preventraide.fr\/contenus\/app\/uploads\/2024\/07\/image0000011-1-768x1024.jpg 768w, https:\/\/www.preventraide.fr\/contenus\/app\/uploads\/2024\/07\/image0000011-1-225x300.jpg 225w, https:\/\/www.preventraide.fr\/contenus\/app\/uploads\/2024\/07\/image0000011-1.jpg 800w\" sizes=\"auto, (max-width: 768px) 100vw, 768px\" \/><\/figure><\/li><li class=\"blocks-gallery-item\"><figure><img loading=\"lazy\" decoding=\"async\" width=\"768\" height=\"1024\" src=\"https:\/\/www.preventraide.fr\/contenus\/app\/uploads\/2024\/07\/IMG_6923-768x1024.jpg\" alt=\"\" data-id=\"1516\" data-full-url=\"https:\/\/www.preventraide.fr\/contenus\/app\/uploads\/2024\/07\/IMG_6923-scaled.jpg\" data-link=\"https:\/\/www.preventraide.fr\/contenus\/?attachment_id=1516\" class=\"wp-image-1516\" srcset=\"https:\/\/www.preventraide.fr\/contenus\/app\/uploads\/2024\/07\/IMG_6923-768x1024.jpg 768w, https:\/\/www.preventraide.fr\/contenus\/app\/uploads\/2024\/07\/IMG_6923-225x300.jpg 225w, https:\/\/www.preventraide.fr\/contenus\/app\/uploads\/2024\/07\/IMG_6923-1152x1536.jpg 1152w, https:\/\/www.preventraide.fr\/contenus\/app\/uploads\/2024\/07\/IMG_6923-1536x2048.jpg 1536w, https:\/\/www.preventraide.fr\/contenus\/app\/uploads\/2024\/07\/IMG_6923-1600x2133.jpg 1600w, https:\/\/www.preventraide.fr\/contenus\/app\/uploads\/2024\/07\/IMG_6923-scaled.jpg 1920w\" sizes=\"auto, (max-width: 768px) 100vw, 768px\" \/><\/figure><\/li><li class=\"blocks-gallery-item\"><figure><img loading=\"lazy\" decoding=\"async\" width=\"768\" height=\"1024\" src=\"https:\/\/www.preventraide.fr\/contenus\/app\/uploads\/2024\/07\/IMG_6928-768x1024.jpg\" alt=\"\" data-id=\"1517\" data-full-url=\"https:\/\/www.preventraide.fr\/contenus\/app\/uploads\/2024\/07\/IMG_6928-scaled.jpg\" data-link=\"https:\/\/www.preventraide.fr\/contenus\/?attachment_id=1517\" class=\"wp-image-1517\" srcset=\"https:\/\/www.preventraide.fr\/contenus\/app\/uploads\/2024\/07\/IMG_6928-768x1024.jpg 768w, https:\/\/www.preventraide.fr\/contenus\/app\/uploads\/2024\/07\/IMG_6928-225x300.jpg 225w, https:\/\/www.preventraide.fr\/contenus\/app\/uploads\/2024\/07\/IMG_6928-1152x1536.jpg 1152w, https:\/\/www.preventraide.fr\/contenus\/app\/uploads\/2024\/07\/IMG_6928-1536x2048.jpg 1536w, https:\/\/www.preventraide.fr\/contenus\/app\/uploads\/2024\/07\/IMG_6928-1600x2133.jpg 1600w, https:\/\/www.preventraide.fr\/contenus\/app\/uploads\/2024\/07\/IMG_6928-scaled.jpg 1920w\" sizes=\"auto, (max-width: 768px) 100vw, 768px\" \/><\/figure><\/li><li class=\"blocks-gallery-item\"><figure><img loading=\"lazy\" decoding=\"async\" width=\"768\" height=\"1024\" src=\"https:\/\/www.preventraide.fr\/contenus\/app\/uploads\/2024\/07\/IMG_6933-768x1024.jpg\" alt=\"\" data-id=\"1518\" data-full-url=\"https:\/\/www.preventraide.fr\/contenus\/app\/uploads\/2024\/07\/IMG_6933.jpg\" data-link=\"https:\/\/www.preventraide.fr\/contenus\/?attachment_id=1518\" class=\"wp-image-1518\" srcset=\"https:\/\/www.preventraide.fr\/contenus\/app\/uploads\/2024\/07\/IMG_6933-768x1024.jpg 768w, https:\/\/www.preventraide.fr\/contenus\/app\/uploads\/2024\/07\/IMG_6933-225x300.jpg 225w, https:\/\/www.preventraide.fr\/contenus\/app\/uploads\/2024\/07\/IMG_6933.jpg 800w\" sizes=\"auto, (max-width: 768px) 100vw, 768px\" \/><\/figure><\/li><\/ul><\/figure>\n","protected":false},"excerpt":{"rendered":"<p>L&rsquo;association Pr\u00e9vention MAIF s&rsquo;est associ\u00e9e une nouvelle fois avec l&rsquo;AFPCNT afin de sensibiliser le grand public aux dangers des feux de for\u00eats \u00e0 travers divers outils et ce, gratuitement. Les 27 et 28 juillet 2024, six b\u00e9n\u00e9voles de l\u2019antenne Pr\u00e9vention MAIF de Bourges \u00e9taient pr\u00e9sents sur l\u2019aire d\u2019autoroute Bourges Sainte-Thorette, dans le sens Paris-Clermont-Ferrand, pour [&hellip;]<\/p>\n","protected":false},"author":6,"featured_media":1519,"comment_status":"closed","ping_status":"closed","sticky":false,"template":"","format":"standard","meta":{"_acf_changed":false,"inline_featured_image":false,"ghostkit_customizer_options":"","ghostkit_custom_css":"","ghostkit_custom_js_head":"","ghostkit_custom_js_foot":"","ghostkit_typography":"","footnotes":""},"categories":[2],"tags":[],"class_list":["post-1512","post","type-post","status-publish","format-standard","has-post-thumbnail","hentry","category-non-classifie"],"acf":[],"yoast_head":"<!-- This site is optimized with the Yoast SEO plugin v24.9 - https:\/\/yoast.com\/wordpress\/plugins\/seo\/ -->\n<title>Action de sensibilisation aux feux de for\u00eat sur l&#039;aire d\u2019autoroute Bourges Sainte-Thorette - Preventraide - Conseils Pr\u00e9vention<\/title>\n<meta name=\"robots\" content=\"index, follow, max-snippet:-1, max-image-preview:large, max-video-preview:-1\" \/>\n<link rel=\"canonical\" href=\"https:\/\/www.preventraide.fr\/contenus\/actualites\/action-de-sensibilisation-aux-feux-de-foret-sur-laire-dautoroute-bourges-sainte-thorette\/\" \/>\n<meta property=\"og:locale\" content=\"fr_FR\" \/>\n<meta property=\"og:type\" content=\"article\" \/>\n<meta property=\"og:title\" content=\"Action de sensibilisation aux feux de for\u00eat sur l&#039;aire d\u2019autoroute Bourges Sainte-Thorette - Preventraide - Conseils Pr\u00e9vention\" \/>\n<meta property=\"og:description\" content=\"L&rsquo;association Pr\u00e9vention MAIF s&rsquo;est associ\u00e9e une nouvelle fois avec l&rsquo;AFPCNT afin de sensibiliser le grand public aux dangers des feux de for\u00eats \u00e0 travers divers outils et ce, gratuitement. Les 27 et 28 juillet 2024, six b\u00e9n\u00e9voles de l\u2019antenne Pr\u00e9vention MAIF de Bourges \u00e9taient pr\u00e9sents sur l\u2019aire d\u2019autoroute Bourges Sainte-Thorette, dans le sens Paris-Clermont-Ferrand, pour [&hellip;]\" \/>\n<meta property=\"og:url\" content=\"https:\/\/www.preventraide.fr\/contenus\/actualites\/action-de-sensibilisation-aux-feux-de-foret-sur-laire-dautoroute-bourges-sainte-thorette\/\" \/>\n<meta property=\"og:site_name\" content=\"Preventraide - Conseils Pr\u00e9vention\" \/>\n<meta property=\"article:published_time\" content=\"2024-07-30T10:07:19+00:00\" \/>\n<meta property=\"og:image\" content=\"https:\/\/www.preventraide.fr\/contenus\/app\/uploads\/2024\/07\/IMG_0006-scaled.jpg\" \/>\n\t<meta property=\"og:image:width\" content=\"1920\" \/>\n\t<meta property=\"og:image:height\" content=\"2560\" \/>\n\t<meta property=\"og:image:type\" content=\"image\/jpeg\" \/>\n<meta name=\"author\" content=\"Camille Jagueneau\" \/>\n<meta name=\"twitter:card\" content=\"summary_large_image\" \/>\n<meta name=\"twitter:label1\" content=\"Written by\" \/>\n\t<meta name=\"twitter:data1\" content=\"Camille Jagueneau\" \/>\n\t<meta name=\"twitter:label2\" content=\"Est. reading time\" \/>\n\t<meta name=\"twitter:data2\" content=\"3 minutes\" \/>\n<script type=\"application\/ld+json\" class=\"yoast-schema-graph\">{\"@context\":\"https:\/\/schema.org\",\"@graph\":[{\"@type\":\"WebPage\",\"@id\":\"https:\/\/www.preventraide.fr\/contenus\/actualites\/action-de-sensibilisation-aux-feux-de-foret-sur-laire-dautoroute-bourges-sainte-thorette\/\",\"url\":\"https:\/\/www.preventraide.fr\/contenus\/actualites\/action-de-sensibilisation-aux-feux-de-foret-sur-laire-dautoroute-bourges-sainte-thorette\/\",\"name\":\"Action de sensibilisation aux feux de for\u00eat sur l'aire d\u2019autoroute Bourges Sainte-Thorette - Preventraide - Conseils Pr\u00e9vention\",\"isPartOf\":{\"@id\":\"https:\/\/www.preventraide.fr\/contenus\/#website\"},\"primaryImageOfPage\":{\"@id\":\"https:\/\/www.preventraide.fr\/contenus\/actualites\/action-de-sensibilisation-aux-feux-de-foret-sur-laire-dautoroute-bourges-sainte-thorette\/#primaryimage\"},\"image\":{\"@id\":\"https:\/\/www.preventraide.fr\/contenus\/actualites\/action-de-sensibilisation-aux-feux-de-foret-sur-laire-dautoroute-bourges-sainte-thorette\/#primaryimage\"},\"thumbnailUrl\":\"https:\/\/www.preventraide.fr\/contenus\/app\/uploads\/2024\/07\/IMG_0006-scaled.jpg\",\"datePublished\":\"2024-07-30T10:07:19+00:00\",\"author\":{\"@id\":\"https:\/\/www.preventraide.fr\/contenus\/#\/schema\/person\/610d5b148158ad8b26a57ee3481784b9\"},\"breadcrumb\":{\"@id\":\"https:\/\/www.preventraide.fr\/contenus\/actualites\/action-de-sensibilisation-aux-feux-de-foret-sur-laire-dautoroute-bourges-sainte-thorette\/#breadcrumb\"},\"inLanguage\":\"fr-FR\",\"potentialAction\":[{\"@type\":\"ReadAction\",\"target\":[\"https:\/\/www.preventraide.fr\/contenus\/actualites\/action-de-sensibilisation-aux-feux-de-foret-sur-laire-dautoroute-bourges-sainte-thorette\/\"]}]},{\"@type\":\"ImageObject\",\"inLanguage\":\"fr-FR\",\"@id\":\"https:\/\/www.preventraide.fr\/contenus\/actualites\/action-de-sensibilisation-aux-feux-de-foret-sur-laire-dautoroute-bourges-sainte-thorette\/#primaryimage\",\"url\":\"https:\/\/www.preventraide.fr\/contenus\/app\/uploads\/2024\/07\/IMG_0006-scaled.jpg\",\"contentUrl\":\"https:\/\/www.preventraide.fr\/contenus\/app\/uploads\/2024\/07\/IMG_0006-scaled.jpg\",\"width\":1920,\"height\":2560},{\"@type\":\"BreadcrumbList\",\"@id\":\"https:\/\/www.preventraide.fr\/contenus\/actualites\/action-de-sensibilisation-aux-feux-de-foret-sur-laire-dautoroute-bourges-sainte-thorette\/#breadcrumb\",\"itemListElement\":[{\"@type\":\"ListItem\",\"position\":1,\"name\":\"Accueil\",\"item\":\"https:\/\/www.preventraide.fr\"},{\"@type\":\"ListItem\",\"position\":2,\"name\":\"Action de sensibilisation aux feux de for\u00eat sur l&rsquo;aire d\u2019autoroute Bourges Sainte-Thorette\"}]},{\"@type\":\"WebSite\",\"@id\":\"https:\/\/www.preventraide.fr\/contenus\/#website\",\"url\":\"https:\/\/www.preventraide.fr\/contenus\/\",\"name\":\"Preventraide\",\"description\":\"\",\"potentialAction\":[{\"@type\":\"SearchAction\",\"target\":{\"@type\":\"EntryPoint\",\"urlTemplate\":\"https:\/\/www.preventraide.fr\/contenus\/?s={search_term_string}\"},\"query-input\":{\"@type\":\"PropertyValueSpecification\",\"valueRequired\":true,\"valueName\":\"search_term_string\"}}],\"inLanguage\":\"fr-FR\"},{\"@type\":\"Person\",\"@id\":\"https:\/\/www.preventraide.fr\/contenus\/#\/schema\/person\/610d5b148158ad8b26a57ee3481784b9\",\"name\":\"Camille Jagueneau\",\"image\":{\"@type\":\"ImageObject\",\"inLanguage\":\"fr-FR\",\"@id\":\"https:\/\/www.preventraide.fr\/contenus\/#\/schema\/person\/image\/\",\"url\":\"https:\/\/secure.gravatar.com\/avatar\/3a79d305b8d74191fb30dfe16bb61532d97fe378fbea0c1b02acebf1deb00e68?s=96&d=mm&r=g\",\"contentUrl\":\"https:\/\/secure.gravatar.com\/avatar\/3a79d305b8d74191fb30dfe16bb61532d97fe378fbea0c1b02acebf1deb00e68?s=96&d=mm&r=g\",\"caption\":\"Camille Jagueneau\"}}]}<\/script>\n<!-- \/ Yoast SEO plugin. -->","yoast_head_json":{"title":"Action de sensibilisation aux feux de for\u00eat sur l'aire d\u2019autoroute Bourges Sainte-Thorette - Preventraide - Conseils Pr\u00e9vention","robots":{"index":"index","follow":"follow","max-snippet":"max-snippet:-1","max-image-preview":"max-image-preview:large","max-video-preview":"max-video-preview:-1"},"canonical":"https:\/\/www.preventraide.fr\/contenus\/actualites\/action-de-sensibilisation-aux-feux-de-foret-sur-laire-dautoroute-bourges-sainte-thorette\/","og_locale":"fr_FR","og_type":"article","og_title":"Action de sensibilisation aux feux de for\u00eat sur l'aire d\u2019autoroute Bourges Sainte-Thorette - Preventraide - Conseils Pr\u00e9vention","og_description":"L&rsquo;association Pr\u00e9vention MAIF s&rsquo;est associ\u00e9e une nouvelle fois avec l&rsquo;AFPCNT afin de sensibiliser le grand public aux dangers des feux de for\u00eats \u00e0 travers divers outils et ce, gratuitement. Les 27 et 28 juillet 2024, six b\u00e9n\u00e9voles de l\u2019antenne Pr\u00e9vention MAIF de Bourges \u00e9taient pr\u00e9sents sur l\u2019aire d\u2019autoroute Bourges Sainte-Thorette, dans le sens Paris-Clermont-Ferrand, pour [&hellip;]","og_url":"https:\/\/www.preventraide.fr\/contenus\/actualites\/action-de-sensibilisation-aux-feux-de-foret-sur-laire-dautoroute-bourges-sainte-thorette\/","og_site_name":"Preventraide - Conseils Pr\u00e9vention","article_published_time":"2024-07-30T10:07:19+00:00","og_image":[{"width":1920,"height":2560,"url":"https:\/\/www.preventraide.fr\/contenus\/app\/uploads\/2024\/07\/IMG_0006-scaled.jpg","type":"image\/jpeg"}],"author":"Camille Jagueneau","twitter_card":"summary_large_image","twitter_misc":{"Written by":"Camille Jagueneau","Est. reading time":"3 minutes"},"schema":{"@context":"https:\/\/schema.org","@graph":[{"@type":"WebPage","@id":"https:\/\/www.preventraide.fr\/contenus\/actualites\/action-de-sensibilisation-aux-feux-de-foret-sur-laire-dautoroute-bourges-sainte-thorette\/","url":"https:\/\/www.preventraide.fr\/contenus\/actualites\/action-de-sensibilisation-aux-feux-de-foret-sur-laire-dautoroute-bourges-sainte-thorette\/","name":"Action de sensibilisation aux feux de for\u00eat sur l'aire d\u2019autoroute Bourges Sainte-Thorette - Preventraide - Conseils Pr\u00e9vention","isPartOf":{"@id":"https:\/\/www.preventraide.fr\/contenus\/#website"},"primaryImageOfPage":{"@id":"https:\/\/www.preventraide.fr\/contenus\/actualites\/action-de-sensibilisation-aux-feux-de-foret-sur-laire-dautoroute-bourges-sainte-thorette\/#primaryimage"},"image":{"@id":"https:\/\/www.preventraide.fr\/contenus\/actualites\/action-de-sensibilisation-aux-feux-de-foret-sur-laire-dautoroute-bourges-sainte-thorette\/#primaryimage"},"thumbnailUrl":"https:\/\/www.preventraide.fr\/contenus\/app\/uploads\/2024\/07\/IMG_0006-scaled.jpg","datePublished":"2024-07-30T10:07:19+00:00","author":{"@id":"https:\/\/www.preventraide.fr\/contenus\/#\/schema\/person\/610d5b148158ad8b26a57ee3481784b9"},"breadcrumb":{"@id":"https:\/\/www.preventraide.fr\/contenus\/actualites\/action-de-sensibilisation-aux-feux-de-foret-sur-laire-dautoroute-bourges-sainte-thorette\/#breadcrumb"},"inLanguage":"fr-FR","potentialAction":[{"@type":"ReadAction","target":["https:\/\/www.preventraide.fr\/contenus\/actualites\/action-de-sensibilisation-aux-feux-de-foret-sur-laire-dautoroute-bourges-sainte-thorette\/"]}]},{"@type":"ImageObject","inLanguage":"fr-FR","@id":"https:\/\/www.preventraide.fr\/contenus\/actualites\/action-de-sensibilisation-aux-feux-de-foret-sur-laire-dautoroute-bourges-sainte-thorette\/#primaryimage","url":"https:\/\/www.preventraide.fr\/contenus\/app\/uploads\/2024\/07\/IMG_0006-scaled.jpg","contentUrl":"https:\/\/www.preventraide.fr\/contenus\/app\/uploads\/2024\/07\/IMG_0006-scaled.jpg","width":1920,"height":2560},{"@type":"BreadcrumbList","@id":"https:\/\/www.preventraide.fr\/contenus\/actualites\/action-de-sensibilisation-aux-feux-de-foret-sur-laire-dautoroute-bourges-sainte-thorette\/#breadcrumb","itemListElement":[{"@type":"ListItem","position":1,"name":"Accueil","item":"https:\/\/www.preventraide.fr"},{"@type":"ListItem","position":2,"name":"Action de sensibilisation aux feux de for\u00eat sur l&rsquo;aire d\u2019autoroute Bourges Sainte-Thorette"}]},{"@type":"WebSite","@id":"https:\/\/www.preventraide.fr\/contenus\/#website","url":"https:\/\/www.preventraide.fr\/contenus\/","name":"Preventraide","description":"","potentialAction":[{"@type":"SearchAction","target":{"@type":"EntryPoint","urlTemplate":"https:\/\/www.preventraide.fr\/contenus\/?s={search_term_string}"},"query-input":{"@type":"PropertyValueSpecification","valueRequired":true,"valueName":"search_term_string"}}],"inLanguage":"fr-FR"},{"@type":"Person","@id":"https:\/\/www.preventraide.fr\/contenus\/#\/schema\/person\/610d5b148158ad8b26a57ee3481784b9","name":"Camille Jagueneau","image":{"@type":"ImageObject","inLanguage":"fr-FR","@id":"https:\/\/www.preventraide.fr\/contenus\/#\/schema\/person\/image\/","url":"https:\/\/secure.gravatar.com\/avatar\/3a79d305b8d74191fb30dfe16bb61532d97fe378fbea0c1b02acebf1deb00e68?s=96&d=mm&r=g","contentUrl":"https:\/\/secure.gravatar.com\/avatar\/3a79d305b8d74191fb30dfe16bb61532d97fe378fbea0c1b02acebf1deb00e68?s=96&d=mm&r=g","caption":"Camille Jagueneau"}}]}},"_links":{"self":[{"href":"https:\/\/www.preventraide.fr\/contenus\/wp-json\/wp\/v2\/posts\/1512","targetHints":{"allow":["GET"]}}],"collection":[{"href":"https:\/\/www.preventraide.fr\/contenus\/wp-json\/wp\/v2\/posts"}],"about":[{"href":"https:\/\/www.preventraide.fr\/contenus\/wp-json\/wp\/v2\/types\/post"}],"author":[{"embeddable":true,"href":"https:\/\/www.preventraide.fr\/contenus\/wp-json\/wp\/v2\/users\/6"}],"replies":[{"embeddable":true,"href":"https:\/\/www.preventraide.fr\/contenus\/wp-json\/wp\/v2\/comments?post=1512"}],"version-history":[{"count":0,"href":"https:\/\/www.preventraide.fr\/contenus\/wp-json\/wp\/v2\/posts\/1512\/revisions"}],"wp:featuredmedia":[{"embeddable":true,"href":"https:\/\/www.preventraide.fr\/contenus\/wp-json\/wp\/v2\/media\/1519"}],"wp:attachment":[{"href":"https:\/\/www.preventraide.fr\/contenus\/wp-json\/wp\/v2\/media?parent=1512"}],"wp:term":[{"taxonomy":"category","embeddable":true,"href":"https:\/\/www.preventraide.fr\/contenus\/wp-json\/wp\/v2\/categories?post=1512"},{"taxonomy":"post_tag","embeddable":true,"href":"https:\/\/www.preventraide.fr\/contenus\/wp-json\/wp\/v2\/tags?post=1512"}],"curies":[{"name":"wp","href":"https:\/\/api.w.org\/{rel}","templated":true}]}}