{"id":1528,"date":"2024-08-12T06:31:00","date_gmt":"2024-08-12T04:31:00","guid":{"rendered":"https:\/\/www.preventraide.fr\/contenus\/?p=1528"},"modified":"2024-08-12T06:31:00","modified_gmt":"2024-08-12T04:31:00","slug":"on-recrute-52-volontaires-en-service-civique-pour-lannee-scolaire-2024-2025","status":"publish","type":"post","link":"https:\/\/www.preventraide.fr\/contenus\/actualites\/on-recrute-52-volontaires-en-service-civique-pour-lannee-scolaire-2024-2025\/","title":{"rendered":"On recrute 52 volontaires en Service Civique pour l\u2019ann\u00e9e scolaire 2024\/2025 !"},"content":{"rendered":"\n<p>L\u2019association Pr\u00e9vention MAIF accompagne les collectivit\u00e9s, les associations, les enseignants et les familles, en d\u00e9ployant des actions concr\u00e8tes de pr\u00e9vention. Dans cette optique nous recrutons des volontaires en Service Civique pour nous accompagner dans cette mission.<\/p>\n\n\n\n<div class=\"wp-block-columns is-layout-flex wp-container-core-columns-is-layout-28f84493 wp-block-columns-is-layout-flex\">\n<div class=\"wp-block-column is-layout-flow wp-block-column-is-layout-flow\">\n<h3 class=\"has-red-color has-text-color wp-block-heading\"><strong>Vos missions au quotidien<\/strong><\/h3>\n\n\n\n<ul class=\"wp-block-list\"><li>Identifier, sur votre territoire, les communes, les \u00e9tablissements scolaires, les associations avec lesquels nous travaillerons pour mettre en \u0153uvre nos actions.<\/li><li>Assurer les aspects logistiques pour la mise en \u0153uvre des \u00e9v\u00e9nements.<\/li><li>Coanimer les actions aupr\u00e8s des scolaires.<\/li><li>Proposer de nouveaux formats et sujets autour de ces th\u00e9matiques.<\/li><li>Apporter votre aide aux b\u00e9n\u00e9voles sur les outils num\u00e9rique.<\/li><li>Faire connaitre nos actions sur le territoire. <\/li><li>Assurer un lien avec les volontaires de l\u2019association dans les autres territoires.<\/li><\/ul>\n<\/div>\n\n\n\n<div class=\"wp-block-column is-layout-flow wp-block-column-is-layout-flow\">\n<figure class=\"wp-block-embed is-type-video is-provider-youtube wp-block-embed-youtube wp-embed-aspect-16-9 wp-has-aspect-ratio\"><div class=\"wp-block-embed__wrapper\">\n<iframe loading=\"lazy\" title=\"52 missions en Service Civique sont \u00e0 pourvoir chez Pr\u00e9vention MAIF\" width=\"500\" height=\"281\" src=\"https:\/\/www.youtube.com\/embed\/r8kOP_egoLM?feature=oembed\" frameborder=\"0\" allow=\"accelerometer; autoplay; clipboard-write; encrypted-media; gyroscope; picture-in-picture; web-share\" referrerpolicy=\"strict-origin-when-cross-origin\" allowfullscreen><\/iframe>\n<\/div><\/figure>\n<\/div>\n<\/div>\n\n\n\n<h3 class=\"has-red-color has-text-color wp-block-heading\"><strong>Quelques informations pratiques<\/strong><\/h3>\n\n\n\n<ul class=\"wp-block-list\"><li><strong>Accessible&nbsp;<\/strong>: aux jeunes de 18 \u00e0 25 ans, d\u00e9sireux de s\u2019impliquer dans une mission de service public et de pr\u00e9vention.<\/li><li><strong>Dur\u00e9e&nbsp;<\/strong>: 8 mois, une p\u00e9riode pendant laquelle vous aurez l\u2019opportunit\u00e9 d\u2019acqu\u00e9rir de nouvelles comp\u00e9tences et de vivre une exp\u00e9rience enrichissante.<\/li><li><strong>Temps de travail&nbsp;<\/strong>: 24h \u00e0 35h par semaine, en fonction de vos disponibilit\u00e9s et des besoins du programme.<\/li><li><strong>P\u00e9riode de formation<\/strong>&nbsp;: du 21 octobre 25 octobre 2024. Cette formation initiale vous permettra de vous pr\u00e9parer efficacement \u00e0 votre mission.<\/li><li><strong>Public(s) b\u00e9n\u00e9ficiaire(s)&nbsp;<\/strong>: enfants, adolescents, tous publics. Vous interviendrez aupr\u00e8s de diff\u00e9rents groupes pour adapter vos messages en fonction des besoins et des sp\u00e9cificit\u00e9s de chaque public.<\/li><li><strong>Actions cl\u00e9s<\/strong>&nbsp;: Transmission, P\u00e9dagogie, Pr\u00e9vention, Sensibilisation, Animation, Valorisation.<\/li><\/ul>\n\n\n\n<div class=\"wp-block-buttons is-layout-flex wp-block-buttons-is-layout-flex\">\n<div class=\"wp-block-button\"><a class=\"wp-block-button__link\" href=\"\" target=\"_blank\" rel=\"noreferrer noopener\">En savoir +<\/a><\/div>\n<\/div>\n\n\n\n<div class=\"wp-block-group has-red-background-color has-background\"><div class=\"wp-block-group__inner-container is-layout-flow wp-block-group-is-layout-flow\">\n<h3 class=\"wp-block-heading\"><strong>L\u2019exp\u00e9rience vous int\u00e9resse ?<\/strong><\/h3>\n\n\n\n<p>Rendez-vous sur le site du service civique pour soumettre votre candidature. \ud83d\udc47<\/p>\n\n\n\n<iframe class=\"engagement-grid\" border=\"0\" frameborder=\"0\" style=\"display:block; width:100%;\" loading=\"lazy\" allowfullscreen allow=\"geolocation\" src=https:\/\/sc.api-engagement.beta.gouv.fr\/?widget=656603a16ac44e5f4b29d7d3><\/iframe>\n<style>\n  @media (max-width: 639px){.engagement-grid{height: 2200px;}}\n  @media (min-width: 640px) and (max-width: 1023px){.engagement-grid{height: 1350px;}}\n  @media (min-width: 1024px){.engagement-grid{height: 1050px;}}\n<\/style>\n<\/div><\/div>\n","protected":false},"excerpt":{"rendered":"<p>L\u2019association Pr\u00e9vention MAIF accompagne les collectivit\u00e9s, les associations, les enseignants et les familles, en d\u00e9ployant des actions concr\u00e8tes de pr\u00e9vention. Dans cette optique nous recrutons des volontaires en Service Civique pour nous accompagner dans cette mission. Vos missions au quotidien Identifier, sur votre territoire, les communes, les \u00e9tablissements scolaires, les associations avec lesquels nous travaillerons [&hellip;]<\/p>\n","protected":false},"author":6,"featured_media":1538,"comment_status":"closed","ping_status":"closed","sticky":false,"template":"","format":"standard","meta":{"_acf_changed":false,"inline_featured_image":false,"ghostkit_customizer_options":"","ghostkit_custom_css":"","ghostkit_custom_js_head":"","ghostkit_custom_js_foot":"","ghostkit_typography":"","footnotes":""},"categories":[2],"tags":[],"class_list":["post-1528","post","type-post","status-publish","format-standard","has-post-thumbnail","hentry","category-non-classifie"],"acf":[],"yoast_head":"<!-- This site is optimized with the Yoast SEO plugin v24.9 - https:\/\/yoast.com\/wordpress\/plugins\/seo\/ -->\n<title>On recrute 52 volontaires en Service Civique pour l\u2019ann\u00e9e scolaire 2024\/2025 ! - Preventraide - Conseils Pr\u00e9vention<\/title>\n<meta name=\"robots\" content=\"index, follow, max-snippet:-1, max-image-preview:large, max-video-preview:-1\" \/>\n<link rel=\"canonical\" href=\"https:\/\/www.preventraide.fr\/contenus\/actualites\/on-recrute-52-volontaires-en-service-civique-pour-lannee-scolaire-2024-2025\/\" \/>\n<meta property=\"og:locale\" content=\"fr_FR\" \/>\n<meta property=\"og:type\" content=\"article\" \/>\n<meta property=\"og:title\" content=\"On recrute 52 volontaires en Service Civique pour l\u2019ann\u00e9e scolaire 2024\/2025 ! - Preventraide - Conseils Pr\u00e9vention\" \/>\n<meta property=\"og:description\" content=\"L\u2019association Pr\u00e9vention MAIF accompagne les collectivit\u00e9s, les associations, les enseignants et les familles, en d\u00e9ployant des actions concr\u00e8tes de pr\u00e9vention. Dans cette optique nous recrutons des volontaires en Service Civique pour nous accompagner dans cette mission. Vos missions au quotidien Identifier, sur votre territoire, les communes, les \u00e9tablissements scolaires, les associations avec lesquels nous travaillerons [&hellip;]\" \/>\n<meta property=\"og:url\" content=\"https:\/\/www.preventraide.fr\/contenus\/actualites\/on-recrute-52-volontaires-en-service-civique-pour-lannee-scolaire-2024-2025\/\" \/>\n<meta property=\"og:site_name\" content=\"Preventraide - Conseils Pr\u00e9vention\" \/>\n<meta property=\"article:published_time\" content=\"2024-08-12T04:31:00+00:00\" \/>\n<meta property=\"og:image\" content=\"https:\/\/www.preventraide.fr\/contenus\/app\/uploads\/2024\/08\/MAIF008199-068-2-scaled.jpg\" \/>\n\t<meta property=\"og:image:width\" content=\"2560\" \/>\n\t<meta property=\"og:image:height\" content=\"1707\" \/>\n\t<meta property=\"og:image:type\" content=\"image\/jpeg\" \/>\n<meta name=\"author\" content=\"Camille Jagueneau\" \/>\n<meta name=\"twitter:card\" content=\"summary_large_image\" \/>\n<meta name=\"twitter:label1\" content=\"Written by\" \/>\n\t<meta name=\"twitter:data1\" content=\"Camille Jagueneau\" \/>\n\t<meta name=\"twitter:label2\" content=\"Est. reading time\" \/>\n\t<meta name=\"twitter:data2\" content=\"2 minutes\" \/>\n<script type=\"application\/ld+json\" class=\"yoast-schema-graph\">{\"@context\":\"https:\/\/schema.org\",\"@graph\":[{\"@type\":\"WebPage\",\"@id\":\"https:\/\/www.preventraide.fr\/contenus\/actualites\/on-recrute-52-volontaires-en-service-civique-pour-lannee-scolaire-2024-2025\/\",\"url\":\"https:\/\/www.preventraide.fr\/contenus\/actualites\/on-recrute-52-volontaires-en-service-civique-pour-lannee-scolaire-2024-2025\/\",\"name\":\"On recrute 52 volontaires en Service Civique pour l\u2019ann\u00e9e scolaire 2024\/2025 ! - Preventraide - Conseils Pr\u00e9vention\",\"isPartOf\":{\"@id\":\"https:\/\/www.preventraide.fr\/contenus\/#website\"},\"primaryImageOfPage\":{\"@id\":\"https:\/\/www.preventraide.fr\/contenus\/actualites\/on-recrute-52-volontaires-en-service-civique-pour-lannee-scolaire-2024-2025\/#primaryimage\"},\"image\":{\"@id\":\"https:\/\/www.preventraide.fr\/contenus\/actualites\/on-recrute-52-volontaires-en-service-civique-pour-lannee-scolaire-2024-2025\/#primaryimage\"},\"thumbnailUrl\":\"https:\/\/www.preventraide.fr\/contenus\/app\/uploads\/2024\/08\/MAIF008199-068-2-scaled.jpg\",\"datePublished\":\"2024-08-12T04:31:00+00:00\",\"author\":{\"@id\":\"https:\/\/www.preventraide.fr\/contenus\/#\/schema\/person\/610d5b148158ad8b26a57ee3481784b9\"},\"breadcrumb\":{\"@id\":\"https:\/\/www.preventraide.fr\/contenus\/actualites\/on-recrute-52-volontaires-en-service-civique-pour-lannee-scolaire-2024-2025\/#breadcrumb\"},\"inLanguage\":\"fr-FR\",\"potentialAction\":[{\"@type\":\"ReadAction\",\"target\":[\"https:\/\/www.preventraide.fr\/contenus\/actualites\/on-recrute-52-volontaires-en-service-civique-pour-lannee-scolaire-2024-2025\/\"]}]},{\"@type\":\"ImageObject\",\"inLanguage\":\"fr-FR\",\"@id\":\"https:\/\/www.preventraide.fr\/contenus\/actualites\/on-recrute-52-volontaires-en-service-civique-pour-lannee-scolaire-2024-2025\/#primaryimage\",\"url\":\"https:\/\/www.preventraide.fr\/contenus\/app\/uploads\/2024\/08\/MAIF008199-068-2-scaled.jpg\",\"contentUrl\":\"https:\/\/www.preventraide.fr\/contenus\/app\/uploads\/2024\/08\/MAIF008199-068-2-scaled.jpg\",\"width\":2560,\"height\":1707},{\"@type\":\"BreadcrumbList\",\"@id\":\"https:\/\/www.preventraide.fr\/contenus\/actualites\/on-recrute-52-volontaires-en-service-civique-pour-lannee-scolaire-2024-2025\/#breadcrumb\",\"itemListElement\":[{\"@type\":\"ListItem\",\"position\":1,\"name\":\"Accueil\",\"item\":\"https:\/\/www.preventraide.fr\"},{\"@type\":\"ListItem\",\"position\":2,\"name\":\"On recrute 52 volontaires en Service Civique pour l\u2019ann\u00e9e scolaire 2024\/2025 !\"}]},{\"@type\":\"WebSite\",\"@id\":\"https:\/\/www.preventraide.fr\/contenus\/#website\",\"url\":\"https:\/\/www.preventraide.fr\/contenus\/\",\"name\":\"Preventraide\",\"description\":\"\",\"potentialAction\":[{\"@type\":\"SearchAction\",\"target\":{\"@type\":\"EntryPoint\",\"urlTemplate\":\"https:\/\/www.preventraide.fr\/contenus\/?s={search_term_string}\"},\"query-input\":{\"@type\":\"PropertyValueSpecification\",\"valueRequired\":true,\"valueName\":\"search_term_string\"}}],\"inLanguage\":\"fr-FR\"},{\"@type\":\"Person\",\"@id\":\"https:\/\/www.preventraide.fr\/contenus\/#\/schema\/person\/610d5b148158ad8b26a57ee3481784b9\",\"name\":\"Camille Jagueneau\",\"image\":{\"@type\":\"ImageObject\",\"inLanguage\":\"fr-FR\",\"@id\":\"https:\/\/www.preventraide.fr\/contenus\/#\/schema\/person\/image\/\",\"url\":\"https:\/\/secure.gravatar.com\/avatar\/3a79d305b8d74191fb30dfe16bb61532d97fe378fbea0c1b02acebf1deb00e68?s=96&d=mm&r=g\",\"contentUrl\":\"https:\/\/secure.gravatar.com\/avatar\/3a79d305b8d74191fb30dfe16bb61532d97fe378fbea0c1b02acebf1deb00e68?s=96&d=mm&r=g\",\"caption\":\"Camille Jagueneau\"}}]}<\/script>\n<!-- \/ Yoast SEO plugin. -->","yoast_head_json":{"title":"On recrute 52 volontaires en Service Civique pour l\u2019ann\u00e9e scolaire 2024\/2025 ! - Preventraide - Conseils Pr\u00e9vention","robots":{"index":"index","follow":"follow","max-snippet":"max-snippet:-1","max-image-preview":"max-image-preview:large","max-video-preview":"max-video-preview:-1"},"canonical":"https:\/\/www.preventraide.fr\/contenus\/actualites\/on-recrute-52-volontaires-en-service-civique-pour-lannee-scolaire-2024-2025\/","og_locale":"fr_FR","og_type":"article","og_title":"On recrute 52 volontaires en Service Civique pour l\u2019ann\u00e9e scolaire 2024\/2025 ! - Preventraide - Conseils Pr\u00e9vention","og_description":"L\u2019association Pr\u00e9vention MAIF accompagne les collectivit\u00e9s, les associations, les enseignants et les familles, en d\u00e9ployant des actions concr\u00e8tes de pr\u00e9vention. Dans cette optique nous recrutons des volontaires en Service Civique pour nous accompagner dans cette mission. Vos missions au quotidien Identifier, sur votre territoire, les communes, les \u00e9tablissements scolaires, les associations avec lesquels nous travaillerons [&hellip;]","og_url":"https:\/\/www.preventraide.fr\/contenus\/actualites\/on-recrute-52-volontaires-en-service-civique-pour-lannee-scolaire-2024-2025\/","og_site_name":"Preventraide - Conseils Pr\u00e9vention","article_published_time":"2024-08-12T04:31:00+00:00","og_image":[{"width":2560,"height":1707,"url":"https:\/\/www.preventraide.fr\/contenus\/app\/uploads\/2024\/08\/MAIF008199-068-2-scaled.jpg","type":"image\/jpeg"}],"author":"Camille Jagueneau","twitter_card":"summary_large_image","twitter_misc":{"Written by":"Camille Jagueneau","Est. reading time":"2 minutes"},"schema":{"@context":"https:\/\/schema.org","@graph":[{"@type":"WebPage","@id":"https:\/\/www.preventraide.fr\/contenus\/actualites\/on-recrute-52-volontaires-en-service-civique-pour-lannee-scolaire-2024-2025\/","url":"https:\/\/www.preventraide.fr\/contenus\/actualites\/on-recrute-52-volontaires-en-service-civique-pour-lannee-scolaire-2024-2025\/","name":"On recrute 52 volontaires en Service Civique pour l\u2019ann\u00e9e scolaire 2024\/2025 ! - Preventraide - Conseils Pr\u00e9vention","isPartOf":{"@id":"https:\/\/www.preventraide.fr\/contenus\/#website"},"primaryImageOfPage":{"@id":"https:\/\/www.preventraide.fr\/contenus\/actualites\/on-recrute-52-volontaires-en-service-civique-pour-lannee-scolaire-2024-2025\/#primaryimage"},"image":{"@id":"https:\/\/www.preventraide.fr\/contenus\/actualites\/on-recrute-52-volontaires-en-service-civique-pour-lannee-scolaire-2024-2025\/#primaryimage"},"thumbnailUrl":"https:\/\/www.preventraide.fr\/contenus\/app\/uploads\/2024\/08\/MAIF008199-068-2-scaled.jpg","datePublished":"2024-08-12T04:31:00+00:00","author":{"@id":"https:\/\/www.preventraide.fr\/contenus\/#\/schema\/person\/610d5b148158ad8b26a57ee3481784b9"},"breadcrumb":{"@id":"https:\/\/www.preventraide.fr\/contenus\/actualites\/on-recrute-52-volontaires-en-service-civique-pour-lannee-scolaire-2024-2025\/#breadcrumb"},"inLanguage":"fr-FR","potentialAction":[{"@type":"ReadAction","target":["https:\/\/www.preventraide.fr\/contenus\/actualites\/on-recrute-52-volontaires-en-service-civique-pour-lannee-scolaire-2024-2025\/"]}]},{"@type":"ImageObject","inLanguage":"fr-FR","@id":"https:\/\/www.preventraide.fr\/contenus\/actualites\/on-recrute-52-volontaires-en-service-civique-pour-lannee-scolaire-2024-2025\/#primaryimage","url":"https:\/\/www.preventraide.fr\/contenus\/app\/uploads\/2024\/08\/MAIF008199-068-2-scaled.jpg","contentUrl":"https:\/\/www.preventraide.fr\/contenus\/app\/uploads\/2024\/08\/MAIF008199-068-2-scaled.jpg","width":2560,"height":1707},{"@type":"BreadcrumbList","@id":"https:\/\/www.preventraide.fr\/contenus\/actualites\/on-recrute-52-volontaires-en-service-civique-pour-lannee-scolaire-2024-2025\/#breadcrumb","itemListElement":[{"@type":"ListItem","position":1,"name":"Accueil","item":"https:\/\/www.preventraide.fr"},{"@type":"ListItem","position":2,"name":"On recrute 52 volontaires en Service Civique pour l\u2019ann\u00e9e scolaire 2024\/2025 !"}]},{"@type":"WebSite","@id":"https:\/\/www.preventraide.fr\/contenus\/#website","url":"https:\/\/www.preventraide.fr\/contenus\/","name":"Preventraide","description":"","potentialAction":[{"@type":"SearchAction","target":{"@type":"EntryPoint","urlTemplate":"https:\/\/www.preventraide.fr\/contenus\/?s={search_term_string}"},"query-input":{"@type":"PropertyValueSpecification","valueRequired":true,"valueName":"search_term_string"}}],"inLanguage":"fr-FR"},{"@type":"Person","@id":"https:\/\/www.preventraide.fr\/contenus\/#\/schema\/person\/610d5b148158ad8b26a57ee3481784b9","name":"Camille Jagueneau","image":{"@type":"ImageObject","inLanguage":"fr-FR","@id":"https:\/\/www.preventraide.fr\/contenus\/#\/schema\/person\/image\/","url":"https:\/\/secure.gravatar.com\/avatar\/3a79d305b8d74191fb30dfe16bb61532d97fe378fbea0c1b02acebf1deb00e68?s=96&d=mm&r=g","contentUrl":"https:\/\/secure.gravatar.com\/avatar\/3a79d305b8d74191fb30dfe16bb61532d97fe378fbea0c1b02acebf1deb00e68?s=96&d=mm&r=g","caption":"Camille Jagueneau"}}]}},"_links":{"self":[{"href":"https:\/\/www.preventraide.fr\/contenus\/wp-json\/wp\/v2\/posts\/1528","targetHints":{"allow":["GET"]}}],"collection":[{"href":"https:\/\/www.preventraide.fr\/contenus\/wp-json\/wp\/v2\/posts"}],"about":[{"href":"https:\/\/www.preventraide.fr\/contenus\/wp-json\/wp\/v2\/types\/post"}],"author":[{"embeddable":true,"href":"https:\/\/www.preventraide.fr\/contenus\/wp-json\/wp\/v2\/users\/6"}],"replies":[{"embeddable":true,"href":"https:\/\/www.preventraide.fr\/contenus\/wp-json\/wp\/v2\/comments?post=1528"}],"version-history":[{"count":0,"href":"https:\/\/www.preventraide.fr\/contenus\/wp-json\/wp\/v2\/posts\/1528\/revisions"}],"wp:featuredmedia":[{"embeddable":true,"href":"https:\/\/www.preventraide.fr\/contenus\/wp-json\/wp\/v2\/media\/1538"}],"wp:attachment":[{"href":"https:\/\/www.preventraide.fr\/contenus\/wp-json\/wp\/v2\/media?parent=1528"}],"wp:term":[{"taxonomy":"category","embeddable":true,"href":"https:\/\/www.preventraide.fr\/contenus\/wp-json\/wp\/v2\/categories?post=1528"},{"taxonomy":"post_tag","embeddable":true,"href":"https:\/\/www.preventraide.fr\/contenus\/wp-json\/wp\/v2\/tags?post=1528"}],"curies":[{"name":"wp","href":"https:\/\/api.w.org\/{rel}","templated":true}]}}