{"id":1532,"date":"2024-08-19T06:58:00","date_gmt":"2024-08-19T04:58:00","guid":{"rendered":"https:\/\/www.preventraide.fr\/contenus\/?p=1532"},"modified":"2024-08-19T06:58:00","modified_gmt":"2024-08-19T04:58:00","slug":"sensibilisation-aux-risques-de-feux-de-foret-dans-un-camping-a-marseille","status":"publish","type":"post","link":"https:\/\/www.preventraide.fr\/contenus\/actualites\/sensibilisation-aux-risques-de-feux-de-foret-dans-un-camping-a-marseille\/","title":{"rendered":"Sensibilisation aux risques de feux de for\u00eat dans un camping \u00e0 Marseille"},"content":{"rendered":"\n<div class=\"wp-block-group\"><div class=\"wp-block-group__inner-container is-layout-flow wp-block-group-is-layout-flow\">\n<p>Le dimanche 4 ao\u00fbt 2024, l&rsquo;antenne Pr\u00e9vention MAIF de Marseille s\u2019est mobilis\u00e9e pour une action de sensibilisation aupr\u00e8s des vacanciers dans un camping \u00e0 CASSIS.<\/p>\n\n\n\n<p>L\u2019\u00e9quipe s\u2019est mobilis\u00e9e avec 5 b\u00e9n\u00e9voles avec pour objectif \u00ab Animer les vacanciers avec le jeu Pr\u00e8v\u2019Entraide \u00bb.<\/p>\n\n\n\n<p>Install\u00e9s sur l\u2019aire de jeux du camping, les b\u00e9n\u00e9voles ont pu toucher un large public, permettant \u00e0 chacun de participer tout en s\u2019amusant.<\/p>\n\n\n\n<p>Les b\u00e9n\u00e9voles ont aussi distribu\u00e9 &nbsp;diff\u00e9rents supports p\u00e9dagogiques. Les vacanciers ont re\u00e7u les documents \u00ab 1,2,3, Par\u00e9 \u00bb et \u00ab Kit de survie \u00bb, qui proposent des conseils pour se pr\u00e9parer aux risques d&rsquo;incendie. Les plus jeunes ont re\u00e7u un cahier de vacances sp\u00e9cialement con\u00e7u pour leur \u00e9ducation aux dangers des incendies de for\u00eat, qui allie apprentissage et divertissement.<\/p>\n\n\n\n<p>Danielle, l&rsquo;une des b\u00e9n\u00e9voles de l&rsquo;association, s\u2019est rendue sur les diff\u00e9rents emplacements de camping, o\u00f9 elle a distribu\u00e9 les documents aux campeurs tout en prenant le temps de leur expliquer l\u2019importance de la pr\u00e9vention.&nbsp;Les capacit\u00e9s linguistiques de Danielle a permis aussi d\u2019\u00e9changer avec les nombreux vacanciers \u00e9trangers (anglais, hollandais, allemands, italiens, \u2026) qui ne sont pas particuli\u00e8rement sensibilis\u00e9s \u00e0 ces probl\u00e9matiques.<\/p>\n\n\n\n<p>Au total, 61 vacanciers ont \u00e9t\u00e9 inform\u00e9es au cours de cette journ\u00e9e. Bravo \u00e0 tous ! \ud83d\udc4f<\/p>\n<\/div><\/div>\n\n\n\n<figure class=\"wp-block-gallery columns-3 is-cropped wp-block-gallery-1 is-layout-flex wp-block-gallery-is-layout-flex\"><ul class=\"blocks-gallery-grid\"><li class=\"blocks-gallery-item\"><figure><img loading=\"lazy\" decoding=\"async\" width=\"768\" height=\"1024\" src=\"https:\/\/www.preventraide.fr\/contenus\/app\/uploads\/2024\/08\/IMG_8329-768x1024.jpg\" alt=\"\" data-id=\"1533\" data-full-url=\"https:\/\/www.preventraide.fr\/contenus\/app\/uploads\/2024\/08\/IMG_8329-scaled.jpg\" data-link=\"https:\/\/www.preventraide.fr\/contenus\/?attachment_id=1533\" class=\"wp-image-1533\" srcset=\"https:\/\/www.preventraide.fr\/contenus\/app\/uploads\/2024\/08\/IMG_8329-768x1024.jpg 768w, https:\/\/www.preventraide.fr\/contenus\/app\/uploads\/2024\/08\/IMG_8329-225x300.jpg 225w, https:\/\/www.preventraide.fr\/contenus\/app\/uploads\/2024\/08\/IMG_8329-1152x1536.jpg 1152w, https:\/\/www.preventraide.fr\/contenus\/app\/uploads\/2024\/08\/IMG_8329-1536x2048.jpg 1536w, https:\/\/www.preventraide.fr\/contenus\/app\/uploads\/2024\/08\/IMG_8329-1600x2133.jpg 1600w, https:\/\/www.preventraide.fr\/contenus\/app\/uploads\/2024\/08\/IMG_8329-scaled.jpg 1920w\" sizes=\"auto, (max-width: 768px) 100vw, 768px\" \/><\/figure><\/li><li class=\"blocks-gallery-item\"><figure><img loading=\"lazy\" decoding=\"async\" width=\"1024\" height=\"768\" src=\"https:\/\/www.preventraide.fr\/contenus\/app\/uploads\/2024\/08\/IMG_8320-1024x768.jpg\" alt=\"\" data-id=\"1534\" data-full-url=\"https:\/\/www.preventraide.fr\/contenus\/app\/uploads\/2024\/08\/IMG_8320-scaled.jpg\" data-link=\"https:\/\/www.preventraide.fr\/contenus\/?attachment_id=1534\" class=\"wp-image-1534\" srcset=\"https:\/\/www.preventraide.fr\/contenus\/app\/uploads\/2024\/08\/IMG_8320-1024x768.jpg 1024w, https:\/\/www.preventraide.fr\/contenus\/app\/uploads\/2024\/08\/IMG_8320-300x225.jpg 300w, https:\/\/www.preventraide.fr\/contenus\/app\/uploads\/2024\/08\/IMG_8320-768x576.jpg 768w, https:\/\/www.preventraide.fr\/contenus\/app\/uploads\/2024\/08\/IMG_8320-1536x1152.jpg 1536w, https:\/\/www.preventraide.fr\/contenus\/app\/uploads\/2024\/08\/IMG_8320-2048x1536.jpg 2048w, https:\/\/www.preventraide.fr\/contenus\/app\/uploads\/2024\/08\/IMG_8320-1600x1200.jpg 1600w\" sizes=\"auto, (max-width: 1024px) 100vw, 1024px\" \/><\/figure><\/li><li class=\"blocks-gallery-item\"><figure><img loading=\"lazy\" decoding=\"async\" width=\"1024\" height=\"768\" src=\"https:\/\/www.preventraide.fr\/contenus\/app\/uploads\/2024\/08\/IMG_8324-1024x768.jpg\" alt=\"\" data-id=\"1535\" data-full-url=\"https:\/\/www.preventraide.fr\/contenus\/app\/uploads\/2024\/08\/IMG_8324-scaled.jpg\" data-link=\"https:\/\/www.preventraide.fr\/contenus\/?attachment_id=1535\" class=\"wp-image-1535\" srcset=\"https:\/\/www.preventraide.fr\/contenus\/app\/uploads\/2024\/08\/IMG_8324-1024x768.jpg 1024w, https:\/\/www.preventraide.fr\/contenus\/app\/uploads\/2024\/08\/IMG_8324-300x225.jpg 300w, https:\/\/www.preventraide.fr\/contenus\/app\/uploads\/2024\/08\/IMG_8324-768x576.jpg 768w, https:\/\/www.preventraide.fr\/contenus\/app\/uploads\/2024\/08\/IMG_8324-1536x1152.jpg 1536w, https:\/\/www.preventraide.fr\/contenus\/app\/uploads\/2024\/08\/IMG_8324-2048x1536.jpg 2048w, https:\/\/www.preventraide.fr\/contenus\/app\/uploads\/2024\/08\/IMG_8324-1600x1200.jpg 1600w\" sizes=\"auto, (max-width: 1024px) 100vw, 1024px\" \/><\/figure><\/li><li class=\"blocks-gallery-item\"><figure><img loading=\"lazy\" decoding=\"async\" width=\"1024\" height=\"768\" src=\"https:\/\/www.preventraide.fr\/contenus\/app\/uploads\/2024\/08\/IMG_8325-1024x768.jpg\" alt=\"\" data-id=\"1536\" data-full-url=\"https:\/\/www.preventraide.fr\/contenus\/app\/uploads\/2024\/08\/IMG_8325-scaled.jpg\" data-link=\"https:\/\/www.preventraide.fr\/contenus\/?attachment_id=1536\" class=\"wp-image-1536\" srcset=\"https:\/\/www.preventraide.fr\/contenus\/app\/uploads\/2024\/08\/IMG_8325-1024x768.jpg 1024w, https:\/\/www.preventraide.fr\/contenus\/app\/uploads\/2024\/08\/IMG_8325-300x225.jpg 300w, https:\/\/www.preventraide.fr\/contenus\/app\/uploads\/2024\/08\/IMG_8325-768x576.jpg 768w, https:\/\/www.preventraide.fr\/contenus\/app\/uploads\/2024\/08\/IMG_8325-1536x1152.jpg 1536w, https:\/\/www.preventraide.fr\/contenus\/app\/uploads\/2024\/08\/IMG_8325-2048x1536.jpg 2048w, https:\/\/www.preventraide.fr\/contenus\/app\/uploads\/2024\/08\/IMG_8325-1600x1200.jpg 1600w\" sizes=\"auto, (max-width: 1024px) 100vw, 1024px\" \/><\/figure><\/li><\/ul><\/figure>\n","protected":false},"excerpt":{"rendered":"<p>Le dimanche 4 ao\u00fbt 2024, l&rsquo;antenne Pr\u00e9vention MAIF de Marseille s\u2019est mobilis\u00e9e pour une action de sensibilisation aupr\u00e8s des vacanciers dans un camping \u00e0 CASSIS. L\u2019\u00e9quipe s\u2019est mobilis\u00e9e avec 5 b\u00e9n\u00e9voles avec pour objectif \u00ab Animer les vacanciers avec le jeu Pr\u00e8v\u2019Entraide \u00bb. Install\u00e9s sur l\u2019aire de jeux du camping, les b\u00e9n\u00e9voles ont pu toucher [&hellip;]<\/p>\n","protected":false},"author":6,"featured_media":1536,"comment_status":"closed","ping_status":"closed","sticky":false,"template":"","format":"standard","meta":{"_acf_changed":false,"inline_featured_image":false,"ghostkit_customizer_options":"","ghostkit_custom_css":"","ghostkit_custom_js_head":"","ghostkit_custom_js_foot":"","ghostkit_typography":"","footnotes":""},"categories":[2],"tags":[],"class_list":["post-1532","post","type-post","status-publish","format-standard","has-post-thumbnail","hentry","category-non-classifie"],"acf":[],"yoast_head":"<!-- This site is optimized with the Yoast SEO plugin v24.9 - https:\/\/yoast.com\/wordpress\/plugins\/seo\/ -->\n<title>Sensibilisation aux risques de feux de for\u00eat dans un camping \u00e0 Marseille - Preventraide - Conseils Pr\u00e9vention<\/title>\n<meta name=\"robots\" content=\"index, follow, max-snippet:-1, max-image-preview:large, max-video-preview:-1\" \/>\n<link rel=\"canonical\" href=\"https:\/\/www.preventraide.fr\/contenus\/actualites\/sensibilisation-aux-risques-de-feux-de-foret-dans-un-camping-a-marseille\/\" \/>\n<meta property=\"og:locale\" content=\"fr_FR\" \/>\n<meta property=\"og:type\" content=\"article\" \/>\n<meta property=\"og:title\" content=\"Sensibilisation aux risques de feux de for\u00eat dans un camping \u00e0 Marseille - Preventraide - Conseils Pr\u00e9vention\" \/>\n<meta property=\"og:description\" content=\"Le dimanche 4 ao\u00fbt 2024, l&rsquo;antenne Pr\u00e9vention MAIF de Marseille s\u2019est mobilis\u00e9e pour une action de sensibilisation aupr\u00e8s des vacanciers dans un camping \u00e0 CASSIS. L\u2019\u00e9quipe s\u2019est mobilis\u00e9e avec 5 b\u00e9n\u00e9voles avec pour objectif \u00ab Animer les vacanciers avec le jeu Pr\u00e8v\u2019Entraide \u00bb. Install\u00e9s sur l\u2019aire de jeux du camping, les b\u00e9n\u00e9voles ont pu toucher [&hellip;]\" \/>\n<meta property=\"og:url\" content=\"https:\/\/www.preventraide.fr\/contenus\/actualites\/sensibilisation-aux-risques-de-feux-de-foret-dans-un-camping-a-marseille\/\" \/>\n<meta property=\"og:site_name\" content=\"Preventraide - Conseils Pr\u00e9vention\" \/>\n<meta property=\"article:published_time\" content=\"2024-08-19T04:58:00+00:00\" \/>\n<meta property=\"og:image\" content=\"https:\/\/www.preventraide.fr\/contenus\/app\/uploads\/2024\/08\/IMG_8325-scaled.jpg\" \/>\n\t<meta property=\"og:image:width\" content=\"2560\" \/>\n\t<meta property=\"og:image:height\" content=\"1920\" \/>\n\t<meta property=\"og:image:type\" content=\"image\/jpeg\" \/>\n<meta name=\"author\" content=\"Camille Jagueneau\" \/>\n<meta name=\"twitter:card\" content=\"summary_large_image\" \/>\n<meta name=\"twitter:label1\" content=\"Written by\" \/>\n\t<meta name=\"twitter:data1\" content=\"Camille Jagueneau\" \/>\n\t<meta name=\"twitter:label2\" content=\"Est. reading time\" \/>\n\t<meta name=\"twitter:data2\" content=\"2 minutes\" \/>\n<script type=\"application\/ld+json\" class=\"yoast-schema-graph\">{\"@context\":\"https:\/\/schema.org\",\"@graph\":[{\"@type\":\"WebPage\",\"@id\":\"https:\/\/www.preventraide.fr\/contenus\/actualites\/sensibilisation-aux-risques-de-feux-de-foret-dans-un-camping-a-marseille\/\",\"url\":\"https:\/\/www.preventraide.fr\/contenus\/actualites\/sensibilisation-aux-risques-de-feux-de-foret-dans-un-camping-a-marseille\/\",\"name\":\"Sensibilisation aux risques de feux de for\u00eat dans un camping \u00e0 Marseille - Preventraide - Conseils Pr\u00e9vention\",\"isPartOf\":{\"@id\":\"https:\/\/www.preventraide.fr\/contenus\/#website\"},\"primaryImageOfPage\":{\"@id\":\"https:\/\/www.preventraide.fr\/contenus\/actualites\/sensibilisation-aux-risques-de-feux-de-foret-dans-un-camping-a-marseille\/#primaryimage\"},\"image\":{\"@id\":\"https:\/\/www.preventraide.fr\/contenus\/actualites\/sensibilisation-aux-risques-de-feux-de-foret-dans-un-camping-a-marseille\/#primaryimage\"},\"thumbnailUrl\":\"https:\/\/www.preventraide.fr\/contenus\/app\/uploads\/2024\/08\/IMG_8325-scaled.jpg\",\"datePublished\":\"2024-08-19T04:58:00+00:00\",\"author\":{\"@id\":\"https:\/\/www.preventraide.fr\/contenus\/#\/schema\/person\/610d5b148158ad8b26a57ee3481784b9\"},\"breadcrumb\":{\"@id\":\"https:\/\/www.preventraide.fr\/contenus\/actualites\/sensibilisation-aux-risques-de-feux-de-foret-dans-un-camping-a-marseille\/#breadcrumb\"},\"inLanguage\":\"fr-FR\",\"potentialAction\":[{\"@type\":\"ReadAction\",\"target\":[\"https:\/\/www.preventraide.fr\/contenus\/actualites\/sensibilisation-aux-risques-de-feux-de-foret-dans-un-camping-a-marseille\/\"]}]},{\"@type\":\"ImageObject\",\"inLanguage\":\"fr-FR\",\"@id\":\"https:\/\/www.preventraide.fr\/contenus\/actualites\/sensibilisation-aux-risques-de-feux-de-foret-dans-un-camping-a-marseille\/#primaryimage\",\"url\":\"https:\/\/www.preventraide.fr\/contenus\/app\/uploads\/2024\/08\/IMG_8325-scaled.jpg\",\"contentUrl\":\"https:\/\/www.preventraide.fr\/contenus\/app\/uploads\/2024\/08\/IMG_8325-scaled.jpg\",\"width\":2560,\"height\":1920},{\"@type\":\"BreadcrumbList\",\"@id\":\"https:\/\/www.preventraide.fr\/contenus\/actualites\/sensibilisation-aux-risques-de-feux-de-foret-dans-un-camping-a-marseille\/#breadcrumb\",\"itemListElement\":[{\"@type\":\"ListItem\",\"position\":1,\"name\":\"Accueil\",\"item\":\"https:\/\/www.preventraide.fr\"},{\"@type\":\"ListItem\",\"position\":2,\"name\":\"Sensibilisation aux risques de feux de for\u00eat dans un camping \u00e0 Marseille\"}]},{\"@type\":\"WebSite\",\"@id\":\"https:\/\/www.preventraide.fr\/contenus\/#website\",\"url\":\"https:\/\/www.preventraide.fr\/contenus\/\",\"name\":\"Preventraide\",\"description\":\"\",\"potentialAction\":[{\"@type\":\"SearchAction\",\"target\":{\"@type\":\"EntryPoint\",\"urlTemplate\":\"https:\/\/www.preventraide.fr\/contenus\/?s={search_term_string}\"},\"query-input\":{\"@type\":\"PropertyValueSpecification\",\"valueRequired\":true,\"valueName\":\"search_term_string\"}}],\"inLanguage\":\"fr-FR\"},{\"@type\":\"Person\",\"@id\":\"https:\/\/www.preventraide.fr\/contenus\/#\/schema\/person\/610d5b148158ad8b26a57ee3481784b9\",\"name\":\"Camille Jagueneau\",\"image\":{\"@type\":\"ImageObject\",\"inLanguage\":\"fr-FR\",\"@id\":\"https:\/\/www.preventraide.fr\/contenus\/#\/schema\/person\/image\/\",\"url\":\"https:\/\/secure.gravatar.com\/avatar\/3a79d305b8d74191fb30dfe16bb61532d97fe378fbea0c1b02acebf1deb00e68?s=96&d=mm&r=g\",\"contentUrl\":\"https:\/\/secure.gravatar.com\/avatar\/3a79d305b8d74191fb30dfe16bb61532d97fe378fbea0c1b02acebf1deb00e68?s=96&d=mm&r=g\",\"caption\":\"Camille Jagueneau\"}}]}<\/script>\n<!-- \/ Yoast SEO plugin. -->","yoast_head_json":{"title":"Sensibilisation aux risques de feux de for\u00eat dans un camping \u00e0 Marseille - Preventraide - Conseils Pr\u00e9vention","robots":{"index":"index","follow":"follow","max-snippet":"max-snippet:-1","max-image-preview":"max-image-preview:large","max-video-preview":"max-video-preview:-1"},"canonical":"https:\/\/www.preventraide.fr\/contenus\/actualites\/sensibilisation-aux-risques-de-feux-de-foret-dans-un-camping-a-marseille\/","og_locale":"fr_FR","og_type":"article","og_title":"Sensibilisation aux risques de feux de for\u00eat dans un camping \u00e0 Marseille - Preventraide - Conseils Pr\u00e9vention","og_description":"Le dimanche 4 ao\u00fbt 2024, l&rsquo;antenne Pr\u00e9vention MAIF de Marseille s\u2019est mobilis\u00e9e pour une action de sensibilisation aupr\u00e8s des vacanciers dans un camping \u00e0 CASSIS. L\u2019\u00e9quipe s\u2019est mobilis\u00e9e avec 5 b\u00e9n\u00e9voles avec pour objectif \u00ab Animer les vacanciers avec le jeu Pr\u00e8v\u2019Entraide \u00bb. Install\u00e9s sur l\u2019aire de jeux du camping, les b\u00e9n\u00e9voles ont pu toucher [&hellip;]","og_url":"https:\/\/www.preventraide.fr\/contenus\/actualites\/sensibilisation-aux-risques-de-feux-de-foret-dans-un-camping-a-marseille\/","og_site_name":"Preventraide - Conseils Pr\u00e9vention","article_published_time":"2024-08-19T04:58:00+00:00","og_image":[{"width":2560,"height":1920,"url":"https:\/\/www.preventraide.fr\/contenus\/app\/uploads\/2024\/08\/IMG_8325-scaled.jpg","type":"image\/jpeg"}],"author":"Camille Jagueneau","twitter_card":"summary_large_image","twitter_misc":{"Written by":"Camille Jagueneau","Est. reading time":"2 minutes"},"schema":{"@context":"https:\/\/schema.org","@graph":[{"@type":"WebPage","@id":"https:\/\/www.preventraide.fr\/contenus\/actualites\/sensibilisation-aux-risques-de-feux-de-foret-dans-un-camping-a-marseille\/","url":"https:\/\/www.preventraide.fr\/contenus\/actualites\/sensibilisation-aux-risques-de-feux-de-foret-dans-un-camping-a-marseille\/","name":"Sensibilisation aux risques de feux de for\u00eat dans un camping \u00e0 Marseille - Preventraide - Conseils Pr\u00e9vention","isPartOf":{"@id":"https:\/\/www.preventraide.fr\/contenus\/#website"},"primaryImageOfPage":{"@id":"https:\/\/www.preventraide.fr\/contenus\/actualites\/sensibilisation-aux-risques-de-feux-de-foret-dans-un-camping-a-marseille\/#primaryimage"},"image":{"@id":"https:\/\/www.preventraide.fr\/contenus\/actualites\/sensibilisation-aux-risques-de-feux-de-foret-dans-un-camping-a-marseille\/#primaryimage"},"thumbnailUrl":"https:\/\/www.preventraide.fr\/contenus\/app\/uploads\/2024\/08\/IMG_8325-scaled.jpg","datePublished":"2024-08-19T04:58:00+00:00","author":{"@id":"https:\/\/www.preventraide.fr\/contenus\/#\/schema\/person\/610d5b148158ad8b26a57ee3481784b9"},"breadcrumb":{"@id":"https:\/\/www.preventraide.fr\/contenus\/actualites\/sensibilisation-aux-risques-de-feux-de-foret-dans-un-camping-a-marseille\/#breadcrumb"},"inLanguage":"fr-FR","potentialAction":[{"@type":"ReadAction","target":["https:\/\/www.preventraide.fr\/contenus\/actualites\/sensibilisation-aux-risques-de-feux-de-foret-dans-un-camping-a-marseille\/"]}]},{"@type":"ImageObject","inLanguage":"fr-FR","@id":"https:\/\/www.preventraide.fr\/contenus\/actualites\/sensibilisation-aux-risques-de-feux-de-foret-dans-un-camping-a-marseille\/#primaryimage","url":"https:\/\/www.preventraide.fr\/contenus\/app\/uploads\/2024\/08\/IMG_8325-scaled.jpg","contentUrl":"https:\/\/www.preventraide.fr\/contenus\/app\/uploads\/2024\/08\/IMG_8325-scaled.jpg","width":2560,"height":1920},{"@type":"BreadcrumbList","@id":"https:\/\/www.preventraide.fr\/contenus\/actualites\/sensibilisation-aux-risques-de-feux-de-foret-dans-un-camping-a-marseille\/#breadcrumb","itemListElement":[{"@type":"ListItem","position":1,"name":"Accueil","item":"https:\/\/www.preventraide.fr"},{"@type":"ListItem","position":2,"name":"Sensibilisation aux risques de feux de for\u00eat dans un camping \u00e0 Marseille"}]},{"@type":"WebSite","@id":"https:\/\/www.preventraide.fr\/contenus\/#website","url":"https:\/\/www.preventraide.fr\/contenus\/","name":"Preventraide","description":"","potentialAction":[{"@type":"SearchAction","target":{"@type":"EntryPoint","urlTemplate":"https:\/\/www.preventraide.fr\/contenus\/?s={search_term_string}"},"query-input":{"@type":"PropertyValueSpecification","valueRequired":true,"valueName":"search_term_string"}}],"inLanguage":"fr-FR"},{"@type":"Person","@id":"https:\/\/www.preventraide.fr\/contenus\/#\/schema\/person\/610d5b148158ad8b26a57ee3481784b9","name":"Camille Jagueneau","image":{"@type":"ImageObject","inLanguage":"fr-FR","@id":"https:\/\/www.preventraide.fr\/contenus\/#\/schema\/person\/image\/","url":"https:\/\/secure.gravatar.com\/avatar\/3a79d305b8d74191fb30dfe16bb61532d97fe378fbea0c1b02acebf1deb00e68?s=96&d=mm&r=g","contentUrl":"https:\/\/secure.gravatar.com\/avatar\/3a79d305b8d74191fb30dfe16bb61532d97fe378fbea0c1b02acebf1deb00e68?s=96&d=mm&r=g","caption":"Camille Jagueneau"}}]}},"_links":{"self":[{"href":"https:\/\/www.preventraide.fr\/contenus\/wp-json\/wp\/v2\/posts\/1532","targetHints":{"allow":["GET"]}}],"collection":[{"href":"https:\/\/www.preventraide.fr\/contenus\/wp-json\/wp\/v2\/posts"}],"about":[{"href":"https:\/\/www.preventraide.fr\/contenus\/wp-json\/wp\/v2\/types\/post"}],"author":[{"embeddable":true,"href":"https:\/\/www.preventraide.fr\/contenus\/wp-json\/wp\/v2\/users\/6"}],"replies":[{"embeddable":true,"href":"https:\/\/www.preventraide.fr\/contenus\/wp-json\/wp\/v2\/comments?post=1532"}],"version-history":[{"count":0,"href":"https:\/\/www.preventraide.fr\/contenus\/wp-json\/wp\/v2\/posts\/1532\/revisions"}],"wp:featuredmedia":[{"embeddable":true,"href":"https:\/\/www.preventraide.fr\/contenus\/wp-json\/wp\/v2\/media\/1536"}],"wp:attachment":[{"href":"https:\/\/www.preventraide.fr\/contenus\/wp-json\/wp\/v2\/media?parent=1532"}],"wp:term":[{"taxonomy":"category","embeddable":true,"href":"https:\/\/www.preventraide.fr\/contenus\/wp-json\/wp\/v2\/categories?post=1532"},{"taxonomy":"post_tag","embeddable":true,"href":"https:\/\/www.preventraide.fr\/contenus\/wp-json\/wp\/v2\/tags?post=1532"}],"curies":[{"name":"wp","href":"https:\/\/api.w.org\/{rel}","templated":true}]}}