{"id":1545,"date":"2024-09-13T06:01:00","date_gmt":"2024-09-13T04:01:00","guid":{"rendered":"https:\/\/www.preventraide.fr\/contenus\/?p=1545"},"modified":"2024-09-13T06:01:00","modified_gmt":"2024-09-13T04:01:00","slug":"journee-daccueil-avec-le-lycee-des-iscles-a-manosque","status":"publish","type":"post","link":"https:\/\/www.preventraide.fr\/contenus\/actualites\/journee-daccueil-avec-le-lycee-des-iscles-a-manosque\/","title":{"rendered":"Journ\u00e9e d\u2019accueil avec le Lyc\u00e9e des Iscles \u00e0 Manosque"},"content":{"rendered":"\n<p>Le 3 septembre, 290 \u00e9l\u00e8ves de seconde ont particip\u00e9 \u00e0 une journ\u00e9e d\u2019int\u00e9gration \u00e0 la base de loisirs des Vannades. Organis\u00e9e autour d\u2019\u00e9preuves sportives et intellectuelles, cette journ\u00e9e avait pour objectifs principaux de renforcer l\u2019int\u00e9gration, l\u2019entraide et la solidarit\u00e9 entre les \u00e9l\u00e8ves.<\/p>\n\n\n\n<p>Cette ann\u00e9e, le lyc\u00e9e a mis l\u2019accent sur la sensibilisation aux risques majeurs en collaborant avec Pr\u00e9vention MAIF. Notre \u00e9quipe de Manosque a anim\u00e9 un atelier autour du PIMS et du kit d\u2019urgence, o\u00f9 les \u00e9l\u00e8ves ont d\u00fb identifier les objets cl\u00e9s \u00e0 emporter en cas d\u2019\u00e9vacuation, tout en expliquant leur utilit\u00e9. Chaque \u00e9l\u00e8ve est \u00e9galement reparti avec le flyer \u00ab Pr\u00eats, par\u00e9s \u00bb pour continuer cette sensibilisation.<\/p>\n\n\n\n<p>Un grand merci \u00e0 l\u2019ensemble des \u00e9l\u00e8ves, des professeurs et du personnel administratif du lyc\u00e9e pour leur engagement et leur int\u00e9r\u00eat tout au long de cette journ\u00e9e enrichissante. \ud83d\ude4f<\/p>\n\n\n\n<figure class=\"wp-block-gallery columns-2 is-cropped wp-block-gallery-1 is-layout-flex wp-block-gallery-is-layout-flex\"><ul class=\"blocks-gallery-grid\"><li class=\"blocks-gallery-item\"><figure><img decoding=\"async\" src=\"https:\/\/www.preventraide.fr\/contenus\/app\/uploads\/2024\/09\/photo-2-1024x768.jpg\" alt=\"\" data-id=\"1548\" data-full-url=\"https:\/\/www.preventraide.fr\/contenus\/app\/uploads\/2024\/09\/photo-2.jpg\" data-link=\"https:\/\/www.preventraide.fr\/contenus\/?attachment_id=1548\" class=\"wp-image-1548\"\/><\/figure><\/li><li class=\"blocks-gallery-item\"><figure><img decoding=\"async\" src=\"https:\/\/www.preventraide.fr\/contenus\/app\/uploads\/2024\/09\/photo-3-1024x768.jpg\" alt=\"\" data-id=\"1547\" data-full-url=\"https:\/\/www.preventraide.fr\/contenus\/app\/uploads\/2024\/09\/photo-3.jpg\" data-link=\"https:\/\/www.preventraide.fr\/contenus\/?attachment_id=1547\" class=\"wp-image-1547\"\/><\/figure><\/li><\/ul><\/figure>\n","protected":false},"excerpt":{"rendered":"<p>Le 3 septembre, 290 \u00e9l\u00e8ves de seconde ont particip\u00e9 \u00e0 une journ\u00e9e d\u2019int\u00e9gration \u00e0 la base de loisirs des Vannades. Organis\u00e9e autour d\u2019\u00e9preuves sportives et intellectuelles, cette journ\u00e9e avait pour objectifs principaux de renforcer l\u2019int\u00e9gration, l\u2019entraide et la solidarit\u00e9 entre les \u00e9l\u00e8ves. Cette ann\u00e9e, le lyc\u00e9e a mis l\u2019accent sur la sensibilisation aux risques majeurs [&hellip;]<\/p>\n","protected":false},"author":6,"featured_media":1546,"comment_status":"closed","ping_status":"closed","sticky":false,"template":"","format":"standard","meta":{"_acf_changed":false,"inline_featured_image":false,"ghostkit_customizer_options":"","ghostkit_custom_css":"","ghostkit_custom_js_head":"","ghostkit_custom_js_foot":"","ghostkit_typography":"","footnotes":""},"categories":[2],"tags":[],"class_list":["post-1545","post","type-post","status-publish","format-standard","has-post-thumbnail","hentry","category-non-classifie"],"acf":[],"yoast_head":"<!-- This site is optimized with the Yoast SEO plugin v24.9 - https:\/\/yoast.com\/wordpress\/plugins\/seo\/ -->\n<title>Journ\u00e9e d\u2019accueil avec le Lyc\u00e9e des Iscles \u00e0 Manosque - Preventraide - Conseils Pr\u00e9vention<\/title>\n<meta name=\"robots\" content=\"index, follow, max-snippet:-1, max-image-preview:large, max-video-preview:-1\" \/>\n<link rel=\"canonical\" href=\"https:\/\/www.preventraide.fr\/contenus\/actualites\/journee-daccueil-avec-le-lycee-des-iscles-a-manosque\/\" \/>\n<meta property=\"og:locale\" content=\"fr_FR\" \/>\n<meta property=\"og:type\" content=\"article\" \/>\n<meta property=\"og:title\" content=\"Journ\u00e9e d\u2019accueil avec le Lyc\u00e9e des Iscles \u00e0 Manosque - Preventraide - Conseils Pr\u00e9vention\" \/>\n<meta property=\"og:description\" content=\"Le 3 septembre, 290 \u00e9l\u00e8ves de seconde ont particip\u00e9 \u00e0 une journ\u00e9e d\u2019int\u00e9gration \u00e0 la base de loisirs des Vannades. Organis\u00e9e autour d\u2019\u00e9preuves sportives et intellectuelles, cette journ\u00e9e avait pour objectifs principaux de renforcer l\u2019int\u00e9gration, l\u2019entraide et la solidarit\u00e9 entre les \u00e9l\u00e8ves. Cette ann\u00e9e, le lyc\u00e9e a mis l\u2019accent sur la sensibilisation aux risques majeurs [&hellip;]\" \/>\n<meta property=\"og:url\" content=\"https:\/\/www.preventraide.fr\/contenus\/actualites\/journee-daccueil-avec-le-lycee-des-iscles-a-manosque\/\" \/>\n<meta property=\"og:site_name\" content=\"Preventraide - Conseils Pr\u00e9vention\" \/>\n<meta property=\"article:published_time\" content=\"2024-09-13T04:01:00+00:00\" \/>\n<meta property=\"og:image\" content=\"https:\/\/www.preventraide.fr\/contenus\/app\/uploads\/2024\/09\/photo-1-1.jpg\" \/>\n\t<meta property=\"og:image:width\" content=\"1839\" \/>\n\t<meta property=\"og:image:height\" content=\"1609\" \/>\n\t<meta property=\"og:image:type\" content=\"image\/jpeg\" \/>\n<meta name=\"author\" content=\"Camille Jagueneau\" \/>\n<meta name=\"twitter:card\" content=\"summary_large_image\" \/>\n<meta name=\"twitter:label1\" content=\"Written by\" \/>\n\t<meta name=\"twitter:data1\" content=\"Camille Jagueneau\" \/>\n\t<meta name=\"twitter:label2\" content=\"Est. reading time\" \/>\n\t<meta name=\"twitter:data2\" content=\"2 minutes\" \/>\n<script type=\"application\/ld+json\" class=\"yoast-schema-graph\">{\"@context\":\"https:\/\/schema.org\",\"@graph\":[{\"@type\":\"WebPage\",\"@id\":\"https:\/\/www.preventraide.fr\/contenus\/actualites\/journee-daccueil-avec-le-lycee-des-iscles-a-manosque\/\",\"url\":\"https:\/\/www.preventraide.fr\/contenus\/actualites\/journee-daccueil-avec-le-lycee-des-iscles-a-manosque\/\",\"name\":\"Journ\u00e9e d\u2019accueil avec le Lyc\u00e9e des Iscles \u00e0 Manosque - Preventraide - Conseils Pr\u00e9vention\",\"isPartOf\":{\"@id\":\"https:\/\/www.preventraide.fr\/contenus\/#website\"},\"primaryImageOfPage\":{\"@id\":\"https:\/\/www.preventraide.fr\/contenus\/actualites\/journee-daccueil-avec-le-lycee-des-iscles-a-manosque\/#primaryimage\"},\"image\":{\"@id\":\"https:\/\/www.preventraide.fr\/contenus\/actualites\/journee-daccueil-avec-le-lycee-des-iscles-a-manosque\/#primaryimage\"},\"thumbnailUrl\":\"https:\/\/www.preventraide.fr\/contenus\/app\/uploads\/2024\/09\/photo-1-1.jpg\",\"datePublished\":\"2024-09-13T04:01:00+00:00\",\"author\":{\"@id\":\"https:\/\/www.preventraide.fr\/contenus\/#\/schema\/person\/610d5b148158ad8b26a57ee3481784b9\"},\"breadcrumb\":{\"@id\":\"https:\/\/www.preventraide.fr\/contenus\/actualites\/journee-daccueil-avec-le-lycee-des-iscles-a-manosque\/#breadcrumb\"},\"inLanguage\":\"fr-FR\",\"potentialAction\":[{\"@type\":\"ReadAction\",\"target\":[\"https:\/\/www.preventraide.fr\/contenus\/actualites\/journee-daccueil-avec-le-lycee-des-iscles-a-manosque\/\"]}]},{\"@type\":\"ImageObject\",\"inLanguage\":\"fr-FR\",\"@id\":\"https:\/\/www.preventraide.fr\/contenus\/actualites\/journee-daccueil-avec-le-lycee-des-iscles-a-manosque\/#primaryimage\",\"url\":\"https:\/\/www.preventraide.fr\/contenus\/app\/uploads\/2024\/09\/photo-1-1.jpg\",\"contentUrl\":\"https:\/\/www.preventraide.fr\/contenus\/app\/uploads\/2024\/09\/photo-1-1.jpg\",\"width\":1839,\"height\":1609},{\"@type\":\"BreadcrumbList\",\"@id\":\"https:\/\/www.preventraide.fr\/contenus\/actualites\/journee-daccueil-avec-le-lycee-des-iscles-a-manosque\/#breadcrumb\",\"itemListElement\":[{\"@type\":\"ListItem\",\"position\":1,\"name\":\"Accueil\",\"item\":\"https:\/\/www.preventraide.fr\"},{\"@type\":\"ListItem\",\"position\":2,\"name\":\"Journ\u00e9e d\u2019accueil avec le Lyc\u00e9e des Iscles \u00e0 Manosque\"}]},{\"@type\":\"WebSite\",\"@id\":\"https:\/\/www.preventraide.fr\/contenus\/#website\",\"url\":\"https:\/\/www.preventraide.fr\/contenus\/\",\"name\":\"Preventraide\",\"description\":\"\",\"potentialAction\":[{\"@type\":\"SearchAction\",\"target\":{\"@type\":\"EntryPoint\",\"urlTemplate\":\"https:\/\/www.preventraide.fr\/contenus\/?s={search_term_string}\"},\"query-input\":{\"@type\":\"PropertyValueSpecification\",\"valueRequired\":true,\"valueName\":\"search_term_string\"}}],\"inLanguage\":\"fr-FR\"},{\"@type\":\"Person\",\"@id\":\"https:\/\/www.preventraide.fr\/contenus\/#\/schema\/person\/610d5b148158ad8b26a57ee3481784b9\",\"name\":\"Camille Jagueneau\",\"image\":{\"@type\":\"ImageObject\",\"inLanguage\":\"fr-FR\",\"@id\":\"https:\/\/www.preventraide.fr\/contenus\/#\/schema\/person\/image\/\",\"url\":\"https:\/\/secure.gravatar.com\/avatar\/3a79d305b8d74191fb30dfe16bb61532d97fe378fbea0c1b02acebf1deb00e68?s=96&d=mm&r=g\",\"contentUrl\":\"https:\/\/secure.gravatar.com\/avatar\/3a79d305b8d74191fb30dfe16bb61532d97fe378fbea0c1b02acebf1deb00e68?s=96&d=mm&r=g\",\"caption\":\"Camille Jagueneau\"}}]}<\/script>\n<!-- \/ Yoast SEO plugin. -->","yoast_head_json":{"title":"Journ\u00e9e d\u2019accueil avec le Lyc\u00e9e des Iscles \u00e0 Manosque - Preventraide - Conseils Pr\u00e9vention","robots":{"index":"index","follow":"follow","max-snippet":"max-snippet:-1","max-image-preview":"max-image-preview:large","max-video-preview":"max-video-preview:-1"},"canonical":"https:\/\/www.preventraide.fr\/contenus\/actualites\/journee-daccueil-avec-le-lycee-des-iscles-a-manosque\/","og_locale":"fr_FR","og_type":"article","og_title":"Journ\u00e9e d\u2019accueil avec le Lyc\u00e9e des Iscles \u00e0 Manosque - Preventraide - Conseils Pr\u00e9vention","og_description":"Le 3 septembre, 290 \u00e9l\u00e8ves de seconde ont particip\u00e9 \u00e0 une journ\u00e9e d\u2019int\u00e9gration \u00e0 la base de loisirs des Vannades. Organis\u00e9e autour d\u2019\u00e9preuves sportives et intellectuelles, cette journ\u00e9e avait pour objectifs principaux de renforcer l\u2019int\u00e9gration, l\u2019entraide et la solidarit\u00e9 entre les \u00e9l\u00e8ves. Cette ann\u00e9e, le lyc\u00e9e a mis l\u2019accent sur la sensibilisation aux risques majeurs [&hellip;]","og_url":"https:\/\/www.preventraide.fr\/contenus\/actualites\/journee-daccueil-avec-le-lycee-des-iscles-a-manosque\/","og_site_name":"Preventraide - Conseils Pr\u00e9vention","article_published_time":"2024-09-13T04:01:00+00:00","og_image":[{"width":1839,"height":1609,"url":"https:\/\/www.preventraide.fr\/contenus\/app\/uploads\/2024\/09\/photo-1-1.jpg","type":"image\/jpeg"}],"author":"Camille Jagueneau","twitter_card":"summary_large_image","twitter_misc":{"Written by":"Camille Jagueneau","Est. reading time":"2 minutes"},"schema":{"@context":"https:\/\/schema.org","@graph":[{"@type":"WebPage","@id":"https:\/\/www.preventraide.fr\/contenus\/actualites\/journee-daccueil-avec-le-lycee-des-iscles-a-manosque\/","url":"https:\/\/www.preventraide.fr\/contenus\/actualites\/journee-daccueil-avec-le-lycee-des-iscles-a-manosque\/","name":"Journ\u00e9e d\u2019accueil avec le Lyc\u00e9e des Iscles \u00e0 Manosque - Preventraide - Conseils Pr\u00e9vention","isPartOf":{"@id":"https:\/\/www.preventraide.fr\/contenus\/#website"},"primaryImageOfPage":{"@id":"https:\/\/www.preventraide.fr\/contenus\/actualites\/journee-daccueil-avec-le-lycee-des-iscles-a-manosque\/#primaryimage"},"image":{"@id":"https:\/\/www.preventraide.fr\/contenus\/actualites\/journee-daccueil-avec-le-lycee-des-iscles-a-manosque\/#primaryimage"},"thumbnailUrl":"https:\/\/www.preventraide.fr\/contenus\/app\/uploads\/2024\/09\/photo-1-1.jpg","datePublished":"2024-09-13T04:01:00+00:00","author":{"@id":"https:\/\/www.preventraide.fr\/contenus\/#\/schema\/person\/610d5b148158ad8b26a57ee3481784b9"},"breadcrumb":{"@id":"https:\/\/www.preventraide.fr\/contenus\/actualites\/journee-daccueil-avec-le-lycee-des-iscles-a-manosque\/#breadcrumb"},"inLanguage":"fr-FR","potentialAction":[{"@type":"ReadAction","target":["https:\/\/www.preventraide.fr\/contenus\/actualites\/journee-daccueil-avec-le-lycee-des-iscles-a-manosque\/"]}]},{"@type":"ImageObject","inLanguage":"fr-FR","@id":"https:\/\/www.preventraide.fr\/contenus\/actualites\/journee-daccueil-avec-le-lycee-des-iscles-a-manosque\/#primaryimage","url":"https:\/\/www.preventraide.fr\/contenus\/app\/uploads\/2024\/09\/photo-1-1.jpg","contentUrl":"https:\/\/www.preventraide.fr\/contenus\/app\/uploads\/2024\/09\/photo-1-1.jpg","width":1839,"height":1609},{"@type":"BreadcrumbList","@id":"https:\/\/www.preventraide.fr\/contenus\/actualites\/journee-daccueil-avec-le-lycee-des-iscles-a-manosque\/#breadcrumb","itemListElement":[{"@type":"ListItem","position":1,"name":"Accueil","item":"https:\/\/www.preventraide.fr"},{"@type":"ListItem","position":2,"name":"Journ\u00e9e d\u2019accueil avec le Lyc\u00e9e des Iscles \u00e0 Manosque"}]},{"@type":"WebSite","@id":"https:\/\/www.preventraide.fr\/contenus\/#website","url":"https:\/\/www.preventraide.fr\/contenus\/","name":"Preventraide","description":"","potentialAction":[{"@type":"SearchAction","target":{"@type":"EntryPoint","urlTemplate":"https:\/\/www.preventraide.fr\/contenus\/?s={search_term_string}"},"query-input":{"@type":"PropertyValueSpecification","valueRequired":true,"valueName":"search_term_string"}}],"inLanguage":"fr-FR"},{"@type":"Person","@id":"https:\/\/www.preventraide.fr\/contenus\/#\/schema\/person\/610d5b148158ad8b26a57ee3481784b9","name":"Camille Jagueneau","image":{"@type":"ImageObject","inLanguage":"fr-FR","@id":"https:\/\/www.preventraide.fr\/contenus\/#\/schema\/person\/image\/","url":"https:\/\/secure.gravatar.com\/avatar\/3a79d305b8d74191fb30dfe16bb61532d97fe378fbea0c1b02acebf1deb00e68?s=96&d=mm&r=g","contentUrl":"https:\/\/secure.gravatar.com\/avatar\/3a79d305b8d74191fb30dfe16bb61532d97fe378fbea0c1b02acebf1deb00e68?s=96&d=mm&r=g","caption":"Camille Jagueneau"}}]}},"_links":{"self":[{"href":"https:\/\/www.preventraide.fr\/contenus\/wp-json\/wp\/v2\/posts\/1545","targetHints":{"allow":["GET"]}}],"collection":[{"href":"https:\/\/www.preventraide.fr\/contenus\/wp-json\/wp\/v2\/posts"}],"about":[{"href":"https:\/\/www.preventraide.fr\/contenus\/wp-json\/wp\/v2\/types\/post"}],"author":[{"embeddable":true,"href":"https:\/\/www.preventraide.fr\/contenus\/wp-json\/wp\/v2\/users\/6"}],"replies":[{"embeddable":true,"href":"https:\/\/www.preventraide.fr\/contenus\/wp-json\/wp\/v2\/comments?post=1545"}],"version-history":[{"count":0,"href":"https:\/\/www.preventraide.fr\/contenus\/wp-json\/wp\/v2\/posts\/1545\/revisions"}],"wp:featuredmedia":[{"embeddable":true,"href":"https:\/\/www.preventraide.fr\/contenus\/wp-json\/wp\/v2\/media\/1546"}],"wp:attachment":[{"href":"https:\/\/www.preventraide.fr\/contenus\/wp-json\/wp\/v2\/media?parent=1545"}],"wp:term":[{"taxonomy":"category","embeddable":true,"href":"https:\/\/www.preventraide.fr\/contenus\/wp-json\/wp\/v2\/categories?post=1545"},{"taxonomy":"post_tag","embeddable":true,"href":"https:\/\/www.preventraide.fr\/contenus\/wp-json\/wp\/v2\/tags?post=1545"}],"curies":[{"name":"wp","href":"https:\/\/api.w.org\/{rel}","templated":true}]}}