{"id":1600,"date":"2024-10-21T10:41:33","date_gmt":"2024-10-21T08:41:33","guid":{"rendered":"https:\/\/www.preventraide.fr\/contenus\/?p=1600"},"modified":"2024-10-21T10:41:33","modified_gmt":"2024-10-21T08:41:33","slug":"participation-de-lantenne-prevention-maif-du-mans-a-la-journee-daction-face-aux-risques","status":"publish","type":"post","link":"https:\/\/www.preventraide.fr\/contenus\/actualites\/participation-de-lantenne-prevention-maif-du-mans-a-la-journee-daction-face-aux-risques\/","title":{"rendered":"Participation de l\u2019antenne Pr\u00e9vention MAIF du Mans \u00e0 la Journ\u00e9e d\u2019action face aux risques"},"content":{"rendered":"\n<div class=\"wp-block-columns is-layout-flex wp-container-core-columns-is-layout-28f84493 wp-block-columns-is-layout-flex\">\n<div class=\"wp-block-column is-layout-flow wp-block-column-is-layout-flow\">\n<figure class=\"wp-block-gallery columns-3 is-cropped wp-block-gallery-1 is-layout-flex wp-block-gallery-is-layout-flex\"><ul class=\"blocks-gallery-grid\"><li class=\"blocks-gallery-item\"><figure><img decoding=\"async\" src=\"https:\/\/www.preventraide.fr\/contenus\/app\/uploads\/2024\/10\/WhatsApp-Image-2024-10-14-a-20.52.46_1b6ef247-768x1024.jpg\" alt=\"\" data-id=\"1601\" data-full-url=\"https:\/\/www.preventraide.fr\/contenus\/app\/uploads\/2024\/10\/WhatsApp-Image-2024-10-14-a-20.52.46_1b6ef247.jpg\" data-link=\"https:\/\/www.preventraide.fr\/contenus\/?attachment_id=1601\" class=\"wp-image-1601\"\/><\/figure><\/li><li class=\"blocks-gallery-item\"><figure><img decoding=\"async\" src=\"https:\/\/www.preventraide.fr\/contenus\/app\/uploads\/2024\/10\/WhatsApp-Image-2024-10-14-a-20.52.46_5a6859e6-1024x768.jpg\" alt=\"\" data-id=\"1602\" data-full-url=\"https:\/\/www.preventraide.fr\/contenus\/app\/uploads\/2024\/10\/WhatsApp-Image-2024-10-14-a-20.52.46_5a6859e6.jpg\" data-link=\"https:\/\/www.preventraide.fr\/contenus\/?attachment_id=1602\" class=\"wp-image-1602\"\/><\/figure><\/li><li class=\"blocks-gallery-item\"><figure><img decoding=\"async\" src=\"https:\/\/www.preventraide.fr\/contenus\/app\/uploads\/2024\/10\/WhatsApp-Image-2024-10-14-a-20.52.46_b78126b2-1024x636.jpg\" alt=\"\" data-id=\"1603\" data-full-url=\"https:\/\/www.preventraide.fr\/contenus\/app\/uploads\/2024\/10\/WhatsApp-Image-2024-10-14-a-20.52.46_b78126b2.jpg\" data-link=\"https:\/\/www.preventraide.fr\/contenus\/?attachment_id=1603\" class=\"wp-image-1603\"\/><\/figure><\/li><li class=\"blocks-gallery-item\"><figure><img loading=\"lazy\" decoding=\"async\" width=\"768\" height=\"1024\" src=\"https:\/\/www.preventraide.fr\/contenus\/app\/uploads\/2024\/10\/WhatsApp-Image-2024-10-15-a-10.32.50_9ca0b810-768x1024.jpg\" alt=\"\" data-id=\"1604\" data-full-url=\"https:\/\/www.preventraide.fr\/contenus\/app\/uploads\/2024\/10\/WhatsApp-Image-2024-10-15-a-10.32.50_9ca0b810.jpg\" data-link=\"https:\/\/www.preventraide.fr\/contenus\/?attachment_id=1604\" class=\"wp-image-1604\" srcset=\"https:\/\/www.preventraide.fr\/contenus\/app\/uploads\/2024\/10\/WhatsApp-Image-2024-10-15-a-10.32.50_9ca0b810-768x1024.jpg 768w, https:\/\/www.preventraide.fr\/contenus\/app\/uploads\/2024\/10\/WhatsApp-Image-2024-10-15-a-10.32.50_9ca0b810-225x300.jpg 225w, https:\/\/www.preventraide.fr\/contenus\/app\/uploads\/2024\/10\/WhatsApp-Image-2024-10-15-a-10.32.50_9ca0b810-1152x1536.jpg 1152w, https:\/\/www.preventraide.fr\/contenus\/app\/uploads\/2024\/10\/WhatsApp-Image-2024-10-15-a-10.32.50_9ca0b810.jpg 1536w\" sizes=\"auto, (max-width: 768px) 100vw, 768px\" \/><\/figure><\/li><li class=\"blocks-gallery-item\"><figure><img loading=\"lazy\" decoding=\"async\" width=\"768\" height=\"1024\" src=\"https:\/\/www.preventraide.fr\/contenus\/app\/uploads\/2024\/10\/WhatsApp-Image-2024-10-15-a-10.32.50_00415cbd-768x1024.jpg\" alt=\"\" data-id=\"1605\" data-full-url=\"https:\/\/www.preventraide.fr\/contenus\/app\/uploads\/2024\/10\/WhatsApp-Image-2024-10-15-a-10.32.50_00415cbd.jpg\" data-link=\"https:\/\/www.preventraide.fr\/contenus\/?attachment_id=1605\" class=\"wp-image-1605\" srcset=\"https:\/\/www.preventraide.fr\/contenus\/app\/uploads\/2024\/10\/WhatsApp-Image-2024-10-15-a-10.32.50_00415cbd-768x1024.jpg 768w, https:\/\/www.preventraide.fr\/contenus\/app\/uploads\/2024\/10\/WhatsApp-Image-2024-10-15-a-10.32.50_00415cbd-225x300.jpg 225w, https:\/\/www.preventraide.fr\/contenus\/app\/uploads\/2024\/10\/WhatsApp-Image-2024-10-15-a-10.32.50_00415cbd-1152x1536.jpg 1152w, https:\/\/www.preventraide.fr\/contenus\/app\/uploads\/2024\/10\/WhatsApp-Image-2024-10-15-a-10.32.50_00415cbd.jpg 1536w\" sizes=\"auto, (max-width: 768px) 100vw, 768px\" \/><\/figure><\/li><li class=\"blocks-gallery-item\"><figure><img loading=\"lazy\" decoding=\"async\" width=\"768\" height=\"1024\" src=\"https:\/\/www.preventraide.fr\/contenus\/app\/uploads\/2024\/10\/WhatsApp-Image-2024-10-15-a-10.32.50_503c8de8-768x1024.jpg\" alt=\"\" data-id=\"1606\" data-full-url=\"https:\/\/www.preventraide.fr\/contenus\/app\/uploads\/2024\/10\/WhatsApp-Image-2024-10-15-a-10.32.50_503c8de8.jpg\" data-link=\"https:\/\/www.preventraide.fr\/contenus\/?attachment_id=1606\" class=\"wp-image-1606\" srcset=\"https:\/\/www.preventraide.fr\/contenus\/app\/uploads\/2024\/10\/WhatsApp-Image-2024-10-15-a-10.32.50_503c8de8-768x1024.jpg 768w, https:\/\/www.preventraide.fr\/contenus\/app\/uploads\/2024\/10\/WhatsApp-Image-2024-10-15-a-10.32.50_503c8de8-225x300.jpg 225w, https:\/\/www.preventraide.fr\/contenus\/app\/uploads\/2024\/10\/WhatsApp-Image-2024-10-15-a-10.32.50_503c8de8-1152x1536.jpg 1152w, https:\/\/www.preventraide.fr\/contenus\/app\/uploads\/2024\/10\/WhatsApp-Image-2024-10-15-a-10.32.50_503c8de8.jpg 1536w\" sizes=\"auto, (max-width: 768px) 100vw, 768px\" \/><\/figure><\/li><li class=\"blocks-gallery-item\"><figure><img loading=\"lazy\" decoding=\"async\" width=\"768\" height=\"1024\" src=\"https:\/\/www.preventraide.fr\/contenus\/app\/uploads\/2024\/10\/WhatsApp-Image-2024-10-15-a-10.32.51_9f7c33dc-768x1024.jpg\" alt=\"\" data-id=\"1607\" data-full-url=\"https:\/\/www.preventraide.fr\/contenus\/app\/uploads\/2024\/10\/WhatsApp-Image-2024-10-15-a-10.32.51_9f7c33dc.jpg\" data-link=\"https:\/\/www.preventraide.fr\/contenus\/?attachment_id=1607\" class=\"wp-image-1607\" srcset=\"https:\/\/www.preventraide.fr\/contenus\/app\/uploads\/2024\/10\/WhatsApp-Image-2024-10-15-a-10.32.51_9f7c33dc-768x1024.jpg 768w, https:\/\/www.preventraide.fr\/contenus\/app\/uploads\/2024\/10\/WhatsApp-Image-2024-10-15-a-10.32.51_9f7c33dc-225x300.jpg 225w, https:\/\/www.preventraide.fr\/contenus\/app\/uploads\/2024\/10\/WhatsApp-Image-2024-10-15-a-10.32.51_9f7c33dc-1152x1536.jpg 1152w, https:\/\/www.preventraide.fr\/contenus\/app\/uploads\/2024\/10\/WhatsApp-Image-2024-10-15-a-10.32.51_9f7c33dc.jpg 1536w\" sizes=\"auto, (max-width: 768px) 100vw, 768px\" \/><\/figure><\/li><\/ul><\/figure>\n<\/div>\n\n\n\n<div class=\"wp-block-column is-layout-flow wp-block-column-is-layout-flow\">\n<p>Le 13 octobre dernier, six b\u00e9n\u00e9voles de l\u2019antenne Pr\u00e9vention MAIF du Mans ont particip\u00e9 \u00e0 la Journ\u00e9e d\u2019action face aux risques, organis\u00e9e par le service d\u00e9partemental d\u2019incendie et de secours (SDIS), la m\u00e9tropole du Mans et la pr\u00e9fecture de la Sarthe. Trois ateliers \u00e9taient au programme de cette journ\u00e9e :<\/p>\n\n\n\n<ol class=\"wp-block-list\"><li><strong>Animation pour pr\u00e9parer les citoyens face aux risques (avant la crise)<\/strong><\/li><li><strong>Pr\u00e9sentation des acteurs (pendant la crise)<\/strong><\/li><li><strong>Initiation aux gestes de secours<\/strong><\/li><\/ol>\n\n\n\n<p>Nos b\u00e9n\u00e9voles ont anim\u00e9 un atelier pour pr\u00e9senter le PIMS (Plan Individuel de Mise en S\u00e9curit\u00e9), qui aide \u00e0 mieux se pr\u00e9parer face aux risques majeurs : incendie, orages, temp\u00eates, inondations, incidents industriels, etc. Pour faire face \u00e0 ces risques, il est conseill\u00e9 de pr\u00e9parer un kit d\u2019urgence contenant de quoi vivre pendant trois jours. Pour cela, ils ont utilis\u00e9 les cartes PIMS, repr\u00e9sentant des objets, de la nourriture, etc. Parmi ces \u00e9l\u00e9ments, certains doivent \u00eatre pr\u00e9sents dans le kit d\u2019urgence, d\u2019autres non. L\u2019id\u00e9e est de deviner uniquement ceux qui doivent \u00eatre inclus dans le kit.<\/p>\n\n\n\n<p>Une pr\u00e9sentation des sites \u00ab Pr\u00e9vEntraide\u00bb et \u00ab Aux Alentours \u00bb a \u00e9galement \u00e9t\u00e9 propos\u00e9e.<\/p>\n\n\n\n<p>Au total, au cours de cette matin\u00e9e, l\u2019antenne du Mans a \u00e9chang\u00e9 avec 200 \u00e0 250 personnes de tous \u00e2ges. Cette matin\u00e9e a \u00e9t\u00e9 une belle r\u00e9ussite, merci aux organisateurs.<\/p>\n<\/div>\n<\/div>\n","protected":false},"excerpt":{"rendered":"<p>Le 13 octobre dernier, six b\u00e9n\u00e9voles de l\u2019antenne Pr\u00e9vention MAIF du Mans ont particip\u00e9 \u00e0 la Journ\u00e9e d\u2019action face aux risques, organis\u00e9e par le service d\u00e9partemental d\u2019incendie et de secours (SDIS), la m\u00e9tropole du Mans et la pr\u00e9fecture de la Sarthe. Trois ateliers \u00e9taient au programme de cette journ\u00e9e : Animation pour pr\u00e9parer les citoyens [&hellip;]<\/p>\n","protected":false},"author":6,"featured_media":2106,"comment_status":"closed","ping_status":"closed","sticky":false,"template":"","format":"standard","meta":{"_acf_changed":false,"inline_featured_image":false,"ghostkit_customizer_options":"","ghostkit_custom_css":"","ghostkit_custom_js_head":"","ghostkit_custom_js_foot":"","ghostkit_typography":"","footnotes":""},"categories":[2],"tags":[],"class_list":["post-1600","post","type-post","status-publish","format-standard","has-post-thumbnail","hentry","category-non-classifie"],"acf":[],"yoast_head":"<!-- This site is optimized with the Yoast SEO plugin v24.9 - https:\/\/yoast.com\/wordpress\/plugins\/seo\/ -->\n<title>Participation de l\u2019antenne Pr\u00e9vention MAIF du Mans \u00e0 la Journ\u00e9e d\u2019action face aux risques - Preventraide - Conseils Pr\u00e9vention<\/title>\n<meta name=\"robots\" content=\"index, follow, max-snippet:-1, max-image-preview:large, max-video-preview:-1\" \/>\n<link rel=\"canonical\" href=\"https:\/\/www.preventraide.fr\/contenus\/actualites\/participation-de-lantenne-prevention-maif-du-mans-a-la-journee-daction-face-aux-risques\/\" \/>\n<meta property=\"og:locale\" content=\"fr_FR\" \/>\n<meta property=\"og:type\" content=\"article\" \/>\n<meta property=\"og:title\" content=\"Participation de l\u2019antenne Pr\u00e9vention MAIF du Mans \u00e0 la Journ\u00e9e d\u2019action face aux risques - Preventraide - Conseils Pr\u00e9vention\" \/>\n<meta property=\"og:description\" content=\"Le 13 octobre dernier, six b\u00e9n\u00e9voles de l\u2019antenne Pr\u00e9vention MAIF du Mans ont particip\u00e9 \u00e0 la Journ\u00e9e d\u2019action face aux risques, organis\u00e9e par le service d\u00e9partemental d\u2019incendie et de secours (SDIS), la m\u00e9tropole du Mans et la pr\u00e9fecture de la Sarthe. Trois ateliers \u00e9taient au programme de cette journ\u00e9e : Animation pour pr\u00e9parer les citoyens [&hellip;]\" \/>\n<meta property=\"og:url\" content=\"https:\/\/www.preventraide.fr\/contenus\/actualites\/participation-de-lantenne-prevention-maif-du-mans-a-la-journee-daction-face-aux-risques\/\" \/>\n<meta property=\"og:site_name\" content=\"Preventraide - Conseils Pr\u00e9vention\" \/>\n<meta property=\"article:published_time\" content=\"2024-10-21T08:41:33+00:00\" \/>\n<meta property=\"og:image\" content=\"https:\/\/www.preventraide.fr\/contenus\/app\/uploads\/2024\/10\/WhatsApp-Image-2024-10-14-a-20.52.46_5a6859e6.jpg\" \/>\n\t<meta property=\"og:image:width\" content=\"2000\" \/>\n\t<meta property=\"og:image:height\" content=\"1500\" \/>\n\t<meta property=\"og:image:type\" content=\"image\/jpeg\" \/>\n<meta name=\"author\" content=\"Camille Jagueneau\" \/>\n<meta name=\"twitter:card\" content=\"summary_large_image\" \/>\n<meta name=\"twitter:label1\" content=\"Written by\" \/>\n\t<meta name=\"twitter:data1\" content=\"Camille Jagueneau\" \/>\n\t<meta name=\"twitter:label2\" content=\"Est. reading time\" \/>\n\t<meta name=\"twitter:data2\" content=\"3 minutes\" \/>\n<script type=\"application\/ld+json\" class=\"yoast-schema-graph\">{\"@context\":\"https:\/\/schema.org\",\"@graph\":[{\"@type\":\"WebPage\",\"@id\":\"https:\/\/www.preventraide.fr\/contenus\/actualites\/participation-de-lantenne-prevention-maif-du-mans-a-la-journee-daction-face-aux-risques\/\",\"url\":\"https:\/\/www.preventraide.fr\/contenus\/actualites\/participation-de-lantenne-prevention-maif-du-mans-a-la-journee-daction-face-aux-risques\/\",\"name\":\"Participation de l\u2019antenne Pr\u00e9vention MAIF du Mans \u00e0 la Journ\u00e9e d\u2019action face aux risques - Preventraide - Conseils Pr\u00e9vention\",\"isPartOf\":{\"@id\":\"https:\/\/www.preventraide.fr\/contenus\/#website\"},\"primaryImageOfPage\":{\"@id\":\"https:\/\/www.preventraide.fr\/contenus\/actualites\/participation-de-lantenne-prevention-maif-du-mans-a-la-journee-daction-face-aux-risques\/#primaryimage\"},\"image\":{\"@id\":\"https:\/\/www.preventraide.fr\/contenus\/actualites\/participation-de-lantenne-prevention-maif-du-mans-a-la-journee-daction-face-aux-risques\/#primaryimage\"},\"thumbnailUrl\":\"https:\/\/www.preventraide.fr\/contenus\/app\/uploads\/2024\/10\/WhatsApp-Image-2024-10-14-a-20.52.46_5a6859e6.jpg\",\"datePublished\":\"2024-10-21T08:41:33+00:00\",\"author\":{\"@id\":\"https:\/\/www.preventraide.fr\/contenus\/#\/schema\/person\/610d5b148158ad8b26a57ee3481784b9\"},\"breadcrumb\":{\"@id\":\"https:\/\/www.preventraide.fr\/contenus\/actualites\/participation-de-lantenne-prevention-maif-du-mans-a-la-journee-daction-face-aux-risques\/#breadcrumb\"},\"inLanguage\":\"fr-FR\",\"potentialAction\":[{\"@type\":\"ReadAction\",\"target\":[\"https:\/\/www.preventraide.fr\/contenus\/actualites\/participation-de-lantenne-prevention-maif-du-mans-a-la-journee-daction-face-aux-risques\/\"]}]},{\"@type\":\"ImageObject\",\"inLanguage\":\"fr-FR\",\"@id\":\"https:\/\/www.preventraide.fr\/contenus\/actualites\/participation-de-lantenne-prevention-maif-du-mans-a-la-journee-daction-face-aux-risques\/#primaryimage\",\"url\":\"https:\/\/www.preventraide.fr\/contenus\/app\/uploads\/2024\/10\/WhatsApp-Image-2024-10-14-a-20.52.46_5a6859e6.jpg\",\"contentUrl\":\"https:\/\/www.preventraide.fr\/contenus\/app\/uploads\/2024\/10\/WhatsApp-Image-2024-10-14-a-20.52.46_5a6859e6.jpg\",\"width\":2000,\"height\":1500},{\"@type\":\"BreadcrumbList\",\"@id\":\"https:\/\/www.preventraide.fr\/contenus\/actualites\/participation-de-lantenne-prevention-maif-du-mans-a-la-journee-daction-face-aux-risques\/#breadcrumb\",\"itemListElement\":[{\"@type\":\"ListItem\",\"position\":1,\"name\":\"Accueil\",\"item\":\"https:\/\/www.preventraide.fr\"},{\"@type\":\"ListItem\",\"position\":2,\"name\":\"Participation de l\u2019antenne Pr\u00e9vention MAIF du Mans \u00e0 la Journ\u00e9e d\u2019action face aux risques\"}]},{\"@type\":\"WebSite\",\"@id\":\"https:\/\/www.preventraide.fr\/contenus\/#website\",\"url\":\"https:\/\/www.preventraide.fr\/contenus\/\",\"name\":\"Preventraide\",\"description\":\"\",\"potentialAction\":[{\"@type\":\"SearchAction\",\"target\":{\"@type\":\"EntryPoint\",\"urlTemplate\":\"https:\/\/www.preventraide.fr\/contenus\/?s={search_term_string}\"},\"query-input\":{\"@type\":\"PropertyValueSpecification\",\"valueRequired\":true,\"valueName\":\"search_term_string\"}}],\"inLanguage\":\"fr-FR\"},{\"@type\":\"Person\",\"@id\":\"https:\/\/www.preventraide.fr\/contenus\/#\/schema\/person\/610d5b148158ad8b26a57ee3481784b9\",\"name\":\"Camille Jagueneau\",\"image\":{\"@type\":\"ImageObject\",\"inLanguage\":\"fr-FR\",\"@id\":\"https:\/\/www.preventraide.fr\/contenus\/#\/schema\/person\/image\/\",\"url\":\"https:\/\/secure.gravatar.com\/avatar\/3a79d305b8d74191fb30dfe16bb61532d97fe378fbea0c1b02acebf1deb00e68?s=96&d=mm&r=g\",\"contentUrl\":\"https:\/\/secure.gravatar.com\/avatar\/3a79d305b8d74191fb30dfe16bb61532d97fe378fbea0c1b02acebf1deb00e68?s=96&d=mm&r=g\",\"caption\":\"Camille Jagueneau\"}}]}<\/script>\n<!-- \/ Yoast SEO plugin. -->","yoast_head_json":{"title":"Participation de l\u2019antenne Pr\u00e9vention MAIF du Mans \u00e0 la Journ\u00e9e d\u2019action face aux risques - Preventraide - Conseils Pr\u00e9vention","robots":{"index":"index","follow":"follow","max-snippet":"max-snippet:-1","max-image-preview":"max-image-preview:large","max-video-preview":"max-video-preview:-1"},"canonical":"https:\/\/www.preventraide.fr\/contenus\/actualites\/participation-de-lantenne-prevention-maif-du-mans-a-la-journee-daction-face-aux-risques\/","og_locale":"fr_FR","og_type":"article","og_title":"Participation de l\u2019antenne Pr\u00e9vention MAIF du Mans \u00e0 la Journ\u00e9e d\u2019action face aux risques - Preventraide - Conseils Pr\u00e9vention","og_description":"Le 13 octobre dernier, six b\u00e9n\u00e9voles de l\u2019antenne Pr\u00e9vention MAIF du Mans ont particip\u00e9 \u00e0 la Journ\u00e9e d\u2019action face aux risques, organis\u00e9e par le service d\u00e9partemental d\u2019incendie et de secours (SDIS), la m\u00e9tropole du Mans et la pr\u00e9fecture de la Sarthe. Trois ateliers \u00e9taient au programme de cette journ\u00e9e : Animation pour pr\u00e9parer les citoyens [&hellip;]","og_url":"https:\/\/www.preventraide.fr\/contenus\/actualites\/participation-de-lantenne-prevention-maif-du-mans-a-la-journee-daction-face-aux-risques\/","og_site_name":"Preventraide - Conseils Pr\u00e9vention","article_published_time":"2024-10-21T08:41:33+00:00","og_image":[{"width":2000,"height":1500,"url":"https:\/\/www.preventraide.fr\/contenus\/app\/uploads\/2024\/10\/WhatsApp-Image-2024-10-14-a-20.52.46_5a6859e6.jpg","type":"image\/jpeg"}],"author":"Camille Jagueneau","twitter_card":"summary_large_image","twitter_misc":{"Written by":"Camille Jagueneau","Est. reading time":"3 minutes"},"schema":{"@context":"https:\/\/schema.org","@graph":[{"@type":"WebPage","@id":"https:\/\/www.preventraide.fr\/contenus\/actualites\/participation-de-lantenne-prevention-maif-du-mans-a-la-journee-daction-face-aux-risques\/","url":"https:\/\/www.preventraide.fr\/contenus\/actualites\/participation-de-lantenne-prevention-maif-du-mans-a-la-journee-daction-face-aux-risques\/","name":"Participation de l\u2019antenne Pr\u00e9vention MAIF du Mans \u00e0 la Journ\u00e9e d\u2019action face aux risques - Preventraide - Conseils Pr\u00e9vention","isPartOf":{"@id":"https:\/\/www.preventraide.fr\/contenus\/#website"},"primaryImageOfPage":{"@id":"https:\/\/www.preventraide.fr\/contenus\/actualites\/participation-de-lantenne-prevention-maif-du-mans-a-la-journee-daction-face-aux-risques\/#primaryimage"},"image":{"@id":"https:\/\/www.preventraide.fr\/contenus\/actualites\/participation-de-lantenne-prevention-maif-du-mans-a-la-journee-daction-face-aux-risques\/#primaryimage"},"thumbnailUrl":"https:\/\/www.preventraide.fr\/contenus\/app\/uploads\/2024\/10\/WhatsApp-Image-2024-10-14-a-20.52.46_5a6859e6.jpg","datePublished":"2024-10-21T08:41:33+00:00","author":{"@id":"https:\/\/www.preventraide.fr\/contenus\/#\/schema\/person\/610d5b148158ad8b26a57ee3481784b9"},"breadcrumb":{"@id":"https:\/\/www.preventraide.fr\/contenus\/actualites\/participation-de-lantenne-prevention-maif-du-mans-a-la-journee-daction-face-aux-risques\/#breadcrumb"},"inLanguage":"fr-FR","potentialAction":[{"@type":"ReadAction","target":["https:\/\/www.preventraide.fr\/contenus\/actualites\/participation-de-lantenne-prevention-maif-du-mans-a-la-journee-daction-face-aux-risques\/"]}]},{"@type":"ImageObject","inLanguage":"fr-FR","@id":"https:\/\/www.preventraide.fr\/contenus\/actualites\/participation-de-lantenne-prevention-maif-du-mans-a-la-journee-daction-face-aux-risques\/#primaryimage","url":"https:\/\/www.preventraide.fr\/contenus\/app\/uploads\/2024\/10\/WhatsApp-Image-2024-10-14-a-20.52.46_5a6859e6.jpg","contentUrl":"https:\/\/www.preventraide.fr\/contenus\/app\/uploads\/2024\/10\/WhatsApp-Image-2024-10-14-a-20.52.46_5a6859e6.jpg","width":2000,"height":1500},{"@type":"BreadcrumbList","@id":"https:\/\/www.preventraide.fr\/contenus\/actualites\/participation-de-lantenne-prevention-maif-du-mans-a-la-journee-daction-face-aux-risques\/#breadcrumb","itemListElement":[{"@type":"ListItem","position":1,"name":"Accueil","item":"https:\/\/www.preventraide.fr"},{"@type":"ListItem","position":2,"name":"Participation de l\u2019antenne Pr\u00e9vention MAIF du Mans \u00e0 la Journ\u00e9e d\u2019action face aux risques"}]},{"@type":"WebSite","@id":"https:\/\/www.preventraide.fr\/contenus\/#website","url":"https:\/\/www.preventraide.fr\/contenus\/","name":"Preventraide","description":"","potentialAction":[{"@type":"SearchAction","target":{"@type":"EntryPoint","urlTemplate":"https:\/\/www.preventraide.fr\/contenus\/?s={search_term_string}"},"query-input":{"@type":"PropertyValueSpecification","valueRequired":true,"valueName":"search_term_string"}}],"inLanguage":"fr-FR"},{"@type":"Person","@id":"https:\/\/www.preventraide.fr\/contenus\/#\/schema\/person\/610d5b148158ad8b26a57ee3481784b9","name":"Camille Jagueneau","image":{"@type":"ImageObject","inLanguage":"fr-FR","@id":"https:\/\/www.preventraide.fr\/contenus\/#\/schema\/person\/image\/","url":"https:\/\/secure.gravatar.com\/avatar\/3a79d305b8d74191fb30dfe16bb61532d97fe378fbea0c1b02acebf1deb00e68?s=96&d=mm&r=g","contentUrl":"https:\/\/secure.gravatar.com\/avatar\/3a79d305b8d74191fb30dfe16bb61532d97fe378fbea0c1b02acebf1deb00e68?s=96&d=mm&r=g","caption":"Camille Jagueneau"}}]}},"_links":{"self":[{"href":"https:\/\/www.preventraide.fr\/contenus\/wp-json\/wp\/v2\/posts\/1600","targetHints":{"allow":["GET"]}}],"collection":[{"href":"https:\/\/www.preventraide.fr\/contenus\/wp-json\/wp\/v2\/posts"}],"about":[{"href":"https:\/\/www.preventraide.fr\/contenus\/wp-json\/wp\/v2\/types\/post"}],"author":[{"embeddable":true,"href":"https:\/\/www.preventraide.fr\/contenus\/wp-json\/wp\/v2\/users\/6"}],"replies":[{"embeddable":true,"href":"https:\/\/www.preventraide.fr\/contenus\/wp-json\/wp\/v2\/comments?post=1600"}],"version-history":[{"count":0,"href":"https:\/\/www.preventraide.fr\/contenus\/wp-json\/wp\/v2\/posts\/1600\/revisions"}],"wp:featuredmedia":[{"embeddable":true,"href":"https:\/\/www.preventraide.fr\/contenus\/wp-json\/wp\/v2\/media\/2106"}],"wp:attachment":[{"href":"https:\/\/www.preventraide.fr\/contenus\/wp-json\/wp\/v2\/media?parent=1600"}],"wp:term":[{"taxonomy":"category","embeddable":true,"href":"https:\/\/www.preventraide.fr\/contenus\/wp-json\/wp\/v2\/categories?post=1600"},{"taxonomy":"post_tag","embeddable":true,"href":"https:\/\/www.preventraide.fr\/contenus\/wp-json\/wp\/v2\/tags?post=1600"}],"curies":[{"name":"wp","href":"https:\/\/api.w.org\/{rel}","templated":true}]}}