{"id":1609,"date":"2024-10-23T06:38:00","date_gmt":"2024-10-23T04:38:00","guid":{"rendered":"https:\/\/www.preventraide.fr\/contenus\/?p=1609"},"modified":"2024-10-23T06:38:00","modified_gmt":"2024-10-23T04:38:00","slug":"lantenne-chambery-au-festival-xplore-alpes-sensibilisation-aux-risques-majeurs","status":"publish","type":"post","link":"https:\/\/www.preventraide.fr\/contenus\/actualites\/lantenne-chambery-au-festival-xplore-alpes-sensibilisation-aux-risques-majeurs\/","title":{"rendered":"L&rsquo;antenne Chamb\u00e9ry au Festival Xplore Alpes : Sensibilisation aux Risques Majeurs"},"content":{"rendered":"\n<div class=\"wp-block-columns is-layout-flex wp-container-core-columns-is-layout-28f84493 wp-block-columns-is-layout-flex\">\n<div class=\"wp-block-column is-layout-flow wp-block-column-is-layout-flow\">\n<figure class=\"wp-block-gallery columns-3 is-cropped wp-block-gallery-1 is-layout-flex wp-block-gallery-is-layout-flex\"><ul class=\"blocks-gallery-grid\"><li class=\"blocks-gallery-item\"><figure><img decoding=\"async\" src=\"https:\/\/www.preventraide.fr\/contenus\/app\/uploads\/2024\/10\/20241020_143715-768x1024.jpg\" alt=\"\" data-id=\"1610\" data-full-url=\"https:\/\/www.preventraide.fr\/contenus\/app\/uploads\/2024\/10\/20241020_143715-scaled.jpg\" data-link=\"https:\/\/www.preventraide.fr\/contenus\/?attachment_id=1610\" class=\"wp-image-1610\"\/><\/figure><\/li><li class=\"blocks-gallery-item\"><figure><img decoding=\"async\" src=\"https:\/\/www.preventraide.fr\/contenus\/app\/uploads\/2024\/10\/20241020_154241-768x1024.jpg\" alt=\"\" data-id=\"1611\" data-full-url=\"https:\/\/www.preventraide.fr\/contenus\/app\/uploads\/2024\/10\/20241020_154241-scaled.jpg\" data-link=\"https:\/\/www.preventraide.fr\/contenus\/?attachment_id=1611\" class=\"wp-image-1611\"\/><\/figure><\/li><li class=\"blocks-gallery-item\"><figure><img decoding=\"async\" src=\"https:\/\/www.preventraide.fr\/contenus\/app\/uploads\/2024\/10\/IMG-20241019-WA0001-461x1024.jpg\" alt=\"\" data-id=\"1612\" data-full-url=\"https:\/\/www.preventraide.fr\/contenus\/app\/uploads\/2024\/10\/IMG-20241019-WA0001.jpg\" data-link=\"https:\/\/www.preventraide.fr\/contenus\/?attachment_id=1612\" class=\"wp-image-1612\"\/><\/figure><\/li><\/ul><\/figure>\n<\/div>\n\n\n\n<div class=\"wp-block-column is-layout-flow wp-block-column-is-layout-flow\">\n<p>Le samedi 19 et dimanche 20 octobre, deux \u00e9quipes de deux b\u00e9n\u00e9voles de Chamb\u00e9ry se sont relay\u00e9es sur un stand au festival Xplore Alpes d\u2019Aime dans la vall\u00e9e de la Tarentaise.<\/p>\n\n\n\n<p>\ud83c\udfaf L\u2019objectif de leur pr\u00e9sence \u00e9tait, dans le cadre du mois de l\u2019action face aux risques majeurs, de sensibiliser le public autour du jeu Pr\u00e9vEntraide.<\/p>\n\n\n\n<p>Plus de 80 personnes (familles avec enfants) se sont arr\u00eat\u00e9es sur le stand pour jouer et partager avis et connaissances sur les bons comportements \u00e0 adopter face \u00e0 chaque risque. Tous les participants ont convenu de la n\u00e9cessit\u00e9 de mieux conna\u00eetre les risques pour s\u2019y pr\u00e9parer et s\u2019accoutumer \u00e0 y r\u00e9pondre de mani\u00e8re adapt\u00e9e.<\/p>\n\n\n\n<p>Bravo pour cette belle action ! \ud83d\udc4f<\/p>\n<\/div>\n<\/div>\n","protected":false},"excerpt":{"rendered":"<p>Le samedi 19 et dimanche 20 octobre, deux \u00e9quipes de deux b\u00e9n\u00e9voles de Chamb\u00e9ry se sont relay\u00e9es sur un stand au festival Xplore Alpes d\u2019Aime dans la vall\u00e9e de la Tarentaise. \ud83c\udfaf L\u2019objectif de leur pr\u00e9sence \u00e9tait, dans le cadre du mois de l\u2019action face aux risques majeurs, de sensibiliser le public autour du jeu [&hellip;]<\/p>\n","protected":false},"author":6,"featured_media":2108,"comment_status":"closed","ping_status":"closed","sticky":false,"template":"","format":"standard","meta":{"_acf_changed":false,"inline_featured_image":false,"ghostkit_customizer_options":"","ghostkit_custom_css":"","ghostkit_custom_js_head":"","ghostkit_custom_js_foot":"","ghostkit_typography":"","footnotes":""},"categories":[2],"tags":[],"class_list":["post-1609","post","type-post","status-publish","format-standard","has-post-thumbnail","hentry","category-non-classifie"],"acf":[],"yoast_head":"<!-- This site is optimized with the Yoast SEO plugin v24.9 - https:\/\/yoast.com\/wordpress\/plugins\/seo\/ -->\n<title>L&#039;antenne Chamb\u00e9ry au Festival Xplore Alpes : Sensibilisation aux Risques Majeurs - Preventraide - Conseils Pr\u00e9vention<\/title>\n<meta name=\"robots\" content=\"index, follow, max-snippet:-1, max-image-preview:large, max-video-preview:-1\" \/>\n<link rel=\"canonical\" href=\"https:\/\/www.preventraide.fr\/contenus\/actualites\/lantenne-chambery-au-festival-xplore-alpes-sensibilisation-aux-risques-majeurs\/\" \/>\n<meta property=\"og:locale\" content=\"fr_FR\" \/>\n<meta property=\"og:type\" content=\"article\" \/>\n<meta property=\"og:title\" content=\"L&#039;antenne Chamb\u00e9ry au Festival Xplore Alpes : Sensibilisation aux Risques Majeurs - Preventraide - Conseils Pr\u00e9vention\" \/>\n<meta property=\"og:description\" content=\"Le samedi 19 et dimanche 20 octobre, deux \u00e9quipes de deux b\u00e9n\u00e9voles de Chamb\u00e9ry se sont relay\u00e9es sur un stand au festival Xplore Alpes d\u2019Aime dans la vall\u00e9e de la Tarentaise. \ud83c\udfaf L\u2019objectif de leur pr\u00e9sence \u00e9tait, dans le cadre du mois de l\u2019action face aux risques majeurs, de sensibiliser le public autour du jeu [&hellip;]\" \/>\n<meta property=\"og:url\" content=\"https:\/\/www.preventraide.fr\/contenus\/actualites\/lantenne-chambery-au-festival-xplore-alpes-sensibilisation-aux-risques-majeurs\/\" \/>\n<meta property=\"og:site_name\" content=\"Preventraide - Conseils Pr\u00e9vention\" \/>\n<meta property=\"article:published_time\" content=\"2024-10-23T04:38:00+00:00\" \/>\n<meta property=\"og:image\" content=\"https:\/\/www.preventraide.fr\/contenus\/app\/uploads\/2024\/10\/20241020_143715-scaled-1.jpg\" \/>\n\t<meta property=\"og:image:width\" content=\"1920\" \/>\n\t<meta property=\"og:image:height\" content=\"2560\" \/>\n\t<meta property=\"og:image:type\" content=\"image\/jpeg\" \/>\n<meta name=\"author\" content=\"Camille Jagueneau\" \/>\n<meta name=\"twitter:card\" content=\"summary_large_image\" \/>\n<meta name=\"twitter:label1\" content=\"Written by\" \/>\n\t<meta name=\"twitter:data1\" content=\"Camille Jagueneau\" \/>\n\t<meta name=\"twitter:label2\" content=\"Est. reading time\" \/>\n\t<meta name=\"twitter:data2\" content=\"2 minutes\" \/>\n<script type=\"application\/ld+json\" class=\"yoast-schema-graph\">{\"@context\":\"https:\/\/schema.org\",\"@graph\":[{\"@type\":\"WebPage\",\"@id\":\"https:\/\/www.preventraide.fr\/contenus\/actualites\/lantenne-chambery-au-festival-xplore-alpes-sensibilisation-aux-risques-majeurs\/\",\"url\":\"https:\/\/www.preventraide.fr\/contenus\/actualites\/lantenne-chambery-au-festival-xplore-alpes-sensibilisation-aux-risques-majeurs\/\",\"name\":\"L'antenne Chamb\u00e9ry au Festival Xplore Alpes : Sensibilisation aux Risques Majeurs - Preventraide - Conseils Pr\u00e9vention\",\"isPartOf\":{\"@id\":\"https:\/\/www.preventraide.fr\/contenus\/#website\"},\"primaryImageOfPage\":{\"@id\":\"https:\/\/www.preventraide.fr\/contenus\/actualites\/lantenne-chambery-au-festival-xplore-alpes-sensibilisation-aux-risques-majeurs\/#primaryimage\"},\"image\":{\"@id\":\"https:\/\/www.preventraide.fr\/contenus\/actualites\/lantenne-chambery-au-festival-xplore-alpes-sensibilisation-aux-risques-majeurs\/#primaryimage\"},\"thumbnailUrl\":\"https:\/\/www.preventraide.fr\/contenus\/app\/uploads\/2024\/10\/20241020_143715-scaled-1.jpg\",\"datePublished\":\"2024-10-23T04:38:00+00:00\",\"author\":{\"@id\":\"https:\/\/www.preventraide.fr\/contenus\/#\/schema\/person\/610d5b148158ad8b26a57ee3481784b9\"},\"breadcrumb\":{\"@id\":\"https:\/\/www.preventraide.fr\/contenus\/actualites\/lantenne-chambery-au-festival-xplore-alpes-sensibilisation-aux-risques-majeurs\/#breadcrumb\"},\"inLanguage\":\"fr-FR\",\"potentialAction\":[{\"@type\":\"ReadAction\",\"target\":[\"https:\/\/www.preventraide.fr\/contenus\/actualites\/lantenne-chambery-au-festival-xplore-alpes-sensibilisation-aux-risques-majeurs\/\"]}]},{\"@type\":\"ImageObject\",\"inLanguage\":\"fr-FR\",\"@id\":\"https:\/\/www.preventraide.fr\/contenus\/actualites\/lantenne-chambery-au-festival-xplore-alpes-sensibilisation-aux-risques-majeurs\/#primaryimage\",\"url\":\"https:\/\/www.preventraide.fr\/contenus\/app\/uploads\/2024\/10\/20241020_143715-scaled-1.jpg\",\"contentUrl\":\"https:\/\/www.preventraide.fr\/contenus\/app\/uploads\/2024\/10\/20241020_143715-scaled-1.jpg\",\"width\":1920,\"height\":2560},{\"@type\":\"BreadcrumbList\",\"@id\":\"https:\/\/www.preventraide.fr\/contenus\/actualites\/lantenne-chambery-au-festival-xplore-alpes-sensibilisation-aux-risques-majeurs\/#breadcrumb\",\"itemListElement\":[{\"@type\":\"ListItem\",\"position\":1,\"name\":\"Accueil\",\"item\":\"https:\/\/www.preventraide.fr\"},{\"@type\":\"ListItem\",\"position\":2,\"name\":\"L&rsquo;antenne Chamb\u00e9ry au Festival Xplore Alpes : Sensibilisation aux Risques Majeurs\"}]},{\"@type\":\"WebSite\",\"@id\":\"https:\/\/www.preventraide.fr\/contenus\/#website\",\"url\":\"https:\/\/www.preventraide.fr\/contenus\/\",\"name\":\"Preventraide\",\"description\":\"\",\"potentialAction\":[{\"@type\":\"SearchAction\",\"target\":{\"@type\":\"EntryPoint\",\"urlTemplate\":\"https:\/\/www.preventraide.fr\/contenus\/?s={search_term_string}\"},\"query-input\":{\"@type\":\"PropertyValueSpecification\",\"valueRequired\":true,\"valueName\":\"search_term_string\"}}],\"inLanguage\":\"fr-FR\"},{\"@type\":\"Person\",\"@id\":\"https:\/\/www.preventraide.fr\/contenus\/#\/schema\/person\/610d5b148158ad8b26a57ee3481784b9\",\"name\":\"Camille Jagueneau\",\"image\":{\"@type\":\"ImageObject\",\"inLanguage\":\"fr-FR\",\"@id\":\"https:\/\/www.preventraide.fr\/contenus\/#\/schema\/person\/image\/\",\"url\":\"https:\/\/secure.gravatar.com\/avatar\/3a79d305b8d74191fb30dfe16bb61532d97fe378fbea0c1b02acebf1deb00e68?s=96&d=mm&r=g\",\"contentUrl\":\"https:\/\/secure.gravatar.com\/avatar\/3a79d305b8d74191fb30dfe16bb61532d97fe378fbea0c1b02acebf1deb00e68?s=96&d=mm&r=g\",\"caption\":\"Camille Jagueneau\"}}]}<\/script>\n<!-- \/ Yoast SEO plugin. -->","yoast_head_json":{"title":"L'antenne Chamb\u00e9ry au Festival Xplore Alpes : Sensibilisation aux Risques Majeurs - Preventraide - Conseils Pr\u00e9vention","robots":{"index":"index","follow":"follow","max-snippet":"max-snippet:-1","max-image-preview":"max-image-preview:large","max-video-preview":"max-video-preview:-1"},"canonical":"https:\/\/www.preventraide.fr\/contenus\/actualites\/lantenne-chambery-au-festival-xplore-alpes-sensibilisation-aux-risques-majeurs\/","og_locale":"fr_FR","og_type":"article","og_title":"L'antenne Chamb\u00e9ry au Festival Xplore Alpes : Sensibilisation aux Risques Majeurs - Preventraide - Conseils Pr\u00e9vention","og_description":"Le samedi 19 et dimanche 20 octobre, deux \u00e9quipes de deux b\u00e9n\u00e9voles de Chamb\u00e9ry se sont relay\u00e9es sur un stand au festival Xplore Alpes d\u2019Aime dans la vall\u00e9e de la Tarentaise. \ud83c\udfaf L\u2019objectif de leur pr\u00e9sence \u00e9tait, dans le cadre du mois de l\u2019action face aux risques majeurs, de sensibiliser le public autour du jeu [&hellip;]","og_url":"https:\/\/www.preventraide.fr\/contenus\/actualites\/lantenne-chambery-au-festival-xplore-alpes-sensibilisation-aux-risques-majeurs\/","og_site_name":"Preventraide - Conseils Pr\u00e9vention","article_published_time":"2024-10-23T04:38:00+00:00","og_image":[{"width":1920,"height":2560,"url":"https:\/\/www.preventraide.fr\/contenus\/app\/uploads\/2024\/10\/20241020_143715-scaled-1.jpg","type":"image\/jpeg"}],"author":"Camille Jagueneau","twitter_card":"summary_large_image","twitter_misc":{"Written by":"Camille Jagueneau","Est. reading time":"2 minutes"},"schema":{"@context":"https:\/\/schema.org","@graph":[{"@type":"WebPage","@id":"https:\/\/www.preventraide.fr\/contenus\/actualites\/lantenne-chambery-au-festival-xplore-alpes-sensibilisation-aux-risques-majeurs\/","url":"https:\/\/www.preventraide.fr\/contenus\/actualites\/lantenne-chambery-au-festival-xplore-alpes-sensibilisation-aux-risques-majeurs\/","name":"L'antenne Chamb\u00e9ry au Festival Xplore Alpes : Sensibilisation aux Risques Majeurs - Preventraide - Conseils Pr\u00e9vention","isPartOf":{"@id":"https:\/\/www.preventraide.fr\/contenus\/#website"},"primaryImageOfPage":{"@id":"https:\/\/www.preventraide.fr\/contenus\/actualites\/lantenne-chambery-au-festival-xplore-alpes-sensibilisation-aux-risques-majeurs\/#primaryimage"},"image":{"@id":"https:\/\/www.preventraide.fr\/contenus\/actualites\/lantenne-chambery-au-festival-xplore-alpes-sensibilisation-aux-risques-majeurs\/#primaryimage"},"thumbnailUrl":"https:\/\/www.preventraide.fr\/contenus\/app\/uploads\/2024\/10\/20241020_143715-scaled-1.jpg","datePublished":"2024-10-23T04:38:00+00:00","author":{"@id":"https:\/\/www.preventraide.fr\/contenus\/#\/schema\/person\/610d5b148158ad8b26a57ee3481784b9"},"breadcrumb":{"@id":"https:\/\/www.preventraide.fr\/contenus\/actualites\/lantenne-chambery-au-festival-xplore-alpes-sensibilisation-aux-risques-majeurs\/#breadcrumb"},"inLanguage":"fr-FR","potentialAction":[{"@type":"ReadAction","target":["https:\/\/www.preventraide.fr\/contenus\/actualites\/lantenne-chambery-au-festival-xplore-alpes-sensibilisation-aux-risques-majeurs\/"]}]},{"@type":"ImageObject","inLanguage":"fr-FR","@id":"https:\/\/www.preventraide.fr\/contenus\/actualites\/lantenne-chambery-au-festival-xplore-alpes-sensibilisation-aux-risques-majeurs\/#primaryimage","url":"https:\/\/www.preventraide.fr\/contenus\/app\/uploads\/2024\/10\/20241020_143715-scaled-1.jpg","contentUrl":"https:\/\/www.preventraide.fr\/contenus\/app\/uploads\/2024\/10\/20241020_143715-scaled-1.jpg","width":1920,"height":2560},{"@type":"BreadcrumbList","@id":"https:\/\/www.preventraide.fr\/contenus\/actualites\/lantenne-chambery-au-festival-xplore-alpes-sensibilisation-aux-risques-majeurs\/#breadcrumb","itemListElement":[{"@type":"ListItem","position":1,"name":"Accueil","item":"https:\/\/www.preventraide.fr"},{"@type":"ListItem","position":2,"name":"L&rsquo;antenne Chamb\u00e9ry au Festival Xplore Alpes : Sensibilisation aux Risques Majeurs"}]},{"@type":"WebSite","@id":"https:\/\/www.preventraide.fr\/contenus\/#website","url":"https:\/\/www.preventraide.fr\/contenus\/","name":"Preventraide","description":"","potentialAction":[{"@type":"SearchAction","target":{"@type":"EntryPoint","urlTemplate":"https:\/\/www.preventraide.fr\/contenus\/?s={search_term_string}"},"query-input":{"@type":"PropertyValueSpecification","valueRequired":true,"valueName":"search_term_string"}}],"inLanguage":"fr-FR"},{"@type":"Person","@id":"https:\/\/www.preventraide.fr\/contenus\/#\/schema\/person\/610d5b148158ad8b26a57ee3481784b9","name":"Camille Jagueneau","image":{"@type":"ImageObject","inLanguage":"fr-FR","@id":"https:\/\/www.preventraide.fr\/contenus\/#\/schema\/person\/image\/","url":"https:\/\/secure.gravatar.com\/avatar\/3a79d305b8d74191fb30dfe16bb61532d97fe378fbea0c1b02acebf1deb00e68?s=96&d=mm&r=g","contentUrl":"https:\/\/secure.gravatar.com\/avatar\/3a79d305b8d74191fb30dfe16bb61532d97fe378fbea0c1b02acebf1deb00e68?s=96&d=mm&r=g","caption":"Camille Jagueneau"}}]}},"_links":{"self":[{"href":"https:\/\/www.preventraide.fr\/contenus\/wp-json\/wp\/v2\/posts\/1609","targetHints":{"allow":["GET"]}}],"collection":[{"href":"https:\/\/www.preventraide.fr\/contenus\/wp-json\/wp\/v2\/posts"}],"about":[{"href":"https:\/\/www.preventraide.fr\/contenus\/wp-json\/wp\/v2\/types\/post"}],"author":[{"embeddable":true,"href":"https:\/\/www.preventraide.fr\/contenus\/wp-json\/wp\/v2\/users\/6"}],"replies":[{"embeddable":true,"href":"https:\/\/www.preventraide.fr\/contenus\/wp-json\/wp\/v2\/comments?post=1609"}],"version-history":[{"count":0,"href":"https:\/\/www.preventraide.fr\/contenus\/wp-json\/wp\/v2\/posts\/1609\/revisions"}],"wp:featuredmedia":[{"embeddable":true,"href":"https:\/\/www.preventraide.fr\/contenus\/wp-json\/wp\/v2\/media\/2108"}],"wp:attachment":[{"href":"https:\/\/www.preventraide.fr\/contenus\/wp-json\/wp\/v2\/media?parent=1609"}],"wp:term":[{"taxonomy":"category","embeddable":true,"href":"https:\/\/www.preventraide.fr\/contenus\/wp-json\/wp\/v2\/categories?post=1609"},{"taxonomy":"post_tag","embeddable":true,"href":"https:\/\/www.preventraide.fr\/contenus\/wp-json\/wp\/v2\/tags?post=1609"}],"curies":[{"name":"wp","href":"https:\/\/api.w.org\/{rel}","templated":true}]}}