{"id":1616,"date":"2024-10-22T06:17:00","date_gmt":"2024-10-22T04:17:00","guid":{"rendered":"https:\/\/www.preventraide.fr\/contenus\/?p=1616"},"modified":"2024-10-22T06:17:00","modified_gmt":"2024-10-22T04:17:00","slug":"des-actions-pour-sensibiliser-la-nouvelle-generation-aux-enjeux-climatiques-2","status":"publish","type":"post","link":"https:\/\/www.preventraide.fr\/contenus\/actualites\/des-actions-pour-sensibiliser-la-nouvelle-generation-aux-enjeux-climatiques-2\/","title":{"rendered":"Des actions pour sensibiliser la nouvelle g\u00e9n\u00e9ration aux enjeux climatiques"},"content":{"rendered":"\n<p>L\u2019antenne Pr\u00e9vention MAIF d\u2019Auch s\u2019est mobilis\u00e9e avec le soutien des militants MAIF pour sensibiliser au changement climatique et faire conna\u00eetre le PIMS (plan individuel de mise en suret\u00e9) les mercredi 16 et jeudi 17 octobre 2024.<br><br>Le mercredi, \u00e0 la salle des Cordeliers, soit en plein centre-ville d\u2019Auch, s\u2019est tenue une conf\u00e9rence de sensibilisation \u00e0 destination des jeunes des centres de loisirs anim\u00e9e par Pierre RENE, glaciologue pyr\u00e9n\u00e9iste, qui \u00e0 travers une visite de la haute montagne pyr\u00e9n\u00e9enne les a sensibilis\u00e9s \u00e0 la fragilit\u00e9 de l\u2019environnement montagnard : faune et flore.<\/p>\n\n\n\n<p>Le lendemain, c\u2019est une journ\u00e9e d\u2019ateliers participatifs \u00e0 destination d\u2019une centaine de scolaires, qui a \u00e9t\u00e9 le support de l\u2019action sous forme de parcours ludique (je m\u2019informe &#8211; je comprends et me sens concern\u00e9 &#8211; j\u2019agis) anim\u00e9s par les b\u00e9n\u00e9voles de Pr\u00e9vention Maif, avec le concours de plusieurs partenaires : Arbres et paysages 32, le CPIE, le SAGE, ENEDIS, la Croix rouge et le Foyer Louise de Marillac, ENEDIS, le SDIS. Du plaisir partag\u00e9, des enfants tr\u00e8s participatifs et des enseignants ravis gr\u00e2ce \u00e0 l\u2019implication de chacun.<\/p>\n\n\n\n<p>Ces journ\u00e9es s\u2019inscrivent dans la promotion d\u2019une d\u00e9marche progressive qui vise \u00e0 sensibiliser les \u00e9l\u00e8ves au d\u00e9r\u00e8glement climatique, \u00e0 une meilleure connaissance de leur territoire et ses risques, la possibilit\u00e9 d\u2019agir en amont, d\u2019agir lors de l\u2019\u00e9v\u00e9nement mais surtout d\u2019agir pour limiter l\u2019impact sur le climat afin de promouvoir chez eux un ancrage citoyen.<\/p>\n\n\n\n<p>En soir\u00e9e, \u00e0 l\u2019IUT Paul Sabatier d\u2019Auch, s\u2019est tenue une conf\u00e9rence \u00e0 destination des \u00e9tudiants et du grand public. Pierre RENE a pu retracer l\u2019\u00e9volution des glaciers pyr\u00e9n\u00e9ens. Tr\u00e8s instructif, les images parlent d\u2019elles-m\u00eames et de fait inqui\u00e9tant, leur disparition irr\u00e9versible va entrainer \u00ab\u00a0le bouleversement des \u00e9cosyst\u00e8mes biologiques mais aussi humains\u00a0\u00bb. Petite note optimiste n\u00e9anmoins, leur \u00e9tude est fondamentale et permettra d&rsquo;anticiper ce qui va se passer \u00ab\u00a0pour les glaciers des Alpes dans la seconde moiti\u00e9 du XXIe si\u00e8cle\u00a0\u00bb.<\/p>\n\n\n\n<p>D\u00e9bat et \u00e9changes nourris avec notamment les enseignants de l\u2019IUT d\u00e9j\u00e0 fortement mobilis\u00e9s sur le th\u00e8me et avec qui de nouveaux partenariats devraient voir le jour.<\/p>\n\n\n\n<p>Nous remercions les services de l\u2019Etat dont l\u2019Education nationale, la Mairie d\u2019Auch, l\u2019IUT Paul Sabatier et les nombreux partenaires qui ont permis de faire de cette \u00e9dition 2024, une avanc\u00e9e encourageante<\/p>\n\n\n\n<figure class=\"wp-block-gallery columns-3 is-cropped has-nested-images columns-default wp-block-gallery-1 is-layout-flex wp-block-gallery-is-layout-flex\"><ul class=\"blocks-gallery-grid\"><li class=\"blocks-gallery-item\"><figure><img decoding=\"async\" src=\"https:\/\/www.preventraide.fr\/contenus\/app\/uploads\/2024\/10\/DSC5807-Avec-accentuation-NR-1024x726.jpg\" alt=\"\" data-id=\"1617\" data-full-url=\"https:\/\/www.preventraide.fr\/contenus\/app\/uploads\/2024\/10\/DSC5807-Avec-accentuation-NR-scaled.jpg\" data-link=\"https:\/\/www.preventraide.fr\/contenus\/?attachment_id=1617\" class=\"wp-image-1617\"\/><\/figure><\/li><li class=\"blocks-gallery-item\"><figure><img decoding=\"async\" src=\"https:\/\/www.preventraide.fr\/contenus\/app\/uploads\/2024\/10\/DSC5928-Avec-accentuation-NR-1005x1024.jpg\" alt=\"\" data-id=\"1618\" data-full-url=\"https:\/\/www.preventraide.fr\/contenus\/app\/uploads\/2024\/10\/DSC5928-Avec-accentuation-NR-scaled.jpg\" data-link=\"https:\/\/www.preventraide.fr\/contenus\/?attachment_id=1618\" class=\"wp-image-1618\"\/><\/figure><\/li><li class=\"blocks-gallery-item\"><figure><img decoding=\"async\" src=\"https:\/\/www.preventraide.fr\/contenus\/app\/uploads\/2024\/10\/DSC5826-1-1024x681.jpg\" alt=\"\" data-id=\"1622\" data-full-url=\"https:\/\/www.preventraide.fr\/contenus\/app\/uploads\/2024\/10\/DSC5826-1-scaled.jpg\" data-link=\"https:\/\/www.preventraide.fr\/contenus\/?attachment_id=1622\" class=\"wp-image-1622\"\/><\/figure><\/li><\/ul><\/figure>\n","protected":false},"excerpt":{"rendered":"<p>L\u2019antenne Pr\u00e9vention MAIF d\u2019Auch s\u2019est mobilis\u00e9e avec le soutien des militants MAIF pour sensibiliser au changement climatique et faire conna\u00eetre le PIMS (plan individuel de mise en suret\u00e9) les mercredi 16 et jeudi 17 octobre 2024. Le mercredi, \u00e0 la salle des Cordeliers, soit en plein centre-ville d\u2019Auch, s\u2019est tenue une conf\u00e9rence de sensibilisation \u00e0 [&hellip;]<\/p>\n","protected":false},"author":6,"featured_media":1617,"comment_status":"closed","ping_status":"closed","sticky":false,"template":"","format":"standard","meta":{"_acf_changed":false,"inline_featured_image":false,"ghostkit_customizer_options":"","ghostkit_custom_css":"","ghostkit_custom_js_head":"","ghostkit_custom_js_foot":"","ghostkit_typography":"","footnotes":""},"categories":[2],"tags":[],"class_list":["post-1616","post","type-post","status-publish","format-standard","has-post-thumbnail","hentry","category-non-classifie"],"acf":[],"yoast_head":"<!-- This site is optimized with the Yoast SEO plugin v24.9 - https:\/\/yoast.com\/wordpress\/plugins\/seo\/ -->\n<title>Des actions pour sensibiliser la nouvelle g\u00e9n\u00e9ration aux enjeux climatiques - Preventraide - Conseils Pr\u00e9vention<\/title>\n<meta name=\"robots\" content=\"index, follow, max-snippet:-1, max-image-preview:large, max-video-preview:-1\" \/>\n<link rel=\"canonical\" href=\"https:\/\/www.preventraide.fr\/contenus\/actualites\/des-actions-pour-sensibiliser-la-nouvelle-generation-aux-enjeux-climatiques-2\/\" \/>\n<meta property=\"og:locale\" content=\"fr_FR\" \/>\n<meta property=\"og:type\" content=\"article\" \/>\n<meta property=\"og:title\" content=\"Des actions pour sensibiliser la nouvelle g\u00e9n\u00e9ration aux enjeux climatiques - Preventraide - Conseils Pr\u00e9vention\" \/>\n<meta property=\"og:description\" content=\"L\u2019antenne Pr\u00e9vention MAIF d\u2019Auch s\u2019est mobilis\u00e9e avec le soutien des militants MAIF pour sensibiliser au changement climatique et faire conna\u00eetre le PIMS (plan individuel de mise en suret\u00e9) les mercredi 16 et jeudi 17 octobre 2024. Le mercredi, \u00e0 la salle des Cordeliers, soit en plein centre-ville d\u2019Auch, s\u2019est tenue une conf\u00e9rence de sensibilisation \u00e0 [&hellip;]\" \/>\n<meta property=\"og:url\" content=\"https:\/\/www.preventraide.fr\/contenus\/actualites\/des-actions-pour-sensibiliser-la-nouvelle-generation-aux-enjeux-climatiques-2\/\" \/>\n<meta property=\"og:site_name\" content=\"Preventraide - Conseils Pr\u00e9vention\" \/>\n<meta property=\"article:published_time\" content=\"2024-10-22T04:17:00+00:00\" \/>\n<meta property=\"og:image\" content=\"https:\/\/www.preventraide.fr\/contenus\/app\/uploads\/2024\/10\/DSC5807-Avec-accentuation-NR-scaled-1.jpg\" \/>\n\t<meta property=\"og:image:width\" content=\"2560\" \/>\n\t<meta property=\"og:image:height\" content=\"1816\" \/>\n\t<meta property=\"og:image:type\" content=\"image\/jpeg\" \/>\n<meta name=\"author\" content=\"Camille Jagueneau\" \/>\n<meta name=\"twitter:card\" content=\"summary_large_image\" \/>\n<meta name=\"twitter:label1\" content=\"Written by\" \/>\n\t<meta name=\"twitter:data1\" content=\"Camille Jagueneau\" \/>\n\t<meta name=\"twitter:label2\" content=\"Est. reading time\" \/>\n\t<meta name=\"twitter:data2\" content=\"3 minutes\" \/>\n<script type=\"application\/ld+json\" class=\"yoast-schema-graph\">{\"@context\":\"https:\/\/schema.org\",\"@graph\":[{\"@type\":\"WebPage\",\"@id\":\"https:\/\/www.preventraide.fr\/contenus\/actualites\/des-actions-pour-sensibiliser-la-nouvelle-generation-aux-enjeux-climatiques-2\/\",\"url\":\"https:\/\/www.preventraide.fr\/contenus\/actualites\/des-actions-pour-sensibiliser-la-nouvelle-generation-aux-enjeux-climatiques-2\/\",\"name\":\"Des actions pour sensibiliser la nouvelle g\u00e9n\u00e9ration aux enjeux climatiques - Preventraide - Conseils Pr\u00e9vention\",\"isPartOf\":{\"@id\":\"https:\/\/www.preventraide.fr\/contenus\/#website\"},\"primaryImageOfPage\":{\"@id\":\"https:\/\/www.preventraide.fr\/contenus\/actualites\/des-actions-pour-sensibiliser-la-nouvelle-generation-aux-enjeux-climatiques-2\/#primaryimage\"},\"image\":{\"@id\":\"https:\/\/www.preventraide.fr\/contenus\/actualites\/des-actions-pour-sensibiliser-la-nouvelle-generation-aux-enjeux-climatiques-2\/#primaryimage\"},\"thumbnailUrl\":\"https:\/\/www.preventraide.fr\/contenus\/app\/uploads\/2024\/10\/DSC5807-Avec-accentuation-NR-scaled-1.jpg\",\"datePublished\":\"2024-10-22T04:17:00+00:00\",\"author\":{\"@id\":\"https:\/\/www.preventraide.fr\/contenus\/#\/schema\/person\/610d5b148158ad8b26a57ee3481784b9\"},\"breadcrumb\":{\"@id\":\"https:\/\/www.preventraide.fr\/contenus\/actualites\/des-actions-pour-sensibiliser-la-nouvelle-generation-aux-enjeux-climatiques-2\/#breadcrumb\"},\"inLanguage\":\"fr-FR\",\"potentialAction\":[{\"@type\":\"ReadAction\",\"target\":[\"https:\/\/www.preventraide.fr\/contenus\/actualites\/des-actions-pour-sensibiliser-la-nouvelle-generation-aux-enjeux-climatiques-2\/\"]}]},{\"@type\":\"ImageObject\",\"inLanguage\":\"fr-FR\",\"@id\":\"https:\/\/www.preventraide.fr\/contenus\/actualites\/des-actions-pour-sensibiliser-la-nouvelle-generation-aux-enjeux-climatiques-2\/#primaryimage\",\"url\":\"https:\/\/www.preventraide.fr\/contenus\/app\/uploads\/2024\/10\/DSC5807-Avec-accentuation-NR-scaled-1.jpg\",\"contentUrl\":\"https:\/\/www.preventraide.fr\/contenus\/app\/uploads\/2024\/10\/DSC5807-Avec-accentuation-NR-scaled-1.jpg\",\"width\":2560,\"height\":1816},{\"@type\":\"BreadcrumbList\",\"@id\":\"https:\/\/www.preventraide.fr\/contenus\/actualites\/des-actions-pour-sensibiliser-la-nouvelle-generation-aux-enjeux-climatiques-2\/#breadcrumb\",\"itemListElement\":[{\"@type\":\"ListItem\",\"position\":1,\"name\":\"Accueil\",\"item\":\"https:\/\/www.preventraide.fr\"},{\"@type\":\"ListItem\",\"position\":2,\"name\":\"Des actions pour sensibiliser la nouvelle g\u00e9n\u00e9ration aux enjeux climatiques\"}]},{\"@type\":\"WebSite\",\"@id\":\"https:\/\/www.preventraide.fr\/contenus\/#website\",\"url\":\"https:\/\/www.preventraide.fr\/contenus\/\",\"name\":\"Preventraide\",\"description\":\"\",\"potentialAction\":[{\"@type\":\"SearchAction\",\"target\":{\"@type\":\"EntryPoint\",\"urlTemplate\":\"https:\/\/www.preventraide.fr\/contenus\/?s={search_term_string}\"},\"query-input\":{\"@type\":\"PropertyValueSpecification\",\"valueRequired\":true,\"valueName\":\"search_term_string\"}}],\"inLanguage\":\"fr-FR\"},{\"@type\":\"Person\",\"@id\":\"https:\/\/www.preventraide.fr\/contenus\/#\/schema\/person\/610d5b148158ad8b26a57ee3481784b9\",\"name\":\"Camille Jagueneau\",\"image\":{\"@type\":\"ImageObject\",\"inLanguage\":\"fr-FR\",\"@id\":\"https:\/\/www.preventraide.fr\/contenus\/#\/schema\/person\/image\/\",\"url\":\"https:\/\/secure.gravatar.com\/avatar\/3a79d305b8d74191fb30dfe16bb61532d97fe378fbea0c1b02acebf1deb00e68?s=96&d=mm&r=g\",\"contentUrl\":\"https:\/\/secure.gravatar.com\/avatar\/3a79d305b8d74191fb30dfe16bb61532d97fe378fbea0c1b02acebf1deb00e68?s=96&d=mm&r=g\",\"caption\":\"Camille Jagueneau\"}}]}<\/script>\n<!-- \/ Yoast SEO plugin. -->","yoast_head_json":{"title":"Des actions pour sensibiliser la nouvelle g\u00e9n\u00e9ration aux enjeux climatiques - Preventraide - Conseils Pr\u00e9vention","robots":{"index":"index","follow":"follow","max-snippet":"max-snippet:-1","max-image-preview":"max-image-preview:large","max-video-preview":"max-video-preview:-1"},"canonical":"https:\/\/www.preventraide.fr\/contenus\/actualites\/des-actions-pour-sensibiliser-la-nouvelle-generation-aux-enjeux-climatiques-2\/","og_locale":"fr_FR","og_type":"article","og_title":"Des actions pour sensibiliser la nouvelle g\u00e9n\u00e9ration aux enjeux climatiques - Preventraide - Conseils Pr\u00e9vention","og_description":"L\u2019antenne Pr\u00e9vention MAIF d\u2019Auch s\u2019est mobilis\u00e9e avec le soutien des militants MAIF pour sensibiliser au changement climatique et faire conna\u00eetre le PIMS (plan individuel de mise en suret\u00e9) les mercredi 16 et jeudi 17 octobre 2024. Le mercredi, \u00e0 la salle des Cordeliers, soit en plein centre-ville d\u2019Auch, s\u2019est tenue une conf\u00e9rence de sensibilisation \u00e0 [&hellip;]","og_url":"https:\/\/www.preventraide.fr\/contenus\/actualites\/des-actions-pour-sensibiliser-la-nouvelle-generation-aux-enjeux-climatiques-2\/","og_site_name":"Preventraide - Conseils Pr\u00e9vention","article_published_time":"2024-10-22T04:17:00+00:00","og_image":[{"width":2560,"height":1816,"url":"https:\/\/www.preventraide.fr\/contenus\/app\/uploads\/2024\/10\/DSC5807-Avec-accentuation-NR-scaled-1.jpg","type":"image\/jpeg"}],"author":"Camille Jagueneau","twitter_card":"summary_large_image","twitter_misc":{"Written by":"Camille Jagueneau","Est. reading time":"3 minutes"},"schema":{"@context":"https:\/\/schema.org","@graph":[{"@type":"WebPage","@id":"https:\/\/www.preventraide.fr\/contenus\/actualites\/des-actions-pour-sensibiliser-la-nouvelle-generation-aux-enjeux-climatiques-2\/","url":"https:\/\/www.preventraide.fr\/contenus\/actualites\/des-actions-pour-sensibiliser-la-nouvelle-generation-aux-enjeux-climatiques-2\/","name":"Des actions pour sensibiliser la nouvelle g\u00e9n\u00e9ration aux enjeux climatiques - Preventraide - Conseils Pr\u00e9vention","isPartOf":{"@id":"https:\/\/www.preventraide.fr\/contenus\/#website"},"primaryImageOfPage":{"@id":"https:\/\/www.preventraide.fr\/contenus\/actualites\/des-actions-pour-sensibiliser-la-nouvelle-generation-aux-enjeux-climatiques-2\/#primaryimage"},"image":{"@id":"https:\/\/www.preventraide.fr\/contenus\/actualites\/des-actions-pour-sensibiliser-la-nouvelle-generation-aux-enjeux-climatiques-2\/#primaryimage"},"thumbnailUrl":"https:\/\/www.preventraide.fr\/contenus\/app\/uploads\/2024\/10\/DSC5807-Avec-accentuation-NR-scaled-1.jpg","datePublished":"2024-10-22T04:17:00+00:00","author":{"@id":"https:\/\/www.preventraide.fr\/contenus\/#\/schema\/person\/610d5b148158ad8b26a57ee3481784b9"},"breadcrumb":{"@id":"https:\/\/www.preventraide.fr\/contenus\/actualites\/des-actions-pour-sensibiliser-la-nouvelle-generation-aux-enjeux-climatiques-2\/#breadcrumb"},"inLanguage":"fr-FR","potentialAction":[{"@type":"ReadAction","target":["https:\/\/www.preventraide.fr\/contenus\/actualites\/des-actions-pour-sensibiliser-la-nouvelle-generation-aux-enjeux-climatiques-2\/"]}]},{"@type":"ImageObject","inLanguage":"fr-FR","@id":"https:\/\/www.preventraide.fr\/contenus\/actualites\/des-actions-pour-sensibiliser-la-nouvelle-generation-aux-enjeux-climatiques-2\/#primaryimage","url":"https:\/\/www.preventraide.fr\/contenus\/app\/uploads\/2024\/10\/DSC5807-Avec-accentuation-NR-scaled-1.jpg","contentUrl":"https:\/\/www.preventraide.fr\/contenus\/app\/uploads\/2024\/10\/DSC5807-Avec-accentuation-NR-scaled-1.jpg","width":2560,"height":1816},{"@type":"BreadcrumbList","@id":"https:\/\/www.preventraide.fr\/contenus\/actualites\/des-actions-pour-sensibiliser-la-nouvelle-generation-aux-enjeux-climatiques-2\/#breadcrumb","itemListElement":[{"@type":"ListItem","position":1,"name":"Accueil","item":"https:\/\/www.preventraide.fr"},{"@type":"ListItem","position":2,"name":"Des actions pour sensibiliser la nouvelle g\u00e9n\u00e9ration aux enjeux climatiques"}]},{"@type":"WebSite","@id":"https:\/\/www.preventraide.fr\/contenus\/#website","url":"https:\/\/www.preventraide.fr\/contenus\/","name":"Preventraide","description":"","potentialAction":[{"@type":"SearchAction","target":{"@type":"EntryPoint","urlTemplate":"https:\/\/www.preventraide.fr\/contenus\/?s={search_term_string}"},"query-input":{"@type":"PropertyValueSpecification","valueRequired":true,"valueName":"search_term_string"}}],"inLanguage":"fr-FR"},{"@type":"Person","@id":"https:\/\/www.preventraide.fr\/contenus\/#\/schema\/person\/610d5b148158ad8b26a57ee3481784b9","name":"Camille Jagueneau","image":{"@type":"ImageObject","inLanguage":"fr-FR","@id":"https:\/\/www.preventraide.fr\/contenus\/#\/schema\/person\/image\/","url":"https:\/\/secure.gravatar.com\/avatar\/3a79d305b8d74191fb30dfe16bb61532d97fe378fbea0c1b02acebf1deb00e68?s=96&d=mm&r=g","contentUrl":"https:\/\/secure.gravatar.com\/avatar\/3a79d305b8d74191fb30dfe16bb61532d97fe378fbea0c1b02acebf1deb00e68?s=96&d=mm&r=g","caption":"Camille Jagueneau"}}]}},"_links":{"self":[{"href":"https:\/\/www.preventraide.fr\/contenus\/wp-json\/wp\/v2\/posts\/1616","targetHints":{"allow":["GET"]}}],"collection":[{"href":"https:\/\/www.preventraide.fr\/contenus\/wp-json\/wp\/v2\/posts"}],"about":[{"href":"https:\/\/www.preventraide.fr\/contenus\/wp-json\/wp\/v2\/types\/post"}],"author":[{"embeddable":true,"href":"https:\/\/www.preventraide.fr\/contenus\/wp-json\/wp\/v2\/users\/6"}],"replies":[{"embeddable":true,"href":"https:\/\/www.preventraide.fr\/contenus\/wp-json\/wp\/v2\/comments?post=1616"}],"version-history":[{"count":0,"href":"https:\/\/www.preventraide.fr\/contenus\/wp-json\/wp\/v2\/posts\/1616\/revisions"}],"wp:featuredmedia":[{"embeddable":true,"href":"https:\/\/www.preventraide.fr\/contenus\/wp-json\/wp\/v2\/media\/1617"}],"wp:attachment":[{"href":"https:\/\/www.preventraide.fr\/contenus\/wp-json\/wp\/v2\/media?parent=1616"}],"wp:term":[{"taxonomy":"category","embeddable":true,"href":"https:\/\/www.preventraide.fr\/contenus\/wp-json\/wp\/v2\/categories?post=1616"},{"taxonomy":"post_tag","embeddable":true,"href":"https:\/\/www.preventraide.fr\/contenus\/wp-json\/wp\/v2\/tags?post=1616"}],"curies":[{"name":"wp","href":"https:\/\/api.w.org\/{rel}","templated":true}]}}