{"id":1686,"date":"2024-11-13T14:51:12","date_gmt":"2024-11-13T13:51:12","guid":{"rendered":"https:\/\/www.preventraide.fr\/contenus\/?p=1686"},"modified":"2024-11-13T14:51:12","modified_gmt":"2024-11-13T13:51:12","slug":"resilience-tour-dans-les-alpes-de-haute-provence","status":"publish","type":"post","link":"https:\/\/www.preventraide.fr\/contenus\/actualites\/resilience-tour-dans-les-alpes-de-haute-provence\/","title":{"rendered":"R\u00e9silience Tour dans les Alpes de Haute Provence"},"content":{"rendered":"\n<div class=\"wp-block-columns is-layout-flex wp-container-core-columns-is-layout-28f84493 wp-block-columns-is-layout-flex\">\n<div class=\"wp-block-column is-layout-flow wp-block-column-is-layout-flow\">\n<figure class=\"wp-block-gallery columns-3 is-cropped wp-block-gallery-1 is-layout-flex wp-block-gallery-is-layout-flex\"><ul class=\"blocks-gallery-grid\"><li class=\"blocks-gallery-item\"><figure><img decoding=\"async\" src=\"https:\/\/www.preventraide.fr\/contenus\/app\/uploads\/2024\/11\/Congres-1-1024x710.jpg\" alt=\"\" data-id=\"1687\" data-full-url=\"https:\/\/www.preventraide.fr\/contenus\/app\/uploads\/2024\/11\/Congres-1.jpg\" data-link=\"https:\/\/www.preventraide.fr\/contenus\/?attachment_id=1687\" class=\"wp-image-1687\"\/><\/figure><\/li><li class=\"blocks-gallery-item\"><figure><img decoding=\"async\" src=\"https:\/\/www.preventraide.fr\/contenus\/app\/uploads\/2024\/11\/Congres-2-1024x768.jpg\" alt=\"\" data-id=\"1688\" data-full-url=\"https:\/\/www.preventraide.fr\/contenus\/app\/uploads\/2024\/11\/Congres-2.jpg\" data-link=\"https:\/\/www.preventraide.fr\/contenus\/?attachment_id=1688\" class=\"wp-image-1688\"\/><\/figure><\/li><li class=\"blocks-gallery-item\"><figure><img decoding=\"async\" src=\"https:\/\/www.preventraide.fr\/contenus\/app\/uploads\/2024\/11\/Greoux-1-1024x768.jpg\" alt=\"\" data-id=\"1689\" data-full-url=\"https:\/\/www.preventraide.fr\/contenus\/app\/uploads\/2024\/11\/Greoux-1.jpg\" data-link=\"https:\/\/www.preventraide.fr\/contenus\/?attachment_id=1689\" class=\"wp-image-1689\"\/><\/figure><\/li><li class=\"blocks-gallery-item\"><figure><img decoding=\"async\" src=\"https:\/\/www.preventraide.fr\/contenus\/app\/uploads\/2024\/11\/Greoux-2-1024x819.jpg\" alt=\"\" data-id=\"1690\" data-full-url=\"https:\/\/www.preventraide.fr\/contenus\/app\/uploads\/2024\/11\/Greoux-2.jpg\" data-link=\"https:\/\/www.preventraide.fr\/contenus\/?attachment_id=1690\" class=\"wp-image-1690\"\/><\/figure><\/li><li class=\"blocks-gallery-item\"><figure><img decoding=\"async\" src=\"https:\/\/www.preventraide.fr\/contenus\/app\/uploads\/2024\/11\/Theatre-1-1024x786.jpg\" alt=\"\" data-id=\"1691\" data-full-url=\"https:\/\/www.preventraide.fr\/contenus\/app\/uploads\/2024\/11\/Theatre-1.jpg\" data-link=\"https:\/\/www.preventraide.fr\/contenus\/?attachment_id=1691\" class=\"wp-image-1691\"\/><\/figure><\/li><\/ul><\/figure>\n<\/div>\n\n\n\n<div class=\"wp-block-column is-layout-flow wp-block-column-is-layout-flow\">\n<p>Du 28 au 31 octobre 2024, le <a href=\"https:\/\/resiliencetour.fr\/\" target=\"_blank\" rel=\"noreferrer noopener\">R\u00e9silience Tour,<\/a> organis\u00e9 par <a href=\"https:\/\/afpcnt.org\/\" target=\"_blank\" rel=\"noreferrer noopener\">l\u2019AFPCNT <\/a>et <a href=\"https:\/\/www.irma-grenoble.com\/\" target=\"_blank\" rel=\"noreferrer noopener\">l\u2019IRMA<\/a>, a fait \u00e9tape dans les Alpes-de-Haute-Provence pour sensibiliser aux risques naturels et climatiques.<\/p>\n\n\n\n<p><strong>Au programme : <\/strong><\/p>\n\n\n\n<p>\ud83c\udf21\ufe0f Une&nbsp;conf\u00e9rence&nbsp;sur les \u201cRisques naturels en Ubaye et changement climatique\u201d.<br>\ud83c\udfad Une&nbsp;pi\u00e8ce de th\u00e9\u00e2tre&nbsp;\u201cAccords mineurs pour risques majeurs\u201d \u00e0 Barcelonnette et Manosque.<br>\ud83c\udfed Des&nbsp;exercices en entreprise&nbsp;pour g\u00e9rer les risques technologiques, men\u00e9s avec l\u2019association \u201c<a href=\"https:\/\/www.association-resiliances.org\/\" target=\"_blank\" rel=\"noreferrer noopener\">R\u00e9siliances<\/a>\u201d.<br>\ud83c\udfdb\ufe0f Une&nbsp;journ\u00e9e pour les \u00e9lus&nbsp;\u00e0 Digne-les-Bains pour mieux pr\u00e9parer les responsables aux risques.<br>\ud83d\udce2 Un&nbsp;forum public&nbsp;\u00e0 Gr\u00e9oux-les-Bains pour informer tous les habitants.<\/p>\n<\/div>\n<\/div>\n\n\n\n<p>\u00c0 la demande de la Direction D\u00e9partementale des Territoires, l\u2019antenne Pr\u00e9vention MAIF de Manosque est intervenue le 30 octobre au Palais des Congr\u00e8s en pr\u00e9sence du pr\u00e9fet et des maires. Ils y ont pr\u00e9sent\u00e9 leur dispositif Pr\u00e9vEntraide pour le Climat et ont \u00e9chang\u00e9 avec le public gr\u00e2ce \u00e0 leur stand.<\/p>\n\n\n\n<p>Le lendemain, le stand \u00e9tait install\u00e9 pr\u00e8s du march\u00e9 et de la foire aux santons, aux c\u00f4t\u00e9s du \u201cSismotruck\u201d, pour sensibiliser les passants de mani\u00e8re ludique.<\/p>\n\n\n\n<p>Ces journ\u00e9es ont permis de nombreux \u00e9changes avec le public et les partenaires locaux, renfor\u00e7ant le r\u00f4le de l\u2019antenne de Manosque comme acteur cl\u00e9 de la pr\u00e9vention des risques dans le d\u00e9partement.<\/p>\n","protected":false},"excerpt":{"rendered":"<p>Du 28 au 31 octobre 2024, le R\u00e9silience Tour, organis\u00e9 par l\u2019AFPCNT et l\u2019IRMA, a fait \u00e9tape dans les Alpes-de-Haute-Provence pour sensibiliser aux risques naturels et climatiques. Au programme : \ud83c\udf21\ufe0f Une&nbsp;conf\u00e9rence&nbsp;sur les \u201cRisques naturels en Ubaye et changement climatique\u201d.\ud83c\udfad Une&nbsp;pi\u00e8ce de th\u00e9\u00e2tre&nbsp;\u201cAccords mineurs pour risques majeurs\u201d \u00e0 Barcelonnette et Manosque.\ud83c\udfed Des&nbsp;exercices en entreprise&nbsp;pour g\u00e9rer [&hellip;]<\/p>\n","protected":false},"author":6,"featured_media":1689,"comment_status":"closed","ping_status":"closed","sticky":false,"template":"","format":"standard","meta":{"_acf_changed":false,"inline_featured_image":false,"ghostkit_customizer_options":"","ghostkit_custom_css":"","ghostkit_custom_js_head":"","ghostkit_custom_js_foot":"","ghostkit_typography":"","footnotes":""},"categories":[2],"tags":[],"class_list":["post-1686","post","type-post","status-publish","format-standard","has-post-thumbnail","hentry","category-non-classifie"],"acf":[],"yoast_head":"<!-- This site is optimized with the Yoast SEO plugin v24.9 - https:\/\/yoast.com\/wordpress\/plugins\/seo\/ -->\n<title>R\u00e9silience Tour dans les Alpes de Haute Provence - Preventraide - Conseils Pr\u00e9vention<\/title>\n<meta name=\"robots\" content=\"index, follow, max-snippet:-1, max-image-preview:large, max-video-preview:-1\" \/>\n<link rel=\"canonical\" href=\"https:\/\/www.preventraide.fr\/contenus\/actualites\/resilience-tour-dans-les-alpes-de-haute-provence\/\" \/>\n<meta property=\"og:locale\" content=\"fr_FR\" \/>\n<meta property=\"og:type\" content=\"article\" \/>\n<meta property=\"og:title\" content=\"R\u00e9silience Tour dans les Alpes de Haute Provence - Preventraide - Conseils Pr\u00e9vention\" \/>\n<meta property=\"og:description\" content=\"Du 28 au 31 octobre 2024, le R\u00e9silience Tour, organis\u00e9 par l\u2019AFPCNT et l\u2019IRMA, a fait \u00e9tape dans les Alpes-de-Haute-Provence pour sensibiliser aux risques naturels et climatiques. Au programme : \ud83c\udf21\ufe0f Une&nbsp;conf\u00e9rence&nbsp;sur les \u201cRisques naturels en Ubaye et changement climatique\u201d.\ud83c\udfad Une&nbsp;pi\u00e8ce de th\u00e9\u00e2tre&nbsp;\u201cAccords mineurs pour risques majeurs\u201d \u00e0 Barcelonnette et Manosque.\ud83c\udfed Des&nbsp;exercices en entreprise&nbsp;pour g\u00e9rer [&hellip;]\" \/>\n<meta property=\"og:url\" content=\"https:\/\/www.preventraide.fr\/contenus\/actualites\/resilience-tour-dans-les-alpes-de-haute-provence\/\" \/>\n<meta property=\"og:site_name\" content=\"Preventraide - Conseils Pr\u00e9vention\" \/>\n<meta property=\"article:published_time\" content=\"2024-11-13T13:51:12+00:00\" \/>\n<meta property=\"og:image\" content=\"https:\/\/www.preventraide.fr\/contenus\/app\/uploads\/2024\/11\/Greoux-1-2.jpg\" \/>\n\t<meta property=\"og:image:width\" content=\"2000\" \/>\n\t<meta property=\"og:image:height\" content=\"1500\" \/>\n\t<meta property=\"og:image:type\" content=\"image\/jpeg\" \/>\n<meta name=\"author\" content=\"Camille Jagueneau\" \/>\n<meta name=\"twitter:card\" content=\"summary_large_image\" \/>\n<meta name=\"twitter:label1\" content=\"Written by\" \/>\n\t<meta name=\"twitter:data1\" content=\"Camille Jagueneau\" \/>\n\t<meta name=\"twitter:label2\" content=\"Est. reading time\" \/>\n\t<meta name=\"twitter:data2\" content=\"2 minutes\" \/>\n<script type=\"application\/ld+json\" class=\"yoast-schema-graph\">{\"@context\":\"https:\/\/schema.org\",\"@graph\":[{\"@type\":\"WebPage\",\"@id\":\"https:\/\/www.preventraide.fr\/contenus\/actualites\/resilience-tour-dans-les-alpes-de-haute-provence\/\",\"url\":\"https:\/\/www.preventraide.fr\/contenus\/actualites\/resilience-tour-dans-les-alpes-de-haute-provence\/\",\"name\":\"R\u00e9silience Tour dans les Alpes de Haute Provence - Preventraide - Conseils Pr\u00e9vention\",\"isPartOf\":{\"@id\":\"https:\/\/www.preventraide.fr\/contenus\/#website\"},\"primaryImageOfPage\":{\"@id\":\"https:\/\/www.preventraide.fr\/contenus\/actualites\/resilience-tour-dans-les-alpes-de-haute-provence\/#primaryimage\"},\"image\":{\"@id\":\"https:\/\/www.preventraide.fr\/contenus\/actualites\/resilience-tour-dans-les-alpes-de-haute-provence\/#primaryimage\"},\"thumbnailUrl\":\"https:\/\/www.preventraide.fr\/contenus\/app\/uploads\/2024\/11\/Greoux-1-2.jpg\",\"datePublished\":\"2024-11-13T13:51:12+00:00\",\"author\":{\"@id\":\"https:\/\/www.preventraide.fr\/contenus\/#\/schema\/person\/610d5b148158ad8b26a57ee3481784b9\"},\"breadcrumb\":{\"@id\":\"https:\/\/www.preventraide.fr\/contenus\/actualites\/resilience-tour-dans-les-alpes-de-haute-provence\/#breadcrumb\"},\"inLanguage\":\"fr-FR\",\"potentialAction\":[{\"@type\":\"ReadAction\",\"target\":[\"https:\/\/www.preventraide.fr\/contenus\/actualites\/resilience-tour-dans-les-alpes-de-haute-provence\/\"]}]},{\"@type\":\"ImageObject\",\"inLanguage\":\"fr-FR\",\"@id\":\"https:\/\/www.preventraide.fr\/contenus\/actualites\/resilience-tour-dans-les-alpes-de-haute-provence\/#primaryimage\",\"url\":\"https:\/\/www.preventraide.fr\/contenus\/app\/uploads\/2024\/11\/Greoux-1-2.jpg\",\"contentUrl\":\"https:\/\/www.preventraide.fr\/contenus\/app\/uploads\/2024\/11\/Greoux-1-2.jpg\",\"width\":2000,\"height\":1500},{\"@type\":\"BreadcrumbList\",\"@id\":\"https:\/\/www.preventraide.fr\/contenus\/actualites\/resilience-tour-dans-les-alpes-de-haute-provence\/#breadcrumb\",\"itemListElement\":[{\"@type\":\"ListItem\",\"position\":1,\"name\":\"Accueil\",\"item\":\"https:\/\/www.preventraide.fr\"},{\"@type\":\"ListItem\",\"position\":2,\"name\":\"R\u00e9silience Tour dans les Alpes de Haute Provence\"}]},{\"@type\":\"WebSite\",\"@id\":\"https:\/\/www.preventraide.fr\/contenus\/#website\",\"url\":\"https:\/\/www.preventraide.fr\/contenus\/\",\"name\":\"Preventraide\",\"description\":\"\",\"potentialAction\":[{\"@type\":\"SearchAction\",\"target\":{\"@type\":\"EntryPoint\",\"urlTemplate\":\"https:\/\/www.preventraide.fr\/contenus\/?s={search_term_string}\"},\"query-input\":{\"@type\":\"PropertyValueSpecification\",\"valueRequired\":true,\"valueName\":\"search_term_string\"}}],\"inLanguage\":\"fr-FR\"},{\"@type\":\"Person\",\"@id\":\"https:\/\/www.preventraide.fr\/contenus\/#\/schema\/person\/610d5b148158ad8b26a57ee3481784b9\",\"name\":\"Camille Jagueneau\",\"image\":{\"@type\":\"ImageObject\",\"inLanguage\":\"fr-FR\",\"@id\":\"https:\/\/www.preventraide.fr\/contenus\/#\/schema\/person\/image\/\",\"url\":\"https:\/\/secure.gravatar.com\/avatar\/3a79d305b8d74191fb30dfe16bb61532d97fe378fbea0c1b02acebf1deb00e68?s=96&d=mm&r=g\",\"contentUrl\":\"https:\/\/secure.gravatar.com\/avatar\/3a79d305b8d74191fb30dfe16bb61532d97fe378fbea0c1b02acebf1deb00e68?s=96&d=mm&r=g\",\"caption\":\"Camille Jagueneau\"}}]}<\/script>\n<!-- \/ Yoast SEO plugin. -->","yoast_head_json":{"title":"R\u00e9silience Tour dans les Alpes de Haute Provence - Preventraide - Conseils Pr\u00e9vention","robots":{"index":"index","follow":"follow","max-snippet":"max-snippet:-1","max-image-preview":"max-image-preview:large","max-video-preview":"max-video-preview:-1"},"canonical":"https:\/\/www.preventraide.fr\/contenus\/actualites\/resilience-tour-dans-les-alpes-de-haute-provence\/","og_locale":"fr_FR","og_type":"article","og_title":"R\u00e9silience Tour dans les Alpes de Haute Provence - Preventraide - Conseils Pr\u00e9vention","og_description":"Du 28 au 31 octobre 2024, le R\u00e9silience Tour, organis\u00e9 par l\u2019AFPCNT et l\u2019IRMA, a fait \u00e9tape dans les Alpes-de-Haute-Provence pour sensibiliser aux risques naturels et climatiques. Au programme : \ud83c\udf21\ufe0f Une&nbsp;conf\u00e9rence&nbsp;sur les \u201cRisques naturels en Ubaye et changement climatique\u201d.\ud83c\udfad Une&nbsp;pi\u00e8ce de th\u00e9\u00e2tre&nbsp;\u201cAccords mineurs pour risques majeurs\u201d \u00e0 Barcelonnette et Manosque.\ud83c\udfed Des&nbsp;exercices en entreprise&nbsp;pour g\u00e9rer [&hellip;]","og_url":"https:\/\/www.preventraide.fr\/contenus\/actualites\/resilience-tour-dans-les-alpes-de-haute-provence\/","og_site_name":"Preventraide - Conseils Pr\u00e9vention","article_published_time":"2024-11-13T13:51:12+00:00","og_image":[{"width":2000,"height":1500,"url":"https:\/\/www.preventraide.fr\/contenus\/app\/uploads\/2024\/11\/Greoux-1-2.jpg","type":"image\/jpeg"}],"author":"Camille Jagueneau","twitter_card":"summary_large_image","twitter_misc":{"Written by":"Camille Jagueneau","Est. reading time":"2 minutes"},"schema":{"@context":"https:\/\/schema.org","@graph":[{"@type":"WebPage","@id":"https:\/\/www.preventraide.fr\/contenus\/actualites\/resilience-tour-dans-les-alpes-de-haute-provence\/","url":"https:\/\/www.preventraide.fr\/contenus\/actualites\/resilience-tour-dans-les-alpes-de-haute-provence\/","name":"R\u00e9silience Tour dans les Alpes de Haute Provence - Preventraide - Conseils Pr\u00e9vention","isPartOf":{"@id":"https:\/\/www.preventraide.fr\/contenus\/#website"},"primaryImageOfPage":{"@id":"https:\/\/www.preventraide.fr\/contenus\/actualites\/resilience-tour-dans-les-alpes-de-haute-provence\/#primaryimage"},"image":{"@id":"https:\/\/www.preventraide.fr\/contenus\/actualites\/resilience-tour-dans-les-alpes-de-haute-provence\/#primaryimage"},"thumbnailUrl":"https:\/\/www.preventraide.fr\/contenus\/app\/uploads\/2024\/11\/Greoux-1-2.jpg","datePublished":"2024-11-13T13:51:12+00:00","author":{"@id":"https:\/\/www.preventraide.fr\/contenus\/#\/schema\/person\/610d5b148158ad8b26a57ee3481784b9"},"breadcrumb":{"@id":"https:\/\/www.preventraide.fr\/contenus\/actualites\/resilience-tour-dans-les-alpes-de-haute-provence\/#breadcrumb"},"inLanguage":"fr-FR","potentialAction":[{"@type":"ReadAction","target":["https:\/\/www.preventraide.fr\/contenus\/actualites\/resilience-tour-dans-les-alpes-de-haute-provence\/"]}]},{"@type":"ImageObject","inLanguage":"fr-FR","@id":"https:\/\/www.preventraide.fr\/contenus\/actualites\/resilience-tour-dans-les-alpes-de-haute-provence\/#primaryimage","url":"https:\/\/www.preventraide.fr\/contenus\/app\/uploads\/2024\/11\/Greoux-1-2.jpg","contentUrl":"https:\/\/www.preventraide.fr\/contenus\/app\/uploads\/2024\/11\/Greoux-1-2.jpg","width":2000,"height":1500},{"@type":"BreadcrumbList","@id":"https:\/\/www.preventraide.fr\/contenus\/actualites\/resilience-tour-dans-les-alpes-de-haute-provence\/#breadcrumb","itemListElement":[{"@type":"ListItem","position":1,"name":"Accueil","item":"https:\/\/www.preventraide.fr"},{"@type":"ListItem","position":2,"name":"R\u00e9silience Tour dans les Alpes de Haute Provence"}]},{"@type":"WebSite","@id":"https:\/\/www.preventraide.fr\/contenus\/#website","url":"https:\/\/www.preventraide.fr\/contenus\/","name":"Preventraide","description":"","potentialAction":[{"@type":"SearchAction","target":{"@type":"EntryPoint","urlTemplate":"https:\/\/www.preventraide.fr\/contenus\/?s={search_term_string}"},"query-input":{"@type":"PropertyValueSpecification","valueRequired":true,"valueName":"search_term_string"}}],"inLanguage":"fr-FR"},{"@type":"Person","@id":"https:\/\/www.preventraide.fr\/contenus\/#\/schema\/person\/610d5b148158ad8b26a57ee3481784b9","name":"Camille Jagueneau","image":{"@type":"ImageObject","inLanguage":"fr-FR","@id":"https:\/\/www.preventraide.fr\/contenus\/#\/schema\/person\/image\/","url":"https:\/\/secure.gravatar.com\/avatar\/3a79d305b8d74191fb30dfe16bb61532d97fe378fbea0c1b02acebf1deb00e68?s=96&d=mm&r=g","contentUrl":"https:\/\/secure.gravatar.com\/avatar\/3a79d305b8d74191fb30dfe16bb61532d97fe378fbea0c1b02acebf1deb00e68?s=96&d=mm&r=g","caption":"Camille Jagueneau"}}]}},"_links":{"self":[{"href":"https:\/\/www.preventraide.fr\/contenus\/wp-json\/wp\/v2\/posts\/1686","targetHints":{"allow":["GET"]}}],"collection":[{"href":"https:\/\/www.preventraide.fr\/contenus\/wp-json\/wp\/v2\/posts"}],"about":[{"href":"https:\/\/www.preventraide.fr\/contenus\/wp-json\/wp\/v2\/types\/post"}],"author":[{"embeddable":true,"href":"https:\/\/www.preventraide.fr\/contenus\/wp-json\/wp\/v2\/users\/6"}],"replies":[{"embeddable":true,"href":"https:\/\/www.preventraide.fr\/contenus\/wp-json\/wp\/v2\/comments?post=1686"}],"version-history":[{"count":0,"href":"https:\/\/www.preventraide.fr\/contenus\/wp-json\/wp\/v2\/posts\/1686\/revisions"}],"wp:featuredmedia":[{"embeddable":true,"href":"https:\/\/www.preventraide.fr\/contenus\/wp-json\/wp\/v2\/media\/1689"}],"wp:attachment":[{"href":"https:\/\/www.preventraide.fr\/contenus\/wp-json\/wp\/v2\/media?parent=1686"}],"wp:term":[{"taxonomy":"category","embeddable":true,"href":"https:\/\/www.preventraide.fr\/contenus\/wp-json\/wp\/v2\/categories?post=1686"},{"taxonomy":"post_tag","embeddable":true,"href":"https:\/\/www.preventraide.fr\/contenus\/wp-json\/wp\/v2\/tags?post=1686"}],"curies":[{"name":"wp","href":"https:\/\/api.w.org\/{rel}","templated":true}]}}