{"id":1700,"date":"2024-11-20T07:30:00","date_gmt":"2024-11-20T06:30:00","guid":{"rendered":"https:\/\/www.preventraide.fr\/contenus\/?p=1700"},"modified":"2024-11-20T07:30:00","modified_gmt":"2024-11-20T06:30:00","slug":"lantenne-prevention-maif-de-belfort-se-mobilise-pour-acculturer-les-jeunes-aux-dereglements-climatiques","status":"publish","type":"post","link":"https:\/\/www.preventraide.fr\/contenus\/actualites\/lantenne-prevention-maif-de-belfort-se-mobilise-pour-acculturer-les-jeunes-aux-dereglements-climatiques\/","title":{"rendered":"L&rsquo;antenne Pr\u00e9vention MAIF de Belfort se mobilise pour acculturer les jeunes aux d\u00e9r\u00e8glements climatiques."},"content":{"rendered":"\n<p><strong>Concr\u00e8tement, comment \u00e7a se d\u00e9roule ?<\/strong><\/p>\n\n\n\n<p>Les participants manipulent la balance, les poids et les cartes, pour d\u00e9couvrir des solutions individuelles et collectives pour se projeter jusqu\u2019en 2050 dans un futur positif et d\u00e9sirable, durant 1 heure.<br>L&rsquo;objectif est de mieux saisir les efforts \u00e0 fournir individuellement et collectivement pour r\u00e9duire nos impacts environnementaux.<\/p>\n\n\n\n<p>\ud83d\udeb2V\u00e9locit\u00e9 effectuait une r\u00e9vision des v\u00e9los, que certains utilisent comme moyen de d\u00e9placement.<br>\ud83c\udf92La recyclerie Rebons de Ma\u00eeche a donn\u00e9 l&rsquo;opportunit\u00e9 de fabriquer un tote bag \u00e0 partir d&rsquo;un vieux tee-shirt.<br>\ud83d\udc26La Ligue pour la protection des oiseaux (LPO) a mis en place des nichoirs dans le lyc\u00e9e.<br>\ud83d\udc55Un container Frip&rsquo;Vie a \u00e9t\u00e9 mis \u00e0 l&rsquo;entr\u00e9e de l&rsquo;\u00e9tablissement scolaire, afin d&rsquo;y d\u00e9poser des v\u00eatements non utilis\u00e9s.<\/p>\n\n\n\n<p>Bravo \u00e0 l&rsquo;ensemble des parties prenantes de faire prendre conscience du d\u00e9r\u00e8glement climatique, aux jeunes.<\/p>\n\n\n\n<div class=\"wp-block-columns is-layout-flex wp-container-core-columns-is-layout-28f84493 wp-block-columns-is-layout-flex\">\n<div class=\"wp-block-column is-layout-flow wp-block-column-is-layout-flow\" style=\"flex-basis:100%\">\n<figure class=\"wp-block-gallery columns-3 is-cropped wp-block-gallery-1 is-layout-flex wp-block-gallery-is-layout-flex\"><ul class=\"blocks-gallery-grid\"><li class=\"blocks-gallery-item\"><figure><img decoding=\"async\" src=\"https:\/\/www.preventraide.fr\/contenus\/app\/uploads\/2024\/11\/IMG-20241118-WA0025-576x1024.jpg\" alt=\"\" data-id=\"1722\" data-full-url=\"https:\/\/www.preventraide.fr\/contenus\/app\/uploads\/2024\/11\/IMG-20241118-WA0025.jpg\" data-link=\"https:\/\/www.preventraide.fr\/contenus\/?attachment_id=1722\" class=\"wp-image-1722\"\/><\/figure><\/li><li class=\"blocks-gallery-item\"><figure><img decoding=\"async\" src=\"https:\/\/www.preventraide.fr\/contenus\/app\/uploads\/2024\/11\/IMG-20241118-WA0023-576x1024.jpg\" alt=\"\" data-id=\"1721\" data-full-url=\"https:\/\/www.preventraide.fr\/contenus\/app\/uploads\/2024\/11\/IMG-20241118-WA0023.jpg\" data-link=\"https:\/\/www.preventraide.fr\/contenus\/?attachment_id=1721\" class=\"wp-image-1721\"\/><\/figure><\/li><li class=\"blocks-gallery-item\"><figure><img decoding=\"async\" src=\"https:\/\/www.preventraide.fr\/contenus\/app\/uploads\/2024\/11\/IMG-20241118-WA0012-576x1024.jpg\" alt=\"\" data-id=\"1718\" data-full-url=\"https:\/\/www.preventraide.fr\/contenus\/app\/uploads\/2024\/11\/IMG-20241118-WA0012.jpg\" data-link=\"https:\/\/www.preventraide.fr\/contenus\/?attachment_id=1718\" class=\"wp-image-1718\"\/><\/figure><\/li><\/ul><\/figure>\n<\/div>\n<\/div>\n","protected":false},"excerpt":{"rendered":"<p>Concr\u00e8tement, comment \u00e7a se d\u00e9roule ? Les participants manipulent la balance, les poids et les cartes, pour d\u00e9couvrir des solutions individuelles et collectives pour se projeter jusqu\u2019en 2050 dans un futur positif et d\u00e9sirable, durant 1 heure.L&rsquo;objectif est de mieux saisir les efforts \u00e0 fournir individuellement et collectivement pour r\u00e9duire nos impacts environnementaux. \ud83d\udeb2V\u00e9locit\u00e9 effectuait [&hellip;]<\/p>\n","protected":false},"author":7,"featured_media":1723,"comment_status":"closed","ping_status":"closed","sticky":false,"template":"","format":"standard","meta":{"_acf_changed":false,"inline_featured_image":false,"ghostkit_customizer_options":"","ghostkit_custom_css":"","ghostkit_custom_js_head":"","ghostkit_custom_js_foot":"","ghostkit_typography":"","footnotes":""},"categories":[2],"tags":[],"class_list":["post-1700","post","type-post","status-publish","format-standard","has-post-thumbnail","hentry","category-non-classifie"],"acf":[],"yoast_head":"<!-- This site is optimized with the Yoast SEO plugin v24.9 - https:\/\/yoast.com\/wordpress\/plugins\/seo\/ -->\n<title>L&#039;antenne Pr\u00e9vention MAIF de Belfort se mobilise pour acculturer les jeunes aux d\u00e9r\u00e8glements climatiques. - Preventraide - Conseils Pr\u00e9vention<\/title>\n<meta name=\"robots\" content=\"index, follow, max-snippet:-1, max-image-preview:large, max-video-preview:-1\" \/>\n<link rel=\"canonical\" href=\"https:\/\/www.preventraide.fr\/contenus\/actualites\/lantenne-prevention-maif-de-belfort-se-mobilise-pour-acculturer-les-jeunes-aux-dereglements-climatiques\/\" \/>\n<meta property=\"og:locale\" content=\"fr_FR\" \/>\n<meta property=\"og:type\" content=\"article\" \/>\n<meta property=\"og:title\" content=\"L&#039;antenne Pr\u00e9vention MAIF de Belfort se mobilise pour acculturer les jeunes aux d\u00e9r\u00e8glements climatiques. - Preventraide - Conseils Pr\u00e9vention\" \/>\n<meta property=\"og:description\" content=\"Concr\u00e8tement, comment \u00e7a se d\u00e9roule ? Les participants manipulent la balance, les poids et les cartes, pour d\u00e9couvrir des solutions individuelles et collectives pour se projeter jusqu\u2019en 2050 dans un futur positif et d\u00e9sirable, durant 1 heure.L&rsquo;objectif est de mieux saisir les efforts \u00e0 fournir individuellement et collectivement pour r\u00e9duire nos impacts environnementaux. \ud83d\udeb2V\u00e9locit\u00e9 effectuait [&hellip;]\" \/>\n<meta property=\"og:url\" content=\"https:\/\/www.preventraide.fr\/contenus\/actualites\/lantenne-prevention-maif-de-belfort-se-mobilise-pour-acculturer-les-jeunes-aux-dereglements-climatiques\/\" \/>\n<meta property=\"og:site_name\" content=\"Preventraide - Conseils Pr\u00e9vention\" \/>\n<meta property=\"article:published_time\" content=\"2024-11-20T06:30:00+00:00\" \/>\n<meta property=\"og:image\" content=\"https:\/\/www.preventraide.fr\/contenus\/app\/uploads\/2024\/11\/IMG-20241118-WA0024-2.jpg\" \/>\n\t<meta property=\"og:image:width\" content=\"1600\" \/>\n\t<meta property=\"og:image:height\" content=\"900\" \/>\n\t<meta property=\"og:image:type\" content=\"image\/jpeg\" \/>\n<meta name=\"author\" content=\"Romane THIBAUD\" \/>\n<meta name=\"twitter:card\" content=\"summary_large_image\" \/>\n<meta name=\"twitter:label1\" content=\"Written by\" \/>\n\t<meta name=\"twitter:data1\" content=\"Romane THIBAUD\" \/>\n\t<meta name=\"twitter:label2\" content=\"Est. reading time\" \/>\n\t<meta name=\"twitter:data2\" content=\"2 minutes\" \/>\n<script type=\"application\/ld+json\" class=\"yoast-schema-graph\">{\"@context\":\"https:\/\/schema.org\",\"@graph\":[{\"@type\":\"WebPage\",\"@id\":\"https:\/\/www.preventraide.fr\/contenus\/actualites\/lantenne-prevention-maif-de-belfort-se-mobilise-pour-acculturer-les-jeunes-aux-dereglements-climatiques\/\",\"url\":\"https:\/\/www.preventraide.fr\/contenus\/actualites\/lantenne-prevention-maif-de-belfort-se-mobilise-pour-acculturer-les-jeunes-aux-dereglements-climatiques\/\",\"name\":\"L'antenne Pr\u00e9vention MAIF de Belfort se mobilise pour acculturer les jeunes aux d\u00e9r\u00e8glements climatiques. - Preventraide - Conseils Pr\u00e9vention\",\"isPartOf\":{\"@id\":\"https:\/\/www.preventraide.fr\/contenus\/#website\"},\"primaryImageOfPage\":{\"@id\":\"https:\/\/www.preventraide.fr\/contenus\/actualites\/lantenne-prevention-maif-de-belfort-se-mobilise-pour-acculturer-les-jeunes-aux-dereglements-climatiques\/#primaryimage\"},\"image\":{\"@id\":\"https:\/\/www.preventraide.fr\/contenus\/actualites\/lantenne-prevention-maif-de-belfort-se-mobilise-pour-acculturer-les-jeunes-aux-dereglements-climatiques\/#primaryimage\"},\"thumbnailUrl\":\"https:\/\/www.preventraide.fr\/contenus\/app\/uploads\/2024\/11\/IMG-20241118-WA0024-2.jpg\",\"datePublished\":\"2024-11-20T06:30:00+00:00\",\"author\":{\"@id\":\"https:\/\/www.preventraide.fr\/contenus\/#\/schema\/person\/858cea8e6801e68794c6b7980b7f061c\"},\"breadcrumb\":{\"@id\":\"https:\/\/www.preventraide.fr\/contenus\/actualites\/lantenne-prevention-maif-de-belfort-se-mobilise-pour-acculturer-les-jeunes-aux-dereglements-climatiques\/#breadcrumb\"},\"inLanguage\":\"fr-FR\",\"potentialAction\":[{\"@type\":\"ReadAction\",\"target\":[\"https:\/\/www.preventraide.fr\/contenus\/actualites\/lantenne-prevention-maif-de-belfort-se-mobilise-pour-acculturer-les-jeunes-aux-dereglements-climatiques\/\"]}]},{\"@type\":\"ImageObject\",\"inLanguage\":\"fr-FR\",\"@id\":\"https:\/\/www.preventraide.fr\/contenus\/actualites\/lantenne-prevention-maif-de-belfort-se-mobilise-pour-acculturer-les-jeunes-aux-dereglements-climatiques\/#primaryimage\",\"url\":\"https:\/\/www.preventraide.fr\/contenus\/app\/uploads\/2024\/11\/IMG-20241118-WA0024-2.jpg\",\"contentUrl\":\"https:\/\/www.preventraide.fr\/contenus\/app\/uploads\/2024\/11\/IMG-20241118-WA0024-2.jpg\",\"width\":1600,\"height\":900},{\"@type\":\"BreadcrumbList\",\"@id\":\"https:\/\/www.preventraide.fr\/contenus\/actualites\/lantenne-prevention-maif-de-belfort-se-mobilise-pour-acculturer-les-jeunes-aux-dereglements-climatiques\/#breadcrumb\",\"itemListElement\":[{\"@type\":\"ListItem\",\"position\":1,\"name\":\"Accueil\",\"item\":\"https:\/\/www.preventraide.fr\"},{\"@type\":\"ListItem\",\"position\":2,\"name\":\"L&rsquo;antenne Pr\u00e9vention MAIF de Belfort se mobilise pour acculturer les jeunes aux d\u00e9r\u00e8glements climatiques.\"}]},{\"@type\":\"WebSite\",\"@id\":\"https:\/\/www.preventraide.fr\/contenus\/#website\",\"url\":\"https:\/\/www.preventraide.fr\/contenus\/\",\"name\":\"Preventraide\",\"description\":\"\",\"potentialAction\":[{\"@type\":\"SearchAction\",\"target\":{\"@type\":\"EntryPoint\",\"urlTemplate\":\"https:\/\/www.preventraide.fr\/contenus\/?s={search_term_string}\"},\"query-input\":{\"@type\":\"PropertyValueSpecification\",\"valueRequired\":true,\"valueName\":\"search_term_string\"}}],\"inLanguage\":\"fr-FR\"},{\"@type\":\"Person\",\"@id\":\"https:\/\/www.preventraide.fr\/contenus\/#\/schema\/person\/858cea8e6801e68794c6b7980b7f061c\",\"name\":\"Romane THIBAUD\",\"image\":{\"@type\":\"ImageObject\",\"inLanguage\":\"fr-FR\",\"@id\":\"https:\/\/www.preventraide.fr\/contenus\/#\/schema\/person\/image\/\",\"url\":\"https:\/\/secure.gravatar.com\/avatar\/37db5230d457183ece50f097bc55f9c854e002d4134a069e3e426d621fc31c31?s=96&d=mm&r=g\",\"contentUrl\":\"https:\/\/secure.gravatar.com\/avatar\/37db5230d457183ece50f097bc55f9c854e002d4134a069e3e426d621fc31c31?s=96&d=mm&r=g\",\"caption\":\"Romane THIBAUD\"}}]}<\/script>\n<!-- \/ Yoast SEO plugin. -->","yoast_head_json":{"title":"L'antenne Pr\u00e9vention MAIF de Belfort se mobilise pour acculturer les jeunes aux d\u00e9r\u00e8glements climatiques. - Preventraide - Conseils Pr\u00e9vention","robots":{"index":"index","follow":"follow","max-snippet":"max-snippet:-1","max-image-preview":"max-image-preview:large","max-video-preview":"max-video-preview:-1"},"canonical":"https:\/\/www.preventraide.fr\/contenus\/actualites\/lantenne-prevention-maif-de-belfort-se-mobilise-pour-acculturer-les-jeunes-aux-dereglements-climatiques\/","og_locale":"fr_FR","og_type":"article","og_title":"L'antenne Pr\u00e9vention MAIF de Belfort se mobilise pour acculturer les jeunes aux d\u00e9r\u00e8glements climatiques. - Preventraide - Conseils Pr\u00e9vention","og_description":"Concr\u00e8tement, comment \u00e7a se d\u00e9roule ? Les participants manipulent la balance, les poids et les cartes, pour d\u00e9couvrir des solutions individuelles et collectives pour se projeter jusqu\u2019en 2050 dans un futur positif et d\u00e9sirable, durant 1 heure.L&rsquo;objectif est de mieux saisir les efforts \u00e0 fournir individuellement et collectivement pour r\u00e9duire nos impacts environnementaux. \ud83d\udeb2V\u00e9locit\u00e9 effectuait [&hellip;]","og_url":"https:\/\/www.preventraide.fr\/contenus\/actualites\/lantenne-prevention-maif-de-belfort-se-mobilise-pour-acculturer-les-jeunes-aux-dereglements-climatiques\/","og_site_name":"Preventraide - Conseils Pr\u00e9vention","article_published_time":"2024-11-20T06:30:00+00:00","og_image":[{"width":1600,"height":900,"url":"https:\/\/www.preventraide.fr\/contenus\/app\/uploads\/2024\/11\/IMG-20241118-WA0024-2.jpg","type":"image\/jpeg"}],"author":"Romane THIBAUD","twitter_card":"summary_large_image","twitter_misc":{"Written by":"Romane THIBAUD","Est. reading time":"2 minutes"},"schema":{"@context":"https:\/\/schema.org","@graph":[{"@type":"WebPage","@id":"https:\/\/www.preventraide.fr\/contenus\/actualites\/lantenne-prevention-maif-de-belfort-se-mobilise-pour-acculturer-les-jeunes-aux-dereglements-climatiques\/","url":"https:\/\/www.preventraide.fr\/contenus\/actualites\/lantenne-prevention-maif-de-belfort-se-mobilise-pour-acculturer-les-jeunes-aux-dereglements-climatiques\/","name":"L'antenne Pr\u00e9vention MAIF de Belfort se mobilise pour acculturer les jeunes aux d\u00e9r\u00e8glements climatiques. - Preventraide - Conseils Pr\u00e9vention","isPartOf":{"@id":"https:\/\/www.preventraide.fr\/contenus\/#website"},"primaryImageOfPage":{"@id":"https:\/\/www.preventraide.fr\/contenus\/actualites\/lantenne-prevention-maif-de-belfort-se-mobilise-pour-acculturer-les-jeunes-aux-dereglements-climatiques\/#primaryimage"},"image":{"@id":"https:\/\/www.preventraide.fr\/contenus\/actualites\/lantenne-prevention-maif-de-belfort-se-mobilise-pour-acculturer-les-jeunes-aux-dereglements-climatiques\/#primaryimage"},"thumbnailUrl":"https:\/\/www.preventraide.fr\/contenus\/app\/uploads\/2024\/11\/IMG-20241118-WA0024-2.jpg","datePublished":"2024-11-20T06:30:00+00:00","author":{"@id":"https:\/\/www.preventraide.fr\/contenus\/#\/schema\/person\/858cea8e6801e68794c6b7980b7f061c"},"breadcrumb":{"@id":"https:\/\/www.preventraide.fr\/contenus\/actualites\/lantenne-prevention-maif-de-belfort-se-mobilise-pour-acculturer-les-jeunes-aux-dereglements-climatiques\/#breadcrumb"},"inLanguage":"fr-FR","potentialAction":[{"@type":"ReadAction","target":["https:\/\/www.preventraide.fr\/contenus\/actualites\/lantenne-prevention-maif-de-belfort-se-mobilise-pour-acculturer-les-jeunes-aux-dereglements-climatiques\/"]}]},{"@type":"ImageObject","inLanguage":"fr-FR","@id":"https:\/\/www.preventraide.fr\/contenus\/actualites\/lantenne-prevention-maif-de-belfort-se-mobilise-pour-acculturer-les-jeunes-aux-dereglements-climatiques\/#primaryimage","url":"https:\/\/www.preventraide.fr\/contenus\/app\/uploads\/2024\/11\/IMG-20241118-WA0024-2.jpg","contentUrl":"https:\/\/www.preventraide.fr\/contenus\/app\/uploads\/2024\/11\/IMG-20241118-WA0024-2.jpg","width":1600,"height":900},{"@type":"BreadcrumbList","@id":"https:\/\/www.preventraide.fr\/contenus\/actualites\/lantenne-prevention-maif-de-belfort-se-mobilise-pour-acculturer-les-jeunes-aux-dereglements-climatiques\/#breadcrumb","itemListElement":[{"@type":"ListItem","position":1,"name":"Accueil","item":"https:\/\/www.preventraide.fr"},{"@type":"ListItem","position":2,"name":"L&rsquo;antenne Pr\u00e9vention MAIF de Belfort se mobilise pour acculturer les jeunes aux d\u00e9r\u00e8glements climatiques."}]},{"@type":"WebSite","@id":"https:\/\/www.preventraide.fr\/contenus\/#website","url":"https:\/\/www.preventraide.fr\/contenus\/","name":"Preventraide","description":"","potentialAction":[{"@type":"SearchAction","target":{"@type":"EntryPoint","urlTemplate":"https:\/\/www.preventraide.fr\/contenus\/?s={search_term_string}"},"query-input":{"@type":"PropertyValueSpecification","valueRequired":true,"valueName":"search_term_string"}}],"inLanguage":"fr-FR"},{"@type":"Person","@id":"https:\/\/www.preventraide.fr\/contenus\/#\/schema\/person\/858cea8e6801e68794c6b7980b7f061c","name":"Romane THIBAUD","image":{"@type":"ImageObject","inLanguage":"fr-FR","@id":"https:\/\/www.preventraide.fr\/contenus\/#\/schema\/person\/image\/","url":"https:\/\/secure.gravatar.com\/avatar\/37db5230d457183ece50f097bc55f9c854e002d4134a069e3e426d621fc31c31?s=96&d=mm&r=g","contentUrl":"https:\/\/secure.gravatar.com\/avatar\/37db5230d457183ece50f097bc55f9c854e002d4134a069e3e426d621fc31c31?s=96&d=mm&r=g","caption":"Romane THIBAUD"}}]}},"_links":{"self":[{"href":"https:\/\/www.preventraide.fr\/contenus\/wp-json\/wp\/v2\/posts\/1700","targetHints":{"allow":["GET"]}}],"collection":[{"href":"https:\/\/www.preventraide.fr\/contenus\/wp-json\/wp\/v2\/posts"}],"about":[{"href":"https:\/\/www.preventraide.fr\/contenus\/wp-json\/wp\/v2\/types\/post"}],"author":[{"embeddable":true,"href":"https:\/\/www.preventraide.fr\/contenus\/wp-json\/wp\/v2\/users\/7"}],"replies":[{"embeddable":true,"href":"https:\/\/www.preventraide.fr\/contenus\/wp-json\/wp\/v2\/comments?post=1700"}],"version-history":[{"count":0,"href":"https:\/\/www.preventraide.fr\/contenus\/wp-json\/wp\/v2\/posts\/1700\/revisions"}],"wp:featuredmedia":[{"embeddable":true,"href":"https:\/\/www.preventraide.fr\/contenus\/wp-json\/wp\/v2\/media\/1723"}],"wp:attachment":[{"href":"https:\/\/www.preventraide.fr\/contenus\/wp-json\/wp\/v2\/media?parent=1700"}],"wp:term":[{"taxonomy":"category","embeddable":true,"href":"https:\/\/www.preventraide.fr\/contenus\/wp-json\/wp\/v2\/categories?post=1700"},{"taxonomy":"post_tag","embeddable":true,"href":"https:\/\/www.preventraide.fr\/contenus\/wp-json\/wp\/v2\/tags?post=1700"}],"curies":[{"name":"wp","href":"https:\/\/api.w.org\/{rel}","templated":true}]}}