{"id":1710,"date":"2024-11-21T07:30:00","date_gmt":"2024-11-21T06:30:00","guid":{"rendered":"https:\/\/www.preventraide.fr\/contenus\/?p=1710"},"modified":"2024-11-21T07:30:00","modified_gmt":"2024-11-21T06:30:00","slug":"4-jours-de-sensibilisation-sur-les-risques-climatiques-par-lequipe-de-chalon-sur-saone","status":"publish","type":"post","link":"https:\/\/www.preventraide.fr\/contenus\/actualites\/4-jours-de-sensibilisation-sur-les-risques-climatiques-par-lequipe-de-chalon-sur-saone\/","title":{"rendered":"4 jours de sensibilisation sur les risques climatiques par l\u2019\u00e9quipe de Chalon sur Sa\u00f4ne."},"content":{"rendered":"\n<p>Du 14 au 18 octobre, les b\u00e9n\u00e9voles de l\u2019antenne de Chalon-sur-Sa\u00f4ne se sont d\u00e9plac\u00e9s dans les \u00e9coles de Toulon-sur-Arroux et d\u2019\u00c9tang-sur-Arroux, deux communes particuli\u00e8rement touch\u00e9es par des inondations de la rivi\u00e8re au printemps dernier.<\/p>\n\n\n\n<p>Pendant ces quatre journ\u00e9es de pr\u00e9vention, il y a eu diff\u00e9rents ateliers.<\/p>\n\n\n\n<p>Tout d\u2019abord, les \u00e9l\u00e8ves ont pu visionner les capsules \u00ab Comprendre l\u2019eau \u00bb pour mieux comprendre le cycle de l\u2019eau.<\/p>\n\n\n\n<p>Ensuite, les CM1 et CM2 ont cr\u00e9\u00e9 12 fresques du climat en r\u00e9fl\u00e9chissant aux gestes que chacun pouvait mettre en place.<\/p>\n\n\n\n<p>Puis, il y a eu une sensibilisation aux risques majeurs avec le jeu \u00ab Preventraide pour le climat \u00bb.<\/p>\n\n\n\n<p>Enfin, ils ont d\u00e9couvert l\u2019atelier PIMS, qui permet de savoir quoi mettre dans son sac d\u2019urgence en cas de crise. Les robots \u00ab Blue-Bot \u00bb guid\u00e9s par les \u00e9l\u00e8ves leur ont permis de choisir les objets n\u00e9cessaires dans le sac individuel de s\u00e9curit\u00e9.<\/p>\n\n\n\n<p>Au total, nous avons pu sensibiliser 230 \u00e9l\u00e8ves de la maternelle au CM2. Ces journ\u00e9es ont \u00e9t\u00e9 une r\u00e9elle r\u00e9ussite !<\/p>\n\n\n\n<figure class=\"wp-block-gallery columns-3 is-cropped wp-block-gallery-1 is-layout-flex wp-block-gallery-is-layout-flex\"><ul class=\"blocks-gallery-grid\"><li class=\"blocks-gallery-item\"><figure><img decoding=\"async\" src=\"https:\/\/www.preventraide.fr\/contenus\/app\/uploads\/2024\/11\/IMG_6394-1024x768.jpg\" alt=\"\" data-id=\"1714\" data-full-url=\"https:\/\/www.preventraide.fr\/contenus\/app\/uploads\/2024\/11\/IMG_6394.jpg\" data-link=\"https:\/\/www.preventraide.fr\/contenus\/?attachment_id=1714\" class=\"wp-image-1714\"\/><\/figure><\/li><li class=\"blocks-gallery-item\"><figure><img decoding=\"async\" src=\"https:\/\/www.preventraide.fr\/contenus\/app\/uploads\/2024\/11\/20241014_105925-1024x576.jpg\" alt=\"\" data-id=\"1712\" data-full-url=\"https:\/\/www.preventraide.fr\/contenus\/app\/uploads\/2024\/11\/20241014_105925-scaled.jpg\" data-link=\"https:\/\/www.preventraide.fr\/contenus\/?attachment_id=1712\" class=\"wp-image-1712\"\/><\/figure><\/li><li class=\"blocks-gallery-item\"><figure><img decoding=\"async\" src=\"https:\/\/www.preventraide.fr\/contenus\/app\/uploads\/2024\/11\/20241014_135841-1024x576.jpg\" alt=\"\" data-id=\"1713\" data-full-url=\"https:\/\/www.preventraide.fr\/contenus\/app\/uploads\/2024\/11\/20241014_135841-scaled.jpg\" data-link=\"https:\/\/www.preventraide.fr\/contenus\/?attachment_id=1713\" class=\"wp-image-1713\"\/><\/figure><\/li><\/ul><\/figure>\n","protected":false},"excerpt":{"rendered":"<p>Du 14 au 18 octobre, les b\u00e9n\u00e9voles de l\u2019antenne de Chalon-sur-Sa\u00f4ne se sont d\u00e9plac\u00e9s dans les \u00e9coles de Toulon-sur-Arroux et d\u2019\u00c9tang-sur-Arroux, deux communes particuli\u00e8rement touch\u00e9es par des inondations de la rivi\u00e8re au printemps dernier. Pendant ces quatre journ\u00e9es de pr\u00e9vention, il y a eu diff\u00e9rents ateliers. Tout d\u2019abord, les \u00e9l\u00e8ves ont pu visionner les capsules [&hellip;]<\/p>\n","protected":false},"author":7,"featured_media":1711,"comment_status":"closed","ping_status":"closed","sticky":false,"template":"","format":"standard","meta":{"_acf_changed":false,"inline_featured_image":false,"ghostkit_customizer_options":"","ghostkit_custom_css":"","ghostkit_custom_js_head":"","ghostkit_custom_js_foot":"","ghostkit_typography":"","footnotes":""},"categories":[2],"tags":[],"class_list":["post-1710","post","type-post","status-publish","format-standard","has-post-thumbnail","hentry","category-non-classifie"],"acf":[],"yoast_head":"<!-- This site is optimized with the Yoast SEO plugin v24.9 - https:\/\/yoast.com\/wordpress\/plugins\/seo\/ -->\n<title>4 jours de sensibilisation sur les risques climatiques par l\u2019\u00e9quipe de Chalon sur Sa\u00f4ne. - Preventraide - Conseils Pr\u00e9vention<\/title>\n<meta name=\"robots\" content=\"index, follow, max-snippet:-1, max-image-preview:large, max-video-preview:-1\" \/>\n<link rel=\"canonical\" href=\"https:\/\/www.preventraide.fr\/contenus\/actualites\/4-jours-de-sensibilisation-sur-les-risques-climatiques-par-lequipe-de-chalon-sur-saone\/\" \/>\n<meta property=\"og:locale\" content=\"fr_FR\" \/>\n<meta property=\"og:type\" content=\"article\" \/>\n<meta property=\"og:title\" content=\"4 jours de sensibilisation sur les risques climatiques par l\u2019\u00e9quipe de Chalon sur Sa\u00f4ne. - Preventraide - Conseils Pr\u00e9vention\" \/>\n<meta property=\"og:description\" content=\"Du 14 au 18 octobre, les b\u00e9n\u00e9voles de l\u2019antenne de Chalon-sur-Sa\u00f4ne se sont d\u00e9plac\u00e9s dans les \u00e9coles de Toulon-sur-Arroux et d\u2019\u00c9tang-sur-Arroux, deux communes particuli\u00e8rement touch\u00e9es par des inondations de la rivi\u00e8re au printemps dernier. Pendant ces quatre journ\u00e9es de pr\u00e9vention, il y a eu diff\u00e9rents ateliers. Tout d\u2019abord, les \u00e9l\u00e8ves ont pu visionner les capsules [&hellip;]\" \/>\n<meta property=\"og:url\" content=\"https:\/\/www.preventraide.fr\/contenus\/actualites\/4-jours-de-sensibilisation-sur-les-risques-climatiques-par-lequipe-de-chalon-sur-saone\/\" \/>\n<meta property=\"og:site_name\" content=\"Preventraide - Conseils Pr\u00e9vention\" \/>\n<meta property=\"article:published_time\" content=\"2024-11-21T06:30:00+00:00\" \/>\n<meta property=\"og:image\" content=\"https:\/\/www.preventraide.fr\/contenus\/app\/uploads\/2024\/11\/20241014_153412-scaled-2.jpg\" \/>\n\t<meta property=\"og:image:width\" content=\"1920\" \/>\n\t<meta property=\"og:image:height\" content=\"2560\" \/>\n\t<meta property=\"og:image:type\" content=\"image\/jpeg\" \/>\n<meta name=\"author\" content=\"Romane THIBAUD\" \/>\n<meta name=\"twitter:card\" content=\"summary_large_image\" \/>\n<meta name=\"twitter:label1\" content=\"Written by\" \/>\n\t<meta name=\"twitter:data1\" content=\"Romane THIBAUD\" \/>\n\t<meta name=\"twitter:label2\" content=\"Est. reading time\" \/>\n\t<meta name=\"twitter:data2\" content=\"2 minutes\" \/>\n<script type=\"application\/ld+json\" class=\"yoast-schema-graph\">{\"@context\":\"https:\/\/schema.org\",\"@graph\":[{\"@type\":\"WebPage\",\"@id\":\"https:\/\/www.preventraide.fr\/contenus\/actualites\/4-jours-de-sensibilisation-sur-les-risques-climatiques-par-lequipe-de-chalon-sur-saone\/\",\"url\":\"https:\/\/www.preventraide.fr\/contenus\/actualites\/4-jours-de-sensibilisation-sur-les-risques-climatiques-par-lequipe-de-chalon-sur-saone\/\",\"name\":\"4 jours de sensibilisation sur les risques climatiques par l\u2019\u00e9quipe de Chalon sur Sa\u00f4ne. - Preventraide - Conseils Pr\u00e9vention\",\"isPartOf\":{\"@id\":\"https:\/\/www.preventraide.fr\/contenus\/#website\"},\"primaryImageOfPage\":{\"@id\":\"https:\/\/www.preventraide.fr\/contenus\/actualites\/4-jours-de-sensibilisation-sur-les-risques-climatiques-par-lequipe-de-chalon-sur-saone\/#primaryimage\"},\"image\":{\"@id\":\"https:\/\/www.preventraide.fr\/contenus\/actualites\/4-jours-de-sensibilisation-sur-les-risques-climatiques-par-lequipe-de-chalon-sur-saone\/#primaryimage\"},\"thumbnailUrl\":\"https:\/\/www.preventraide.fr\/contenus\/app\/uploads\/2024\/11\/20241014_153412-scaled-2.jpg\",\"datePublished\":\"2024-11-21T06:30:00+00:00\",\"author\":{\"@id\":\"https:\/\/www.preventraide.fr\/contenus\/#\/schema\/person\/858cea8e6801e68794c6b7980b7f061c\"},\"breadcrumb\":{\"@id\":\"https:\/\/www.preventraide.fr\/contenus\/actualites\/4-jours-de-sensibilisation-sur-les-risques-climatiques-par-lequipe-de-chalon-sur-saone\/#breadcrumb\"},\"inLanguage\":\"fr-FR\",\"potentialAction\":[{\"@type\":\"ReadAction\",\"target\":[\"https:\/\/www.preventraide.fr\/contenus\/actualites\/4-jours-de-sensibilisation-sur-les-risques-climatiques-par-lequipe-de-chalon-sur-saone\/\"]}]},{\"@type\":\"ImageObject\",\"inLanguage\":\"fr-FR\",\"@id\":\"https:\/\/www.preventraide.fr\/contenus\/actualites\/4-jours-de-sensibilisation-sur-les-risques-climatiques-par-lequipe-de-chalon-sur-saone\/#primaryimage\",\"url\":\"https:\/\/www.preventraide.fr\/contenus\/app\/uploads\/2024\/11\/20241014_153412-scaled-2.jpg\",\"contentUrl\":\"https:\/\/www.preventraide.fr\/contenus\/app\/uploads\/2024\/11\/20241014_153412-scaled-2.jpg\",\"width\":1920,\"height\":2560},{\"@type\":\"BreadcrumbList\",\"@id\":\"https:\/\/www.preventraide.fr\/contenus\/actualites\/4-jours-de-sensibilisation-sur-les-risques-climatiques-par-lequipe-de-chalon-sur-saone\/#breadcrumb\",\"itemListElement\":[{\"@type\":\"ListItem\",\"position\":1,\"name\":\"Accueil\",\"item\":\"https:\/\/www.preventraide.fr\"},{\"@type\":\"ListItem\",\"position\":2,\"name\":\"4 jours de sensibilisation sur les risques climatiques par l\u2019\u00e9quipe de Chalon sur Sa\u00f4ne.\"}]},{\"@type\":\"WebSite\",\"@id\":\"https:\/\/www.preventraide.fr\/contenus\/#website\",\"url\":\"https:\/\/www.preventraide.fr\/contenus\/\",\"name\":\"Preventraide\",\"description\":\"\",\"potentialAction\":[{\"@type\":\"SearchAction\",\"target\":{\"@type\":\"EntryPoint\",\"urlTemplate\":\"https:\/\/www.preventraide.fr\/contenus\/?s={search_term_string}\"},\"query-input\":{\"@type\":\"PropertyValueSpecification\",\"valueRequired\":true,\"valueName\":\"search_term_string\"}}],\"inLanguage\":\"fr-FR\"},{\"@type\":\"Person\",\"@id\":\"https:\/\/www.preventraide.fr\/contenus\/#\/schema\/person\/858cea8e6801e68794c6b7980b7f061c\",\"name\":\"Romane THIBAUD\",\"image\":{\"@type\":\"ImageObject\",\"inLanguage\":\"fr-FR\",\"@id\":\"https:\/\/www.preventraide.fr\/contenus\/#\/schema\/person\/image\/\",\"url\":\"https:\/\/secure.gravatar.com\/avatar\/37db5230d457183ece50f097bc55f9c854e002d4134a069e3e426d621fc31c31?s=96&d=mm&r=g\",\"contentUrl\":\"https:\/\/secure.gravatar.com\/avatar\/37db5230d457183ece50f097bc55f9c854e002d4134a069e3e426d621fc31c31?s=96&d=mm&r=g\",\"caption\":\"Romane THIBAUD\"}}]}<\/script>\n<!-- \/ Yoast SEO plugin. -->","yoast_head_json":{"title":"4 jours de sensibilisation sur les risques climatiques par l\u2019\u00e9quipe de Chalon sur Sa\u00f4ne. - Preventraide - Conseils Pr\u00e9vention","robots":{"index":"index","follow":"follow","max-snippet":"max-snippet:-1","max-image-preview":"max-image-preview:large","max-video-preview":"max-video-preview:-1"},"canonical":"https:\/\/www.preventraide.fr\/contenus\/actualites\/4-jours-de-sensibilisation-sur-les-risques-climatiques-par-lequipe-de-chalon-sur-saone\/","og_locale":"fr_FR","og_type":"article","og_title":"4 jours de sensibilisation sur les risques climatiques par l\u2019\u00e9quipe de Chalon sur Sa\u00f4ne. - Preventraide - Conseils Pr\u00e9vention","og_description":"Du 14 au 18 octobre, les b\u00e9n\u00e9voles de l\u2019antenne de Chalon-sur-Sa\u00f4ne se sont d\u00e9plac\u00e9s dans les \u00e9coles de Toulon-sur-Arroux et d\u2019\u00c9tang-sur-Arroux, deux communes particuli\u00e8rement touch\u00e9es par des inondations de la rivi\u00e8re au printemps dernier. Pendant ces quatre journ\u00e9es de pr\u00e9vention, il y a eu diff\u00e9rents ateliers. Tout d\u2019abord, les \u00e9l\u00e8ves ont pu visionner les capsules [&hellip;]","og_url":"https:\/\/www.preventraide.fr\/contenus\/actualites\/4-jours-de-sensibilisation-sur-les-risques-climatiques-par-lequipe-de-chalon-sur-saone\/","og_site_name":"Preventraide - Conseils Pr\u00e9vention","article_published_time":"2024-11-21T06:30:00+00:00","og_image":[{"width":1920,"height":2560,"url":"https:\/\/www.preventraide.fr\/contenus\/app\/uploads\/2024\/11\/20241014_153412-scaled-2.jpg","type":"image\/jpeg"}],"author":"Romane THIBAUD","twitter_card":"summary_large_image","twitter_misc":{"Written by":"Romane THIBAUD","Est. reading time":"2 minutes"},"schema":{"@context":"https:\/\/schema.org","@graph":[{"@type":"WebPage","@id":"https:\/\/www.preventraide.fr\/contenus\/actualites\/4-jours-de-sensibilisation-sur-les-risques-climatiques-par-lequipe-de-chalon-sur-saone\/","url":"https:\/\/www.preventraide.fr\/contenus\/actualites\/4-jours-de-sensibilisation-sur-les-risques-climatiques-par-lequipe-de-chalon-sur-saone\/","name":"4 jours de sensibilisation sur les risques climatiques par l\u2019\u00e9quipe de Chalon sur Sa\u00f4ne. - Preventraide - Conseils Pr\u00e9vention","isPartOf":{"@id":"https:\/\/www.preventraide.fr\/contenus\/#website"},"primaryImageOfPage":{"@id":"https:\/\/www.preventraide.fr\/contenus\/actualites\/4-jours-de-sensibilisation-sur-les-risques-climatiques-par-lequipe-de-chalon-sur-saone\/#primaryimage"},"image":{"@id":"https:\/\/www.preventraide.fr\/contenus\/actualites\/4-jours-de-sensibilisation-sur-les-risques-climatiques-par-lequipe-de-chalon-sur-saone\/#primaryimage"},"thumbnailUrl":"https:\/\/www.preventraide.fr\/contenus\/app\/uploads\/2024\/11\/20241014_153412-scaled-2.jpg","datePublished":"2024-11-21T06:30:00+00:00","author":{"@id":"https:\/\/www.preventraide.fr\/contenus\/#\/schema\/person\/858cea8e6801e68794c6b7980b7f061c"},"breadcrumb":{"@id":"https:\/\/www.preventraide.fr\/contenus\/actualites\/4-jours-de-sensibilisation-sur-les-risques-climatiques-par-lequipe-de-chalon-sur-saone\/#breadcrumb"},"inLanguage":"fr-FR","potentialAction":[{"@type":"ReadAction","target":["https:\/\/www.preventraide.fr\/contenus\/actualites\/4-jours-de-sensibilisation-sur-les-risques-climatiques-par-lequipe-de-chalon-sur-saone\/"]}]},{"@type":"ImageObject","inLanguage":"fr-FR","@id":"https:\/\/www.preventraide.fr\/contenus\/actualites\/4-jours-de-sensibilisation-sur-les-risques-climatiques-par-lequipe-de-chalon-sur-saone\/#primaryimage","url":"https:\/\/www.preventraide.fr\/contenus\/app\/uploads\/2024\/11\/20241014_153412-scaled-2.jpg","contentUrl":"https:\/\/www.preventraide.fr\/contenus\/app\/uploads\/2024\/11\/20241014_153412-scaled-2.jpg","width":1920,"height":2560},{"@type":"BreadcrumbList","@id":"https:\/\/www.preventraide.fr\/contenus\/actualites\/4-jours-de-sensibilisation-sur-les-risques-climatiques-par-lequipe-de-chalon-sur-saone\/#breadcrumb","itemListElement":[{"@type":"ListItem","position":1,"name":"Accueil","item":"https:\/\/www.preventraide.fr"},{"@type":"ListItem","position":2,"name":"4 jours de sensibilisation sur les risques climatiques par l\u2019\u00e9quipe de Chalon sur Sa\u00f4ne."}]},{"@type":"WebSite","@id":"https:\/\/www.preventraide.fr\/contenus\/#website","url":"https:\/\/www.preventraide.fr\/contenus\/","name":"Preventraide","description":"","potentialAction":[{"@type":"SearchAction","target":{"@type":"EntryPoint","urlTemplate":"https:\/\/www.preventraide.fr\/contenus\/?s={search_term_string}"},"query-input":{"@type":"PropertyValueSpecification","valueRequired":true,"valueName":"search_term_string"}}],"inLanguage":"fr-FR"},{"@type":"Person","@id":"https:\/\/www.preventraide.fr\/contenus\/#\/schema\/person\/858cea8e6801e68794c6b7980b7f061c","name":"Romane THIBAUD","image":{"@type":"ImageObject","inLanguage":"fr-FR","@id":"https:\/\/www.preventraide.fr\/contenus\/#\/schema\/person\/image\/","url":"https:\/\/secure.gravatar.com\/avatar\/37db5230d457183ece50f097bc55f9c854e002d4134a069e3e426d621fc31c31?s=96&d=mm&r=g","contentUrl":"https:\/\/secure.gravatar.com\/avatar\/37db5230d457183ece50f097bc55f9c854e002d4134a069e3e426d621fc31c31?s=96&d=mm&r=g","caption":"Romane THIBAUD"}}]}},"_links":{"self":[{"href":"https:\/\/www.preventraide.fr\/contenus\/wp-json\/wp\/v2\/posts\/1710","targetHints":{"allow":["GET"]}}],"collection":[{"href":"https:\/\/www.preventraide.fr\/contenus\/wp-json\/wp\/v2\/posts"}],"about":[{"href":"https:\/\/www.preventraide.fr\/contenus\/wp-json\/wp\/v2\/types\/post"}],"author":[{"embeddable":true,"href":"https:\/\/www.preventraide.fr\/contenus\/wp-json\/wp\/v2\/users\/7"}],"replies":[{"embeddable":true,"href":"https:\/\/www.preventraide.fr\/contenus\/wp-json\/wp\/v2\/comments?post=1710"}],"version-history":[{"count":0,"href":"https:\/\/www.preventraide.fr\/contenus\/wp-json\/wp\/v2\/posts\/1710\/revisions"}],"wp:featuredmedia":[{"embeddable":true,"href":"https:\/\/www.preventraide.fr\/contenus\/wp-json\/wp\/v2\/media\/1711"}],"wp:attachment":[{"href":"https:\/\/www.preventraide.fr\/contenus\/wp-json\/wp\/v2\/media?parent=1710"}],"wp:term":[{"taxonomy":"category","embeddable":true,"href":"https:\/\/www.preventraide.fr\/contenus\/wp-json\/wp\/v2\/categories?post=1710"},{"taxonomy":"post_tag","embeddable":true,"href":"https:\/\/www.preventraide.fr\/contenus\/wp-json\/wp\/v2\/tags?post=1710"}],"curies":[{"name":"wp","href":"https:\/\/api.w.org\/{rel}","templated":true}]}}