{"id":1728,"date":"2024-11-28T06:45:00","date_gmt":"2024-11-28T05:45:00","guid":{"rendered":"https:\/\/www.preventraide.fr\/contenus\/?p=1728"},"modified":"2024-11-28T06:45:00","modified_gmt":"2024-11-28T05:45:00","slug":"sensibiliser-1001-personnes-en-1-journee-un-objectif-ambitieux-a-lyon","status":"publish","type":"post","link":"https:\/\/www.preventraide.fr\/contenus\/actualites\/sensibiliser-1001-personnes-en-1-journee-un-objectif-ambitieux-a-lyon\/","title":{"rendered":"Sensibiliser 1001 personnes en 1 journ\u00e9e : un objectif ambitieux \u00e0 Lyon"},"content":{"rendered":"\n<div class=\"wp-block-columns is-layout-flex wp-container-core-columns-is-layout-28f84493 wp-block-columns-is-layout-flex\">\n<div class=\"wp-block-column is-layout-flow wp-block-column-is-layout-flow\">\n<figure class=\"wp-block-gallery columns-3 is-cropped wp-block-gallery-1 is-layout-flex wp-block-gallery-is-layout-flex\"><ul class=\"blocks-gallery-grid\"><li class=\"blocks-gallery-item\"><figure><img decoding=\"async\" src=\"https:\/\/www.preventraide.fr\/contenus\/app\/uploads\/2024\/11\/Image1_Nero-AI_Photo_Face-1024x679.jpeg\" alt=\"\" data-id=\"1729\" data-full-url=\"https:\/\/www.preventraide.fr\/contenus\/app\/uploads\/2024\/11\/Image1_Nero-AI_Photo_Face.jpeg\" data-link=\"https:\/\/www.preventraide.fr\/contenus\/?attachment_id=1729\" class=\"wp-image-1729\"\/><\/figure><\/li><li class=\"blocks-gallery-item\"><figure><img decoding=\"async\" src=\"https:\/\/www.preventraide.fr\/contenus\/app\/uploads\/2024\/11\/Image7-1024x576.jpg\" alt=\"\" data-id=\"1730\" data-full-url=\"https:\/\/www.preventraide.fr\/contenus\/app\/uploads\/2024\/11\/Image7.jpg\" data-link=\"https:\/\/www.preventraide.fr\/contenus\/?attachment_id=1730\" class=\"wp-image-1730\"\/><\/figure><\/li><li class=\"blocks-gallery-item\"><figure><img decoding=\"async\" src=\"https:\/\/www.preventraide.fr\/contenus\/app\/uploads\/2024\/11\/Image6-1024x576.jpg\" alt=\"\" data-id=\"1731\" data-full-url=\"https:\/\/www.preventraide.fr\/contenus\/app\/uploads\/2024\/11\/Image6.jpg\" data-link=\"https:\/\/www.preventraide.fr\/contenus\/?attachment_id=1731\" class=\"wp-image-1731\"\/><\/figure><\/li><li class=\"blocks-gallery-item\"><figure><img decoding=\"async\" src=\"https:\/\/www.preventraide.fr\/contenus\/app\/uploads\/2024\/11\/Image3-1024x576.jpg\" alt=\"\" data-id=\"1732\" data-full-url=\"https:\/\/www.preventraide.fr\/contenus\/app\/uploads\/2024\/11\/Image3.jpg\" data-link=\"https:\/\/www.preventraide.fr\/contenus\/?attachment_id=1732\" class=\"wp-image-1732\"\/><\/figure><\/li><li class=\"blocks-gallery-item\"><figure><img decoding=\"async\" src=\"https:\/\/www.preventraide.fr\/contenus\/app\/uploads\/2024\/11\/Image8-576x1024.jpg\" alt=\"\" data-id=\"1733\" data-full-url=\"https:\/\/www.preventraide.fr\/contenus\/app\/uploads\/2024\/11\/Image8.jpg\" data-link=\"https:\/\/www.preventraide.fr\/contenus\/?attachment_id=1733\" class=\"wp-image-1733\"\/><\/figure><\/li><\/ul><\/figure>\n<\/div>\n\n\n\n<div class=\"wp-block-column is-layout-flow wp-block-column-is-layout-flow\">\n<p>Le week-end dernier, quatre de nos b\u00e9n\u00e9voles de notre \u00e9quipe locale de Lyon ont particip\u00e9 \u00e0 une journ\u00e9e de sensibilisation et de formation, s\u2019impliquant activement dans des ateliers tels que la Fresque du Climat et la Fresque de l\u2019Eau.<\/p>\n\n\n\n<p>Depuis septembre 2023, cette antenne est r\u00e9solument engag\u00e9e pour faire bouger les lignes, en particulier sur les th\u00e9matiques du climat et des risques majeurs. \u00c0 ce jour, ils sont intervenus aupr\u00e8s de plus de 800 \u00e9l\u00e8ves, du CE2 \u00e0 la Premi\u00e8re, gr\u00e2ce \u00e0 des outils comme la Fresque du Climat pour enfants. Dans un d\u00e9partement o\u00f9 de nombreuses communes sont expos\u00e9es aux risques d\u2019inondation, la sensibilisation \u00e0 l\u2019eau devient une priorit\u00e9. Nos b\u00e9n\u00e9voles se forment donc activement \u00e0 ces enjeux cruciaux.<\/p>\n\n\n\n<p>Au-del\u00e0 de l\u2019apprentissage, cette journ\u00e9e a \u00e9t\u00e9 une occasion de renforcer nos liens, d\u2019\u00e9largir leurs horizons (avec pas moins de 20 fresques au programme !) et de faire le plein d\u2019id\u00e9es pour l\u2019avenir. \ud83d\ude0a<\/p>\n<\/div>\n<\/div>\n","protected":false},"excerpt":{"rendered":"<p>Le week-end dernier, quatre de nos b\u00e9n\u00e9voles de notre \u00e9quipe locale de Lyon ont particip\u00e9 \u00e0 une journ\u00e9e de sensibilisation et de formation, s\u2019impliquant activement dans des ateliers tels que la Fresque du Climat et la Fresque de l\u2019Eau. Depuis septembre 2023, cette antenne est r\u00e9solument engag\u00e9e pour faire bouger les lignes, en particulier sur [&hellip;]<\/p>\n","protected":false},"author":6,"featured_media":1729,"comment_status":"closed","ping_status":"closed","sticky":false,"template":"","format":"standard","meta":{"_acf_changed":false,"inline_featured_image":false,"ghostkit_customizer_options":"","ghostkit_custom_css":"","ghostkit_custom_js_head":"","ghostkit_custom_js_foot":"","ghostkit_typography":"","footnotes":""},"categories":[2],"tags":[],"class_list":["post-1728","post","type-post","status-publish","format-standard","has-post-thumbnail","hentry","category-non-classifie"],"acf":[],"yoast_head":"<!-- This site is optimized with the Yoast SEO plugin v24.9 - https:\/\/yoast.com\/wordpress\/plugins\/seo\/ -->\n<title>Sensibiliser 1001 personnes en 1 journ\u00e9e : un objectif ambitieux \u00e0 Lyon - Preventraide - Conseils Pr\u00e9vention<\/title>\n<meta name=\"robots\" content=\"index, follow, max-snippet:-1, max-image-preview:large, max-video-preview:-1\" \/>\n<link rel=\"canonical\" href=\"https:\/\/www.preventraide.fr\/contenus\/actualites\/sensibiliser-1001-personnes-en-1-journee-un-objectif-ambitieux-a-lyon\/\" \/>\n<meta property=\"og:locale\" content=\"fr_FR\" \/>\n<meta property=\"og:type\" content=\"article\" \/>\n<meta property=\"og:title\" content=\"Sensibiliser 1001 personnes en 1 journ\u00e9e : un objectif ambitieux \u00e0 Lyon - Preventraide - Conseils Pr\u00e9vention\" \/>\n<meta property=\"og:description\" content=\"Le week-end dernier, quatre de nos b\u00e9n\u00e9voles de notre \u00e9quipe locale de Lyon ont particip\u00e9 \u00e0 une journ\u00e9e de sensibilisation et de formation, s\u2019impliquant activement dans des ateliers tels que la Fresque du Climat et la Fresque de l\u2019Eau. Depuis septembre 2023, cette antenne est r\u00e9solument engag\u00e9e pour faire bouger les lignes, en particulier sur [&hellip;]\" \/>\n<meta property=\"og:url\" content=\"https:\/\/www.preventraide.fr\/contenus\/actualites\/sensibiliser-1001-personnes-en-1-journee-un-objectif-ambitieux-a-lyon\/\" \/>\n<meta property=\"og:site_name\" content=\"Preventraide - Conseils Pr\u00e9vention\" \/>\n<meta property=\"article:published_time\" content=\"2024-11-28T05:45:00+00:00\" \/>\n<meta property=\"og:image\" content=\"https:\/\/www.preventraide.fr\/contenus\/app\/uploads\/2024\/11\/Image1_Nero-AI_Photo_Face-2.jpeg\" \/>\n\t<meta property=\"og:image:width\" content=\"1210\" \/>\n\t<meta property=\"og:image:height\" content=\"802\" \/>\n\t<meta property=\"og:image:type\" content=\"image\/jpeg\" \/>\n<meta name=\"author\" content=\"Camille Jagueneau\" \/>\n<meta name=\"twitter:card\" content=\"summary_large_image\" \/>\n<meta name=\"twitter:label1\" content=\"Written by\" \/>\n\t<meta name=\"twitter:data1\" content=\"Camille Jagueneau\" \/>\n\t<meta name=\"twitter:label2\" content=\"Est. reading time\" \/>\n\t<meta name=\"twitter:data2\" content=\"2 minutes\" \/>\n<script type=\"application\/ld+json\" class=\"yoast-schema-graph\">{\"@context\":\"https:\/\/schema.org\",\"@graph\":[{\"@type\":\"WebPage\",\"@id\":\"https:\/\/www.preventraide.fr\/contenus\/actualites\/sensibiliser-1001-personnes-en-1-journee-un-objectif-ambitieux-a-lyon\/\",\"url\":\"https:\/\/www.preventraide.fr\/contenus\/actualites\/sensibiliser-1001-personnes-en-1-journee-un-objectif-ambitieux-a-lyon\/\",\"name\":\"Sensibiliser 1001 personnes en 1 journ\u00e9e : un objectif ambitieux \u00e0 Lyon - Preventraide - Conseils Pr\u00e9vention\",\"isPartOf\":{\"@id\":\"https:\/\/www.preventraide.fr\/contenus\/#website\"},\"primaryImageOfPage\":{\"@id\":\"https:\/\/www.preventraide.fr\/contenus\/actualites\/sensibiliser-1001-personnes-en-1-journee-un-objectif-ambitieux-a-lyon\/#primaryimage\"},\"image\":{\"@id\":\"https:\/\/www.preventraide.fr\/contenus\/actualites\/sensibiliser-1001-personnes-en-1-journee-un-objectif-ambitieux-a-lyon\/#primaryimage\"},\"thumbnailUrl\":\"https:\/\/www.preventraide.fr\/contenus\/app\/uploads\/2024\/11\/Image1_Nero-AI_Photo_Face-2.jpeg\",\"datePublished\":\"2024-11-28T05:45:00+00:00\",\"author\":{\"@id\":\"https:\/\/www.preventraide.fr\/contenus\/#\/schema\/person\/610d5b148158ad8b26a57ee3481784b9\"},\"breadcrumb\":{\"@id\":\"https:\/\/www.preventraide.fr\/contenus\/actualites\/sensibiliser-1001-personnes-en-1-journee-un-objectif-ambitieux-a-lyon\/#breadcrumb\"},\"inLanguage\":\"fr-FR\",\"potentialAction\":[{\"@type\":\"ReadAction\",\"target\":[\"https:\/\/www.preventraide.fr\/contenus\/actualites\/sensibiliser-1001-personnes-en-1-journee-un-objectif-ambitieux-a-lyon\/\"]}]},{\"@type\":\"ImageObject\",\"inLanguage\":\"fr-FR\",\"@id\":\"https:\/\/www.preventraide.fr\/contenus\/actualites\/sensibiliser-1001-personnes-en-1-journee-un-objectif-ambitieux-a-lyon\/#primaryimage\",\"url\":\"https:\/\/www.preventraide.fr\/contenus\/app\/uploads\/2024\/11\/Image1_Nero-AI_Photo_Face-2.jpeg\",\"contentUrl\":\"https:\/\/www.preventraide.fr\/contenus\/app\/uploads\/2024\/11\/Image1_Nero-AI_Photo_Face-2.jpeg\",\"width\":1210,\"height\":802},{\"@type\":\"BreadcrumbList\",\"@id\":\"https:\/\/www.preventraide.fr\/contenus\/actualites\/sensibiliser-1001-personnes-en-1-journee-un-objectif-ambitieux-a-lyon\/#breadcrumb\",\"itemListElement\":[{\"@type\":\"ListItem\",\"position\":1,\"name\":\"Accueil\",\"item\":\"https:\/\/www.preventraide.fr\"},{\"@type\":\"ListItem\",\"position\":2,\"name\":\"Sensibiliser 1001 personnes en 1 journ\u00e9e : un objectif ambitieux \u00e0 Lyon\"}]},{\"@type\":\"WebSite\",\"@id\":\"https:\/\/www.preventraide.fr\/contenus\/#website\",\"url\":\"https:\/\/www.preventraide.fr\/contenus\/\",\"name\":\"Preventraide\",\"description\":\"\",\"potentialAction\":[{\"@type\":\"SearchAction\",\"target\":{\"@type\":\"EntryPoint\",\"urlTemplate\":\"https:\/\/www.preventraide.fr\/contenus\/?s={search_term_string}\"},\"query-input\":{\"@type\":\"PropertyValueSpecification\",\"valueRequired\":true,\"valueName\":\"search_term_string\"}}],\"inLanguage\":\"fr-FR\"},{\"@type\":\"Person\",\"@id\":\"https:\/\/www.preventraide.fr\/contenus\/#\/schema\/person\/610d5b148158ad8b26a57ee3481784b9\",\"name\":\"Camille Jagueneau\",\"image\":{\"@type\":\"ImageObject\",\"inLanguage\":\"fr-FR\",\"@id\":\"https:\/\/www.preventraide.fr\/contenus\/#\/schema\/person\/image\/\",\"url\":\"https:\/\/secure.gravatar.com\/avatar\/3a79d305b8d74191fb30dfe16bb61532d97fe378fbea0c1b02acebf1deb00e68?s=96&d=mm&r=g\",\"contentUrl\":\"https:\/\/secure.gravatar.com\/avatar\/3a79d305b8d74191fb30dfe16bb61532d97fe378fbea0c1b02acebf1deb00e68?s=96&d=mm&r=g\",\"caption\":\"Camille Jagueneau\"}}]}<\/script>\n<!-- \/ Yoast SEO plugin. -->","yoast_head_json":{"title":"Sensibiliser 1001 personnes en 1 journ\u00e9e : un objectif ambitieux \u00e0 Lyon - Preventraide - Conseils Pr\u00e9vention","robots":{"index":"index","follow":"follow","max-snippet":"max-snippet:-1","max-image-preview":"max-image-preview:large","max-video-preview":"max-video-preview:-1"},"canonical":"https:\/\/www.preventraide.fr\/contenus\/actualites\/sensibiliser-1001-personnes-en-1-journee-un-objectif-ambitieux-a-lyon\/","og_locale":"fr_FR","og_type":"article","og_title":"Sensibiliser 1001 personnes en 1 journ\u00e9e : un objectif ambitieux \u00e0 Lyon - Preventraide - Conseils Pr\u00e9vention","og_description":"Le week-end dernier, quatre de nos b\u00e9n\u00e9voles de notre \u00e9quipe locale de Lyon ont particip\u00e9 \u00e0 une journ\u00e9e de sensibilisation et de formation, s\u2019impliquant activement dans des ateliers tels que la Fresque du Climat et la Fresque de l\u2019Eau. Depuis septembre 2023, cette antenne est r\u00e9solument engag\u00e9e pour faire bouger les lignes, en particulier sur [&hellip;]","og_url":"https:\/\/www.preventraide.fr\/contenus\/actualites\/sensibiliser-1001-personnes-en-1-journee-un-objectif-ambitieux-a-lyon\/","og_site_name":"Preventraide - Conseils Pr\u00e9vention","article_published_time":"2024-11-28T05:45:00+00:00","og_image":[{"width":1210,"height":802,"url":"https:\/\/www.preventraide.fr\/contenus\/app\/uploads\/2024\/11\/Image1_Nero-AI_Photo_Face-2.jpeg","type":"image\/jpeg"}],"author":"Camille Jagueneau","twitter_card":"summary_large_image","twitter_misc":{"Written by":"Camille Jagueneau","Est. reading time":"2 minutes"},"schema":{"@context":"https:\/\/schema.org","@graph":[{"@type":"WebPage","@id":"https:\/\/www.preventraide.fr\/contenus\/actualites\/sensibiliser-1001-personnes-en-1-journee-un-objectif-ambitieux-a-lyon\/","url":"https:\/\/www.preventraide.fr\/contenus\/actualites\/sensibiliser-1001-personnes-en-1-journee-un-objectif-ambitieux-a-lyon\/","name":"Sensibiliser 1001 personnes en 1 journ\u00e9e : un objectif ambitieux \u00e0 Lyon - Preventraide - Conseils Pr\u00e9vention","isPartOf":{"@id":"https:\/\/www.preventraide.fr\/contenus\/#website"},"primaryImageOfPage":{"@id":"https:\/\/www.preventraide.fr\/contenus\/actualites\/sensibiliser-1001-personnes-en-1-journee-un-objectif-ambitieux-a-lyon\/#primaryimage"},"image":{"@id":"https:\/\/www.preventraide.fr\/contenus\/actualites\/sensibiliser-1001-personnes-en-1-journee-un-objectif-ambitieux-a-lyon\/#primaryimage"},"thumbnailUrl":"https:\/\/www.preventraide.fr\/contenus\/app\/uploads\/2024\/11\/Image1_Nero-AI_Photo_Face-2.jpeg","datePublished":"2024-11-28T05:45:00+00:00","author":{"@id":"https:\/\/www.preventraide.fr\/contenus\/#\/schema\/person\/610d5b148158ad8b26a57ee3481784b9"},"breadcrumb":{"@id":"https:\/\/www.preventraide.fr\/contenus\/actualites\/sensibiliser-1001-personnes-en-1-journee-un-objectif-ambitieux-a-lyon\/#breadcrumb"},"inLanguage":"fr-FR","potentialAction":[{"@type":"ReadAction","target":["https:\/\/www.preventraide.fr\/contenus\/actualites\/sensibiliser-1001-personnes-en-1-journee-un-objectif-ambitieux-a-lyon\/"]}]},{"@type":"ImageObject","inLanguage":"fr-FR","@id":"https:\/\/www.preventraide.fr\/contenus\/actualites\/sensibiliser-1001-personnes-en-1-journee-un-objectif-ambitieux-a-lyon\/#primaryimage","url":"https:\/\/www.preventraide.fr\/contenus\/app\/uploads\/2024\/11\/Image1_Nero-AI_Photo_Face-2.jpeg","contentUrl":"https:\/\/www.preventraide.fr\/contenus\/app\/uploads\/2024\/11\/Image1_Nero-AI_Photo_Face-2.jpeg","width":1210,"height":802},{"@type":"BreadcrumbList","@id":"https:\/\/www.preventraide.fr\/contenus\/actualites\/sensibiliser-1001-personnes-en-1-journee-un-objectif-ambitieux-a-lyon\/#breadcrumb","itemListElement":[{"@type":"ListItem","position":1,"name":"Accueil","item":"https:\/\/www.preventraide.fr"},{"@type":"ListItem","position":2,"name":"Sensibiliser 1001 personnes en 1 journ\u00e9e : un objectif ambitieux \u00e0 Lyon"}]},{"@type":"WebSite","@id":"https:\/\/www.preventraide.fr\/contenus\/#website","url":"https:\/\/www.preventraide.fr\/contenus\/","name":"Preventraide","description":"","potentialAction":[{"@type":"SearchAction","target":{"@type":"EntryPoint","urlTemplate":"https:\/\/www.preventraide.fr\/contenus\/?s={search_term_string}"},"query-input":{"@type":"PropertyValueSpecification","valueRequired":true,"valueName":"search_term_string"}}],"inLanguage":"fr-FR"},{"@type":"Person","@id":"https:\/\/www.preventraide.fr\/contenus\/#\/schema\/person\/610d5b148158ad8b26a57ee3481784b9","name":"Camille Jagueneau","image":{"@type":"ImageObject","inLanguage":"fr-FR","@id":"https:\/\/www.preventraide.fr\/contenus\/#\/schema\/person\/image\/","url":"https:\/\/secure.gravatar.com\/avatar\/3a79d305b8d74191fb30dfe16bb61532d97fe378fbea0c1b02acebf1deb00e68?s=96&d=mm&r=g","contentUrl":"https:\/\/secure.gravatar.com\/avatar\/3a79d305b8d74191fb30dfe16bb61532d97fe378fbea0c1b02acebf1deb00e68?s=96&d=mm&r=g","caption":"Camille Jagueneau"}}]}},"_links":{"self":[{"href":"https:\/\/www.preventraide.fr\/contenus\/wp-json\/wp\/v2\/posts\/1728","targetHints":{"allow":["GET"]}}],"collection":[{"href":"https:\/\/www.preventraide.fr\/contenus\/wp-json\/wp\/v2\/posts"}],"about":[{"href":"https:\/\/www.preventraide.fr\/contenus\/wp-json\/wp\/v2\/types\/post"}],"author":[{"embeddable":true,"href":"https:\/\/www.preventraide.fr\/contenus\/wp-json\/wp\/v2\/users\/6"}],"replies":[{"embeddable":true,"href":"https:\/\/www.preventraide.fr\/contenus\/wp-json\/wp\/v2\/comments?post=1728"}],"version-history":[{"count":0,"href":"https:\/\/www.preventraide.fr\/contenus\/wp-json\/wp\/v2\/posts\/1728\/revisions"}],"wp:featuredmedia":[{"embeddable":true,"href":"https:\/\/www.preventraide.fr\/contenus\/wp-json\/wp\/v2\/media\/1729"}],"wp:attachment":[{"href":"https:\/\/www.preventraide.fr\/contenus\/wp-json\/wp\/v2\/media?parent=1728"}],"wp:term":[{"taxonomy":"category","embeddable":true,"href":"https:\/\/www.preventraide.fr\/contenus\/wp-json\/wp\/v2\/categories?post=1728"},{"taxonomy":"post_tag","embeddable":true,"href":"https:\/\/www.preventraide.fr\/contenus\/wp-json\/wp\/v2\/tags?post=1728"}],"curies":[{"name":"wp","href":"https:\/\/api.w.org\/{rel}","templated":true}]}}