{"id":2142,"date":"2024-09-25T09:30:45","date_gmt":"2024-09-25T07:30:45","guid":{"rendered":"https:\/\/www.preventraide.fr\/contenus\/?p=1553"},"modified":"2024-09-25T09:30:45","modified_gmt":"2024-09-25T07:30:45","slug":"journee-nationale-de-la-resilience","status":"publish","type":"post","link":"https:\/\/www.preventraide.fr\/contenus\/actualites\/journee-nationale-de-la-resilience\/","title":{"rendered":"Journ\u00e9e d&rsquo;action face aux risques"},"content":{"rendered":"\n<p>A l\u2019occasion de cette journ\u00e9e et partout \u00e0 travers la France,&nbsp;l\u2019association Pr\u00e9vention MAIF organise des \u00e9v\u00e9nements&nbsp;pour sensibiliser et informer sur les risques pr\u00e9sents dans nos territoires.<\/p>\n\n\n\n<div class=\"wp-block-columns is-layout-flex wp-container-core-columns-is-layout-28f84493 wp-block-columns-is-layout-flex\">\n<div class=\"wp-block-column is-layout-flow wp-block-column-is-layout-flow\">\n<figure class=\"wp-block-embed is-type-video is-provider-youtube wp-block-embed-youtube wp-embed-aspect-4-3 wp-has-aspect-ratio\"><div class=\"wp-block-embed__wrapper\">\n<iframe loading=\"lazy\" title=\"Journ\u00e9e de la r\u00e9silience - 13 octobre\" width=\"500\" height=\"375\" src=\"https:\/\/www.youtube.com\/embed\/4Nm8VUXOiXw?feature=oembed\" frameborder=\"0\" allow=\"accelerometer; autoplay; clipboard-write; encrypted-media; gyroscope; picture-in-picture; web-share\" referrerpolicy=\"strict-origin-when-cross-origin\" allowfullscreen><\/iframe>\n<\/div><\/figure>\n<\/div>\n\n\n\n<div class=\"wp-block-column is-layout-flow wp-block-column-is-layout-flow\">\n<p><strong>Pourquoi cette journ\u00e9e ?<\/strong><br>\u00c0 la suite du rapport du Minist\u00e8re de la Transition Ecologique de novembre 2021, le gouvernement a act\u00e9 d\u2019une journ\u00e9e nationale autour des risques majeurs. Cette journ\u00e9e s\u2019appuie sur la journ\u00e9e internationale de l\u2019ONU sur \u00ab la r\u00e9duction des catastrophes naturelles \u00bb qui a lieu depuis 2009 le 13 octobre.<\/p>\n\n\n\n<p>La journ\u00e9e vise \u00e0 sensibiliser, informer et acculturer tous les citoyens aux risques qui les environnent, dans une logique d\u2019exercices pratiques et dans l\u2019objectif de contribuer \u00e0 la pr\u00e9paration de tous aux bons comportements en cas de survenance d\u2019une catastrophe.<\/p>\n\n\n\n<p><strong>Plus de 22 000 participants \u00e0 la Journ\u00e9e Nationale de la R\u00e9silience 2023<\/strong><br>Pour la deuxi\u00e8me ann\u00e9e cons\u00e9cutive, le 20 d\u00e9cembre 2023, Pr\u00e9vention MAIF a \u00e9t\u00e9 r\u00e9compens\u00e9e lors de la c\u00e9r\u00e9monie de la \u00ab Journ\u00e9e nationale de la r\u00e9silience \u2013 \u00c9dition 2023 \u00bb sous la pr\u00e9sidence des Ministres Christophe B\u00e9chu et Dominique Faure dans le Salon des Aigles de l\u2019H\u00f4tel Roquelaure aux Minist\u00e8res \u00c9cologie \u00c9nergie Territoires. Ce prix est venu saluer l\u2019ampleur et la port\u00e9e des actions de l\u2019association d\u00e9ploy\u00e9es partout en France au cours de la journ\u00e9e de la r\u00e9silience 2023. Souvenez-vous, \u00e0 cette occasion nous avions organis\u00e9 plus de 240 animations dans 140 villes.<\/p>\n<\/div>\n<\/div>\n\n\n\n<h2 class=\"wp-block-heading\"><strong>Participez \u00e0 un \u00e9v\u00e8nement pr\u00e8s de chez vous !<\/strong><\/h2>\n\n\n\n<p>Sur plus de 250 lieux, l\u2019association met en place des actions d\u2019acculturation et d\u2019appropriation autour des risques majeurs aupr\u00e8s des \u00e9coles primaires, des coll\u00e8ges, des lyc\u00e9es et du grand public par le biais de conf\u00e9rences et de spectacles ouverts aux publics.<\/p>\n\n\n\n<p>Retrouvez sur la carte interactive nos animations \u00e0 l\u2019occasion de cette journ\u00e9e :<\/p>\n\n\n\n<iframe loading=\"lazy\" src=\"https:\/\/carte-jnr.fr\/carte_interactive.html\" frameborder=\"0\" width=\"900\" height=\"1700\"><\/iframe>\n\n\n\n<h2 class=\"wp-block-heading\"><strong>Notre participation au R\u00e9silience Tour 2024<\/strong><\/h2>\n\n\n\n<div class=\"wp-block-columns is-layout-flex wp-container-core-columns-is-layout-28f84493 wp-block-columns-is-layout-flex\">\n<div class=\"wp-block-column is-layout-flow wp-block-column-is-layout-flow\">\n<figure class=\"wp-block-gallery columns-1 is-cropped wp-block-gallery-1 is-layout-flex wp-block-gallery-is-layout-flex\"><ul class=\"blocks-gallery-grid\"><li class=\"blocks-gallery-item\"><figure><img decoding=\"async\" src=\"https:\/\/www.preventraide.fr\/contenus\/app\/uploads\/2024\/10\/logo_resilience_tour.png\" alt=\"\" data-id=\"1578\" data-full-url=\"https:\/\/www.preventraide.fr\/contenus\/app\/uploads\/2024\/10\/logo_resilience_tour.png\" data-link=\"https:\/\/www.preventraide.fr\/contenus\/actualites\/journee-nationale-de-la-resilience\/logo_resilience_tour\/\" class=\"wp-image-1578\"\/><\/figure><\/li><\/ul><\/figure>\n<\/div>\n\n\n\n<div class=\"wp-block-column is-layout-flow wp-block-column-is-layout-flow\">\n<p>Certaines actions Pr\u00e9vention MAIF sont en partenariat avec\u00a0<strong>l\u2019Institut des Risques Majeurs (IRMa) et s\u2019inscrivent dans le cadre du\u00a0<\/strong><a href=\"https:\/\/resiliencetour.fr\/\"><strong>R\u00e9silience Tour 2024<\/strong><\/a><strong>.<\/strong><\/p>\n<\/div>\n<\/div>\n\n\n\n<h2 class=\"wp-block-heading\"><strong>Nos partenaires<\/strong><\/h2>\n\n\n\n<ul class=\"wp-block-list\"><li>L\u2019agglom\u00e9ration de la Rochelle \u2013 Service des risques majeurs.<\/li><li>Partenaires Scientifique : Science PO, Sorbonne,&nbsp;<\/li><li>Partenaire Technique : Croix rouge fran\u00e7aise, AFPCNT, CEPRI<\/li><li>Minist\u00e8re de la Transition \u00e9cologique et de la Coh\u00e9sion des territoires<\/li><li>Minist\u00e8re de l\u2019int\u00e9rieur et des outre-mer<\/li><li>Minist\u00e8re de l\u2019Education Nationale et de la Jeunesse<\/li><\/ul>\n","protected":false},"excerpt":{"rendered":"<p>A l\u2019occasion de cette journ\u00e9e et partout \u00e0 travers la France,&nbsp;l\u2019association Pr\u00e9vention MAIF organise des \u00e9v\u00e9nements&nbsp;pour sensibiliser et informer sur les risques pr\u00e9sents dans nos territoires. Pourquoi cette journ\u00e9e ?\u00c0 la suite du rapport du Minist\u00e8re de la Transition Ecologique de novembre 2021, le gouvernement a act\u00e9 d\u2019une journ\u00e9e nationale autour des risques majeurs. Cette [&hellip;]<\/p>\n","protected":false},"author":6,"featured_media":2087,"comment_status":"closed","ping_status":"closed","sticky":false,"template":"","format":"standard","meta":{"_acf_changed":false,"inline_featured_image":false,"ghostkit_customizer_options":"","ghostkit_custom_css":"","ghostkit_custom_js_head":"","ghostkit_custom_js_foot":"","ghostkit_typography":"","footnotes":""},"categories":[2],"tags":[],"class_list":["post-2142","post","type-post","status-publish","format-standard","has-post-thumbnail","hentry","category-non-classifie"],"acf":[],"yoast_head":"<!-- This site is optimized with the Yoast SEO plugin v24.9 - https:\/\/yoast.com\/wordpress\/plugins\/seo\/ -->\n<title>Journ\u00e9e d&#039;action face aux risques - Preventraide - Conseils Pr\u00e9vention<\/title>\n<meta name=\"robots\" content=\"index, follow, max-snippet:-1, max-image-preview:large, max-video-preview:-1\" \/>\n<link rel=\"canonical\" href=\"https:\/\/www.preventraide.fr\/contenus\/actualites\/journee-nationale-de-la-resilience\/\" \/>\n<meta property=\"og:locale\" content=\"fr_FR\" \/>\n<meta property=\"og:type\" content=\"article\" \/>\n<meta property=\"og:title\" content=\"Journ\u00e9e d&#039;action face aux risques - Preventraide - Conseils Pr\u00e9vention\" \/>\n<meta property=\"og:description\" content=\"A l\u2019occasion de cette journ\u00e9e et partout \u00e0 travers la France,&nbsp;l\u2019association Pr\u00e9vention MAIF organise des \u00e9v\u00e9nements&nbsp;pour sensibiliser et informer sur les risques pr\u00e9sents dans nos territoires. Pourquoi cette journ\u00e9e ?\u00c0 la suite du rapport du Minist\u00e8re de la Transition Ecologique de novembre 2021, le gouvernement a act\u00e9 d\u2019une journ\u00e9e nationale autour des risques majeurs. Cette [&hellip;]\" \/>\n<meta property=\"og:url\" content=\"https:\/\/www.preventraide.fr\/contenus\/actualites\/journee-nationale-de-la-resilience\/\" \/>\n<meta property=\"og:site_name\" content=\"Preventraide - Conseils Pr\u00e9vention\" \/>\n<meta property=\"article:published_time\" content=\"2024-09-25T07:30:45+00:00\" \/>\n<meta property=\"og:image\" content=\"https:\/\/www.preventraide.fr\/contenus\/app\/uploads\/2024\/09\/Carre_13ctobre-scaled.png\" \/>\n\t<meta property=\"og:image:width\" content=\"2560\" \/>\n\t<meta property=\"og:image:height\" content=\"2560\" \/>\n\t<meta property=\"og:image:type\" content=\"image\/png\" \/>\n<meta name=\"author\" content=\"Camille Jagueneau\" \/>\n<meta name=\"twitter:card\" content=\"summary_large_image\" \/>\n<meta name=\"twitter:label1\" content=\"Written by\" \/>\n\t<meta name=\"twitter:data1\" content=\"Camille Jagueneau\" \/>\n\t<meta name=\"twitter:label2\" content=\"Est. reading time\" \/>\n\t<meta name=\"twitter:data2\" content=\"2 minutes\" \/>\n<script type=\"application\/ld+json\" class=\"yoast-schema-graph\">{\"@context\":\"https:\/\/schema.org\",\"@graph\":[{\"@type\":\"WebPage\",\"@id\":\"https:\/\/www.preventraide.fr\/contenus\/actualites\/journee-nationale-de-la-resilience\/\",\"url\":\"https:\/\/www.preventraide.fr\/contenus\/actualites\/journee-nationale-de-la-resilience\/\",\"name\":\"Journ\u00e9e d'action face aux risques - Preventraide - Conseils Pr\u00e9vention\",\"isPartOf\":{\"@id\":\"https:\/\/www.preventraide.fr\/contenus\/#website\"},\"primaryImageOfPage\":{\"@id\":\"https:\/\/www.preventraide.fr\/contenus\/actualites\/journee-nationale-de-la-resilience\/#primaryimage\"},\"image\":{\"@id\":\"https:\/\/www.preventraide.fr\/contenus\/actualites\/journee-nationale-de-la-resilience\/#primaryimage\"},\"thumbnailUrl\":\"https:\/\/www.preventraide.fr\/contenus\/app\/uploads\/2024\/09\/Carre_13ctobre-scaled.png\",\"datePublished\":\"2024-09-25T07:30:45+00:00\",\"author\":{\"@id\":\"https:\/\/www.preventraide.fr\/contenus\/#\/schema\/person\/610d5b148158ad8b26a57ee3481784b9\"},\"breadcrumb\":{\"@id\":\"https:\/\/www.preventraide.fr\/contenus\/actualites\/journee-nationale-de-la-resilience\/#breadcrumb\"},\"inLanguage\":\"fr-FR\",\"potentialAction\":[{\"@type\":\"ReadAction\",\"target\":[\"https:\/\/www.preventraide.fr\/contenus\/actualites\/journee-nationale-de-la-resilience\/\"]}]},{\"@type\":\"ImageObject\",\"inLanguage\":\"fr-FR\",\"@id\":\"https:\/\/www.preventraide.fr\/contenus\/actualites\/journee-nationale-de-la-resilience\/#primaryimage\",\"url\":\"https:\/\/www.preventraide.fr\/contenus\/app\/uploads\/2024\/09\/Carre_13ctobre-scaled.png\",\"contentUrl\":\"https:\/\/www.preventraide.fr\/contenus\/app\/uploads\/2024\/09\/Carre_13ctobre-scaled.png\",\"width\":2560,\"height\":2560},{\"@type\":\"BreadcrumbList\",\"@id\":\"https:\/\/www.preventraide.fr\/contenus\/actualites\/journee-nationale-de-la-resilience\/#breadcrumb\",\"itemListElement\":[{\"@type\":\"ListItem\",\"position\":1,\"name\":\"Accueil\",\"item\":\"https:\/\/www.preventraide.fr\"},{\"@type\":\"ListItem\",\"position\":2,\"name\":\"Journ\u00e9e d&rsquo;action face aux risques\"}]},{\"@type\":\"WebSite\",\"@id\":\"https:\/\/www.preventraide.fr\/contenus\/#website\",\"url\":\"https:\/\/www.preventraide.fr\/contenus\/\",\"name\":\"Preventraide\",\"description\":\"\",\"potentialAction\":[{\"@type\":\"SearchAction\",\"target\":{\"@type\":\"EntryPoint\",\"urlTemplate\":\"https:\/\/www.preventraide.fr\/contenus\/?s={search_term_string}\"},\"query-input\":{\"@type\":\"PropertyValueSpecification\",\"valueRequired\":true,\"valueName\":\"search_term_string\"}}],\"inLanguage\":\"fr-FR\"},{\"@type\":\"Person\",\"@id\":\"https:\/\/www.preventraide.fr\/contenus\/#\/schema\/person\/610d5b148158ad8b26a57ee3481784b9\",\"name\":\"Camille Jagueneau\",\"image\":{\"@type\":\"ImageObject\",\"inLanguage\":\"fr-FR\",\"@id\":\"https:\/\/www.preventraide.fr\/contenus\/#\/schema\/person\/image\/\",\"url\":\"https:\/\/secure.gravatar.com\/avatar\/3a79d305b8d74191fb30dfe16bb61532d97fe378fbea0c1b02acebf1deb00e68?s=96&d=mm&r=g\",\"contentUrl\":\"https:\/\/secure.gravatar.com\/avatar\/3a79d305b8d74191fb30dfe16bb61532d97fe378fbea0c1b02acebf1deb00e68?s=96&d=mm&r=g\",\"caption\":\"Camille Jagueneau\"}}]}<\/script>\n<!-- \/ Yoast SEO plugin. -->","yoast_head_json":{"title":"Journ\u00e9e d'action face aux risques - Preventraide - Conseils Pr\u00e9vention","robots":{"index":"index","follow":"follow","max-snippet":"max-snippet:-1","max-image-preview":"max-image-preview:large","max-video-preview":"max-video-preview:-1"},"canonical":"https:\/\/www.preventraide.fr\/contenus\/actualites\/journee-nationale-de-la-resilience\/","og_locale":"fr_FR","og_type":"article","og_title":"Journ\u00e9e d'action face aux risques - Preventraide - Conseils Pr\u00e9vention","og_description":"A l\u2019occasion de cette journ\u00e9e et partout \u00e0 travers la France,&nbsp;l\u2019association Pr\u00e9vention MAIF organise des \u00e9v\u00e9nements&nbsp;pour sensibiliser et informer sur les risques pr\u00e9sents dans nos territoires. Pourquoi cette journ\u00e9e ?\u00c0 la suite du rapport du Minist\u00e8re de la Transition Ecologique de novembre 2021, le gouvernement a act\u00e9 d\u2019une journ\u00e9e nationale autour des risques majeurs. Cette [&hellip;]","og_url":"https:\/\/www.preventraide.fr\/contenus\/actualites\/journee-nationale-de-la-resilience\/","og_site_name":"Preventraide - Conseils Pr\u00e9vention","article_published_time":"2024-09-25T07:30:45+00:00","og_image":[{"width":2560,"height":2560,"url":"https:\/\/www.preventraide.fr\/contenus\/app\/uploads\/2024\/09\/Carre_13ctobre-scaled.png","type":"image\/png"}],"author":"Camille Jagueneau","twitter_card":"summary_large_image","twitter_misc":{"Written by":"Camille Jagueneau","Est. reading time":"2 minutes"},"schema":{"@context":"https:\/\/schema.org","@graph":[{"@type":"WebPage","@id":"https:\/\/www.preventraide.fr\/contenus\/actualites\/journee-nationale-de-la-resilience\/","url":"https:\/\/www.preventraide.fr\/contenus\/actualites\/journee-nationale-de-la-resilience\/","name":"Journ\u00e9e d'action face aux risques - Preventraide - Conseils Pr\u00e9vention","isPartOf":{"@id":"https:\/\/www.preventraide.fr\/contenus\/#website"},"primaryImageOfPage":{"@id":"https:\/\/www.preventraide.fr\/contenus\/actualites\/journee-nationale-de-la-resilience\/#primaryimage"},"image":{"@id":"https:\/\/www.preventraide.fr\/contenus\/actualites\/journee-nationale-de-la-resilience\/#primaryimage"},"thumbnailUrl":"https:\/\/www.preventraide.fr\/contenus\/app\/uploads\/2024\/09\/Carre_13ctobre-scaled.png","datePublished":"2024-09-25T07:30:45+00:00","author":{"@id":"https:\/\/www.preventraide.fr\/contenus\/#\/schema\/person\/610d5b148158ad8b26a57ee3481784b9"},"breadcrumb":{"@id":"https:\/\/www.preventraide.fr\/contenus\/actualites\/journee-nationale-de-la-resilience\/#breadcrumb"},"inLanguage":"fr-FR","potentialAction":[{"@type":"ReadAction","target":["https:\/\/www.preventraide.fr\/contenus\/actualites\/journee-nationale-de-la-resilience\/"]}]},{"@type":"ImageObject","inLanguage":"fr-FR","@id":"https:\/\/www.preventraide.fr\/contenus\/actualites\/journee-nationale-de-la-resilience\/#primaryimage","url":"https:\/\/www.preventraide.fr\/contenus\/app\/uploads\/2024\/09\/Carre_13ctobre-scaled.png","contentUrl":"https:\/\/www.preventraide.fr\/contenus\/app\/uploads\/2024\/09\/Carre_13ctobre-scaled.png","width":2560,"height":2560},{"@type":"BreadcrumbList","@id":"https:\/\/www.preventraide.fr\/contenus\/actualites\/journee-nationale-de-la-resilience\/#breadcrumb","itemListElement":[{"@type":"ListItem","position":1,"name":"Accueil","item":"https:\/\/www.preventraide.fr"},{"@type":"ListItem","position":2,"name":"Journ\u00e9e d&rsquo;action face aux risques"}]},{"@type":"WebSite","@id":"https:\/\/www.preventraide.fr\/contenus\/#website","url":"https:\/\/www.preventraide.fr\/contenus\/","name":"Preventraide","description":"","potentialAction":[{"@type":"SearchAction","target":{"@type":"EntryPoint","urlTemplate":"https:\/\/www.preventraide.fr\/contenus\/?s={search_term_string}"},"query-input":{"@type":"PropertyValueSpecification","valueRequired":true,"valueName":"search_term_string"}}],"inLanguage":"fr-FR"},{"@type":"Person","@id":"https:\/\/www.preventraide.fr\/contenus\/#\/schema\/person\/610d5b148158ad8b26a57ee3481784b9","name":"Camille Jagueneau","image":{"@type":"ImageObject","inLanguage":"fr-FR","@id":"https:\/\/www.preventraide.fr\/contenus\/#\/schema\/person\/image\/","url":"https:\/\/secure.gravatar.com\/avatar\/3a79d305b8d74191fb30dfe16bb61532d97fe378fbea0c1b02acebf1deb00e68?s=96&d=mm&r=g","contentUrl":"https:\/\/secure.gravatar.com\/avatar\/3a79d305b8d74191fb30dfe16bb61532d97fe378fbea0c1b02acebf1deb00e68?s=96&d=mm&r=g","caption":"Camille Jagueneau"}}]}},"_links":{"self":[{"href":"https:\/\/www.preventraide.fr\/contenus\/wp-json\/wp\/v2\/posts\/2142","targetHints":{"allow":["GET"]}}],"collection":[{"href":"https:\/\/www.preventraide.fr\/contenus\/wp-json\/wp\/v2\/posts"}],"about":[{"href":"https:\/\/www.preventraide.fr\/contenus\/wp-json\/wp\/v2\/types\/post"}],"author":[{"embeddable":true,"href":"https:\/\/www.preventraide.fr\/contenus\/wp-json\/wp\/v2\/users\/6"}],"replies":[{"embeddable":true,"href":"https:\/\/www.preventraide.fr\/contenus\/wp-json\/wp\/v2\/comments?post=2142"}],"version-history":[{"count":0,"href":"https:\/\/www.preventraide.fr\/contenus\/wp-json\/wp\/v2\/posts\/2142\/revisions"}],"wp:featuredmedia":[{"embeddable":true,"href":"https:\/\/www.preventraide.fr\/contenus\/wp-json\/wp\/v2\/media\/2087"}],"wp:attachment":[{"href":"https:\/\/www.preventraide.fr\/contenus\/wp-json\/wp\/v2\/media?parent=2142"}],"wp:term":[{"taxonomy":"category","embeddable":true,"href":"https:\/\/www.preventraide.fr\/contenus\/wp-json\/wp\/v2\/categories?post=2142"},{"taxonomy":"post_tag","embeddable":true,"href":"https:\/\/www.preventraide.fr\/contenus\/wp-json\/wp\/v2\/tags?post=2142"}],"curies":[{"name":"wp","href":"https:\/\/api.w.org\/{rel}","templated":true}]}}