{"id":2143,"date":"2024-10-09T09:24:40","date_gmt":"2024-10-09T07:24:40","guid":{"rendered":"https:\/\/www.preventraide.fr\/contenus\/?p=1571"},"modified":"2024-10-09T09:24:40","modified_gmt":"2024-10-09T07:24:40","slug":"sensibilisation-aux-risques-majeurs-evenement-pieds-mouilles-droles-didees-a-belleville-sur-loire","status":"publish","type":"post","link":"https:\/\/www.preventraide.fr\/contenus\/actualites\/sensibilisation-aux-risques-majeurs-evenement-pieds-mouilles-droles-didees-a-belleville-sur-loire\/","title":{"rendered":"Sensibilisation aux Risques Majeurs : \u00c9v\u00e9nement Pieds Mouill\u00e9s, Dr\u00f4les d\u2019Id\u00e9es \u00e0 Belleville-sur-Loire"},"content":{"rendered":"\n<div class=\"wp-block-columns is-layout-flex wp-container-core-columns-is-layout-28f84493 wp-block-columns-is-layout-flex\">\n<div class=\"wp-block-column is-layout-flow wp-block-column-is-layout-flow\">\n<figure class=\"wp-block-gallery columns-1 is-cropped wp-block-gallery-1 is-layout-flex wp-block-gallery-is-layout-flex\"><ul class=\"blocks-gallery-grid\"><li class=\"blocks-gallery-item\"><figure><img decoding=\"async\" src=\"https:\/\/www.preventraide.fr\/contenus\/app\/uploads\/2024\/10\/IMG_7115-768x1024.jpg\" alt=\"\" data-id=\"1575\" data-full-url=\"https:\/\/www.preventraide.fr\/contenus\/app\/uploads\/2024\/10\/IMG_7115-scaled.jpg\" data-link=\"https:\/\/www.preventraide.fr\/contenus\/?attachment_id=1575\" class=\"wp-image-1575\"\/><\/figure><\/li><\/ul><\/figure>\n<\/div>\n\n\n\n<div class=\"wp-block-column is-layout-flow wp-block-column-is-layout-flow\">\n<p>Les 3, 4 et 5 octobre 2024, les b\u00e9n\u00e9voles Pr\u00e9vention MAIF de l\u2019antenne de BOURGES ont particip\u00e9 \u00e0 la premi\u00e8re \u00e9tape du circuit \u00ab pieds mouill\u00e9s, dr\u00f4les d\u2019id\u00e9es \u00bb pilot\u00e9 par la F\u00e9d\u00e9ration des Maisons de Loire. Ils ont anim\u00e9 des actions de sensibilisation aux risques majeurs et notamment aux inondations.<\/p>\n\n\n\n<p>Avec les diff\u00e9rents partenaires (Maison de Loire de Belleville, Pr\u00e9fecture du Cher, DSDEN, R\u00e9gion Centre-Val de Loire, \u00c9tablissement Public Loire, les Communaut\u00e9s de Communes Pays Fort, Sancerrois, Val de Loire et Berry Loire Puisaye, la Protection Civile, l\u2019Ordre de Malte et le SDIS), de nombreux ateliers ont \u00e9t\u00e9 r\u00e9alis\u00e9s.<\/p>\n\n\n\n<p>Chaque enfant muni de son \u00ab passeport \u00bb a pu d\u00e9couvrir \u00ab les gestes qui sauvent \u00bb, \u00ab le jeu Pr\u00e9vEntraide\u00bb, \u00ab Cart\u2019eau \u00bb, \u00ab Chamboule crue \u00bb, \u00ab un Escape Game \u00bb\u2026 Chacun est reparti heureux, content d\u2019avoir enrichi ses connaissances.<\/p>\n\n\n\n<p>Pauline, 10 ans, sourire aux l\u00e8vres, s\u2019est \u00e9cri\u00e9e \u00e0 propos du jeu Pr\u00e8ventraide : \u00ab C\u2019est super ce jeu, je reviendrai samedi avec mes parents pour continuer\u2026 \u00bb \u00ab Moi aussi, \u00bb a r\u00e9pondu Inassya, \u00ab surtout qu\u2019il y aura une pi\u00e8ce de th\u00e9\u00e2tre \u201cLa Loire dans ton couloir\u201d avec la compagnie l\u2019Intruse. \u00bb<\/p>\n\n\n\n<p>Certains enseignants ont aussi souhait\u00e9 utiliser plus longuement le jeu Pr\u00e9vEntraide dans leur classe et c\u2019est avec enthousiasme que les b\u00e9n\u00e9voles de Pr\u00e9vention MAIF r\u00e9pondront \u00e0 leur demande.<\/p>\n\n\n\n<p>540 \u00e9l\u00e8ves du cycle 3 ou coll\u00e9giens ont \u00e9t\u00e9 accueillis les deux premiers jours et le 3\u00e8me jour a \u00e9t\u00e9 consacr\u00e9 aux familles et tout public. Le jeu Pr\u00e9vEntraide et l\u2019atelier \u00ab je fais ma valise \u00bb ont connu un r\u00e9el succ\u00e8s puisque 39 enfants, 10 adolescents et 40 adultes ont particip\u00e9 le samedi.<\/p>\n<\/div>\n<\/div>\n\n\n\n<figure class=\"wp-block-gallery columns-3 is-cropped wp-block-gallery-2 is-layout-flex wp-block-gallery-is-layout-flex\"><ul class=\"blocks-gallery-grid\"><li class=\"blocks-gallery-item\"><figure><img decoding=\"async\" src=\"https:\/\/www.preventraide.fr\/contenus\/app\/uploads\/2024\/10\/IMG_7141-768x1024.jpg\" alt=\"\" data-id=\"1572\" data-full-url=\"https:\/\/www.preventraide.fr\/contenus\/app\/uploads\/2024\/10\/IMG_7141-scaled.jpg\" data-link=\"https:\/\/www.preventraide.fr\/contenus\/?attachment_id=1572\" class=\"wp-image-1572\"\/><\/figure><\/li><li class=\"blocks-gallery-item\"><figure><img decoding=\"async\" src=\"https:\/\/www.preventraide.fr\/contenus\/app\/uploads\/2024\/10\/IMG_7101-768x1024.jpg\" alt=\"\" data-id=\"1573\" data-full-url=\"https:\/\/www.preventraide.fr\/contenus\/app\/uploads\/2024\/10\/IMG_7101-scaled.jpg\" data-link=\"https:\/\/www.preventraide.fr\/contenus\/?attachment_id=1573\" class=\"wp-image-1573\"\/><\/figure><\/li><li class=\"blocks-gallery-item\"><figure><img decoding=\"async\" src=\"https:\/\/www.preventraide.fr\/contenus\/app\/uploads\/2024\/10\/IMG_7128-768x1024.jpg\" alt=\"\" data-id=\"1574\" data-full-url=\"https:\/\/www.preventraide.fr\/contenus\/app\/uploads\/2024\/10\/IMG_7128-scaled.jpg\" data-link=\"https:\/\/www.preventraide.fr\/contenus\/?attachment_id=1574\" class=\"wp-image-1574\"\/><\/figure><\/li><\/ul><\/figure>\n","protected":false},"excerpt":{"rendered":"<p>Les 3, 4 et 5 octobre 2024, les b\u00e9n\u00e9voles Pr\u00e9vention MAIF de l\u2019antenne de BOURGES ont particip\u00e9 \u00e0 la premi\u00e8re \u00e9tape du circuit \u00ab pieds mouill\u00e9s, dr\u00f4les d\u2019id\u00e9es \u00bb pilot\u00e9 par la F\u00e9d\u00e9ration des Maisons de Loire. Ils ont anim\u00e9 des actions de sensibilisation aux risques majeurs et notamment aux inondations. Avec les diff\u00e9rents partenaires [&hellip;]<\/p>\n","protected":false},"author":6,"featured_media":2091,"comment_status":"closed","ping_status":"closed","sticky":false,"template":"","format":"standard","meta":{"_acf_changed":false,"inline_featured_image":false,"ghostkit_customizer_options":"","ghostkit_custom_css":"","ghostkit_custom_js_head":"","ghostkit_custom_js_foot":"","ghostkit_typography":"","footnotes":""},"categories":[2],"tags":[],"class_list":["post-2143","post","type-post","status-publish","format-standard","has-post-thumbnail","hentry","category-non-classifie"],"acf":[],"yoast_head":"<!-- This site is optimized with the Yoast SEO plugin v24.9 - https:\/\/yoast.com\/wordpress\/plugins\/seo\/ -->\n<title>Sensibilisation aux Risques Majeurs : \u00c9v\u00e9nement Pieds Mouill\u00e9s, Dr\u00f4les d\u2019Id\u00e9es \u00e0 Belleville-sur-Loire - Preventraide - Conseils Pr\u00e9vention<\/title>\n<meta name=\"robots\" content=\"index, follow, max-snippet:-1, max-image-preview:large, max-video-preview:-1\" \/>\n<link rel=\"canonical\" href=\"https:\/\/www.preventraide.fr\/contenus\/actualites\/sensibilisation-aux-risques-majeurs-evenement-pieds-mouilles-droles-didees-a-belleville-sur-loire\/\" \/>\n<meta property=\"og:locale\" content=\"fr_FR\" \/>\n<meta property=\"og:type\" content=\"article\" \/>\n<meta property=\"og:title\" content=\"Sensibilisation aux Risques Majeurs : \u00c9v\u00e9nement Pieds Mouill\u00e9s, Dr\u00f4les d\u2019Id\u00e9es \u00e0 Belleville-sur-Loire - Preventraide - Conseils Pr\u00e9vention\" \/>\n<meta property=\"og:description\" content=\"Les 3, 4 et 5 octobre 2024, les b\u00e9n\u00e9voles Pr\u00e9vention MAIF de l\u2019antenne de BOURGES ont particip\u00e9 \u00e0 la premi\u00e8re \u00e9tape du circuit \u00ab pieds mouill\u00e9s, dr\u00f4les d\u2019id\u00e9es \u00bb pilot\u00e9 par la F\u00e9d\u00e9ration des Maisons de Loire. Ils ont anim\u00e9 des actions de sensibilisation aux risques majeurs et notamment aux inondations. Avec les diff\u00e9rents partenaires [&hellip;]\" \/>\n<meta property=\"og:url\" content=\"https:\/\/www.preventraide.fr\/contenus\/actualites\/sensibilisation-aux-risques-majeurs-evenement-pieds-mouilles-droles-didees-a-belleville-sur-loire\/\" \/>\n<meta property=\"og:site_name\" content=\"Preventraide - Conseils Pr\u00e9vention\" \/>\n<meta property=\"article:published_time\" content=\"2024-10-09T07:24:40+00:00\" \/>\n<meta property=\"og:image\" content=\"https:\/\/www.preventraide.fr\/contenus\/app\/uploads\/2024\/10\/IMG_7115-scaled-1.jpg\" \/>\n\t<meta property=\"og:image:width\" content=\"1920\" \/>\n\t<meta property=\"og:image:height\" content=\"2560\" \/>\n\t<meta property=\"og:image:type\" content=\"image\/jpeg\" \/>\n<meta name=\"author\" content=\"Camille Jagueneau\" \/>\n<meta name=\"twitter:card\" content=\"summary_large_image\" \/>\n<meta name=\"twitter:label1\" content=\"Written by\" \/>\n\t<meta name=\"twitter:data1\" content=\"Camille Jagueneau\" \/>\n\t<meta name=\"twitter:label2\" content=\"Est. reading time\" \/>\n\t<meta name=\"twitter:data2\" content=\"2 minutes\" \/>\n<script type=\"application\/ld+json\" class=\"yoast-schema-graph\">{\"@context\":\"https:\/\/schema.org\",\"@graph\":[{\"@type\":\"WebPage\",\"@id\":\"https:\/\/www.preventraide.fr\/contenus\/actualites\/sensibilisation-aux-risques-majeurs-evenement-pieds-mouilles-droles-didees-a-belleville-sur-loire\/\",\"url\":\"https:\/\/www.preventraide.fr\/contenus\/actualites\/sensibilisation-aux-risques-majeurs-evenement-pieds-mouilles-droles-didees-a-belleville-sur-loire\/\",\"name\":\"Sensibilisation aux Risques Majeurs : \u00c9v\u00e9nement Pieds Mouill\u00e9s, Dr\u00f4les d\u2019Id\u00e9es \u00e0 Belleville-sur-Loire - Preventraide - Conseils Pr\u00e9vention\",\"isPartOf\":{\"@id\":\"https:\/\/www.preventraide.fr\/contenus\/#website\"},\"primaryImageOfPage\":{\"@id\":\"https:\/\/www.preventraide.fr\/contenus\/actualites\/sensibilisation-aux-risques-majeurs-evenement-pieds-mouilles-droles-didees-a-belleville-sur-loire\/#primaryimage\"},\"image\":{\"@id\":\"https:\/\/www.preventraide.fr\/contenus\/actualites\/sensibilisation-aux-risques-majeurs-evenement-pieds-mouilles-droles-didees-a-belleville-sur-loire\/#primaryimage\"},\"thumbnailUrl\":\"https:\/\/www.preventraide.fr\/contenus\/app\/uploads\/2024\/10\/IMG_7115-scaled-1.jpg\",\"datePublished\":\"2024-10-09T07:24:40+00:00\",\"author\":{\"@id\":\"https:\/\/www.preventraide.fr\/contenus\/#\/schema\/person\/610d5b148158ad8b26a57ee3481784b9\"},\"breadcrumb\":{\"@id\":\"https:\/\/www.preventraide.fr\/contenus\/actualites\/sensibilisation-aux-risques-majeurs-evenement-pieds-mouilles-droles-didees-a-belleville-sur-loire\/#breadcrumb\"},\"inLanguage\":\"fr-FR\",\"potentialAction\":[{\"@type\":\"ReadAction\",\"target\":[\"https:\/\/www.preventraide.fr\/contenus\/actualites\/sensibilisation-aux-risques-majeurs-evenement-pieds-mouilles-droles-didees-a-belleville-sur-loire\/\"]}]},{\"@type\":\"ImageObject\",\"inLanguage\":\"fr-FR\",\"@id\":\"https:\/\/www.preventraide.fr\/contenus\/actualites\/sensibilisation-aux-risques-majeurs-evenement-pieds-mouilles-droles-didees-a-belleville-sur-loire\/#primaryimage\",\"url\":\"https:\/\/www.preventraide.fr\/contenus\/app\/uploads\/2024\/10\/IMG_7115-scaled-1.jpg\",\"contentUrl\":\"https:\/\/www.preventraide.fr\/contenus\/app\/uploads\/2024\/10\/IMG_7115-scaled-1.jpg\",\"width\":1920,\"height\":2560},{\"@type\":\"BreadcrumbList\",\"@id\":\"https:\/\/www.preventraide.fr\/contenus\/actualites\/sensibilisation-aux-risques-majeurs-evenement-pieds-mouilles-droles-didees-a-belleville-sur-loire\/#breadcrumb\",\"itemListElement\":[{\"@type\":\"ListItem\",\"position\":1,\"name\":\"Accueil\",\"item\":\"https:\/\/www.preventraide.fr\"},{\"@type\":\"ListItem\",\"position\":2,\"name\":\"Sensibilisation aux Risques Majeurs : \u00c9v\u00e9nement Pieds Mouill\u00e9s, Dr\u00f4les d\u2019Id\u00e9es \u00e0 Belleville-sur-Loire\"}]},{\"@type\":\"WebSite\",\"@id\":\"https:\/\/www.preventraide.fr\/contenus\/#website\",\"url\":\"https:\/\/www.preventraide.fr\/contenus\/\",\"name\":\"Preventraide\",\"description\":\"\",\"potentialAction\":[{\"@type\":\"SearchAction\",\"target\":{\"@type\":\"EntryPoint\",\"urlTemplate\":\"https:\/\/www.preventraide.fr\/contenus\/?s={search_term_string}\"},\"query-input\":{\"@type\":\"PropertyValueSpecification\",\"valueRequired\":true,\"valueName\":\"search_term_string\"}}],\"inLanguage\":\"fr-FR\"},{\"@type\":\"Person\",\"@id\":\"https:\/\/www.preventraide.fr\/contenus\/#\/schema\/person\/610d5b148158ad8b26a57ee3481784b9\",\"name\":\"Camille Jagueneau\",\"image\":{\"@type\":\"ImageObject\",\"inLanguage\":\"fr-FR\",\"@id\":\"https:\/\/www.preventraide.fr\/contenus\/#\/schema\/person\/image\/\",\"url\":\"https:\/\/secure.gravatar.com\/avatar\/3a79d305b8d74191fb30dfe16bb61532d97fe378fbea0c1b02acebf1deb00e68?s=96&d=mm&r=g\",\"contentUrl\":\"https:\/\/secure.gravatar.com\/avatar\/3a79d305b8d74191fb30dfe16bb61532d97fe378fbea0c1b02acebf1deb00e68?s=96&d=mm&r=g\",\"caption\":\"Camille Jagueneau\"}}]}<\/script>\n<!-- \/ Yoast SEO plugin. -->","yoast_head_json":{"title":"Sensibilisation aux Risques Majeurs : \u00c9v\u00e9nement Pieds Mouill\u00e9s, Dr\u00f4les d\u2019Id\u00e9es \u00e0 Belleville-sur-Loire - Preventraide - Conseils Pr\u00e9vention","robots":{"index":"index","follow":"follow","max-snippet":"max-snippet:-1","max-image-preview":"max-image-preview:large","max-video-preview":"max-video-preview:-1"},"canonical":"https:\/\/www.preventraide.fr\/contenus\/actualites\/sensibilisation-aux-risques-majeurs-evenement-pieds-mouilles-droles-didees-a-belleville-sur-loire\/","og_locale":"fr_FR","og_type":"article","og_title":"Sensibilisation aux Risques Majeurs : \u00c9v\u00e9nement Pieds Mouill\u00e9s, Dr\u00f4les d\u2019Id\u00e9es \u00e0 Belleville-sur-Loire - Preventraide - Conseils Pr\u00e9vention","og_description":"Les 3, 4 et 5 octobre 2024, les b\u00e9n\u00e9voles Pr\u00e9vention MAIF de l\u2019antenne de BOURGES ont particip\u00e9 \u00e0 la premi\u00e8re \u00e9tape du circuit \u00ab pieds mouill\u00e9s, dr\u00f4les d\u2019id\u00e9es \u00bb pilot\u00e9 par la F\u00e9d\u00e9ration des Maisons de Loire. Ils ont anim\u00e9 des actions de sensibilisation aux risques majeurs et notamment aux inondations. Avec les diff\u00e9rents partenaires [&hellip;]","og_url":"https:\/\/www.preventraide.fr\/contenus\/actualites\/sensibilisation-aux-risques-majeurs-evenement-pieds-mouilles-droles-didees-a-belleville-sur-loire\/","og_site_name":"Preventraide - Conseils Pr\u00e9vention","article_published_time":"2024-10-09T07:24:40+00:00","og_image":[{"width":1920,"height":2560,"url":"https:\/\/www.preventraide.fr\/contenus\/app\/uploads\/2024\/10\/IMG_7115-scaled-1.jpg","type":"image\/jpeg"}],"author":"Camille Jagueneau","twitter_card":"summary_large_image","twitter_misc":{"Written by":"Camille Jagueneau","Est. reading time":"2 minutes"},"schema":{"@context":"https:\/\/schema.org","@graph":[{"@type":"WebPage","@id":"https:\/\/www.preventraide.fr\/contenus\/actualites\/sensibilisation-aux-risques-majeurs-evenement-pieds-mouilles-droles-didees-a-belleville-sur-loire\/","url":"https:\/\/www.preventraide.fr\/contenus\/actualites\/sensibilisation-aux-risques-majeurs-evenement-pieds-mouilles-droles-didees-a-belleville-sur-loire\/","name":"Sensibilisation aux Risques Majeurs : \u00c9v\u00e9nement Pieds Mouill\u00e9s, Dr\u00f4les d\u2019Id\u00e9es \u00e0 Belleville-sur-Loire - Preventraide - Conseils Pr\u00e9vention","isPartOf":{"@id":"https:\/\/www.preventraide.fr\/contenus\/#website"},"primaryImageOfPage":{"@id":"https:\/\/www.preventraide.fr\/contenus\/actualites\/sensibilisation-aux-risques-majeurs-evenement-pieds-mouilles-droles-didees-a-belleville-sur-loire\/#primaryimage"},"image":{"@id":"https:\/\/www.preventraide.fr\/contenus\/actualites\/sensibilisation-aux-risques-majeurs-evenement-pieds-mouilles-droles-didees-a-belleville-sur-loire\/#primaryimage"},"thumbnailUrl":"https:\/\/www.preventraide.fr\/contenus\/app\/uploads\/2024\/10\/IMG_7115-scaled-1.jpg","datePublished":"2024-10-09T07:24:40+00:00","author":{"@id":"https:\/\/www.preventraide.fr\/contenus\/#\/schema\/person\/610d5b148158ad8b26a57ee3481784b9"},"breadcrumb":{"@id":"https:\/\/www.preventraide.fr\/contenus\/actualites\/sensibilisation-aux-risques-majeurs-evenement-pieds-mouilles-droles-didees-a-belleville-sur-loire\/#breadcrumb"},"inLanguage":"fr-FR","potentialAction":[{"@type":"ReadAction","target":["https:\/\/www.preventraide.fr\/contenus\/actualites\/sensibilisation-aux-risques-majeurs-evenement-pieds-mouilles-droles-didees-a-belleville-sur-loire\/"]}]},{"@type":"ImageObject","inLanguage":"fr-FR","@id":"https:\/\/www.preventraide.fr\/contenus\/actualites\/sensibilisation-aux-risques-majeurs-evenement-pieds-mouilles-droles-didees-a-belleville-sur-loire\/#primaryimage","url":"https:\/\/www.preventraide.fr\/contenus\/app\/uploads\/2024\/10\/IMG_7115-scaled-1.jpg","contentUrl":"https:\/\/www.preventraide.fr\/contenus\/app\/uploads\/2024\/10\/IMG_7115-scaled-1.jpg","width":1920,"height":2560},{"@type":"BreadcrumbList","@id":"https:\/\/www.preventraide.fr\/contenus\/actualites\/sensibilisation-aux-risques-majeurs-evenement-pieds-mouilles-droles-didees-a-belleville-sur-loire\/#breadcrumb","itemListElement":[{"@type":"ListItem","position":1,"name":"Accueil","item":"https:\/\/www.preventraide.fr"},{"@type":"ListItem","position":2,"name":"Sensibilisation aux Risques Majeurs : \u00c9v\u00e9nement Pieds Mouill\u00e9s, Dr\u00f4les d\u2019Id\u00e9es \u00e0 Belleville-sur-Loire"}]},{"@type":"WebSite","@id":"https:\/\/www.preventraide.fr\/contenus\/#website","url":"https:\/\/www.preventraide.fr\/contenus\/","name":"Preventraide","description":"","potentialAction":[{"@type":"SearchAction","target":{"@type":"EntryPoint","urlTemplate":"https:\/\/www.preventraide.fr\/contenus\/?s={search_term_string}"},"query-input":{"@type":"PropertyValueSpecification","valueRequired":true,"valueName":"search_term_string"}}],"inLanguage":"fr-FR"},{"@type":"Person","@id":"https:\/\/www.preventraide.fr\/contenus\/#\/schema\/person\/610d5b148158ad8b26a57ee3481784b9","name":"Camille Jagueneau","image":{"@type":"ImageObject","inLanguage":"fr-FR","@id":"https:\/\/www.preventraide.fr\/contenus\/#\/schema\/person\/image\/","url":"https:\/\/secure.gravatar.com\/avatar\/3a79d305b8d74191fb30dfe16bb61532d97fe378fbea0c1b02acebf1deb00e68?s=96&d=mm&r=g","contentUrl":"https:\/\/secure.gravatar.com\/avatar\/3a79d305b8d74191fb30dfe16bb61532d97fe378fbea0c1b02acebf1deb00e68?s=96&d=mm&r=g","caption":"Camille Jagueneau"}}]}},"_links":{"self":[{"href":"https:\/\/www.preventraide.fr\/contenus\/wp-json\/wp\/v2\/posts\/2143","targetHints":{"allow":["GET"]}}],"collection":[{"href":"https:\/\/www.preventraide.fr\/contenus\/wp-json\/wp\/v2\/posts"}],"about":[{"href":"https:\/\/www.preventraide.fr\/contenus\/wp-json\/wp\/v2\/types\/post"}],"author":[{"embeddable":true,"href":"https:\/\/www.preventraide.fr\/contenus\/wp-json\/wp\/v2\/users\/6"}],"replies":[{"embeddable":true,"href":"https:\/\/www.preventraide.fr\/contenus\/wp-json\/wp\/v2\/comments?post=2143"}],"version-history":[{"count":0,"href":"https:\/\/www.preventraide.fr\/contenus\/wp-json\/wp\/v2\/posts\/2143\/revisions"}],"wp:featuredmedia":[{"embeddable":true,"href":"https:\/\/www.preventraide.fr\/contenus\/wp-json\/wp\/v2\/media\/2091"}],"wp:attachment":[{"href":"https:\/\/www.preventraide.fr\/contenus\/wp-json\/wp\/v2\/media?parent=2143"}],"wp:term":[{"taxonomy":"category","embeddable":true,"href":"https:\/\/www.preventraide.fr\/contenus\/wp-json\/wp\/v2\/categories?post=2143"},{"taxonomy":"post_tag","embeddable":true,"href":"https:\/\/www.preventraide.fr\/contenus\/wp-json\/wp\/v2\/tags?post=2143"}],"curies":[{"name":"wp","href":"https:\/\/api.w.org\/{rel}","templated":true}]}}