{"id":2144,"date":"2024-10-14T10:00:54","date_gmt":"2024-10-14T08:00:54","guid":{"rendered":"https:\/\/www.preventraide.fr\/contenus\/?p=1582"},"modified":"2024-10-14T10:00:54","modified_gmt":"2024-10-14T08:00:54","slug":"fresque-du-climat-au-lycee-institution-saint-malo-la-providence","status":"publish","type":"post","link":"https:\/\/www.preventraide.fr\/contenus\/actualites\/fresque-du-climat-au-lycee-institution-saint-malo-la-providence\/","title":{"rendered":"Fresque du climat au Lyc\u00e9e Institution Saint Malo La Providence"},"content":{"rendered":"\n<div class=\"wp-block-columns is-layout-flex wp-container-core-columns-is-layout-28f84493 wp-block-columns-is-layout-flex\">\n<div class=\"wp-block-column is-layout-flow wp-block-column-is-layout-flow\">\n<figure class=\"wp-block-gallery columns-1 is-cropped wp-block-gallery-1 is-layout-flex wp-block-gallery-is-layout-flex\"><ul class=\"blocks-gallery-grid\"><li class=\"blocks-gallery-item\"><figure><img decoding=\"async\" src=\"https:\/\/www.preventraide.fr\/contenus\/app\/uploads\/2024\/10\/fresque-la-pro-SM-768x1024.jpg\" alt=\"\" data-id=\"1583\" data-full-url=\"https:\/\/www.preventraide.fr\/contenus\/app\/uploads\/2024\/10\/fresque-la-pro-SM-scaled.jpg\" data-link=\"https:\/\/www.preventraide.fr\/contenus\/?attachment_id=1583\" class=\"wp-image-1583\"\/><\/figure><\/li><\/ul><\/figure>\n<\/div>\n\n\n\n<div class=\"wp-block-column is-layout-flow wp-block-column-is-layout-flow\">\n<p>Du 07 au 11 octobre, dans le cadre de la Journ\u00e9e d\u2019action face aux risques, l\u2019antenne de Rennes a propos\u00e9 aux jeunes de seconde du Lyc\u00e9e La Providence de Saint-Malo de se sensibiliser aux questions li\u00e9es \u00e0 la plan\u00e8te. \u00c0 cette occasion, nos b\u00e9n\u00e9voles ont propos\u00e9 une animation Fresque du Climat dans sa version Junior.<\/p>\n\n\n\n<p>Apr\u00e8s un rapide expos\u00e9 sur les al\u00e9as r\u00e9cents et ceux en cours (feux, canicules, H\u00e9l\u00e8ne, Kirk, Milton, \u2026) permettant de comprendre ces ph\u00e9nom\u00e8nes, les jeunes ont pu, en trois groupes par classe, r\u00e9aliser leur propre Fresque du Climat. Ils ont compris que les activit\u00e9s humaines \u00e9taient la cause du d\u00e9r\u00e8glement climatique. Puis, apr\u00e8s avoir donn\u00e9 un nom \u00e0 leur fresque et illustr\u00e9 les diff\u00e9rentes cons\u00e9quences, ils ont pu s\u2019engager \u00e0 diminuer, chacun \u00e0 leur niveau, leurs \u00e9missions de CO\u2082.<\/p>\n\n\n\n<p>Les propositions \u00e9mises : se d\u00e9placer \u00e0 v\u00e9lo ou en marchant (au moins 2 fois par semaine), r\u00e9duire le temps des douches de moiti\u00e9, supprimer les bouteilles en plastique, r\u00e9duire les achats compulsifs, se comporter en consom\u2019acteur, \u2026<\/p>\n\n\n\n<p>Concernant le lyc\u00e9e, ils souhaitent plus d\u2019arbres, des murs v\u00e9g\u00e9talis\u00e9s, un potager, limiter le gaspillage alimentaire, favoriser les circuits courts. Au total, 181 \u00e9l\u00e8ves ont \u00e9t\u00e9 sensibilis\u00e9s au climat.<\/p>\n<\/div>\n<\/div>\n","protected":false},"excerpt":{"rendered":"<p>Du 07 au 11 octobre, dans le cadre de la Journ\u00e9e d\u2019action face aux risques, l\u2019antenne de Rennes a propos\u00e9 aux jeunes de seconde du Lyc\u00e9e La Providence de Saint-Malo de se sensibiliser aux questions li\u00e9es \u00e0 la plan\u00e8te. \u00c0 cette occasion, nos b\u00e9n\u00e9voles ont propos\u00e9 une animation Fresque du Climat dans sa version Junior. [&hellip;]<\/p>\n","protected":false},"author":6,"featured_media":2093,"comment_status":"closed","ping_status":"closed","sticky":false,"template":"","format":"standard","meta":{"_acf_changed":false,"inline_featured_image":false,"ghostkit_customizer_options":"","ghostkit_custom_css":"","ghostkit_custom_js_head":"","ghostkit_custom_js_foot":"","ghostkit_typography":"","footnotes":""},"categories":[2],"tags":[],"class_list":["post-2144","post","type-post","status-publish","format-standard","has-post-thumbnail","hentry","category-non-classifie"],"acf":[],"yoast_head":"<!-- This site is optimized with the Yoast SEO plugin v24.9 - https:\/\/yoast.com\/wordpress\/plugins\/seo\/ -->\n<title>Fresque du climat au Lyc\u00e9e Institution Saint Malo La Providence - Preventraide - Conseils Pr\u00e9vention<\/title>\n<meta name=\"robots\" content=\"index, follow, max-snippet:-1, max-image-preview:large, max-video-preview:-1\" \/>\n<link rel=\"canonical\" href=\"https:\/\/www.preventraide.fr\/contenus\/actualites\/fresque-du-climat-au-lycee-institution-saint-malo-la-providence\/\" \/>\n<meta property=\"og:locale\" content=\"fr_FR\" \/>\n<meta property=\"og:type\" content=\"article\" \/>\n<meta property=\"og:title\" content=\"Fresque du climat au Lyc\u00e9e Institution Saint Malo La Providence - Preventraide - Conseils Pr\u00e9vention\" \/>\n<meta property=\"og:description\" content=\"Du 07 au 11 octobre, dans le cadre de la Journ\u00e9e d\u2019action face aux risques, l\u2019antenne de Rennes a propos\u00e9 aux jeunes de seconde du Lyc\u00e9e La Providence de Saint-Malo de se sensibiliser aux questions li\u00e9es \u00e0 la plan\u00e8te. \u00c0 cette occasion, nos b\u00e9n\u00e9voles ont propos\u00e9 une animation Fresque du Climat dans sa version Junior. [&hellip;]\" \/>\n<meta property=\"og:url\" content=\"https:\/\/www.preventraide.fr\/contenus\/actualites\/fresque-du-climat-au-lycee-institution-saint-malo-la-providence\/\" \/>\n<meta property=\"og:site_name\" content=\"Preventraide - Conseils Pr\u00e9vention\" \/>\n<meta property=\"article:published_time\" content=\"2024-10-14T08:00:54+00:00\" \/>\n<meta property=\"og:image\" content=\"https:\/\/www.preventraide.fr\/contenus\/app\/uploads\/2024\/10\/fresque-la-pro-SM-scaled-1.jpg\" \/>\n\t<meta property=\"og:image:width\" content=\"1920\" \/>\n\t<meta property=\"og:image:height\" content=\"2560\" \/>\n\t<meta property=\"og:image:type\" content=\"image\/jpeg\" \/>\n<meta name=\"author\" content=\"Camille Jagueneau\" \/>\n<meta name=\"twitter:card\" content=\"summary_large_image\" \/>\n<meta name=\"twitter:label1\" content=\"Written by\" \/>\n\t<meta name=\"twitter:data1\" content=\"Camille Jagueneau\" \/>\n\t<meta name=\"twitter:label2\" content=\"Est. reading time\" \/>\n\t<meta name=\"twitter:data2\" content=\"2 minutes\" \/>\n<script type=\"application\/ld+json\" class=\"yoast-schema-graph\">{\"@context\":\"https:\/\/schema.org\",\"@graph\":[{\"@type\":\"WebPage\",\"@id\":\"https:\/\/www.preventraide.fr\/contenus\/actualites\/fresque-du-climat-au-lycee-institution-saint-malo-la-providence\/\",\"url\":\"https:\/\/www.preventraide.fr\/contenus\/actualites\/fresque-du-climat-au-lycee-institution-saint-malo-la-providence\/\",\"name\":\"Fresque du climat au Lyc\u00e9e Institution Saint Malo La Providence - Preventraide - Conseils Pr\u00e9vention\",\"isPartOf\":{\"@id\":\"https:\/\/www.preventraide.fr\/contenus\/#website\"},\"primaryImageOfPage\":{\"@id\":\"https:\/\/www.preventraide.fr\/contenus\/actualites\/fresque-du-climat-au-lycee-institution-saint-malo-la-providence\/#primaryimage\"},\"image\":{\"@id\":\"https:\/\/www.preventraide.fr\/contenus\/actualites\/fresque-du-climat-au-lycee-institution-saint-malo-la-providence\/#primaryimage\"},\"thumbnailUrl\":\"https:\/\/www.preventraide.fr\/contenus\/app\/uploads\/2024\/10\/fresque-la-pro-SM-scaled-1.jpg\",\"datePublished\":\"2024-10-14T08:00:54+00:00\",\"author\":{\"@id\":\"https:\/\/www.preventraide.fr\/contenus\/#\/schema\/person\/610d5b148158ad8b26a57ee3481784b9\"},\"breadcrumb\":{\"@id\":\"https:\/\/www.preventraide.fr\/contenus\/actualites\/fresque-du-climat-au-lycee-institution-saint-malo-la-providence\/#breadcrumb\"},\"inLanguage\":\"fr-FR\",\"potentialAction\":[{\"@type\":\"ReadAction\",\"target\":[\"https:\/\/www.preventraide.fr\/contenus\/actualites\/fresque-du-climat-au-lycee-institution-saint-malo-la-providence\/\"]}]},{\"@type\":\"ImageObject\",\"inLanguage\":\"fr-FR\",\"@id\":\"https:\/\/www.preventraide.fr\/contenus\/actualites\/fresque-du-climat-au-lycee-institution-saint-malo-la-providence\/#primaryimage\",\"url\":\"https:\/\/www.preventraide.fr\/contenus\/app\/uploads\/2024\/10\/fresque-la-pro-SM-scaled-1.jpg\",\"contentUrl\":\"https:\/\/www.preventraide.fr\/contenus\/app\/uploads\/2024\/10\/fresque-la-pro-SM-scaled-1.jpg\",\"width\":1920,\"height\":2560},{\"@type\":\"BreadcrumbList\",\"@id\":\"https:\/\/www.preventraide.fr\/contenus\/actualites\/fresque-du-climat-au-lycee-institution-saint-malo-la-providence\/#breadcrumb\",\"itemListElement\":[{\"@type\":\"ListItem\",\"position\":1,\"name\":\"Accueil\",\"item\":\"https:\/\/www.preventraide.fr\"},{\"@type\":\"ListItem\",\"position\":2,\"name\":\"Fresque du climat au Lyc\u00e9e Institution Saint Malo La Providence\"}]},{\"@type\":\"WebSite\",\"@id\":\"https:\/\/www.preventraide.fr\/contenus\/#website\",\"url\":\"https:\/\/www.preventraide.fr\/contenus\/\",\"name\":\"Preventraide\",\"description\":\"\",\"potentialAction\":[{\"@type\":\"SearchAction\",\"target\":{\"@type\":\"EntryPoint\",\"urlTemplate\":\"https:\/\/www.preventraide.fr\/contenus\/?s={search_term_string}\"},\"query-input\":{\"@type\":\"PropertyValueSpecification\",\"valueRequired\":true,\"valueName\":\"search_term_string\"}}],\"inLanguage\":\"fr-FR\"},{\"@type\":\"Person\",\"@id\":\"https:\/\/www.preventraide.fr\/contenus\/#\/schema\/person\/610d5b148158ad8b26a57ee3481784b9\",\"name\":\"Camille Jagueneau\",\"image\":{\"@type\":\"ImageObject\",\"inLanguage\":\"fr-FR\",\"@id\":\"https:\/\/www.preventraide.fr\/contenus\/#\/schema\/person\/image\/\",\"url\":\"https:\/\/secure.gravatar.com\/avatar\/3a79d305b8d74191fb30dfe16bb61532d97fe378fbea0c1b02acebf1deb00e68?s=96&d=mm&r=g\",\"contentUrl\":\"https:\/\/secure.gravatar.com\/avatar\/3a79d305b8d74191fb30dfe16bb61532d97fe378fbea0c1b02acebf1deb00e68?s=96&d=mm&r=g\",\"caption\":\"Camille Jagueneau\"}}]}<\/script>\n<!-- \/ Yoast SEO plugin. -->","yoast_head_json":{"title":"Fresque du climat au Lyc\u00e9e Institution Saint Malo La Providence - Preventraide - Conseils Pr\u00e9vention","robots":{"index":"index","follow":"follow","max-snippet":"max-snippet:-1","max-image-preview":"max-image-preview:large","max-video-preview":"max-video-preview:-1"},"canonical":"https:\/\/www.preventraide.fr\/contenus\/actualites\/fresque-du-climat-au-lycee-institution-saint-malo-la-providence\/","og_locale":"fr_FR","og_type":"article","og_title":"Fresque du climat au Lyc\u00e9e Institution Saint Malo La Providence - Preventraide - Conseils Pr\u00e9vention","og_description":"Du 07 au 11 octobre, dans le cadre de la Journ\u00e9e d\u2019action face aux risques, l\u2019antenne de Rennes a propos\u00e9 aux jeunes de seconde du Lyc\u00e9e La Providence de Saint-Malo de se sensibiliser aux questions li\u00e9es \u00e0 la plan\u00e8te. \u00c0 cette occasion, nos b\u00e9n\u00e9voles ont propos\u00e9 une animation Fresque du Climat dans sa version Junior. [&hellip;]","og_url":"https:\/\/www.preventraide.fr\/contenus\/actualites\/fresque-du-climat-au-lycee-institution-saint-malo-la-providence\/","og_site_name":"Preventraide - Conseils Pr\u00e9vention","article_published_time":"2024-10-14T08:00:54+00:00","og_image":[{"width":1920,"height":2560,"url":"https:\/\/www.preventraide.fr\/contenus\/app\/uploads\/2024\/10\/fresque-la-pro-SM-scaled-1.jpg","type":"image\/jpeg"}],"author":"Camille Jagueneau","twitter_card":"summary_large_image","twitter_misc":{"Written by":"Camille Jagueneau","Est. reading time":"2 minutes"},"schema":{"@context":"https:\/\/schema.org","@graph":[{"@type":"WebPage","@id":"https:\/\/www.preventraide.fr\/contenus\/actualites\/fresque-du-climat-au-lycee-institution-saint-malo-la-providence\/","url":"https:\/\/www.preventraide.fr\/contenus\/actualites\/fresque-du-climat-au-lycee-institution-saint-malo-la-providence\/","name":"Fresque du climat au Lyc\u00e9e Institution Saint Malo La Providence - Preventraide - Conseils Pr\u00e9vention","isPartOf":{"@id":"https:\/\/www.preventraide.fr\/contenus\/#website"},"primaryImageOfPage":{"@id":"https:\/\/www.preventraide.fr\/contenus\/actualites\/fresque-du-climat-au-lycee-institution-saint-malo-la-providence\/#primaryimage"},"image":{"@id":"https:\/\/www.preventraide.fr\/contenus\/actualites\/fresque-du-climat-au-lycee-institution-saint-malo-la-providence\/#primaryimage"},"thumbnailUrl":"https:\/\/www.preventraide.fr\/contenus\/app\/uploads\/2024\/10\/fresque-la-pro-SM-scaled-1.jpg","datePublished":"2024-10-14T08:00:54+00:00","author":{"@id":"https:\/\/www.preventraide.fr\/contenus\/#\/schema\/person\/610d5b148158ad8b26a57ee3481784b9"},"breadcrumb":{"@id":"https:\/\/www.preventraide.fr\/contenus\/actualites\/fresque-du-climat-au-lycee-institution-saint-malo-la-providence\/#breadcrumb"},"inLanguage":"fr-FR","potentialAction":[{"@type":"ReadAction","target":["https:\/\/www.preventraide.fr\/contenus\/actualites\/fresque-du-climat-au-lycee-institution-saint-malo-la-providence\/"]}]},{"@type":"ImageObject","inLanguage":"fr-FR","@id":"https:\/\/www.preventraide.fr\/contenus\/actualites\/fresque-du-climat-au-lycee-institution-saint-malo-la-providence\/#primaryimage","url":"https:\/\/www.preventraide.fr\/contenus\/app\/uploads\/2024\/10\/fresque-la-pro-SM-scaled-1.jpg","contentUrl":"https:\/\/www.preventraide.fr\/contenus\/app\/uploads\/2024\/10\/fresque-la-pro-SM-scaled-1.jpg","width":1920,"height":2560},{"@type":"BreadcrumbList","@id":"https:\/\/www.preventraide.fr\/contenus\/actualites\/fresque-du-climat-au-lycee-institution-saint-malo-la-providence\/#breadcrumb","itemListElement":[{"@type":"ListItem","position":1,"name":"Accueil","item":"https:\/\/www.preventraide.fr"},{"@type":"ListItem","position":2,"name":"Fresque du climat au Lyc\u00e9e Institution Saint Malo La Providence"}]},{"@type":"WebSite","@id":"https:\/\/www.preventraide.fr\/contenus\/#website","url":"https:\/\/www.preventraide.fr\/contenus\/","name":"Preventraide","description":"","potentialAction":[{"@type":"SearchAction","target":{"@type":"EntryPoint","urlTemplate":"https:\/\/www.preventraide.fr\/contenus\/?s={search_term_string}"},"query-input":{"@type":"PropertyValueSpecification","valueRequired":true,"valueName":"search_term_string"}}],"inLanguage":"fr-FR"},{"@type":"Person","@id":"https:\/\/www.preventraide.fr\/contenus\/#\/schema\/person\/610d5b148158ad8b26a57ee3481784b9","name":"Camille Jagueneau","image":{"@type":"ImageObject","inLanguage":"fr-FR","@id":"https:\/\/www.preventraide.fr\/contenus\/#\/schema\/person\/image\/","url":"https:\/\/secure.gravatar.com\/avatar\/3a79d305b8d74191fb30dfe16bb61532d97fe378fbea0c1b02acebf1deb00e68?s=96&d=mm&r=g","contentUrl":"https:\/\/secure.gravatar.com\/avatar\/3a79d305b8d74191fb30dfe16bb61532d97fe378fbea0c1b02acebf1deb00e68?s=96&d=mm&r=g","caption":"Camille Jagueneau"}}]}},"_links":{"self":[{"href":"https:\/\/www.preventraide.fr\/contenus\/wp-json\/wp\/v2\/posts\/2144","targetHints":{"allow":["GET"]}}],"collection":[{"href":"https:\/\/www.preventraide.fr\/contenus\/wp-json\/wp\/v2\/posts"}],"about":[{"href":"https:\/\/www.preventraide.fr\/contenus\/wp-json\/wp\/v2\/types\/post"}],"author":[{"embeddable":true,"href":"https:\/\/www.preventraide.fr\/contenus\/wp-json\/wp\/v2\/users\/6"}],"replies":[{"embeddable":true,"href":"https:\/\/www.preventraide.fr\/contenus\/wp-json\/wp\/v2\/comments?post=2144"}],"version-history":[{"count":0,"href":"https:\/\/www.preventraide.fr\/contenus\/wp-json\/wp\/v2\/posts\/2144\/revisions"}],"wp:featuredmedia":[{"embeddable":true,"href":"https:\/\/www.preventraide.fr\/contenus\/wp-json\/wp\/v2\/media\/2093"}],"wp:attachment":[{"href":"https:\/\/www.preventraide.fr\/contenus\/wp-json\/wp\/v2\/media?parent=2144"}],"wp:term":[{"taxonomy":"category","embeddable":true,"href":"https:\/\/www.preventraide.fr\/contenus\/wp-json\/wp\/v2\/categories?post=2144"},{"taxonomy":"post_tag","embeddable":true,"href":"https:\/\/www.preventraide.fr\/contenus\/wp-json\/wp\/v2\/tags?post=2144"}],"curies":[{"name":"wp","href":"https:\/\/api.w.org\/{rel}","templated":true}]}}