{"id":2145,"date":"2024-10-16T05:44:00","date_gmt":"2024-10-16T03:44:00","guid":{"rendered":"https:\/\/www.preventraide.fr\/contenus\/?p=1585"},"modified":"2024-10-16T05:44:00","modified_gmt":"2024-10-16T03:44:00","slug":"retour-au-village-de-la-prevention-des-risques-de-montpellier","status":"publish","type":"post","link":"https:\/\/www.preventraide.fr\/contenus\/actualites\/retour-au-village-de-la-prevention-des-risques-de-montpellier\/","title":{"rendered":"Retour au Village de la Pr\u00e9vention des Risques de Montpellier"},"content":{"rendered":"\n<div class=\"wp-block-columns is-layout-flex wp-container-core-columns-is-layout-28f84493 wp-block-columns-is-layout-flex\">\n<div class=\"wp-block-column is-layout-flow wp-block-column-is-layout-flow\">\n<figure class=\"wp-block-gallery columns-3 is-cropped wp-block-gallery-1 is-layout-flex wp-block-gallery-is-layout-flex\"><ul class=\"blocks-gallery-grid\"><li class=\"blocks-gallery-item\"><figure><img decoding=\"async\" src=\"https:\/\/www.preventraide.fr\/contenus\/app\/uploads\/2024\/10\/1000031980-1024x768.jpg\" alt=\"\" data-id=\"1591\" data-full-url=\"https:\/\/www.preventraide.fr\/contenus\/app\/uploads\/2024\/10\/1000031980.jpg\" data-link=\"https:\/\/www.preventraide.fr\/contenus\/?attachment_id=1591\" class=\"wp-image-1591\"\/><\/figure><\/li><li class=\"blocks-gallery-item\"><figure><img decoding=\"async\" src=\"https:\/\/www.preventraide.fr\/contenus\/app\/uploads\/2024\/10\/1000031974-1024x768.jpg\" alt=\"\" data-id=\"1590\" data-full-url=\"https:\/\/www.preventraide.fr\/contenus\/app\/uploads\/2024\/10\/1000031974.jpg\" data-link=\"https:\/\/www.preventraide.fr\/contenus\/?attachment_id=1590\" class=\"wp-image-1590\"\/><\/figure><\/li><li class=\"blocks-gallery-item\"><figure><img decoding=\"async\" src=\"https:\/\/www.preventraide.fr\/contenus\/app\/uploads\/2024\/10\/1000031965-768x1024.jpg\" alt=\"\" data-id=\"1589\" data-full-url=\"https:\/\/www.preventraide.fr\/contenus\/app\/uploads\/2024\/10\/1000031965.jpg\" data-link=\"https:\/\/www.preventraide.fr\/contenus\/?attachment_id=1589\" class=\"wp-image-1589\"\/><\/figure><\/li><li class=\"blocks-gallery-item\"><figure><img decoding=\"async\" src=\"https:\/\/www.preventraide.fr\/contenus\/app\/uploads\/2024\/10\/1000031953-1024x768.jpg\" alt=\"\" data-id=\"1587\" data-full-url=\"https:\/\/www.preventraide.fr\/contenus\/app\/uploads\/2024\/10\/1000031953.jpg\" data-link=\"https:\/\/www.preventraide.fr\/contenus\/?attachment_id=1587\" class=\"wp-image-1587\"\/><\/figure><\/li><li class=\"blocks-gallery-item\"><figure><img decoding=\"async\" src=\"https:\/\/www.preventraide.fr\/contenus\/app\/uploads\/2024\/10\/large_preview-768x1024.png\" alt=\"\" data-id=\"1586\" data-full-url=\"https:\/\/www.preventraide.fr\/contenus\/app\/uploads\/2024\/10\/large_preview.png\" data-link=\"https:\/\/www.preventraide.fr\/contenus\/?attachment_id=1586\" class=\"wp-image-1586\"\/><\/figure><\/li><\/ul><\/figure>\n<\/div>\n\n\n\n<div class=\"wp-block-column is-layout-flow wp-block-column-is-layout-flow\">\n<p>Vendredi 11 octobre, \u00e0 l&rsquo;occasion de la journ\u00e9e d&rsquo;action face aux risques, l\u2019antenne Pr\u00e9vention MAIF de Montpellier et les mandataires de la MAIF se sont unis pour proposer des animations \u00e9ducatives sur les risques majeurs au Village de la Pr\u00e9vention des Risques.<\/p>\n\n\n\n<p>Au cours de cette journ\u00e9e, nos volontaires ont propos\u00e9 3 stands :<br>\ud83c\udf27 Une animation autour du jeu Pr\u00e9vEntraide pour mieux comprendre les risques climatiques (inondations, feux de for\u00eat, etc.)<br>\ud83e\udd1d Une pr\u00e9sentation de notre plateforme Pr\u00e9vEntraide, qui permet de mettre en relation les personnes impact\u00e9es par des catastrophes et celles qui souhaitent aider.<br>\ud83c\udfe0 Une animation pour d\u00e9montrer comment renforcer la s\u00e9curit\u00e9 de son domicile en cas de mont\u00e9e des eaux.<\/p>\n\n\n\n<p>Au total plus de 200 jeunes de CM1 et CM2 ont particip\u00e9s \u00e0 ces ateliers et plus de 200 personnes pour le grand public.<\/p>\n\n\n\n<p>Ces ateliers, n\u00e9s de la co-construction entre l\u2019Association Pr\u00e9vention MAIF et les mandataires de la MAIF, ont rencontr\u00e9 un vif succ\u00e8s aupr\u00e8s des habitants de Montpellier.<\/p>\n\n\n\n<p>\ud83d\udc49 \ud835\uddd8\ud835\uddfb \ud835\ude00\ud835\uddee\ud835\ude03\ud835\uddfc\ud835\uddf6\ud835\uddff \ud835\uddfd\ud835\uddf9\ud835\ude02\ud835\ude00 \ud835\ude00\ud835\ude02\ud835\uddff \ud835\uddf0\ud835\uddf2\ud835\ude01\ud835\ude01\ud835\uddf2 \ud835\uddf7\ud835\uddfc\ud835\ude02\ud835\uddff\ud835\uddfb\ud835\uddf2\u0301\ud835\uddf2 : <a href=\"https:\/\/www.montpellier.fr\/4761-tous-resilients-face-aux-risques.htm\">Journ\u00e9e Nationale Tous R\u00e9silients Face aux Risques &#8211; Ville de Montpellier<\/a><\/p>\n<\/div>\n<\/div>\n\n\n\n<p><\/p>\n","protected":false},"excerpt":{"rendered":"<p>Vendredi 11 octobre, \u00e0 l&rsquo;occasion de la journ\u00e9e d&rsquo;action face aux risques, l\u2019antenne Pr\u00e9vention MAIF de Montpellier et les mandataires de la MAIF se sont unis pour proposer des animations \u00e9ducatives sur les risques majeurs au Village de la Pr\u00e9vention des Risques. Au cours de cette journ\u00e9e, nos volontaires ont propos\u00e9 3 stands :\ud83c\udf27 Une [&hellip;]<\/p>\n","protected":false},"author":6,"featured_media":2094,"comment_status":"closed","ping_status":"closed","sticky":false,"template":"","format":"standard","meta":{"_acf_changed":false,"inline_featured_image":false,"ghostkit_customizer_options":"","ghostkit_custom_css":"","ghostkit_custom_js_head":"","ghostkit_custom_js_foot":"","ghostkit_typography":"","footnotes":""},"categories":[2],"tags":[],"class_list":["post-2145","post","type-post","status-publish","format-standard","has-post-thumbnail","hentry","category-non-classifie"],"acf":[],"yoast_head":"<!-- This site is optimized with the Yoast SEO plugin v24.9 - https:\/\/yoast.com\/wordpress\/plugins\/seo\/ -->\n<title>Retour au Village de la Pr\u00e9vention des Risques de Montpellier - Preventraide - Conseils Pr\u00e9vention<\/title>\n<meta name=\"robots\" content=\"index, follow, max-snippet:-1, max-image-preview:large, max-video-preview:-1\" \/>\n<link rel=\"canonical\" href=\"https:\/\/www.preventraide.fr\/contenus\/actualites\/retour-au-village-de-la-prevention-des-risques-de-montpellier\/\" \/>\n<meta property=\"og:locale\" content=\"fr_FR\" \/>\n<meta property=\"og:type\" content=\"article\" \/>\n<meta property=\"og:title\" content=\"Retour au Village de la Pr\u00e9vention des Risques de Montpellier - Preventraide - Conseils Pr\u00e9vention\" \/>\n<meta property=\"og:description\" content=\"Vendredi 11 octobre, \u00e0 l&rsquo;occasion de la journ\u00e9e d&rsquo;action face aux risques, l\u2019antenne Pr\u00e9vention MAIF de Montpellier et les mandataires de la MAIF se sont unis pour proposer des animations \u00e9ducatives sur les risques majeurs au Village de la Pr\u00e9vention des Risques. Au cours de cette journ\u00e9e, nos volontaires ont propos\u00e9 3 stands :\ud83c\udf27 Une [&hellip;]\" \/>\n<meta property=\"og:url\" content=\"https:\/\/www.preventraide.fr\/contenus\/actualites\/retour-au-village-de-la-prevention-des-risques-de-montpellier\/\" \/>\n<meta property=\"og:site_name\" content=\"Preventraide - Conseils Pr\u00e9vention\" \/>\n<meta property=\"article:published_time\" content=\"2024-10-16T03:44:00+00:00\" \/>\n<meta property=\"og:image\" content=\"https:\/\/www.preventraide.fr\/contenus\/app\/uploads\/2024\/10\/large_preview.png\" \/>\n\t<meta property=\"og:image:width\" content=\"800\" \/>\n\t<meta property=\"og:image:height\" content=\"1067\" \/>\n\t<meta property=\"og:image:type\" content=\"image\/png\" \/>\n<meta name=\"author\" content=\"Camille Jagueneau\" \/>\n<meta name=\"twitter:card\" content=\"summary_large_image\" \/>\n<meta name=\"twitter:label1\" content=\"Written by\" \/>\n\t<meta name=\"twitter:data1\" content=\"Camille Jagueneau\" \/>\n\t<meta name=\"twitter:label2\" content=\"Est. reading time\" \/>\n\t<meta name=\"twitter:data2\" content=\"2 minutes\" \/>\n<script type=\"application\/ld+json\" class=\"yoast-schema-graph\">{\"@context\":\"https:\/\/schema.org\",\"@graph\":[{\"@type\":\"WebPage\",\"@id\":\"https:\/\/www.preventraide.fr\/contenus\/actualites\/retour-au-village-de-la-prevention-des-risques-de-montpellier\/\",\"url\":\"https:\/\/www.preventraide.fr\/contenus\/actualites\/retour-au-village-de-la-prevention-des-risques-de-montpellier\/\",\"name\":\"Retour au Village de la Pr\u00e9vention des Risques de Montpellier - Preventraide - Conseils Pr\u00e9vention\",\"isPartOf\":{\"@id\":\"https:\/\/www.preventraide.fr\/contenus\/#website\"},\"primaryImageOfPage\":{\"@id\":\"https:\/\/www.preventraide.fr\/contenus\/actualites\/retour-au-village-de-la-prevention-des-risques-de-montpellier\/#primaryimage\"},\"image\":{\"@id\":\"https:\/\/www.preventraide.fr\/contenus\/actualites\/retour-au-village-de-la-prevention-des-risques-de-montpellier\/#primaryimage\"},\"thumbnailUrl\":\"https:\/\/www.preventraide.fr\/contenus\/app\/uploads\/2024\/10\/large_preview.png\",\"datePublished\":\"2024-10-16T03:44:00+00:00\",\"author\":{\"@id\":\"https:\/\/www.preventraide.fr\/contenus\/#\/schema\/person\/610d5b148158ad8b26a57ee3481784b9\"},\"breadcrumb\":{\"@id\":\"https:\/\/www.preventraide.fr\/contenus\/actualites\/retour-au-village-de-la-prevention-des-risques-de-montpellier\/#breadcrumb\"},\"inLanguage\":\"fr-FR\",\"potentialAction\":[{\"@type\":\"ReadAction\",\"target\":[\"https:\/\/www.preventraide.fr\/contenus\/actualites\/retour-au-village-de-la-prevention-des-risques-de-montpellier\/\"]}]},{\"@type\":\"ImageObject\",\"inLanguage\":\"fr-FR\",\"@id\":\"https:\/\/www.preventraide.fr\/contenus\/actualites\/retour-au-village-de-la-prevention-des-risques-de-montpellier\/#primaryimage\",\"url\":\"https:\/\/www.preventraide.fr\/contenus\/app\/uploads\/2024\/10\/large_preview.png\",\"contentUrl\":\"https:\/\/www.preventraide.fr\/contenus\/app\/uploads\/2024\/10\/large_preview.png\",\"width\":800,\"height\":1067},{\"@type\":\"BreadcrumbList\",\"@id\":\"https:\/\/www.preventraide.fr\/contenus\/actualites\/retour-au-village-de-la-prevention-des-risques-de-montpellier\/#breadcrumb\",\"itemListElement\":[{\"@type\":\"ListItem\",\"position\":1,\"name\":\"Accueil\",\"item\":\"https:\/\/www.preventraide.fr\"},{\"@type\":\"ListItem\",\"position\":2,\"name\":\"Retour au Village de la Pr\u00e9vention des Risques de Montpellier\"}]},{\"@type\":\"WebSite\",\"@id\":\"https:\/\/www.preventraide.fr\/contenus\/#website\",\"url\":\"https:\/\/www.preventraide.fr\/contenus\/\",\"name\":\"Preventraide\",\"description\":\"\",\"potentialAction\":[{\"@type\":\"SearchAction\",\"target\":{\"@type\":\"EntryPoint\",\"urlTemplate\":\"https:\/\/www.preventraide.fr\/contenus\/?s={search_term_string}\"},\"query-input\":{\"@type\":\"PropertyValueSpecification\",\"valueRequired\":true,\"valueName\":\"search_term_string\"}}],\"inLanguage\":\"fr-FR\"},{\"@type\":\"Person\",\"@id\":\"https:\/\/www.preventraide.fr\/contenus\/#\/schema\/person\/610d5b148158ad8b26a57ee3481784b9\",\"name\":\"Camille Jagueneau\",\"image\":{\"@type\":\"ImageObject\",\"inLanguage\":\"fr-FR\",\"@id\":\"https:\/\/www.preventraide.fr\/contenus\/#\/schema\/person\/image\/\",\"url\":\"https:\/\/secure.gravatar.com\/avatar\/3a79d305b8d74191fb30dfe16bb61532d97fe378fbea0c1b02acebf1deb00e68?s=96&d=mm&r=g\",\"contentUrl\":\"https:\/\/secure.gravatar.com\/avatar\/3a79d305b8d74191fb30dfe16bb61532d97fe378fbea0c1b02acebf1deb00e68?s=96&d=mm&r=g\",\"caption\":\"Camille Jagueneau\"}}]}<\/script>\n<!-- \/ Yoast SEO plugin. -->","yoast_head_json":{"title":"Retour au Village de la Pr\u00e9vention des Risques de Montpellier - Preventraide - Conseils Pr\u00e9vention","robots":{"index":"index","follow":"follow","max-snippet":"max-snippet:-1","max-image-preview":"max-image-preview:large","max-video-preview":"max-video-preview:-1"},"canonical":"https:\/\/www.preventraide.fr\/contenus\/actualites\/retour-au-village-de-la-prevention-des-risques-de-montpellier\/","og_locale":"fr_FR","og_type":"article","og_title":"Retour au Village de la Pr\u00e9vention des Risques de Montpellier - Preventraide - Conseils Pr\u00e9vention","og_description":"Vendredi 11 octobre, \u00e0 l&rsquo;occasion de la journ\u00e9e d&rsquo;action face aux risques, l\u2019antenne Pr\u00e9vention MAIF de Montpellier et les mandataires de la MAIF se sont unis pour proposer des animations \u00e9ducatives sur les risques majeurs au Village de la Pr\u00e9vention des Risques. Au cours de cette journ\u00e9e, nos volontaires ont propos\u00e9 3 stands :\ud83c\udf27 Une [&hellip;]","og_url":"https:\/\/www.preventraide.fr\/contenus\/actualites\/retour-au-village-de-la-prevention-des-risques-de-montpellier\/","og_site_name":"Preventraide - Conseils Pr\u00e9vention","article_published_time":"2024-10-16T03:44:00+00:00","og_image":[{"width":800,"height":1067,"url":"https:\/\/www.preventraide.fr\/contenus\/app\/uploads\/2024\/10\/large_preview.png","type":"image\/png"}],"author":"Camille Jagueneau","twitter_card":"summary_large_image","twitter_misc":{"Written by":"Camille Jagueneau","Est. reading time":"2 minutes"},"schema":{"@context":"https:\/\/schema.org","@graph":[{"@type":"WebPage","@id":"https:\/\/www.preventraide.fr\/contenus\/actualites\/retour-au-village-de-la-prevention-des-risques-de-montpellier\/","url":"https:\/\/www.preventraide.fr\/contenus\/actualites\/retour-au-village-de-la-prevention-des-risques-de-montpellier\/","name":"Retour au Village de la Pr\u00e9vention des Risques de Montpellier - Preventraide - Conseils Pr\u00e9vention","isPartOf":{"@id":"https:\/\/www.preventraide.fr\/contenus\/#website"},"primaryImageOfPage":{"@id":"https:\/\/www.preventraide.fr\/contenus\/actualites\/retour-au-village-de-la-prevention-des-risques-de-montpellier\/#primaryimage"},"image":{"@id":"https:\/\/www.preventraide.fr\/contenus\/actualites\/retour-au-village-de-la-prevention-des-risques-de-montpellier\/#primaryimage"},"thumbnailUrl":"https:\/\/www.preventraide.fr\/contenus\/app\/uploads\/2024\/10\/large_preview.png","datePublished":"2024-10-16T03:44:00+00:00","author":{"@id":"https:\/\/www.preventraide.fr\/contenus\/#\/schema\/person\/610d5b148158ad8b26a57ee3481784b9"},"breadcrumb":{"@id":"https:\/\/www.preventraide.fr\/contenus\/actualites\/retour-au-village-de-la-prevention-des-risques-de-montpellier\/#breadcrumb"},"inLanguage":"fr-FR","potentialAction":[{"@type":"ReadAction","target":["https:\/\/www.preventraide.fr\/contenus\/actualites\/retour-au-village-de-la-prevention-des-risques-de-montpellier\/"]}]},{"@type":"ImageObject","inLanguage":"fr-FR","@id":"https:\/\/www.preventraide.fr\/contenus\/actualites\/retour-au-village-de-la-prevention-des-risques-de-montpellier\/#primaryimage","url":"https:\/\/www.preventraide.fr\/contenus\/app\/uploads\/2024\/10\/large_preview.png","contentUrl":"https:\/\/www.preventraide.fr\/contenus\/app\/uploads\/2024\/10\/large_preview.png","width":800,"height":1067},{"@type":"BreadcrumbList","@id":"https:\/\/www.preventraide.fr\/contenus\/actualites\/retour-au-village-de-la-prevention-des-risques-de-montpellier\/#breadcrumb","itemListElement":[{"@type":"ListItem","position":1,"name":"Accueil","item":"https:\/\/www.preventraide.fr"},{"@type":"ListItem","position":2,"name":"Retour au Village de la Pr\u00e9vention des Risques de Montpellier"}]},{"@type":"WebSite","@id":"https:\/\/www.preventraide.fr\/contenus\/#website","url":"https:\/\/www.preventraide.fr\/contenus\/","name":"Preventraide","description":"","potentialAction":[{"@type":"SearchAction","target":{"@type":"EntryPoint","urlTemplate":"https:\/\/www.preventraide.fr\/contenus\/?s={search_term_string}"},"query-input":{"@type":"PropertyValueSpecification","valueRequired":true,"valueName":"search_term_string"}}],"inLanguage":"fr-FR"},{"@type":"Person","@id":"https:\/\/www.preventraide.fr\/contenus\/#\/schema\/person\/610d5b148158ad8b26a57ee3481784b9","name":"Camille Jagueneau","image":{"@type":"ImageObject","inLanguage":"fr-FR","@id":"https:\/\/www.preventraide.fr\/contenus\/#\/schema\/person\/image\/","url":"https:\/\/secure.gravatar.com\/avatar\/3a79d305b8d74191fb30dfe16bb61532d97fe378fbea0c1b02acebf1deb00e68?s=96&d=mm&r=g","contentUrl":"https:\/\/secure.gravatar.com\/avatar\/3a79d305b8d74191fb30dfe16bb61532d97fe378fbea0c1b02acebf1deb00e68?s=96&d=mm&r=g","caption":"Camille Jagueneau"}}]}},"_links":{"self":[{"href":"https:\/\/www.preventraide.fr\/contenus\/wp-json\/wp\/v2\/posts\/2145","targetHints":{"allow":["GET"]}}],"collection":[{"href":"https:\/\/www.preventraide.fr\/contenus\/wp-json\/wp\/v2\/posts"}],"about":[{"href":"https:\/\/www.preventraide.fr\/contenus\/wp-json\/wp\/v2\/types\/post"}],"author":[{"embeddable":true,"href":"https:\/\/www.preventraide.fr\/contenus\/wp-json\/wp\/v2\/users\/6"}],"replies":[{"embeddable":true,"href":"https:\/\/www.preventraide.fr\/contenus\/wp-json\/wp\/v2\/comments?post=2145"}],"version-history":[{"count":0,"href":"https:\/\/www.preventraide.fr\/contenus\/wp-json\/wp\/v2\/posts\/2145\/revisions"}],"wp:featuredmedia":[{"embeddable":true,"href":"https:\/\/www.preventraide.fr\/contenus\/wp-json\/wp\/v2\/media\/2094"}],"wp:attachment":[{"href":"https:\/\/www.preventraide.fr\/contenus\/wp-json\/wp\/v2\/media?parent=2145"}],"wp:term":[{"taxonomy":"category","embeddable":true,"href":"https:\/\/www.preventraide.fr\/contenus\/wp-json\/wp\/v2\/categories?post=2145"},{"taxonomy":"post_tag","embeddable":true,"href":"https:\/\/www.preventraide.fr\/contenus\/wp-json\/wp\/v2\/tags?post=2145"}],"curies":[{"name":"wp","href":"https:\/\/api.w.org\/{rel}","templated":true}]}}