{"id":2146,"date":"2024-10-18T11:44:17","date_gmt":"2024-10-18T09:44:17","guid":{"rendered":"https:\/\/www.preventraide.fr\/contenus\/?p=1593"},"modified":"2024-10-18T11:44:17","modified_gmt":"2024-10-18T09:44:17","slug":"des-actions-pour-sensibiliser-la-nouvelle-generation-aux-enjeux-climatiques","status":"publish","type":"post","link":"https:\/\/www.preventraide.fr\/contenus\/actualites\/des-actions-pour-sensibiliser-la-nouvelle-generation-aux-enjeux-climatiques\/","title":{"rendered":"Des actions pour sensibiliser la nouvelle g\u00e9n\u00e9ration aux enjeux climatiques"},"content":{"rendered":"\n<div class=\"wp-block-columns is-layout-flex wp-container-core-columns-is-layout-28f84493 wp-block-columns-is-layout-flex\">\n<div class=\"wp-block-column is-layout-flow wp-block-column-is-layout-flow\">\n<figure class=\"wp-block-gallery columns-3 is-cropped wp-block-gallery-1 is-layout-flex wp-block-gallery-is-layout-flex\"><ul class=\"blocks-gallery-grid\"><li class=\"blocks-gallery-item\"><figure><img decoding=\"async\" src=\"https:\/\/www.preventraide.fr\/contenus\/app\/uploads\/2024\/10\/Image5-1024x576.jpg\" alt=\"\" data-id=\"1594\" data-full-url=\"https:\/\/www.preventraide.fr\/contenus\/app\/uploads\/2024\/10\/Image5.jpg\" data-link=\"https:\/\/www.preventraide.fr\/contenus\/?attachment_id=1594\" class=\"wp-image-1594\"\/><\/figure><\/li><li class=\"blocks-gallery-item\"><figure><img decoding=\"async\" src=\"https:\/\/www.preventraide.fr\/contenus\/app\/uploads\/2024\/10\/Image1-575x1024.jpg\" alt=\"\" data-id=\"1595\" data-full-url=\"https:\/\/www.preventraide.fr\/contenus\/app\/uploads\/2024\/10\/Image1.jpg\" data-link=\"https:\/\/www.preventraide.fr\/contenus\/?attachment_id=1595\" class=\"wp-image-1595\"\/><\/figure><\/li><li class=\"blocks-gallery-item\"><figure><img decoding=\"async\" src=\"https:\/\/www.preventraide.fr\/contenus\/app\/uploads\/2024\/10\/Image4-1024x576.jpg\" alt=\"\" data-id=\"1596\" data-full-url=\"https:\/\/www.preventraide.fr\/contenus\/app\/uploads\/2024\/10\/Image4.jpg\" data-link=\"https:\/\/www.preventraide.fr\/contenus\/?attachment_id=1596\" class=\"wp-image-1596\"\/><\/figure><\/li><li class=\"blocks-gallery-item\"><figure><img decoding=\"async\" src=\"https:\/\/www.preventraide.fr\/contenus\/app\/uploads\/2024\/10\/Image3-1024x576.jpg\" alt=\"\" data-id=\"1597\" data-full-url=\"https:\/\/www.preventraide.fr\/contenus\/app\/uploads\/2024\/10\/Image3.jpg\" data-link=\"https:\/\/www.preventraide.fr\/contenus\/?attachment_id=1597\" class=\"wp-image-1597\"\/><\/figure><\/li><li class=\"blocks-gallery-item\"><figure><img decoding=\"async\" src=\"https:\/\/www.preventraide.fr\/contenus\/app\/uploads\/2024\/10\/Image-2.jpg\" alt=\"\" data-id=\"1598\" data-full-url=\"https:\/\/www.preventraide.fr\/contenus\/app\/uploads\/2024\/10\/Image-2.jpg\" data-link=\"https:\/\/www.preventraide.fr\/contenus\/?attachment_id=1598\" class=\"wp-image-1598\"\/><\/figure><\/li><\/ul><\/figure>\n<\/div>\n\n\n\n<div class=\"wp-block-column is-layout-flow wp-block-column-is-layout-flow\">\n<p>L\u2019antenne Pr\u00e9vention MAIF de Lyon s\u2019est mobilis\u00e9e pour sensibiliser au changement climatique lors de la journ\u00e9e d\u2019action face aux risques.<\/p>\n\n\n\n<p>\ud83d\uddfa Dans un lyc\u00e9e : Une fresque du climat et une exp\u00e9rience scientifique sur l\u2019effet de serre.<br>\u2600 Au Conseil Municipal des Enfants : Une fresque du climat suivie d\u2019une d\u00e9gustation de compote cuite au four solaire, et un exercice d\u2019expression des \u00e9motions li\u00e9 au climat.<\/p>\n\n\n\n<p>Nos b\u00e9n\u00e9voles lyonnais pr\u00e9parent \u00e9galement une nouvelle animation pour montrer l\u2019effet du CO2 comme gaz r\u00e9chauffant. \ud83c\udf21<\/p>\n\n\n\n<p>Bravo \u00e0 nos membres pour leurs engagements sur le climat ! \ud83d\udc4f<\/p>\n<\/div>\n<\/div>\n","protected":false},"excerpt":{"rendered":"<p>L\u2019antenne Pr\u00e9vention MAIF de Lyon s\u2019est mobilis\u00e9e pour sensibiliser au changement climatique lors de la journ\u00e9e d\u2019action face aux risques. \ud83d\uddfa Dans un lyc\u00e9e : Une fresque du climat et une exp\u00e9rience scientifique sur l\u2019effet de serre.\u2600 Au Conseil Municipal des Enfants : Une fresque du climat suivie d\u2019une d\u00e9gustation de compote cuite au four [&hellip;]<\/p>\n","protected":false},"author":6,"featured_media":2103,"comment_status":"closed","ping_status":"closed","sticky":false,"template":"","format":"standard","meta":{"_acf_changed":false,"inline_featured_image":false,"ghostkit_customizer_options":"","ghostkit_custom_css":"","ghostkit_custom_js_head":"","ghostkit_custom_js_foot":"","ghostkit_typography":"","footnotes":""},"categories":[2],"tags":[],"class_list":["post-2146","post","type-post","status-publish","format-standard","has-post-thumbnail","hentry","category-non-classifie"],"acf":[],"yoast_head":"<!-- This site is optimized with the Yoast SEO plugin v24.9 - https:\/\/yoast.com\/wordpress\/plugins\/seo\/ -->\n<title>Des actions pour sensibiliser la nouvelle g\u00e9n\u00e9ration aux enjeux climatiques - Preventraide - Conseils Pr\u00e9vention<\/title>\n<meta name=\"robots\" content=\"index, follow, max-snippet:-1, max-image-preview:large, max-video-preview:-1\" \/>\n<link rel=\"canonical\" href=\"https:\/\/www.preventraide.fr\/contenus\/actualites\/des-actions-pour-sensibiliser-la-nouvelle-generation-aux-enjeux-climatiques\/\" \/>\n<meta property=\"og:locale\" content=\"fr_FR\" \/>\n<meta property=\"og:type\" content=\"article\" \/>\n<meta property=\"og:title\" content=\"Des actions pour sensibiliser la nouvelle g\u00e9n\u00e9ration aux enjeux climatiques - Preventraide - Conseils Pr\u00e9vention\" \/>\n<meta property=\"og:description\" content=\"L\u2019antenne Pr\u00e9vention MAIF de Lyon s\u2019est mobilis\u00e9e pour sensibiliser au changement climatique lors de la journ\u00e9e d\u2019action face aux risques. \ud83d\uddfa Dans un lyc\u00e9e : Une fresque du climat et une exp\u00e9rience scientifique sur l\u2019effet de serre.\u2600 Au Conseil Municipal des Enfants : Une fresque du climat suivie d\u2019une d\u00e9gustation de compote cuite au four [&hellip;]\" \/>\n<meta property=\"og:url\" content=\"https:\/\/www.preventraide.fr\/contenus\/actualites\/des-actions-pour-sensibiliser-la-nouvelle-generation-aux-enjeux-climatiques\/\" \/>\n<meta property=\"og:site_name\" content=\"Preventraide - Conseils Pr\u00e9vention\" \/>\n<meta property=\"article:published_time\" content=\"2024-10-18T09:44:17+00:00\" \/>\n<meta property=\"og:image\" content=\"https:\/\/www.preventraide.fr\/contenus\/app\/uploads\/2024\/10\/Image3.jpg\" \/>\n\t<meta property=\"og:image:width\" content=\"1386\" \/>\n\t<meta property=\"og:image:height\" content=\"779\" \/>\n\t<meta property=\"og:image:type\" content=\"image\/jpeg\" \/>\n<meta name=\"author\" content=\"Camille Jagueneau\" \/>\n<meta name=\"twitter:card\" content=\"summary_large_image\" \/>\n<meta name=\"twitter:label1\" content=\"Written by\" \/>\n\t<meta name=\"twitter:data1\" content=\"Camille Jagueneau\" \/>\n\t<meta name=\"twitter:label2\" content=\"Est. reading time\" \/>\n\t<meta name=\"twitter:data2\" content=\"2 minutes\" \/>\n<script type=\"application\/ld+json\" class=\"yoast-schema-graph\">{\"@context\":\"https:\/\/schema.org\",\"@graph\":[{\"@type\":\"WebPage\",\"@id\":\"https:\/\/www.preventraide.fr\/contenus\/actualites\/des-actions-pour-sensibiliser-la-nouvelle-generation-aux-enjeux-climatiques\/\",\"url\":\"https:\/\/www.preventraide.fr\/contenus\/actualites\/des-actions-pour-sensibiliser-la-nouvelle-generation-aux-enjeux-climatiques\/\",\"name\":\"Des actions pour sensibiliser la nouvelle g\u00e9n\u00e9ration aux enjeux climatiques - Preventraide - Conseils Pr\u00e9vention\",\"isPartOf\":{\"@id\":\"https:\/\/www.preventraide.fr\/contenus\/#website\"},\"primaryImageOfPage\":{\"@id\":\"https:\/\/www.preventraide.fr\/contenus\/actualites\/des-actions-pour-sensibiliser-la-nouvelle-generation-aux-enjeux-climatiques\/#primaryimage\"},\"image\":{\"@id\":\"https:\/\/www.preventraide.fr\/contenus\/actualites\/des-actions-pour-sensibiliser-la-nouvelle-generation-aux-enjeux-climatiques\/#primaryimage\"},\"thumbnailUrl\":\"https:\/\/www.preventraide.fr\/contenus\/app\/uploads\/2024\/10\/Image3.jpg\",\"datePublished\":\"2024-10-18T09:44:17+00:00\",\"author\":{\"@id\":\"https:\/\/www.preventraide.fr\/contenus\/#\/schema\/person\/610d5b148158ad8b26a57ee3481784b9\"},\"breadcrumb\":{\"@id\":\"https:\/\/www.preventraide.fr\/contenus\/actualites\/des-actions-pour-sensibiliser-la-nouvelle-generation-aux-enjeux-climatiques\/#breadcrumb\"},\"inLanguage\":\"fr-FR\",\"potentialAction\":[{\"@type\":\"ReadAction\",\"target\":[\"https:\/\/www.preventraide.fr\/contenus\/actualites\/des-actions-pour-sensibiliser-la-nouvelle-generation-aux-enjeux-climatiques\/\"]}]},{\"@type\":\"ImageObject\",\"inLanguage\":\"fr-FR\",\"@id\":\"https:\/\/www.preventraide.fr\/contenus\/actualites\/des-actions-pour-sensibiliser-la-nouvelle-generation-aux-enjeux-climatiques\/#primaryimage\",\"url\":\"https:\/\/www.preventraide.fr\/contenus\/app\/uploads\/2024\/10\/Image3.jpg\",\"contentUrl\":\"https:\/\/www.preventraide.fr\/contenus\/app\/uploads\/2024\/10\/Image3.jpg\",\"width\":1386,\"height\":779},{\"@type\":\"BreadcrumbList\",\"@id\":\"https:\/\/www.preventraide.fr\/contenus\/actualites\/des-actions-pour-sensibiliser-la-nouvelle-generation-aux-enjeux-climatiques\/#breadcrumb\",\"itemListElement\":[{\"@type\":\"ListItem\",\"position\":1,\"name\":\"Accueil\",\"item\":\"https:\/\/www.preventraide.fr\"},{\"@type\":\"ListItem\",\"position\":2,\"name\":\"Des actions pour sensibiliser la nouvelle g\u00e9n\u00e9ration aux enjeux climatiques\"}]},{\"@type\":\"WebSite\",\"@id\":\"https:\/\/www.preventraide.fr\/contenus\/#website\",\"url\":\"https:\/\/www.preventraide.fr\/contenus\/\",\"name\":\"Preventraide\",\"description\":\"\",\"potentialAction\":[{\"@type\":\"SearchAction\",\"target\":{\"@type\":\"EntryPoint\",\"urlTemplate\":\"https:\/\/www.preventraide.fr\/contenus\/?s={search_term_string}\"},\"query-input\":{\"@type\":\"PropertyValueSpecification\",\"valueRequired\":true,\"valueName\":\"search_term_string\"}}],\"inLanguage\":\"fr-FR\"},{\"@type\":\"Person\",\"@id\":\"https:\/\/www.preventraide.fr\/contenus\/#\/schema\/person\/610d5b148158ad8b26a57ee3481784b9\",\"name\":\"Camille Jagueneau\",\"image\":{\"@type\":\"ImageObject\",\"inLanguage\":\"fr-FR\",\"@id\":\"https:\/\/www.preventraide.fr\/contenus\/#\/schema\/person\/image\/\",\"url\":\"https:\/\/secure.gravatar.com\/avatar\/3a79d305b8d74191fb30dfe16bb61532d97fe378fbea0c1b02acebf1deb00e68?s=96&d=mm&r=g\",\"contentUrl\":\"https:\/\/secure.gravatar.com\/avatar\/3a79d305b8d74191fb30dfe16bb61532d97fe378fbea0c1b02acebf1deb00e68?s=96&d=mm&r=g\",\"caption\":\"Camille Jagueneau\"}}]}<\/script>\n<!-- \/ Yoast SEO plugin. -->","yoast_head_json":{"title":"Des actions pour sensibiliser la nouvelle g\u00e9n\u00e9ration aux enjeux climatiques - Preventraide - Conseils Pr\u00e9vention","robots":{"index":"index","follow":"follow","max-snippet":"max-snippet:-1","max-image-preview":"max-image-preview:large","max-video-preview":"max-video-preview:-1"},"canonical":"https:\/\/www.preventraide.fr\/contenus\/actualites\/des-actions-pour-sensibiliser-la-nouvelle-generation-aux-enjeux-climatiques\/","og_locale":"fr_FR","og_type":"article","og_title":"Des actions pour sensibiliser la nouvelle g\u00e9n\u00e9ration aux enjeux climatiques - Preventraide - Conseils Pr\u00e9vention","og_description":"L\u2019antenne Pr\u00e9vention MAIF de Lyon s\u2019est mobilis\u00e9e pour sensibiliser au changement climatique lors de la journ\u00e9e d\u2019action face aux risques. \ud83d\uddfa Dans un lyc\u00e9e : Une fresque du climat et une exp\u00e9rience scientifique sur l\u2019effet de serre.\u2600 Au Conseil Municipal des Enfants : Une fresque du climat suivie d\u2019une d\u00e9gustation de compote cuite au four [&hellip;]","og_url":"https:\/\/www.preventraide.fr\/contenus\/actualites\/des-actions-pour-sensibiliser-la-nouvelle-generation-aux-enjeux-climatiques\/","og_site_name":"Preventraide - Conseils Pr\u00e9vention","article_published_time":"2024-10-18T09:44:17+00:00","og_image":[{"width":1386,"height":779,"url":"https:\/\/www.preventraide.fr\/contenus\/app\/uploads\/2024\/10\/Image3.jpg","type":"image\/jpeg"}],"author":"Camille Jagueneau","twitter_card":"summary_large_image","twitter_misc":{"Written by":"Camille Jagueneau","Est. reading time":"2 minutes"},"schema":{"@context":"https:\/\/schema.org","@graph":[{"@type":"WebPage","@id":"https:\/\/www.preventraide.fr\/contenus\/actualites\/des-actions-pour-sensibiliser-la-nouvelle-generation-aux-enjeux-climatiques\/","url":"https:\/\/www.preventraide.fr\/contenus\/actualites\/des-actions-pour-sensibiliser-la-nouvelle-generation-aux-enjeux-climatiques\/","name":"Des actions pour sensibiliser la nouvelle g\u00e9n\u00e9ration aux enjeux climatiques - Preventraide - Conseils Pr\u00e9vention","isPartOf":{"@id":"https:\/\/www.preventraide.fr\/contenus\/#website"},"primaryImageOfPage":{"@id":"https:\/\/www.preventraide.fr\/contenus\/actualites\/des-actions-pour-sensibiliser-la-nouvelle-generation-aux-enjeux-climatiques\/#primaryimage"},"image":{"@id":"https:\/\/www.preventraide.fr\/contenus\/actualites\/des-actions-pour-sensibiliser-la-nouvelle-generation-aux-enjeux-climatiques\/#primaryimage"},"thumbnailUrl":"https:\/\/www.preventraide.fr\/contenus\/app\/uploads\/2024\/10\/Image3.jpg","datePublished":"2024-10-18T09:44:17+00:00","author":{"@id":"https:\/\/www.preventraide.fr\/contenus\/#\/schema\/person\/610d5b148158ad8b26a57ee3481784b9"},"breadcrumb":{"@id":"https:\/\/www.preventraide.fr\/contenus\/actualites\/des-actions-pour-sensibiliser-la-nouvelle-generation-aux-enjeux-climatiques\/#breadcrumb"},"inLanguage":"fr-FR","potentialAction":[{"@type":"ReadAction","target":["https:\/\/www.preventraide.fr\/contenus\/actualites\/des-actions-pour-sensibiliser-la-nouvelle-generation-aux-enjeux-climatiques\/"]}]},{"@type":"ImageObject","inLanguage":"fr-FR","@id":"https:\/\/www.preventraide.fr\/contenus\/actualites\/des-actions-pour-sensibiliser-la-nouvelle-generation-aux-enjeux-climatiques\/#primaryimage","url":"https:\/\/www.preventraide.fr\/contenus\/app\/uploads\/2024\/10\/Image3.jpg","contentUrl":"https:\/\/www.preventraide.fr\/contenus\/app\/uploads\/2024\/10\/Image3.jpg","width":1386,"height":779},{"@type":"BreadcrumbList","@id":"https:\/\/www.preventraide.fr\/contenus\/actualites\/des-actions-pour-sensibiliser-la-nouvelle-generation-aux-enjeux-climatiques\/#breadcrumb","itemListElement":[{"@type":"ListItem","position":1,"name":"Accueil","item":"https:\/\/www.preventraide.fr"},{"@type":"ListItem","position":2,"name":"Des actions pour sensibiliser la nouvelle g\u00e9n\u00e9ration aux enjeux climatiques"}]},{"@type":"WebSite","@id":"https:\/\/www.preventraide.fr\/contenus\/#website","url":"https:\/\/www.preventraide.fr\/contenus\/","name":"Preventraide","description":"","potentialAction":[{"@type":"SearchAction","target":{"@type":"EntryPoint","urlTemplate":"https:\/\/www.preventraide.fr\/contenus\/?s={search_term_string}"},"query-input":{"@type":"PropertyValueSpecification","valueRequired":true,"valueName":"search_term_string"}}],"inLanguage":"fr-FR"},{"@type":"Person","@id":"https:\/\/www.preventraide.fr\/contenus\/#\/schema\/person\/610d5b148158ad8b26a57ee3481784b9","name":"Camille Jagueneau","image":{"@type":"ImageObject","inLanguage":"fr-FR","@id":"https:\/\/www.preventraide.fr\/contenus\/#\/schema\/person\/image\/","url":"https:\/\/secure.gravatar.com\/avatar\/3a79d305b8d74191fb30dfe16bb61532d97fe378fbea0c1b02acebf1deb00e68?s=96&d=mm&r=g","contentUrl":"https:\/\/secure.gravatar.com\/avatar\/3a79d305b8d74191fb30dfe16bb61532d97fe378fbea0c1b02acebf1deb00e68?s=96&d=mm&r=g","caption":"Camille Jagueneau"}}]}},"_links":{"self":[{"href":"https:\/\/www.preventraide.fr\/contenus\/wp-json\/wp\/v2\/posts\/2146","targetHints":{"allow":["GET"]}}],"collection":[{"href":"https:\/\/www.preventraide.fr\/contenus\/wp-json\/wp\/v2\/posts"}],"about":[{"href":"https:\/\/www.preventraide.fr\/contenus\/wp-json\/wp\/v2\/types\/post"}],"author":[{"embeddable":true,"href":"https:\/\/www.preventraide.fr\/contenus\/wp-json\/wp\/v2\/users\/6"}],"replies":[{"embeddable":true,"href":"https:\/\/www.preventraide.fr\/contenus\/wp-json\/wp\/v2\/comments?post=2146"}],"version-history":[{"count":0,"href":"https:\/\/www.preventraide.fr\/contenus\/wp-json\/wp\/v2\/posts\/2146\/revisions"}],"wp:featuredmedia":[{"embeddable":true,"href":"https:\/\/www.preventraide.fr\/contenus\/wp-json\/wp\/v2\/media\/2103"}],"wp:attachment":[{"href":"https:\/\/www.preventraide.fr\/contenus\/wp-json\/wp\/v2\/media?parent=2146"}],"wp:term":[{"taxonomy":"category","embeddable":true,"href":"https:\/\/www.preventraide.fr\/contenus\/wp-json\/wp\/v2\/categories?post=2146"},{"taxonomy":"post_tag","embeddable":true,"href":"https:\/\/www.preventraide.fr\/contenus\/wp-json\/wp\/v2\/tags?post=2146"}],"curies":[{"name":"wp","href":"https:\/\/api.w.org\/{rel}","templated":true}]}}