{"id":2149,"date":"2024-11-13T09:57:09","date_gmt":"2024-11-13T08:57:09","guid":{"rendered":"https:\/\/www.preventraide.fr\/contenus\/?p=1666"},"modified":"2024-11-13T09:57:09","modified_gmt":"2024-11-13T08:57:09","slug":"invitation-au-colloque-mobilisation-citoyenne-face-aux-risques-majeurs-4-et-5-decembre-2024","status":"publish","type":"post","link":"https:\/\/www.preventraide.fr\/contenus\/actualites\/invitation-au-colloque-mobilisation-citoyenne-face-aux-risques-majeurs-4-et-5-decembre-2024\/","title":{"rendered":"Invitation au Colloque : Mobilisation citoyenne face aux risques majeurs 4 et 5 d\u00e9cembre 2024"},"content":{"rendered":"\n<div class=\"wp-block-columns is-layout-flex wp-container-core-columns-is-layout-28f84493 wp-block-columns-is-layout-flex\">\n<div class=\"wp-block-column is-layout-flow wp-block-column-is-layout-flow\">\n<figure class=\"wp-block-image size-large\"><img decoding=\"async\" src=\"https:\/\/www.preventraide.fr\/contenus\/app\/uploads\/2024\/11\/Capture.png\" alt=\"\" class=\"wp-image-1669\"\/><\/figure>\n<\/div>\n\n\n\n<div class=\"wp-block-column is-layout-flow wp-block-column-is-layout-flow\">\n<p>\u00c0 l\u2019occasion des 20 ans de la loi de modernisation de la s\u00e9curit\u00e9 civile, ce colloque unique r\u00e9unira les principaux acteurs de la pr\u00e9vention des risques et de la gestion des crises : chercheurs, repr\u00e9sentants des minist\u00e8res, associations, \u00e9lus locaux et experts du terrain. Ensemble, explorons les enjeux cruciaux de la mobilisation citoyenne face \u00e0 des risques majeurs de plus en plus fr\u00e9quents.&nbsp;Cet \u00e9v\u00e8nement est co-organis\u00e9 par l&rsquo;Association fran\u00e7aise pour la pr\u00e9vention des catastrophes naturelles et technologiques (AFPCNT) et le Crisislab de Sciences Po et soutenue par Minist\u00e8res Territoires \u00c9cologie Logement.<\/p>\n\n\n\n<h2 class=\"has-red-color has-text-color wp-block-heading\"><strong>Pourquoi participer ?<\/strong><\/h2>\n\n\n\n<p><strong>\ud83d\udc49Chercheurs :<\/strong> Pr\u00e9sentez et d\u00e9couvrez des \u00e9tudes sur les mobilisations citoyennes, participez \u00e0 des \u00e9changes de haut niveau sur les dynamiques sociales face aux crises.<br><strong>\ud83d\udc49Repr\u00e9sentants de l\u2019Etat: <\/strong>Contribuez \u00e0 la r\u00e9flexion sur les politiques publiques et l\u2019int\u00e9gration de la soci\u00e9t\u00e9 civile dans les dispositifs de pr\u00e9vention des risques majeurs et de gestion de crise.<br><strong>\ud83d\udc49Secteur associatif :<\/strong> Renforcez vos r\u00e9seaux, partagez vos exp\u00e9riences de terrain et collaborez avec d&rsquo;autres acteurs pour am\u00e9liorer la r\u00e9silience des territoires.<br><strong>\ud83d\udc49Acteurs des territoires :<\/strong> Partagez votre vision et les solutions innovantes que vous construisez pour pr\u00e9parer vos communaut\u00e9s face aux risques climatiques, technologiques et naturels.<\/p>\n<\/div>\n<\/div>\n\n\n\n<h2 class=\"wp-block-heading has-red-color has-text-color\"><strong>Au programme<\/strong><\/h2>\n\n\n\n<p>Des conf\u00e9rences, dialogues et ateliers interactifs autour des th\u00e8mes cl\u00e9s :<\/p>\n\n\n\n<p>\ud83d\udc49 L\u2019importance de la culture du risque et la mobilisation citoyenne pour renforcer la r\u00e9silience des territoires.<br>\ud83d\udc49 Comment les citoyens s&rsquo;organisent avant, pendant et apr\u00e8s les catastrophes, et quels dispositifs permettent de mieux les int\u00e9grer \u00e0 la gestion de crise.<br>\ud83d\udc49 Retour d&rsquo;exp\u00e9rience sur les \u00e9v\u00e9nements r\u00e9cents et analyse des mythes et r\u00e9alit\u00e9s li\u00e9s aux comportements des populations face aux crises.<br>\ud83d\udc49 Ateliers pratiques pour construire une feuille de route strat\u00e9gique d\u00e9di\u00e9e \u00e0 l\u2019engagement citoyen.<\/p>\n\n\n\n<p>L&rsquo;association Pr\u00e9vention MAIF partagera sa vision et les actions qu&rsquo;elle entreprend sur l&rsquo;entraide citoyenne, et participera \u00e0 des ateliers pratiques pour construire une feuille de route strat\u00e9gique d\u00e9di\u00e9e \u00e0 l\u2019engagement citoyen.<\/p>\n\n\n\n<p>Ne manquez pas la soir\u00e9e th\u00e9matique et conviviale \u00e0 l&rsquo;Acad\u00e9mie du Climat le 4 d\u00e9cembre, une belle occasion d&rsquo;\u00e9changer dans un cadre informel et ludique.<\/p>\n\n\n\n<p>Plus qu&rsquo;un colloque : une opportunit\u00e9 de co-construire des solutions innovantes face aux d\u00e9fis de demain, et d&rsquo;assurer la r\u00e9silience de nos territoires !<\/p>\n\n\n\n<p><strong><em>\u25b6 Inscrivez-vous d\u00e8s maintenant et contribuez \u00e0 fa\u00e7onner l\u2019avenir de la gestion des risques et des crises. Restons mobilis\u00e9s jusqu&rsquo;\u00e0 la fin : chaque session apportera des r\u00e9flexions et des outils concrets pour l\u2019action : <a href=\"http:\/\/www.mobilisationcitoyenne.org\" target=\"_blank\" rel=\"noreferrer noopener\">www.mobilisationcitoyenne.org<\/a><\/em><\/strong><\/p>\n\n\n\n<p>Une action soutenue par le Minist\u00e8re de la Transition Ecologique.<\/p>\n","protected":false},"excerpt":{"rendered":"<p>\u00c0 l\u2019occasion des 20 ans de la loi de modernisation de la s\u00e9curit\u00e9 civile, ce colloque unique r\u00e9unira les principaux acteurs de la pr\u00e9vention des risques et de la gestion des crises : chercheurs, repr\u00e9sentants des minist\u00e8res, associations, \u00e9lus locaux et experts du terrain. Ensemble, explorons les enjeux cruciaux de la mobilisation citoyenne face \u00e0 [&hellip;]<\/p>\n","protected":false},"author":7,"featured_media":2178,"comment_status":"closed","ping_status":"closed","sticky":false,"template":"","format":"standard","meta":{"_acf_changed":false,"inline_featured_image":false,"ghostkit_customizer_options":"","ghostkit_custom_css":"","ghostkit_custom_js_head":"","ghostkit_custom_js_foot":"","ghostkit_typography":"","footnotes":""},"categories":[2],"tags":[],"class_list":["post-2149","post","type-post","status-publish","format-standard","has-post-thumbnail","hentry","category-non-classifie"],"acf":[],"yoast_head":"<!-- This site is optimized with the Yoast SEO plugin v24.9 - https:\/\/yoast.com\/wordpress\/plugins\/seo\/ -->\n<title>Invitation au Colloque : Mobilisation citoyenne face aux risques majeurs 4 et 5 d\u00e9cembre 2024 - Preventraide - Conseils Pr\u00e9vention<\/title>\n<meta name=\"robots\" content=\"index, follow, max-snippet:-1, max-image-preview:large, max-video-preview:-1\" \/>\n<link rel=\"canonical\" href=\"https:\/\/www.preventraide.fr\/contenus\/actualites\/invitation-au-colloque-mobilisation-citoyenne-face-aux-risques-majeurs-4-et-5-decembre-2024\/\" \/>\n<meta property=\"og:locale\" content=\"fr_FR\" \/>\n<meta property=\"og:type\" content=\"article\" \/>\n<meta property=\"og:title\" content=\"Invitation au Colloque : Mobilisation citoyenne face aux risques majeurs 4 et 5 d\u00e9cembre 2024 - Preventraide - Conseils Pr\u00e9vention\" \/>\n<meta property=\"og:description\" content=\"\u00c0 l\u2019occasion des 20 ans de la loi de modernisation de la s\u00e9curit\u00e9 civile, ce colloque unique r\u00e9unira les principaux acteurs de la pr\u00e9vention des risques et de la gestion des crises : chercheurs, repr\u00e9sentants des minist\u00e8res, associations, \u00e9lus locaux et experts du terrain. Ensemble, explorons les enjeux cruciaux de la mobilisation citoyenne face \u00e0 [&hellip;]\" \/>\n<meta property=\"og:url\" content=\"https:\/\/www.preventraide.fr\/contenus\/actualites\/invitation-au-colloque-mobilisation-citoyenne-face-aux-risques-majeurs-4-et-5-decembre-2024\/\" \/>\n<meta property=\"og:site_name\" content=\"Preventraide - Conseils Pr\u00e9vention\" \/>\n<meta property=\"article:published_time\" content=\"2024-11-13T08:57:09+00:00\" \/>\n<meta property=\"og:image\" content=\"https:\/\/www.preventraide.fr\/contenus\/app\/uploads\/2024\/11\/Capture-2.png\" \/>\n\t<meta property=\"og:image:width\" content=\"528\" \/>\n\t<meta property=\"og:image:height\" content=\"747\" \/>\n\t<meta property=\"og:image:type\" content=\"image\/png\" \/>\n<meta name=\"author\" content=\"Romane THIBAUD\" \/>\n<meta name=\"twitter:card\" content=\"summary_large_image\" \/>\n<meta name=\"twitter:label1\" content=\"Written by\" \/>\n\t<meta name=\"twitter:data1\" content=\"Romane THIBAUD\" \/>\n\t<meta name=\"twitter:label2\" content=\"Est. reading time\" \/>\n\t<meta name=\"twitter:data2\" content=\"2 minutes\" \/>\n<script type=\"application\/ld+json\" class=\"yoast-schema-graph\">{\"@context\":\"https:\/\/schema.org\",\"@graph\":[{\"@type\":\"WebPage\",\"@id\":\"https:\/\/www.preventraide.fr\/contenus\/actualites\/invitation-au-colloque-mobilisation-citoyenne-face-aux-risques-majeurs-4-et-5-decembre-2024\/\",\"url\":\"https:\/\/www.preventraide.fr\/contenus\/actualites\/invitation-au-colloque-mobilisation-citoyenne-face-aux-risques-majeurs-4-et-5-decembre-2024\/\",\"name\":\"Invitation au Colloque : Mobilisation citoyenne face aux risques majeurs 4 et 5 d\u00e9cembre 2024 - Preventraide - Conseils Pr\u00e9vention\",\"isPartOf\":{\"@id\":\"https:\/\/www.preventraide.fr\/contenus\/#website\"},\"primaryImageOfPage\":{\"@id\":\"https:\/\/www.preventraide.fr\/contenus\/actualites\/invitation-au-colloque-mobilisation-citoyenne-face-aux-risques-majeurs-4-et-5-decembre-2024\/#primaryimage\"},\"image\":{\"@id\":\"https:\/\/www.preventraide.fr\/contenus\/actualites\/invitation-au-colloque-mobilisation-citoyenne-face-aux-risques-majeurs-4-et-5-decembre-2024\/#primaryimage\"},\"thumbnailUrl\":\"https:\/\/www.preventraide.fr\/contenus\/app\/uploads\/2024\/11\/Capture-2.png\",\"datePublished\":\"2024-11-13T08:57:09+00:00\",\"author\":{\"@id\":\"https:\/\/www.preventraide.fr\/contenus\/#\/schema\/person\/858cea8e6801e68794c6b7980b7f061c\"},\"breadcrumb\":{\"@id\":\"https:\/\/www.preventraide.fr\/contenus\/actualites\/invitation-au-colloque-mobilisation-citoyenne-face-aux-risques-majeurs-4-et-5-decembre-2024\/#breadcrumb\"},\"inLanguage\":\"fr-FR\",\"potentialAction\":[{\"@type\":\"ReadAction\",\"target\":[\"https:\/\/www.preventraide.fr\/contenus\/actualites\/invitation-au-colloque-mobilisation-citoyenne-face-aux-risques-majeurs-4-et-5-decembre-2024\/\"]}]},{\"@type\":\"ImageObject\",\"inLanguage\":\"fr-FR\",\"@id\":\"https:\/\/www.preventraide.fr\/contenus\/actualites\/invitation-au-colloque-mobilisation-citoyenne-face-aux-risques-majeurs-4-et-5-decembre-2024\/#primaryimage\",\"url\":\"https:\/\/www.preventraide.fr\/contenus\/app\/uploads\/2024\/11\/Capture-2.png\",\"contentUrl\":\"https:\/\/www.preventraide.fr\/contenus\/app\/uploads\/2024\/11\/Capture-2.png\",\"width\":528,\"height\":747},{\"@type\":\"BreadcrumbList\",\"@id\":\"https:\/\/www.preventraide.fr\/contenus\/actualites\/invitation-au-colloque-mobilisation-citoyenne-face-aux-risques-majeurs-4-et-5-decembre-2024\/#breadcrumb\",\"itemListElement\":[{\"@type\":\"ListItem\",\"position\":1,\"name\":\"Accueil\",\"item\":\"https:\/\/www.preventraide.fr\"},{\"@type\":\"ListItem\",\"position\":2,\"name\":\"Invitation au Colloque : Mobilisation citoyenne face aux risques majeurs 4 et 5 d\u00e9cembre 2024\"}]},{\"@type\":\"WebSite\",\"@id\":\"https:\/\/www.preventraide.fr\/contenus\/#website\",\"url\":\"https:\/\/www.preventraide.fr\/contenus\/\",\"name\":\"Preventraide\",\"description\":\"\",\"potentialAction\":[{\"@type\":\"SearchAction\",\"target\":{\"@type\":\"EntryPoint\",\"urlTemplate\":\"https:\/\/www.preventraide.fr\/contenus\/?s={search_term_string}\"},\"query-input\":{\"@type\":\"PropertyValueSpecification\",\"valueRequired\":true,\"valueName\":\"search_term_string\"}}],\"inLanguage\":\"fr-FR\"},{\"@type\":\"Person\",\"@id\":\"https:\/\/www.preventraide.fr\/contenus\/#\/schema\/person\/858cea8e6801e68794c6b7980b7f061c\",\"name\":\"Romane THIBAUD\",\"image\":{\"@type\":\"ImageObject\",\"inLanguage\":\"fr-FR\",\"@id\":\"https:\/\/www.preventraide.fr\/contenus\/#\/schema\/person\/image\/\",\"url\":\"https:\/\/secure.gravatar.com\/avatar\/37db5230d457183ece50f097bc55f9c854e002d4134a069e3e426d621fc31c31?s=96&d=mm&r=g\",\"contentUrl\":\"https:\/\/secure.gravatar.com\/avatar\/37db5230d457183ece50f097bc55f9c854e002d4134a069e3e426d621fc31c31?s=96&d=mm&r=g\",\"caption\":\"Romane THIBAUD\"}}]}<\/script>\n<!-- \/ Yoast SEO plugin. -->","yoast_head_json":{"title":"Invitation au Colloque : Mobilisation citoyenne face aux risques majeurs 4 et 5 d\u00e9cembre 2024 - Preventraide - Conseils Pr\u00e9vention","robots":{"index":"index","follow":"follow","max-snippet":"max-snippet:-1","max-image-preview":"max-image-preview:large","max-video-preview":"max-video-preview:-1"},"canonical":"https:\/\/www.preventraide.fr\/contenus\/actualites\/invitation-au-colloque-mobilisation-citoyenne-face-aux-risques-majeurs-4-et-5-decembre-2024\/","og_locale":"fr_FR","og_type":"article","og_title":"Invitation au Colloque : Mobilisation citoyenne face aux risques majeurs 4 et 5 d\u00e9cembre 2024 - Preventraide - Conseils Pr\u00e9vention","og_description":"\u00c0 l\u2019occasion des 20 ans de la loi de modernisation de la s\u00e9curit\u00e9 civile, ce colloque unique r\u00e9unira les principaux acteurs de la pr\u00e9vention des risques et de la gestion des crises : chercheurs, repr\u00e9sentants des minist\u00e8res, associations, \u00e9lus locaux et experts du terrain. Ensemble, explorons les enjeux cruciaux de la mobilisation citoyenne face \u00e0 [&hellip;]","og_url":"https:\/\/www.preventraide.fr\/contenus\/actualites\/invitation-au-colloque-mobilisation-citoyenne-face-aux-risques-majeurs-4-et-5-decembre-2024\/","og_site_name":"Preventraide - Conseils Pr\u00e9vention","article_published_time":"2024-11-13T08:57:09+00:00","og_image":[{"width":528,"height":747,"url":"https:\/\/www.preventraide.fr\/contenus\/app\/uploads\/2024\/11\/Capture-2.png","type":"image\/png"}],"author":"Romane THIBAUD","twitter_card":"summary_large_image","twitter_misc":{"Written by":"Romane THIBAUD","Est. reading time":"2 minutes"},"schema":{"@context":"https:\/\/schema.org","@graph":[{"@type":"WebPage","@id":"https:\/\/www.preventraide.fr\/contenus\/actualites\/invitation-au-colloque-mobilisation-citoyenne-face-aux-risques-majeurs-4-et-5-decembre-2024\/","url":"https:\/\/www.preventraide.fr\/contenus\/actualites\/invitation-au-colloque-mobilisation-citoyenne-face-aux-risques-majeurs-4-et-5-decembre-2024\/","name":"Invitation au Colloque : Mobilisation citoyenne face aux risques majeurs 4 et 5 d\u00e9cembre 2024 - Preventraide - Conseils Pr\u00e9vention","isPartOf":{"@id":"https:\/\/www.preventraide.fr\/contenus\/#website"},"primaryImageOfPage":{"@id":"https:\/\/www.preventraide.fr\/contenus\/actualites\/invitation-au-colloque-mobilisation-citoyenne-face-aux-risques-majeurs-4-et-5-decembre-2024\/#primaryimage"},"image":{"@id":"https:\/\/www.preventraide.fr\/contenus\/actualites\/invitation-au-colloque-mobilisation-citoyenne-face-aux-risques-majeurs-4-et-5-decembre-2024\/#primaryimage"},"thumbnailUrl":"https:\/\/www.preventraide.fr\/contenus\/app\/uploads\/2024\/11\/Capture-2.png","datePublished":"2024-11-13T08:57:09+00:00","author":{"@id":"https:\/\/www.preventraide.fr\/contenus\/#\/schema\/person\/858cea8e6801e68794c6b7980b7f061c"},"breadcrumb":{"@id":"https:\/\/www.preventraide.fr\/contenus\/actualites\/invitation-au-colloque-mobilisation-citoyenne-face-aux-risques-majeurs-4-et-5-decembre-2024\/#breadcrumb"},"inLanguage":"fr-FR","potentialAction":[{"@type":"ReadAction","target":["https:\/\/www.preventraide.fr\/contenus\/actualites\/invitation-au-colloque-mobilisation-citoyenne-face-aux-risques-majeurs-4-et-5-decembre-2024\/"]}]},{"@type":"ImageObject","inLanguage":"fr-FR","@id":"https:\/\/www.preventraide.fr\/contenus\/actualites\/invitation-au-colloque-mobilisation-citoyenne-face-aux-risques-majeurs-4-et-5-decembre-2024\/#primaryimage","url":"https:\/\/www.preventraide.fr\/contenus\/app\/uploads\/2024\/11\/Capture-2.png","contentUrl":"https:\/\/www.preventraide.fr\/contenus\/app\/uploads\/2024\/11\/Capture-2.png","width":528,"height":747},{"@type":"BreadcrumbList","@id":"https:\/\/www.preventraide.fr\/contenus\/actualites\/invitation-au-colloque-mobilisation-citoyenne-face-aux-risques-majeurs-4-et-5-decembre-2024\/#breadcrumb","itemListElement":[{"@type":"ListItem","position":1,"name":"Accueil","item":"https:\/\/www.preventraide.fr"},{"@type":"ListItem","position":2,"name":"Invitation au Colloque : Mobilisation citoyenne face aux risques majeurs 4 et 5 d\u00e9cembre 2024"}]},{"@type":"WebSite","@id":"https:\/\/www.preventraide.fr\/contenus\/#website","url":"https:\/\/www.preventraide.fr\/contenus\/","name":"Preventraide","description":"","potentialAction":[{"@type":"SearchAction","target":{"@type":"EntryPoint","urlTemplate":"https:\/\/www.preventraide.fr\/contenus\/?s={search_term_string}"},"query-input":{"@type":"PropertyValueSpecification","valueRequired":true,"valueName":"search_term_string"}}],"inLanguage":"fr-FR"},{"@type":"Person","@id":"https:\/\/www.preventraide.fr\/contenus\/#\/schema\/person\/858cea8e6801e68794c6b7980b7f061c","name":"Romane THIBAUD","image":{"@type":"ImageObject","inLanguage":"fr-FR","@id":"https:\/\/www.preventraide.fr\/contenus\/#\/schema\/person\/image\/","url":"https:\/\/secure.gravatar.com\/avatar\/37db5230d457183ece50f097bc55f9c854e002d4134a069e3e426d621fc31c31?s=96&d=mm&r=g","contentUrl":"https:\/\/secure.gravatar.com\/avatar\/37db5230d457183ece50f097bc55f9c854e002d4134a069e3e426d621fc31c31?s=96&d=mm&r=g","caption":"Romane THIBAUD"}}]}},"_links":{"self":[{"href":"https:\/\/www.preventraide.fr\/contenus\/wp-json\/wp\/v2\/posts\/2149","targetHints":{"allow":["GET"]}}],"collection":[{"href":"https:\/\/www.preventraide.fr\/contenus\/wp-json\/wp\/v2\/posts"}],"about":[{"href":"https:\/\/www.preventraide.fr\/contenus\/wp-json\/wp\/v2\/types\/post"}],"author":[{"embeddable":true,"href":"https:\/\/www.preventraide.fr\/contenus\/wp-json\/wp\/v2\/users\/7"}],"replies":[{"embeddable":true,"href":"https:\/\/www.preventraide.fr\/contenus\/wp-json\/wp\/v2\/comments?post=2149"}],"version-history":[{"count":0,"href":"https:\/\/www.preventraide.fr\/contenus\/wp-json\/wp\/v2\/posts\/2149\/revisions"}],"wp:featuredmedia":[{"embeddable":true,"href":"https:\/\/www.preventraide.fr\/contenus\/wp-json\/wp\/v2\/media\/2178"}],"wp:attachment":[{"href":"https:\/\/www.preventraide.fr\/contenus\/wp-json\/wp\/v2\/media?parent=2149"}],"wp:term":[{"taxonomy":"category","embeddable":true,"href":"https:\/\/www.preventraide.fr\/contenus\/wp-json\/wp\/v2\/categories?post=2149"},{"taxonomy":"post_tag","embeddable":true,"href":"https:\/\/www.preventraide.fr\/contenus\/wp-json\/wp\/v2\/tags?post=2149"}],"curies":[{"name":"wp","href":"https:\/\/api.w.org\/{rel}","templated":true}]}}