{"id":2151,"date":"2024-11-22T06:33:00","date_gmt":"2024-11-22T05:33:00","guid":{"rendered":"https:\/\/www.preventraide.fr\/contenus\/?p=1694"},"modified":"2024-11-22T06:33:00","modified_gmt":"2024-11-22T05:33:00","slug":"plus-de-67-500-participants-lors-de-la-journee-daction-face-aux-risques","status":"publish","type":"post","link":"https:\/\/www.preventraide.fr\/contenus\/actualites\/plus-de-67-500-participants-lors-de-la-journee-daction-face-aux-risques\/","title":{"rendered":"Plus de 67 500 participants lors de la Journ\u00e9e d\u2019action face aux risques !\u00a0"},"content":{"rendered":"\n<div class=\"wp-block-columns is-layout-flex wp-container-core-columns-is-layout-28f84493 wp-block-columns-is-layout-flex\">\n<div class=\"wp-block-column is-layout-flow wp-block-column-is-layout-flow\">\n<figure class=\"wp-block-image size-large\"><img decoding=\"async\" src=\"https:\/\/www.preventraide.fr\/contenus\/app\/uploads\/2024\/11\/MAIF008546-016-1-1024x683.jpg\" alt=\"\" class=\"wp-image-1696\"\/><\/figure>\n<\/div>\n\n\n\n<div class=\"wp-block-column is-layout-flow wp-block-column-is-layout-flow\">\n<p>L\u2019association Pr\u00e9vention MAIF a particip\u00e9 \u00e0 la Journ\u00e9e d\u2019action face aux risques mise en place par le Minist\u00e8res Territoires \u00c9cologie Logement ET Minist\u00e8re de l\u2019Int\u00e9rieur en 2021. Cette ann\u00e9e, du 20 septembre au 18 novembre, nous avons organis\u00e9 des \u00e9v\u00e9nements pour sensibiliser et informer les citoyens sur les risques majeurs.<\/p>\n\n\n\n<p>L\u2019ann\u00e9e derni\u00e8re, nous avons \u00e9t\u00e9 r\u00e9compens\u00e9s par ces Minist\u00e8res pour avoir sensibilis\u00e9 plus de 22 000 personnes. En 2024, nous avons tripl\u00e9 ce chiffre, atteignant plus de 67 500 personnes, et nous avons \u00e9t\u00e9 pr\u00e9sents sur tout le territoire fran\u00e7ais, en m\u00e9tropole et en outre-mer.<\/p>\n<\/div>\n<\/div>\n\n\n\n<p>\ud835\udde4\ud835\ude02\ud835\uddf2\ud835\uddf9\ud835\uddfe\ud835\ude02\ud835\uddf2\ud835\ude00 \ud835\uddf0\ud835\uddf5\ud835\uddf6\ud835\uddf3\ud835\uddf3\ud835\uddff\ud835\uddf2\ud835\ude00 \ud835\uddf0\ud835\uddf9\ud835\uddf2\u0301\ud835\ude00 :<br>\ud83d\udccc 737 actions.<br>\ud83d\ude4b\u200d\u2640\ufe0f 1 193 b\u00e9n\u00e9voles impliqu\u00e9s.<br>\ud83c\udfeb 133 \u00e9tablissements scolaires et de jeunesse sensibilis\u00e9s aux risques climatiques.<br>\ud83e\udd1d 36 associations et services d\u2019urgence travaillant main dans la main avec nous.<br>\ud83c\udfdb 192 institutions locales et administratives (collectivit\u00e9s, pr\u00e9fectures, etc.) ayant particip\u00e9 \u00e0 ces rencontres.<\/p>\n\n\n\n<p>Un grand merci aux administrateurs, salari\u00e9s, responsables d\u2019antenne, b\u00e9n\u00e9voles, services civiques de l\u2019association et \u00e0 tous les acteurs ayant contribu\u00e9 \u00e0 la r\u00e9ussite de ces \u00e9v\u00e9nements ! \ud83d\udc4f<\/p>\n\n\n\n<p>Revivez \u00e0 travers un court m\u00e9trage, les moments forts de nos actions. \ud83c\udfac\ud83d\udc47<\/p>\n\n\n\n<figure class=\"wp-block-embed is-type-video is-provider-youtube wp-block-embed-youtube wp-embed-aspect-16-9 wp-has-aspect-ratio\"><div class=\"wp-block-embed__wrapper\">\n<iframe loading=\"lazy\" title=\"Journ\u00e9e d\u2019action face aux risques 2024\" width=\"500\" height=\"281\" src=\"https:\/\/www.youtube.com\/embed\/7NTHnHL94ak?feature=oembed\" frameborder=\"0\" allow=\"accelerometer; autoplay; clipboard-write; encrypted-media; gyroscope; picture-in-picture; web-share\" referrerpolicy=\"strict-origin-when-cross-origin\" allowfullscreen><\/iframe>\n<\/div><\/figure>\n","protected":false},"excerpt":{"rendered":"<p>L\u2019association Pr\u00e9vention MAIF a particip\u00e9 \u00e0 la Journ\u00e9e d\u2019action face aux risques mise en place par le Minist\u00e8res Territoires \u00c9cologie Logement ET Minist\u00e8re de l\u2019Int\u00e9rieur en 2021. Cette ann\u00e9e, du 20 septembre au 18 novembre, nous avons organis\u00e9 des \u00e9v\u00e9nements pour sensibiliser et informer les citoyens sur les risques majeurs. L\u2019ann\u00e9e derni\u00e8re, nous avons \u00e9t\u00e9 [&hellip;]<\/p>\n","protected":false},"author":6,"featured_media":2186,"comment_status":"closed","ping_status":"closed","sticky":false,"template":"","format":"standard","meta":{"_acf_changed":false,"inline_featured_image":false,"ghostkit_customizer_options":"","ghostkit_custom_css":"","ghostkit_custom_js_head":"","ghostkit_custom_js_foot":"","ghostkit_typography":"","footnotes":""},"categories":[2],"tags":[],"class_list":["post-2151","post","type-post","status-publish","format-standard","has-post-thumbnail","hentry","category-non-classifie"],"acf":[],"yoast_head":"<!-- This site is optimized with the Yoast SEO plugin v24.9 - https:\/\/yoast.com\/wordpress\/plugins\/seo\/ -->\n<title>Plus de 67 500 participants lors de la Journ\u00e9e d\u2019action face aux risques !\u00a0 - Preventraide - Conseils Pr\u00e9vention<\/title>\n<meta name=\"robots\" content=\"index, follow, max-snippet:-1, max-image-preview:large, max-video-preview:-1\" \/>\n<link rel=\"canonical\" href=\"https:\/\/www.preventraide.fr\/contenus\/actualites\/plus-de-67-500-participants-lors-de-la-journee-daction-face-aux-risques\/\" \/>\n<meta property=\"og:locale\" content=\"fr_FR\" \/>\n<meta property=\"og:type\" content=\"article\" \/>\n<meta property=\"og:title\" content=\"Plus de 67 500 participants lors de la Journ\u00e9e d\u2019action face aux risques !\u00a0 - Preventraide - Conseils Pr\u00e9vention\" \/>\n<meta property=\"og:description\" content=\"L\u2019association Pr\u00e9vention MAIF a particip\u00e9 \u00e0 la Journ\u00e9e d\u2019action face aux risques mise en place par le Minist\u00e8res Territoires \u00c9cologie Logement ET Minist\u00e8re de l\u2019Int\u00e9rieur en 2021. Cette ann\u00e9e, du 20 septembre au 18 novembre, nous avons organis\u00e9 des \u00e9v\u00e9nements pour sensibiliser et informer les citoyens sur les risques majeurs. L\u2019ann\u00e9e derni\u00e8re, nous avons \u00e9t\u00e9 [&hellip;]\" \/>\n<meta property=\"og:url\" content=\"https:\/\/www.preventraide.fr\/contenus\/actualites\/plus-de-67-500-participants-lors-de-la-journee-daction-face-aux-risques\/\" \/>\n<meta property=\"og:site_name\" content=\"Preventraide - Conseils Pr\u00e9vention\" \/>\n<meta property=\"article:published_time\" content=\"2024-11-22T05:33:00+00:00\" \/>\n<meta property=\"og:image\" content=\"https:\/\/www.preventraide.fr\/contenus\/app\/uploads\/2024\/11\/MAIF008546-016-2-scaled-2.jpg\" \/>\n\t<meta property=\"og:image:width\" content=\"2560\" \/>\n\t<meta property=\"og:image:height\" content=\"1707\" \/>\n\t<meta property=\"og:image:type\" content=\"image\/jpeg\" \/>\n<meta name=\"author\" content=\"Camille Jagueneau\" \/>\n<meta name=\"twitter:card\" content=\"summary_large_image\" \/>\n<meta name=\"twitter:label1\" content=\"Written by\" \/>\n\t<meta name=\"twitter:data1\" content=\"Camille Jagueneau\" \/>\n\t<meta name=\"twitter:label2\" content=\"Est. reading time\" \/>\n\t<meta name=\"twitter:data2\" content=\"2 minutes\" \/>\n<script type=\"application\/ld+json\" class=\"yoast-schema-graph\">{\"@context\":\"https:\/\/schema.org\",\"@graph\":[{\"@type\":\"WebPage\",\"@id\":\"https:\/\/www.preventraide.fr\/contenus\/actualites\/plus-de-67-500-participants-lors-de-la-journee-daction-face-aux-risques\/\",\"url\":\"https:\/\/www.preventraide.fr\/contenus\/actualites\/plus-de-67-500-participants-lors-de-la-journee-daction-face-aux-risques\/\",\"name\":\"Plus de 67 500 participants lors de la Journ\u00e9e d\u2019action face aux risques !\u00a0 - Preventraide - Conseils Pr\u00e9vention\",\"isPartOf\":{\"@id\":\"https:\/\/www.preventraide.fr\/contenus\/#website\"},\"primaryImageOfPage\":{\"@id\":\"https:\/\/www.preventraide.fr\/contenus\/actualites\/plus-de-67-500-participants-lors-de-la-journee-daction-face-aux-risques\/#primaryimage\"},\"image\":{\"@id\":\"https:\/\/www.preventraide.fr\/contenus\/actualites\/plus-de-67-500-participants-lors-de-la-journee-daction-face-aux-risques\/#primaryimage\"},\"thumbnailUrl\":\"https:\/\/www.preventraide.fr\/contenus\/app\/uploads\/2024\/11\/MAIF008546-016-2-scaled-2.jpg\",\"datePublished\":\"2024-11-22T05:33:00+00:00\",\"author\":{\"@id\":\"https:\/\/www.preventraide.fr\/contenus\/#\/schema\/person\/610d5b148158ad8b26a57ee3481784b9\"},\"breadcrumb\":{\"@id\":\"https:\/\/www.preventraide.fr\/contenus\/actualites\/plus-de-67-500-participants-lors-de-la-journee-daction-face-aux-risques\/#breadcrumb\"},\"inLanguage\":\"fr-FR\",\"potentialAction\":[{\"@type\":\"ReadAction\",\"target\":[\"https:\/\/www.preventraide.fr\/contenus\/actualites\/plus-de-67-500-participants-lors-de-la-journee-daction-face-aux-risques\/\"]}]},{\"@type\":\"ImageObject\",\"inLanguage\":\"fr-FR\",\"@id\":\"https:\/\/www.preventraide.fr\/contenus\/actualites\/plus-de-67-500-participants-lors-de-la-journee-daction-face-aux-risques\/#primaryimage\",\"url\":\"https:\/\/www.preventraide.fr\/contenus\/app\/uploads\/2024\/11\/MAIF008546-016-2-scaled-2.jpg\",\"contentUrl\":\"https:\/\/www.preventraide.fr\/contenus\/app\/uploads\/2024\/11\/MAIF008546-016-2-scaled-2.jpg\",\"width\":2560,\"height\":1707},{\"@type\":\"BreadcrumbList\",\"@id\":\"https:\/\/www.preventraide.fr\/contenus\/actualites\/plus-de-67-500-participants-lors-de-la-journee-daction-face-aux-risques\/#breadcrumb\",\"itemListElement\":[{\"@type\":\"ListItem\",\"position\":1,\"name\":\"Accueil\",\"item\":\"https:\/\/www.preventraide.fr\"},{\"@type\":\"ListItem\",\"position\":2,\"name\":\"Plus de 67 500 participants lors de la Journ\u00e9e d\u2019action face aux risques !\u00a0\"}]},{\"@type\":\"WebSite\",\"@id\":\"https:\/\/www.preventraide.fr\/contenus\/#website\",\"url\":\"https:\/\/www.preventraide.fr\/contenus\/\",\"name\":\"Preventraide\",\"description\":\"\",\"potentialAction\":[{\"@type\":\"SearchAction\",\"target\":{\"@type\":\"EntryPoint\",\"urlTemplate\":\"https:\/\/www.preventraide.fr\/contenus\/?s={search_term_string}\"},\"query-input\":{\"@type\":\"PropertyValueSpecification\",\"valueRequired\":true,\"valueName\":\"search_term_string\"}}],\"inLanguage\":\"fr-FR\"},{\"@type\":\"Person\",\"@id\":\"https:\/\/www.preventraide.fr\/contenus\/#\/schema\/person\/610d5b148158ad8b26a57ee3481784b9\",\"name\":\"Camille Jagueneau\",\"image\":{\"@type\":\"ImageObject\",\"inLanguage\":\"fr-FR\",\"@id\":\"https:\/\/www.preventraide.fr\/contenus\/#\/schema\/person\/image\/\",\"url\":\"https:\/\/secure.gravatar.com\/avatar\/3a79d305b8d74191fb30dfe16bb61532d97fe378fbea0c1b02acebf1deb00e68?s=96&d=mm&r=g\",\"contentUrl\":\"https:\/\/secure.gravatar.com\/avatar\/3a79d305b8d74191fb30dfe16bb61532d97fe378fbea0c1b02acebf1deb00e68?s=96&d=mm&r=g\",\"caption\":\"Camille Jagueneau\"}}]}<\/script>\n<!-- \/ Yoast SEO plugin. -->","yoast_head_json":{"title":"Plus de 67 500 participants lors de la Journ\u00e9e d\u2019action face aux risques !\u00a0 - Preventraide - Conseils Pr\u00e9vention","robots":{"index":"index","follow":"follow","max-snippet":"max-snippet:-1","max-image-preview":"max-image-preview:large","max-video-preview":"max-video-preview:-1"},"canonical":"https:\/\/www.preventraide.fr\/contenus\/actualites\/plus-de-67-500-participants-lors-de-la-journee-daction-face-aux-risques\/","og_locale":"fr_FR","og_type":"article","og_title":"Plus de 67 500 participants lors de la Journ\u00e9e d\u2019action face aux risques !\u00a0 - Preventraide - Conseils Pr\u00e9vention","og_description":"L\u2019association Pr\u00e9vention MAIF a particip\u00e9 \u00e0 la Journ\u00e9e d\u2019action face aux risques mise en place par le Minist\u00e8res Territoires \u00c9cologie Logement ET Minist\u00e8re de l\u2019Int\u00e9rieur en 2021. Cette ann\u00e9e, du 20 septembre au 18 novembre, nous avons organis\u00e9 des \u00e9v\u00e9nements pour sensibiliser et informer les citoyens sur les risques majeurs. L\u2019ann\u00e9e derni\u00e8re, nous avons \u00e9t\u00e9 [&hellip;]","og_url":"https:\/\/www.preventraide.fr\/contenus\/actualites\/plus-de-67-500-participants-lors-de-la-journee-daction-face-aux-risques\/","og_site_name":"Preventraide - Conseils Pr\u00e9vention","article_published_time":"2024-11-22T05:33:00+00:00","og_image":[{"width":2560,"height":1707,"url":"https:\/\/www.preventraide.fr\/contenus\/app\/uploads\/2024\/11\/MAIF008546-016-2-scaled-2.jpg","type":"image\/jpeg"}],"author":"Camille Jagueneau","twitter_card":"summary_large_image","twitter_misc":{"Written by":"Camille Jagueneau","Est. reading time":"2 minutes"},"schema":{"@context":"https:\/\/schema.org","@graph":[{"@type":"WebPage","@id":"https:\/\/www.preventraide.fr\/contenus\/actualites\/plus-de-67-500-participants-lors-de-la-journee-daction-face-aux-risques\/","url":"https:\/\/www.preventraide.fr\/contenus\/actualites\/plus-de-67-500-participants-lors-de-la-journee-daction-face-aux-risques\/","name":"Plus de 67 500 participants lors de la Journ\u00e9e d\u2019action face aux risques !\u00a0 - Preventraide - Conseils Pr\u00e9vention","isPartOf":{"@id":"https:\/\/www.preventraide.fr\/contenus\/#website"},"primaryImageOfPage":{"@id":"https:\/\/www.preventraide.fr\/contenus\/actualites\/plus-de-67-500-participants-lors-de-la-journee-daction-face-aux-risques\/#primaryimage"},"image":{"@id":"https:\/\/www.preventraide.fr\/contenus\/actualites\/plus-de-67-500-participants-lors-de-la-journee-daction-face-aux-risques\/#primaryimage"},"thumbnailUrl":"https:\/\/www.preventraide.fr\/contenus\/app\/uploads\/2024\/11\/MAIF008546-016-2-scaled-2.jpg","datePublished":"2024-11-22T05:33:00+00:00","author":{"@id":"https:\/\/www.preventraide.fr\/contenus\/#\/schema\/person\/610d5b148158ad8b26a57ee3481784b9"},"breadcrumb":{"@id":"https:\/\/www.preventraide.fr\/contenus\/actualites\/plus-de-67-500-participants-lors-de-la-journee-daction-face-aux-risques\/#breadcrumb"},"inLanguage":"fr-FR","potentialAction":[{"@type":"ReadAction","target":["https:\/\/www.preventraide.fr\/contenus\/actualites\/plus-de-67-500-participants-lors-de-la-journee-daction-face-aux-risques\/"]}]},{"@type":"ImageObject","inLanguage":"fr-FR","@id":"https:\/\/www.preventraide.fr\/contenus\/actualites\/plus-de-67-500-participants-lors-de-la-journee-daction-face-aux-risques\/#primaryimage","url":"https:\/\/www.preventraide.fr\/contenus\/app\/uploads\/2024\/11\/MAIF008546-016-2-scaled-2.jpg","contentUrl":"https:\/\/www.preventraide.fr\/contenus\/app\/uploads\/2024\/11\/MAIF008546-016-2-scaled-2.jpg","width":2560,"height":1707},{"@type":"BreadcrumbList","@id":"https:\/\/www.preventraide.fr\/contenus\/actualites\/plus-de-67-500-participants-lors-de-la-journee-daction-face-aux-risques\/#breadcrumb","itemListElement":[{"@type":"ListItem","position":1,"name":"Accueil","item":"https:\/\/www.preventraide.fr"},{"@type":"ListItem","position":2,"name":"Plus de 67 500 participants lors de la Journ\u00e9e d\u2019action face aux risques !\u00a0"}]},{"@type":"WebSite","@id":"https:\/\/www.preventraide.fr\/contenus\/#website","url":"https:\/\/www.preventraide.fr\/contenus\/","name":"Preventraide","description":"","potentialAction":[{"@type":"SearchAction","target":{"@type":"EntryPoint","urlTemplate":"https:\/\/www.preventraide.fr\/contenus\/?s={search_term_string}"},"query-input":{"@type":"PropertyValueSpecification","valueRequired":true,"valueName":"search_term_string"}}],"inLanguage":"fr-FR"},{"@type":"Person","@id":"https:\/\/www.preventraide.fr\/contenus\/#\/schema\/person\/610d5b148158ad8b26a57ee3481784b9","name":"Camille Jagueneau","image":{"@type":"ImageObject","inLanguage":"fr-FR","@id":"https:\/\/www.preventraide.fr\/contenus\/#\/schema\/person\/image\/","url":"https:\/\/secure.gravatar.com\/avatar\/3a79d305b8d74191fb30dfe16bb61532d97fe378fbea0c1b02acebf1deb00e68?s=96&d=mm&r=g","contentUrl":"https:\/\/secure.gravatar.com\/avatar\/3a79d305b8d74191fb30dfe16bb61532d97fe378fbea0c1b02acebf1deb00e68?s=96&d=mm&r=g","caption":"Camille Jagueneau"}}]}},"_links":{"self":[{"href":"https:\/\/www.preventraide.fr\/contenus\/wp-json\/wp\/v2\/posts\/2151","targetHints":{"allow":["GET"]}}],"collection":[{"href":"https:\/\/www.preventraide.fr\/contenus\/wp-json\/wp\/v2\/posts"}],"about":[{"href":"https:\/\/www.preventraide.fr\/contenus\/wp-json\/wp\/v2\/types\/post"}],"author":[{"embeddable":true,"href":"https:\/\/www.preventraide.fr\/contenus\/wp-json\/wp\/v2\/users\/6"}],"replies":[{"embeddable":true,"href":"https:\/\/www.preventraide.fr\/contenus\/wp-json\/wp\/v2\/comments?post=2151"}],"version-history":[{"count":0,"href":"https:\/\/www.preventraide.fr\/contenus\/wp-json\/wp\/v2\/posts\/2151\/revisions"}],"wp:featuredmedia":[{"embeddable":true,"href":"https:\/\/www.preventraide.fr\/contenus\/wp-json\/wp\/v2\/media\/2186"}],"wp:attachment":[{"href":"https:\/\/www.preventraide.fr\/contenus\/wp-json\/wp\/v2\/media?parent=2151"}],"wp:term":[{"taxonomy":"category","embeddable":true,"href":"https:\/\/www.preventraide.fr\/contenus\/wp-json\/wp\/v2\/categories?post=2151"},{"taxonomy":"post_tag","embeddable":true,"href":"https:\/\/www.preventraide.fr\/contenus\/wp-json\/wp\/v2\/tags?post=2151"}],"curies":[{"name":"wp","href":"https:\/\/api.w.org\/{rel}","templated":true}]}}