{"id":2156,"date":"2025-03-31T06:49:00","date_gmt":"2025-03-31T04:49:00","guid":{"rendered":"https:\/\/www.preventraide.fr\/contenus\/?p=1910"},"modified":"2025-03-31T06:49:00","modified_gmt":"2025-03-31T04:49:00","slug":"ateliers-conjoints-maif-et-prevention-maif-autour-de-la-transition-ecologique-a-linspe-darras","status":"publish","type":"post","link":"https:\/\/www.preventraide.fr\/contenus\/actualites\/ateliers-conjoints-maif-et-prevention-maif-autour-de-la-transition-ecologique-a-linspe-darras\/","title":{"rendered":"Ateliers conjoints MAIF et Pr\u00e9vention MAIF autour de la transition \u00e9cologique \u00e0 l\u2019INSPE d\u2019Arras"},"content":{"rendered":"\n<div class=\"wp-block-columns is-layout-flex wp-container-core-columns-is-layout-28f84493 wp-block-columns-is-layout-flex\">\n<div class=\"wp-block-column is-layout-flow wp-block-column-is-layout-flow\">\n<figure class=\"wp-block-gallery columns-3 is-cropped wp-block-gallery-1 is-layout-flex wp-block-gallery-is-layout-flex\"><ul class=\"blocks-gallery-grid\"><li class=\"blocks-gallery-item\"><figure><img decoding=\"async\" src=\"https:\/\/www.preventraide.fr\/contenus\/app\/uploads\/2025\/03\/PXL_20250327_143637979.MP_-1024x576.jpg\" alt=\"\" data-id=\"1911\" data-full-url=\"https:\/\/www.preventraide.fr\/contenus\/app\/uploads\/2025\/03\/PXL_20250327_143637979.MP_-scaled-2.jpg\" data-link=\"https:\/\/www.preventraide.fr\/contenus\/?attachment_id=1911\" class=\"wp-image-1911\"\/><\/figure><\/li><li class=\"blocks-gallery-item\"><figure><img decoding=\"async\" src=\"https:\/\/www.preventraide.fr\/contenus\/app\/uploads\/2025\/03\/PXL_20250327_152741968.MP_-1024x576.jpg\" alt=\"\" data-id=\"1914\" data-full-url=\"https:\/\/www.preventraide.fr\/contenus\/app\/uploads\/2025\/03\/PXL_20250327_152741968.MP_-scaled-2.jpg\" data-link=\"https:\/\/www.preventraide.fr\/contenus\/?attachment_id=1914\" class=\"wp-image-1914\"\/><\/figure><\/li><li class=\"blocks-gallery-item\"><figure><img decoding=\"async\" src=\"https:\/\/www.preventraide.fr\/contenus\/app\/uploads\/2025\/03\/PXL_20250327_150656259.MP_-1024x576.jpg\" alt=\"\" data-id=\"1913\" data-full-url=\"https:\/\/www.preventraide.fr\/contenus\/app\/uploads\/2025\/03\/PXL_20250327_150656259.MP_-scaled-2.jpg\" data-link=\"https:\/\/www.preventraide.fr\/contenus\/?attachment_id=1913\" class=\"wp-image-1913\"\/><\/figure><\/li><li class=\"blocks-gallery-item\"><figure><img decoding=\"async\" src=\"https:\/\/www.preventraide.fr\/contenus\/app\/uploads\/2025\/03\/PXL_20250327_144158842.MP_-1024x576.jpg\" alt=\"\" data-id=\"1912\" data-full-url=\"https:\/\/www.preventraide.fr\/contenus\/app\/uploads\/2025\/03\/PXL_20250327_144158842.MP_-scaled-2.jpg\" data-link=\"https:\/\/www.preventraide.fr\/contenus\/?attachment_id=1912\" class=\"wp-image-1912\"\/><\/figure><\/li><\/ul><\/figure>\n<\/div>\n\n\n\n<div class=\"wp-block-column is-layout-flow wp-block-column-is-layout-flow\">\n<p>Le jeudi 27 mars, l\u2019antenne Pr\u00e9vention MAIF et les membres militants MAIF de Lens ont anim\u00e9 trois ateliers passionnants sur le th\u00e8me de la transition \u00e9cologique pour les \u00e9tudiants de l\u2019INSPE d\u2019Arras.<\/p>\n\n\n\n<p><strong>Jeu de cartes sur l\u2019empreinte carbone<\/strong> : Les \u00e9tudiants ont explor\u00e9 l\u2019impact de nos activit\u00e9s dans les domaines du transport, de l\u2019\u00e9nergie, de l\u2019eau et des d\u00e9chets, et ont d\u00e9couvert des moyens efficaces pour r\u00e9duire leur empreinte carbone.<\/p>\n\n\n\n<p><strong>Fresque du compost<\/strong> : Inspir\u00e9e de la fresque du climat, cette activit\u00e9 a permis aux participants de comprendre les enjeux du compostage et ses b\u00e9n\u00e9fices pour l\u2019environnement.<\/p>\n\n\n\n<p><strong>Jeu Pr\u00e9vEntraide<\/strong> : Les membres de l\u2019antenne de Lens ont pr\u00e9sent\u00e9 le jeu Pr\u00e9vEntraide et le site associ\u00e9, mettant en avant ses nombreuses ressources et la partie participative activ\u00e9e en cas de crise. Les \u00e9tudiants ont pu tester le jeu et d\u00e9couvrir les outils de Pr\u00e9vention MAIF.<\/p>\n<\/div>\n<\/div>\n\n\n\n<p>Les \u00e9changes ont \u00e9t\u00e9 tr\u00e8s enrichissants et les \u00e9tudiants sont repartis avec des contacts et des informations pr\u00e9cieuses pour leurs projets futurs. M\u00eame les personnes de l\u2019intendance et de la maintenance technique de l\u2019\u00e9tablissement ont souhait\u00e9 tester le jeu Pr\u00e9vEntraide !<\/p>\n\n\n\n<p>Un grand merci \u00e0 tous les participants pour leur engagement et leur int\u00e9r\u00eat pour la transition \u00e9cologique.<\/p>\n","protected":false},"excerpt":{"rendered":"<p>Le jeudi 27 mars, l\u2019antenne Pr\u00e9vention MAIF et les membres militants MAIF de Lens ont anim\u00e9 trois ateliers passionnants sur le th\u00e8me de la transition \u00e9cologique pour les \u00e9tudiants de l\u2019INSPE d\u2019Arras. Jeu de cartes sur l\u2019empreinte carbone : Les \u00e9tudiants ont explor\u00e9 l\u2019impact de nos activit\u00e9s dans les domaines du transport, de l\u2019\u00e9nergie, de [&hellip;]<\/p>\n","protected":false},"author":6,"featured_media":2222,"comment_status":"closed","ping_status":"closed","sticky":false,"template":"","format":"standard","meta":{"_acf_changed":false,"inline_featured_image":false,"ghostkit_customizer_options":"","ghostkit_custom_css":"","ghostkit_custom_js_head":"","ghostkit_custom_js_foot":"","ghostkit_typography":"","footnotes":""},"categories":[2],"tags":[],"class_list":["post-2156","post","type-post","status-publish","format-standard","has-post-thumbnail","hentry","category-non-classifie"],"acf":[],"yoast_head":"<!-- This site is optimized with the Yoast SEO plugin v24.9 - https:\/\/yoast.com\/wordpress\/plugins\/seo\/ -->\n<title>Ateliers conjoints MAIF et Pr\u00e9vention MAIF autour de la transition \u00e9cologique \u00e0 l\u2019INSPE d\u2019Arras - Preventraide - Conseils Pr\u00e9vention<\/title>\n<meta name=\"robots\" content=\"index, follow, max-snippet:-1, max-image-preview:large, max-video-preview:-1\" \/>\n<link rel=\"canonical\" href=\"https:\/\/www.preventraide.fr\/contenus\/actualites\/ateliers-conjoints-maif-et-prevention-maif-autour-de-la-transition-ecologique-a-linspe-darras\/\" \/>\n<meta property=\"og:locale\" content=\"fr_FR\" \/>\n<meta property=\"og:type\" content=\"article\" \/>\n<meta property=\"og:title\" content=\"Ateliers conjoints MAIF et Pr\u00e9vention MAIF autour de la transition \u00e9cologique \u00e0 l\u2019INSPE d\u2019Arras - Preventraide - Conseils Pr\u00e9vention\" \/>\n<meta property=\"og:description\" content=\"Le jeudi 27 mars, l\u2019antenne Pr\u00e9vention MAIF et les membres militants MAIF de Lens ont anim\u00e9 trois ateliers passionnants sur le th\u00e8me de la transition \u00e9cologique pour les \u00e9tudiants de l\u2019INSPE d\u2019Arras. Jeu de cartes sur l\u2019empreinte carbone : Les \u00e9tudiants ont explor\u00e9 l\u2019impact de nos activit\u00e9s dans les domaines du transport, de l\u2019\u00e9nergie, de [&hellip;]\" \/>\n<meta property=\"og:url\" content=\"https:\/\/www.preventraide.fr\/contenus\/actualites\/ateliers-conjoints-maif-et-prevention-maif-autour-de-la-transition-ecologique-a-linspe-darras\/\" \/>\n<meta property=\"og:site_name\" content=\"Preventraide - Conseils Pr\u00e9vention\" \/>\n<meta property=\"article:published_time\" content=\"2025-03-31T04:49:00+00:00\" \/>\n<meta property=\"og:image\" content=\"https:\/\/www.preventraide.fr\/contenus\/app\/uploads\/2025\/03\/PXL_20250327_144158842.MP_-scaled-2.jpg\" \/>\n\t<meta property=\"og:image:width\" content=\"2560\" \/>\n\t<meta property=\"og:image:height\" content=\"1440\" \/>\n\t<meta property=\"og:image:type\" content=\"image\/jpeg\" \/>\n<meta name=\"author\" content=\"Camille Jagueneau\" \/>\n<meta name=\"twitter:card\" content=\"summary_large_image\" \/>\n<meta name=\"twitter:label1\" content=\"Written by\" \/>\n\t<meta name=\"twitter:data1\" content=\"Camille Jagueneau\" \/>\n\t<meta name=\"twitter:label2\" content=\"Est. reading time\" \/>\n\t<meta name=\"twitter:data2\" content=\"2 minutes\" \/>\n<script type=\"application\/ld+json\" class=\"yoast-schema-graph\">{\"@context\":\"https:\/\/schema.org\",\"@graph\":[{\"@type\":\"WebPage\",\"@id\":\"https:\/\/www.preventraide.fr\/contenus\/actualites\/ateliers-conjoints-maif-et-prevention-maif-autour-de-la-transition-ecologique-a-linspe-darras\/\",\"url\":\"https:\/\/www.preventraide.fr\/contenus\/actualites\/ateliers-conjoints-maif-et-prevention-maif-autour-de-la-transition-ecologique-a-linspe-darras\/\",\"name\":\"Ateliers conjoints MAIF et Pr\u00e9vention MAIF autour de la transition \u00e9cologique \u00e0 l\u2019INSPE d\u2019Arras - Preventraide - Conseils Pr\u00e9vention\",\"isPartOf\":{\"@id\":\"https:\/\/www.preventraide.fr\/contenus\/#website\"},\"primaryImageOfPage\":{\"@id\":\"https:\/\/www.preventraide.fr\/contenus\/actualites\/ateliers-conjoints-maif-et-prevention-maif-autour-de-la-transition-ecologique-a-linspe-darras\/#primaryimage\"},\"image\":{\"@id\":\"https:\/\/www.preventraide.fr\/contenus\/actualites\/ateliers-conjoints-maif-et-prevention-maif-autour-de-la-transition-ecologique-a-linspe-darras\/#primaryimage\"},\"thumbnailUrl\":\"https:\/\/www.preventraide.fr\/contenus\/app\/uploads\/2025\/03\/PXL_20250327_144158842.MP_-scaled-2.jpg\",\"datePublished\":\"2025-03-31T04:49:00+00:00\",\"author\":{\"@id\":\"https:\/\/www.preventraide.fr\/contenus\/#\/schema\/person\/610d5b148158ad8b26a57ee3481784b9\"},\"breadcrumb\":{\"@id\":\"https:\/\/www.preventraide.fr\/contenus\/actualites\/ateliers-conjoints-maif-et-prevention-maif-autour-de-la-transition-ecologique-a-linspe-darras\/#breadcrumb\"},\"inLanguage\":\"fr-FR\",\"potentialAction\":[{\"@type\":\"ReadAction\",\"target\":[\"https:\/\/www.preventraide.fr\/contenus\/actualites\/ateliers-conjoints-maif-et-prevention-maif-autour-de-la-transition-ecologique-a-linspe-darras\/\"]}]},{\"@type\":\"ImageObject\",\"inLanguage\":\"fr-FR\",\"@id\":\"https:\/\/www.preventraide.fr\/contenus\/actualites\/ateliers-conjoints-maif-et-prevention-maif-autour-de-la-transition-ecologique-a-linspe-darras\/#primaryimage\",\"url\":\"https:\/\/www.preventraide.fr\/contenus\/app\/uploads\/2025\/03\/PXL_20250327_144158842.MP_-scaled-2.jpg\",\"contentUrl\":\"https:\/\/www.preventraide.fr\/contenus\/app\/uploads\/2025\/03\/PXL_20250327_144158842.MP_-scaled-2.jpg\",\"width\":2560,\"height\":1440},{\"@type\":\"BreadcrumbList\",\"@id\":\"https:\/\/www.preventraide.fr\/contenus\/actualites\/ateliers-conjoints-maif-et-prevention-maif-autour-de-la-transition-ecologique-a-linspe-darras\/#breadcrumb\",\"itemListElement\":[{\"@type\":\"ListItem\",\"position\":1,\"name\":\"Accueil\",\"item\":\"https:\/\/www.preventraide.fr\"},{\"@type\":\"ListItem\",\"position\":2,\"name\":\"Ateliers conjoints MAIF et Pr\u00e9vention MAIF autour de la transition \u00e9cologique \u00e0 l\u2019INSPE d\u2019Arras\"}]},{\"@type\":\"WebSite\",\"@id\":\"https:\/\/www.preventraide.fr\/contenus\/#website\",\"url\":\"https:\/\/www.preventraide.fr\/contenus\/\",\"name\":\"Preventraide\",\"description\":\"\",\"potentialAction\":[{\"@type\":\"SearchAction\",\"target\":{\"@type\":\"EntryPoint\",\"urlTemplate\":\"https:\/\/www.preventraide.fr\/contenus\/?s={search_term_string}\"},\"query-input\":{\"@type\":\"PropertyValueSpecification\",\"valueRequired\":true,\"valueName\":\"search_term_string\"}}],\"inLanguage\":\"fr-FR\"},{\"@type\":\"Person\",\"@id\":\"https:\/\/www.preventraide.fr\/contenus\/#\/schema\/person\/610d5b148158ad8b26a57ee3481784b9\",\"name\":\"Camille Jagueneau\",\"image\":{\"@type\":\"ImageObject\",\"inLanguage\":\"fr-FR\",\"@id\":\"https:\/\/www.preventraide.fr\/contenus\/#\/schema\/person\/image\/\",\"url\":\"https:\/\/secure.gravatar.com\/avatar\/3a79d305b8d74191fb30dfe16bb61532d97fe378fbea0c1b02acebf1deb00e68?s=96&d=mm&r=g\",\"contentUrl\":\"https:\/\/secure.gravatar.com\/avatar\/3a79d305b8d74191fb30dfe16bb61532d97fe378fbea0c1b02acebf1deb00e68?s=96&d=mm&r=g\",\"caption\":\"Camille Jagueneau\"}}]}<\/script>\n<!-- \/ Yoast SEO plugin. -->","yoast_head_json":{"title":"Ateliers conjoints MAIF et Pr\u00e9vention MAIF autour de la transition \u00e9cologique \u00e0 l\u2019INSPE d\u2019Arras - Preventraide - Conseils Pr\u00e9vention","robots":{"index":"index","follow":"follow","max-snippet":"max-snippet:-1","max-image-preview":"max-image-preview:large","max-video-preview":"max-video-preview:-1"},"canonical":"https:\/\/www.preventraide.fr\/contenus\/actualites\/ateliers-conjoints-maif-et-prevention-maif-autour-de-la-transition-ecologique-a-linspe-darras\/","og_locale":"fr_FR","og_type":"article","og_title":"Ateliers conjoints MAIF et Pr\u00e9vention MAIF autour de la transition \u00e9cologique \u00e0 l\u2019INSPE d\u2019Arras - Preventraide - Conseils Pr\u00e9vention","og_description":"Le jeudi 27 mars, l\u2019antenne Pr\u00e9vention MAIF et les membres militants MAIF de Lens ont anim\u00e9 trois ateliers passionnants sur le th\u00e8me de la transition \u00e9cologique pour les \u00e9tudiants de l\u2019INSPE d\u2019Arras. Jeu de cartes sur l\u2019empreinte carbone : Les \u00e9tudiants ont explor\u00e9 l\u2019impact de nos activit\u00e9s dans les domaines du transport, de l\u2019\u00e9nergie, de [&hellip;]","og_url":"https:\/\/www.preventraide.fr\/contenus\/actualites\/ateliers-conjoints-maif-et-prevention-maif-autour-de-la-transition-ecologique-a-linspe-darras\/","og_site_name":"Preventraide - Conseils Pr\u00e9vention","article_published_time":"2025-03-31T04:49:00+00:00","og_image":[{"width":2560,"height":1440,"url":"https:\/\/www.preventraide.fr\/contenus\/app\/uploads\/2025\/03\/PXL_20250327_144158842.MP_-scaled-2.jpg","type":"image\/jpeg"}],"author":"Camille Jagueneau","twitter_card":"summary_large_image","twitter_misc":{"Written by":"Camille Jagueneau","Est. reading time":"2 minutes"},"schema":{"@context":"https:\/\/schema.org","@graph":[{"@type":"WebPage","@id":"https:\/\/www.preventraide.fr\/contenus\/actualites\/ateliers-conjoints-maif-et-prevention-maif-autour-de-la-transition-ecologique-a-linspe-darras\/","url":"https:\/\/www.preventraide.fr\/contenus\/actualites\/ateliers-conjoints-maif-et-prevention-maif-autour-de-la-transition-ecologique-a-linspe-darras\/","name":"Ateliers conjoints MAIF et Pr\u00e9vention MAIF autour de la transition \u00e9cologique \u00e0 l\u2019INSPE d\u2019Arras - Preventraide - Conseils Pr\u00e9vention","isPartOf":{"@id":"https:\/\/www.preventraide.fr\/contenus\/#website"},"primaryImageOfPage":{"@id":"https:\/\/www.preventraide.fr\/contenus\/actualites\/ateliers-conjoints-maif-et-prevention-maif-autour-de-la-transition-ecologique-a-linspe-darras\/#primaryimage"},"image":{"@id":"https:\/\/www.preventraide.fr\/contenus\/actualites\/ateliers-conjoints-maif-et-prevention-maif-autour-de-la-transition-ecologique-a-linspe-darras\/#primaryimage"},"thumbnailUrl":"https:\/\/www.preventraide.fr\/contenus\/app\/uploads\/2025\/03\/PXL_20250327_144158842.MP_-scaled-2.jpg","datePublished":"2025-03-31T04:49:00+00:00","author":{"@id":"https:\/\/www.preventraide.fr\/contenus\/#\/schema\/person\/610d5b148158ad8b26a57ee3481784b9"},"breadcrumb":{"@id":"https:\/\/www.preventraide.fr\/contenus\/actualites\/ateliers-conjoints-maif-et-prevention-maif-autour-de-la-transition-ecologique-a-linspe-darras\/#breadcrumb"},"inLanguage":"fr-FR","potentialAction":[{"@type":"ReadAction","target":["https:\/\/www.preventraide.fr\/contenus\/actualites\/ateliers-conjoints-maif-et-prevention-maif-autour-de-la-transition-ecologique-a-linspe-darras\/"]}]},{"@type":"ImageObject","inLanguage":"fr-FR","@id":"https:\/\/www.preventraide.fr\/contenus\/actualites\/ateliers-conjoints-maif-et-prevention-maif-autour-de-la-transition-ecologique-a-linspe-darras\/#primaryimage","url":"https:\/\/www.preventraide.fr\/contenus\/app\/uploads\/2025\/03\/PXL_20250327_144158842.MP_-scaled-2.jpg","contentUrl":"https:\/\/www.preventraide.fr\/contenus\/app\/uploads\/2025\/03\/PXL_20250327_144158842.MP_-scaled-2.jpg","width":2560,"height":1440},{"@type":"BreadcrumbList","@id":"https:\/\/www.preventraide.fr\/contenus\/actualites\/ateliers-conjoints-maif-et-prevention-maif-autour-de-la-transition-ecologique-a-linspe-darras\/#breadcrumb","itemListElement":[{"@type":"ListItem","position":1,"name":"Accueil","item":"https:\/\/www.preventraide.fr"},{"@type":"ListItem","position":2,"name":"Ateliers conjoints MAIF et Pr\u00e9vention MAIF autour de la transition \u00e9cologique \u00e0 l\u2019INSPE d\u2019Arras"}]},{"@type":"WebSite","@id":"https:\/\/www.preventraide.fr\/contenus\/#website","url":"https:\/\/www.preventraide.fr\/contenus\/","name":"Preventraide","description":"","potentialAction":[{"@type":"SearchAction","target":{"@type":"EntryPoint","urlTemplate":"https:\/\/www.preventraide.fr\/contenus\/?s={search_term_string}"},"query-input":{"@type":"PropertyValueSpecification","valueRequired":true,"valueName":"search_term_string"}}],"inLanguage":"fr-FR"},{"@type":"Person","@id":"https:\/\/www.preventraide.fr\/contenus\/#\/schema\/person\/610d5b148158ad8b26a57ee3481784b9","name":"Camille Jagueneau","image":{"@type":"ImageObject","inLanguage":"fr-FR","@id":"https:\/\/www.preventraide.fr\/contenus\/#\/schema\/person\/image\/","url":"https:\/\/secure.gravatar.com\/avatar\/3a79d305b8d74191fb30dfe16bb61532d97fe378fbea0c1b02acebf1deb00e68?s=96&d=mm&r=g","contentUrl":"https:\/\/secure.gravatar.com\/avatar\/3a79d305b8d74191fb30dfe16bb61532d97fe378fbea0c1b02acebf1deb00e68?s=96&d=mm&r=g","caption":"Camille Jagueneau"}}]}},"_links":{"self":[{"href":"https:\/\/www.preventraide.fr\/contenus\/wp-json\/wp\/v2\/posts\/2156","targetHints":{"allow":["GET"]}}],"collection":[{"href":"https:\/\/www.preventraide.fr\/contenus\/wp-json\/wp\/v2\/posts"}],"about":[{"href":"https:\/\/www.preventraide.fr\/contenus\/wp-json\/wp\/v2\/types\/post"}],"author":[{"embeddable":true,"href":"https:\/\/www.preventraide.fr\/contenus\/wp-json\/wp\/v2\/users\/6"}],"replies":[{"embeddable":true,"href":"https:\/\/www.preventraide.fr\/contenus\/wp-json\/wp\/v2\/comments?post=2156"}],"version-history":[{"count":0,"href":"https:\/\/www.preventraide.fr\/contenus\/wp-json\/wp\/v2\/posts\/2156\/revisions"}],"wp:featuredmedia":[{"embeddable":true,"href":"https:\/\/www.preventraide.fr\/contenus\/wp-json\/wp\/v2\/media\/2222"}],"wp:attachment":[{"href":"https:\/\/www.preventraide.fr\/contenus\/wp-json\/wp\/v2\/media?parent=2156"}],"wp:term":[{"taxonomy":"category","embeddable":true,"href":"https:\/\/www.preventraide.fr\/contenus\/wp-json\/wp\/v2\/categories?post=2156"},{"taxonomy":"post_tag","embeddable":true,"href":"https:\/\/www.preventraide.fr\/contenus\/wp-json\/wp\/v2\/tags?post=2156"}],"curies":[{"name":"wp","href":"https:\/\/api.w.org\/{rel}","templated":true}]}}