{"id":2686,"date":"2025-12-02T11:15:54","date_gmt":"2025-12-02T10:15:54","guid":{"rendered":"https:\/\/www.preventraide.fr\/contenus\/?p=2686"},"modified":"2025-12-04T10:24:42","modified_gmt":"2025-12-04T09:24:42","slug":"resilience-tour-dans-loise","status":"publish","type":"post","link":"https:\/\/www.preventraide.fr\/contenus\/actualites\/resilience-tour-dans-loise\/","title":{"rendered":"R\u00e9silience Tour dans l\u2019Oise"},"content":{"rendered":"\n<p>Dans l\u2019Oise, le <a href=\"https:\/\/resiliencetour.fr\/\">R\u00e9silience Tour <\/a>a \u00e9t\u00e9 une belle r\u00e9ussite cette ann\u00e9e. Tout a commenc\u00e9 le 13 octobre, lors de la Journ\u00e9e Nationale de la R\u00e9silience. Les b\u00e9n\u00e9voles de l\u2019antenne de Compi\u00e8gne Colette, Marie-Agn\u00e8s, Laurent, et Jean-Paul ont anim\u00e9 le jeu Pr\u00e9vEntraide dans trois classes de l\u2019\u00e9cole Onimus \u00e0 Thourotte. Pr\u00e8s de 70 \u00e9l\u00e8ves ont particip\u00e9 avec curiosit\u00e9.<\/p>\n\n\n\n<p><br>Ces rencontres ont permis de tester leurs connaissances sur les risques majeurs et d\u2019\u00e9changer sur ceux qui concernent leur commune : inondations li\u00e9es aux crues de l\u2019Oise, risques technologiques dans la zone voisine, sans oublier les ph\u00e9nom\u00e8nes m\u00e9t\u00e9o.<\/p>\n\n\n\n<div class=\"wp-block-columns is-layout-flex wp-container-core-columns-is-layout-28f84493 wp-block-columns-is-layout-flex\">\n<div class=\"wp-block-column is-layout-flow wp-block-column-is-layout-flow\">\n<figure class=\"wp-block-image size-large\"><img loading=\"lazy\" decoding=\"async\" width=\"1024\" height=\"576\" src=\"https:\/\/www.preventraide.fr\/contenus\/app\/uploads\/2025\/12\/P1020456-1024x576.jpg\" alt=\"\" class=\"wp-image-2687\" srcset=\"https:\/\/www.preventraide.fr\/contenus\/app\/uploads\/2025\/12\/P1020456-1024x576.jpg 1024w, https:\/\/www.preventraide.fr\/contenus\/app\/uploads\/2025\/12\/P1020456-300x169.jpg 300w, https:\/\/www.preventraide.fr\/contenus\/app\/uploads\/2025\/12\/P1020456-768x432.jpg 768w, https:\/\/www.preventraide.fr\/contenus\/app\/uploads\/2025\/12\/P1020456-1536x864.jpg 1536w, https:\/\/www.preventraide.fr\/contenus\/app\/uploads\/2025\/12\/P1020456-2048x1153.jpg 2048w, https:\/\/www.preventraide.fr\/contenus\/app\/uploads\/2025\/12\/P1020456-1600x900.jpg 1600w\" sizes=\"auto, (max-width: 1024px) 100vw, 1024px\" \/><\/figure>\n<\/div>\n\n\n\n<div class=\"wp-block-column is-layout-flow wp-block-column-is-layout-flow\">\n<p>Le <strong>10 novembre<\/strong>, retour en classe pour parler for\u00eat. Les enfants ont d\u00e9couvert son r\u00f4le dans le cycle du CO\u2082, la biodiversit\u00e9 et la r\u00e9gulation de l\u2019eau. Une discussion passionnante qui a aussi abord\u00e9 le risque d\u2019incendie, faible ici mais bien r\u00e9el ailleurs.<\/p>\n\n\n\n<p>Puis, le <strong>17 novembre<\/strong>, place \u00e0 l\u2019eau : son cycle, son importance vitale et les dangers li\u00e9s \u00e0 la pollution. Un message fort : plus on pollue, plus il est difficile \u2013 et co\u00fbteux de d\u00e9polluer.<\/p>\n<\/div>\n<\/div>\n\n\n\n<div class=\"wp-block-columns is-layout-flex wp-container-core-columns-is-layout-28f84493 wp-block-columns-is-layout-flex\">\n<div class=\"wp-block-column is-layout-flow wp-block-column-is-layout-flow\">\n<p>Le <strong>24 novembre<\/strong>, la m\u00e9t\u00e9o \u00e9tait \u00e0 l\u2019honneur. Les \u00e9l\u00e8ves ont \u00e9voqu\u00e9 les catastrophes r\u00e9centes dans le monde et m\u00eame localement, comme la tornade qui a frapp\u00e9 Carlepont il y a quelques mois. Beaucoup ont avou\u00e9 ne pas regarder la m\u00e9t\u00e9o \u00e0 la t\u00e9l\u00e9\u2026 dommage, c\u2019est aussi une belle le\u00e7on de g\u00e9ographie !<\/p>\n\n\n\n<p>Enfin, les <strong>27 et 28 novembre<\/strong>, les b\u00e9n\u00e9voles ont pr\u00e9sent\u00e9 le Plan Individuel de Mise en S\u00e9curit\u00e9 (PIMS) avec des outils ludiques : cartes, puzzle, robots Bluebots et le kit d\u2019urgence fra\u00eechement arriv\u00e9. Chaque \u00e9l\u00e8ve est reparti avec un flyer pour en parler \u00e0 ses parents.<\/p>\n\n\n\n<p><br><\/p>\n<\/div>\n\n\n\n<div class=\"wp-block-column is-layout-flow wp-block-column-is-layout-flow\">\n<figure class=\"wp-block-image size-large\"><img loading=\"lazy\" decoding=\"async\" width=\"1024\" height=\"576\" src=\"https:\/\/www.preventraide.fr\/contenus\/app\/uploads\/2025\/12\/P1020457-1024x576.jpg\" alt=\"\" class=\"wp-image-2688\" srcset=\"https:\/\/www.preventraide.fr\/contenus\/app\/uploads\/2025\/12\/P1020457-1024x576.jpg 1024w, https:\/\/www.preventraide.fr\/contenus\/app\/uploads\/2025\/12\/P1020457-300x169.jpg 300w, https:\/\/www.preventraide.fr\/contenus\/app\/uploads\/2025\/12\/P1020457-768x432.jpg 768w, https:\/\/www.preventraide.fr\/contenus\/app\/uploads\/2025\/12\/P1020457-1536x864.jpg 1536w, https:\/\/www.preventraide.fr\/contenus\/app\/uploads\/2025\/12\/P1020457-2048x1153.jpg 2048w, https:\/\/www.preventraide.fr\/contenus\/app\/uploads\/2025\/12\/P1020457-1600x900.jpg 1600w\" sizes=\"auto, (max-width: 1024px) 100vw, 1024px\" \/><\/figure>\n<\/div>\n<\/div>\n\n\n\n<p>L\u2019objectif ? Leur faire comprendre que m\u00eame si certains risques ne concernent pas Thourotte, ils peuvent \u00eatre pr\u00e9sents ailleurs, notamment en vacances.<\/p>\n\n\n\n<p>Ces interventions n\u2019ont pas transform\u00e9 les \u00e9l\u00e8ves en experts, mais ils ont appris beaucoup, enrichi leur vocabulaire et surtout r\u00e9fl\u00e9chi intelligemment aux enjeux.<\/p>\n\n\n\n<p>Un grand bravo aux b\u00e9n\u00e9voles pour leur engagement et leur p\u00e9dagogie !<\/p>\n","protected":false},"excerpt":{"rendered":"<p>Dans l\u2019Oise, le R\u00e9silience Tour a \u00e9t\u00e9 une belle r\u00e9ussite cette ann\u00e9e. Tout a commenc\u00e9 le 13 octobre, lors de la Journ\u00e9e Nationale de la R\u00e9silience. Les b\u00e9n\u00e9voles de l\u2019antenne de Compi\u00e8gne Colette, Marie-Agn\u00e8s, Laurent, et Jean-Paul ont anim\u00e9 le jeu Pr\u00e9vEntraide dans trois classes de l\u2019\u00e9cole Onimus \u00e0 Thourotte. Pr\u00e8s de 70 \u00e9l\u00e8ves ont [&hellip;]<\/p>\n","protected":false},"author":6,"featured_media":2687,"comment_status":"closed","ping_status":"closed","sticky":false,"template":"","format":"standard","meta":{"_acf_changed":false,"inline_featured_image":false,"ghostkit_customizer_options":"","ghostkit_custom_css":"","ghostkit_custom_js_head":"","ghostkit_custom_js_foot":"","ghostkit_typography":"","footnotes":""},"categories":[2],"tags":[],"class_list":["post-2686","post","type-post","status-publish","format-standard","has-post-thumbnail","hentry","category-non-classifie"],"acf":[],"yoast_head":"<!-- This site is optimized with the Yoast SEO plugin v24.9 - https:\/\/yoast.com\/wordpress\/plugins\/seo\/ -->\n<title>R\u00e9silience Tour dans l\u2019Oise - Preventraide - Conseils Pr\u00e9vention<\/title>\n<meta name=\"robots\" content=\"index, follow, max-snippet:-1, max-image-preview:large, max-video-preview:-1\" \/>\n<link rel=\"canonical\" href=\"https:\/\/www.preventraide.fr\/contenus\/actualites\/resilience-tour-dans-loise\/\" \/>\n<meta property=\"og:locale\" content=\"fr_FR\" \/>\n<meta property=\"og:type\" content=\"article\" \/>\n<meta property=\"og:title\" content=\"R\u00e9silience Tour dans l\u2019Oise - Preventraide - Conseils Pr\u00e9vention\" \/>\n<meta property=\"og:description\" content=\"Dans l\u2019Oise, le R\u00e9silience Tour a \u00e9t\u00e9 une belle r\u00e9ussite cette ann\u00e9e. Tout a commenc\u00e9 le 13 octobre, lors de la Journ\u00e9e Nationale de la R\u00e9silience. Les b\u00e9n\u00e9voles de l\u2019antenne de Compi\u00e8gne Colette, Marie-Agn\u00e8s, Laurent, et Jean-Paul ont anim\u00e9 le jeu Pr\u00e9vEntraide dans trois classes de l\u2019\u00e9cole Onimus \u00e0 Thourotte. Pr\u00e8s de 70 \u00e9l\u00e8ves ont [&hellip;]\" \/>\n<meta property=\"og:url\" content=\"https:\/\/www.preventraide.fr\/contenus\/actualites\/resilience-tour-dans-loise\/\" \/>\n<meta property=\"og:site_name\" content=\"Preventraide - Conseils Pr\u00e9vention\" \/>\n<meta property=\"article:published_time\" content=\"2025-12-02T10:15:54+00:00\" \/>\n<meta property=\"article:modified_time\" content=\"2025-12-04T09:24:42+00:00\" \/>\n<meta property=\"og:image\" content=\"https:\/\/www.preventraide.fr\/contenus\/app\/uploads\/2025\/12\/P1020456.jpg\" \/>\n\t<meta property=\"og:image:width\" content=\"2500\" \/>\n\t<meta property=\"og:image:height\" content=\"1407\" \/>\n\t<meta property=\"og:image:type\" content=\"image\/jpeg\" \/>\n<meta name=\"author\" content=\"Camille Jagueneau\" \/>\n<meta name=\"twitter:card\" content=\"summary_large_image\" \/>\n<meta name=\"twitter:label1\" content=\"Written by\" \/>\n\t<meta name=\"twitter:data1\" content=\"Camille Jagueneau\" \/>\n\t<meta name=\"twitter:label2\" content=\"Est. reading time\" \/>\n\t<meta name=\"twitter:data2\" content=\"3 minutes\" \/>\n<script type=\"application\/ld+json\" class=\"yoast-schema-graph\">{\"@context\":\"https:\/\/schema.org\",\"@graph\":[{\"@type\":\"WebPage\",\"@id\":\"https:\/\/www.preventraide.fr\/contenus\/actualites\/resilience-tour-dans-loise\/\",\"url\":\"https:\/\/www.preventraide.fr\/contenus\/actualites\/resilience-tour-dans-loise\/\",\"name\":\"R\u00e9silience Tour dans l\u2019Oise - Preventraide - Conseils Pr\u00e9vention\",\"isPartOf\":{\"@id\":\"https:\/\/www.preventraide.fr\/contenus\/#website\"},\"primaryImageOfPage\":{\"@id\":\"https:\/\/www.preventraide.fr\/contenus\/actualites\/resilience-tour-dans-loise\/#primaryimage\"},\"image\":{\"@id\":\"https:\/\/www.preventraide.fr\/contenus\/actualites\/resilience-tour-dans-loise\/#primaryimage\"},\"thumbnailUrl\":\"https:\/\/www.preventraide.fr\/contenus\/app\/uploads\/2025\/12\/P1020456.jpg\",\"datePublished\":\"2025-12-02T10:15:54+00:00\",\"dateModified\":\"2025-12-04T09:24:42+00:00\",\"author\":{\"@id\":\"https:\/\/www.preventraide.fr\/contenus\/#\/schema\/person\/610d5b148158ad8b26a57ee3481784b9\"},\"breadcrumb\":{\"@id\":\"https:\/\/www.preventraide.fr\/contenus\/actualites\/resilience-tour-dans-loise\/#breadcrumb\"},\"inLanguage\":\"fr-FR\",\"potentialAction\":[{\"@type\":\"ReadAction\",\"target\":[\"https:\/\/www.preventraide.fr\/contenus\/actualites\/resilience-tour-dans-loise\/\"]}]},{\"@type\":\"ImageObject\",\"inLanguage\":\"fr-FR\",\"@id\":\"https:\/\/www.preventraide.fr\/contenus\/actualites\/resilience-tour-dans-loise\/#primaryimage\",\"url\":\"https:\/\/www.preventraide.fr\/contenus\/app\/uploads\/2025\/12\/P1020456.jpg\",\"contentUrl\":\"https:\/\/www.preventraide.fr\/contenus\/app\/uploads\/2025\/12\/P1020456.jpg\",\"width\":2500,\"height\":1407},{\"@type\":\"BreadcrumbList\",\"@id\":\"https:\/\/www.preventraide.fr\/contenus\/actualites\/resilience-tour-dans-loise\/#breadcrumb\",\"itemListElement\":[{\"@type\":\"ListItem\",\"position\":1,\"name\":\"Accueil\",\"item\":\"https:\/\/www.preventraide.fr\"},{\"@type\":\"ListItem\",\"position\":2,\"name\":\"R\u00e9silience Tour dans l\u2019Oise\"}]},{\"@type\":\"WebSite\",\"@id\":\"https:\/\/www.preventraide.fr\/contenus\/#website\",\"url\":\"https:\/\/www.preventraide.fr\/contenus\/\",\"name\":\"Preventraide\",\"description\":\"\",\"potentialAction\":[{\"@type\":\"SearchAction\",\"target\":{\"@type\":\"EntryPoint\",\"urlTemplate\":\"https:\/\/www.preventraide.fr\/contenus\/?s={search_term_string}\"},\"query-input\":{\"@type\":\"PropertyValueSpecification\",\"valueRequired\":true,\"valueName\":\"search_term_string\"}}],\"inLanguage\":\"fr-FR\"},{\"@type\":\"Person\",\"@id\":\"https:\/\/www.preventraide.fr\/contenus\/#\/schema\/person\/610d5b148158ad8b26a57ee3481784b9\",\"name\":\"Camille Jagueneau\",\"image\":{\"@type\":\"ImageObject\",\"inLanguage\":\"fr-FR\",\"@id\":\"https:\/\/www.preventraide.fr\/contenus\/#\/schema\/person\/image\/\",\"url\":\"https:\/\/secure.gravatar.com\/avatar\/3a79d305b8d74191fb30dfe16bb61532d97fe378fbea0c1b02acebf1deb00e68?s=96&d=mm&r=g\",\"contentUrl\":\"https:\/\/secure.gravatar.com\/avatar\/3a79d305b8d74191fb30dfe16bb61532d97fe378fbea0c1b02acebf1deb00e68?s=96&d=mm&r=g\",\"caption\":\"Camille Jagueneau\"}}]}<\/script>\n<!-- \/ Yoast SEO plugin. -->","yoast_head_json":{"title":"R\u00e9silience Tour dans l\u2019Oise - Preventraide - Conseils Pr\u00e9vention","robots":{"index":"index","follow":"follow","max-snippet":"max-snippet:-1","max-image-preview":"max-image-preview:large","max-video-preview":"max-video-preview:-1"},"canonical":"https:\/\/www.preventraide.fr\/contenus\/actualites\/resilience-tour-dans-loise\/","og_locale":"fr_FR","og_type":"article","og_title":"R\u00e9silience Tour dans l\u2019Oise - Preventraide - Conseils Pr\u00e9vention","og_description":"Dans l\u2019Oise, le R\u00e9silience Tour a \u00e9t\u00e9 une belle r\u00e9ussite cette ann\u00e9e. Tout a commenc\u00e9 le 13 octobre, lors de la Journ\u00e9e Nationale de la R\u00e9silience. Les b\u00e9n\u00e9voles de l\u2019antenne de Compi\u00e8gne Colette, Marie-Agn\u00e8s, Laurent, et Jean-Paul ont anim\u00e9 le jeu Pr\u00e9vEntraide dans trois classes de l\u2019\u00e9cole Onimus \u00e0 Thourotte. Pr\u00e8s de 70 \u00e9l\u00e8ves ont [&hellip;]","og_url":"https:\/\/www.preventraide.fr\/contenus\/actualites\/resilience-tour-dans-loise\/","og_site_name":"Preventraide - Conseils Pr\u00e9vention","article_published_time":"2025-12-02T10:15:54+00:00","article_modified_time":"2025-12-04T09:24:42+00:00","og_image":[{"width":2500,"height":1407,"url":"https:\/\/www.preventraide.fr\/contenus\/app\/uploads\/2025\/12\/P1020456.jpg","type":"image\/jpeg"}],"author":"Camille Jagueneau","twitter_card":"summary_large_image","twitter_misc":{"Written by":"Camille Jagueneau","Est. reading time":"3 minutes"},"schema":{"@context":"https:\/\/schema.org","@graph":[{"@type":"WebPage","@id":"https:\/\/www.preventraide.fr\/contenus\/actualites\/resilience-tour-dans-loise\/","url":"https:\/\/www.preventraide.fr\/contenus\/actualites\/resilience-tour-dans-loise\/","name":"R\u00e9silience Tour dans l\u2019Oise - Preventraide - Conseils Pr\u00e9vention","isPartOf":{"@id":"https:\/\/www.preventraide.fr\/contenus\/#website"},"primaryImageOfPage":{"@id":"https:\/\/www.preventraide.fr\/contenus\/actualites\/resilience-tour-dans-loise\/#primaryimage"},"image":{"@id":"https:\/\/www.preventraide.fr\/contenus\/actualites\/resilience-tour-dans-loise\/#primaryimage"},"thumbnailUrl":"https:\/\/www.preventraide.fr\/contenus\/app\/uploads\/2025\/12\/P1020456.jpg","datePublished":"2025-12-02T10:15:54+00:00","dateModified":"2025-12-04T09:24:42+00:00","author":{"@id":"https:\/\/www.preventraide.fr\/contenus\/#\/schema\/person\/610d5b148158ad8b26a57ee3481784b9"},"breadcrumb":{"@id":"https:\/\/www.preventraide.fr\/contenus\/actualites\/resilience-tour-dans-loise\/#breadcrumb"},"inLanguage":"fr-FR","potentialAction":[{"@type":"ReadAction","target":["https:\/\/www.preventraide.fr\/contenus\/actualites\/resilience-tour-dans-loise\/"]}]},{"@type":"ImageObject","inLanguage":"fr-FR","@id":"https:\/\/www.preventraide.fr\/contenus\/actualites\/resilience-tour-dans-loise\/#primaryimage","url":"https:\/\/www.preventraide.fr\/contenus\/app\/uploads\/2025\/12\/P1020456.jpg","contentUrl":"https:\/\/www.preventraide.fr\/contenus\/app\/uploads\/2025\/12\/P1020456.jpg","width":2500,"height":1407},{"@type":"BreadcrumbList","@id":"https:\/\/www.preventraide.fr\/contenus\/actualites\/resilience-tour-dans-loise\/#breadcrumb","itemListElement":[{"@type":"ListItem","position":1,"name":"Accueil","item":"https:\/\/www.preventraide.fr"},{"@type":"ListItem","position":2,"name":"R\u00e9silience Tour dans l\u2019Oise"}]},{"@type":"WebSite","@id":"https:\/\/www.preventraide.fr\/contenus\/#website","url":"https:\/\/www.preventraide.fr\/contenus\/","name":"Preventraide","description":"","potentialAction":[{"@type":"SearchAction","target":{"@type":"EntryPoint","urlTemplate":"https:\/\/www.preventraide.fr\/contenus\/?s={search_term_string}"},"query-input":{"@type":"PropertyValueSpecification","valueRequired":true,"valueName":"search_term_string"}}],"inLanguage":"fr-FR"},{"@type":"Person","@id":"https:\/\/www.preventraide.fr\/contenus\/#\/schema\/person\/610d5b148158ad8b26a57ee3481784b9","name":"Camille Jagueneau","image":{"@type":"ImageObject","inLanguage":"fr-FR","@id":"https:\/\/www.preventraide.fr\/contenus\/#\/schema\/person\/image\/","url":"https:\/\/secure.gravatar.com\/avatar\/3a79d305b8d74191fb30dfe16bb61532d97fe378fbea0c1b02acebf1deb00e68?s=96&d=mm&r=g","contentUrl":"https:\/\/secure.gravatar.com\/avatar\/3a79d305b8d74191fb30dfe16bb61532d97fe378fbea0c1b02acebf1deb00e68?s=96&d=mm&r=g","caption":"Camille Jagueneau"}}]}},"_links":{"self":[{"href":"https:\/\/www.preventraide.fr\/contenus\/wp-json\/wp\/v2\/posts\/2686","targetHints":{"allow":["GET"]}}],"collection":[{"href":"https:\/\/www.preventraide.fr\/contenus\/wp-json\/wp\/v2\/posts"}],"about":[{"href":"https:\/\/www.preventraide.fr\/contenus\/wp-json\/wp\/v2\/types\/post"}],"author":[{"embeddable":true,"href":"https:\/\/www.preventraide.fr\/contenus\/wp-json\/wp\/v2\/users\/6"}],"replies":[{"embeddable":true,"href":"https:\/\/www.preventraide.fr\/contenus\/wp-json\/wp\/v2\/comments?post=2686"}],"version-history":[{"count":3,"href":"https:\/\/www.preventraide.fr\/contenus\/wp-json\/wp\/v2\/posts\/2686\/revisions"}],"predecessor-version":[{"id":2697,"href":"https:\/\/www.preventraide.fr\/contenus\/wp-json\/wp\/v2\/posts\/2686\/revisions\/2697"}],"wp:featuredmedia":[{"embeddable":true,"href":"https:\/\/www.preventraide.fr\/contenus\/wp-json\/wp\/v2\/media\/2687"}],"wp:attachment":[{"href":"https:\/\/www.preventraide.fr\/contenus\/wp-json\/wp\/v2\/media?parent=2686"}],"wp:term":[{"taxonomy":"category","embeddable":true,"href":"https:\/\/www.preventraide.fr\/contenus\/wp-json\/wp\/v2\/categories?post=2686"},{"taxonomy":"post_tag","embeddable":true,"href":"https:\/\/www.preventraide.fr\/contenus\/wp-json\/wp\/v2\/tags?post=2686"}],"curies":[{"name":"wp","href":"https:\/\/api.w.org\/{rel}","templated":true}]}}