{"id":2806,"date":"2026-03-12T09:48:47","date_gmt":"2026-03-12T08:48:47","guid":{"rendered":"https:\/\/www.preventraide.fr\/contenus\/?p=2806"},"modified":"2026-03-12T09:50:58","modified_gmt":"2026-03-12T08:50:58","slug":"le-printemps-du-climat-revient","status":"publish","type":"post","link":"https:\/\/www.preventraide.fr\/contenus\/actualites\/le-printemps-du-climat-revient\/","title":{"rendered":"Le Printemps du Climat revient !"},"content":{"rendered":"\n<div class=\"wp-block-columns is-layout-flex wp-container-core-columns-is-layout-28f84493 wp-block-columns-is-layout-flex\">\n<div class=\"wp-block-column is-layout-flow wp-block-column-is-layout-flow\">\n<figure class=\"wp-block-image size-large\"><img loading=\"lazy\" decoding=\"async\" width=\"768\" height=\"1024\" src=\"https:\/\/www.preventraide.fr\/contenus\/app\/uploads\/2026\/03\/IMG_8014-1-768x1024.jpg\" alt=\"\" class=\"wp-image-2810\" srcset=\"https:\/\/www.preventraide.fr\/contenus\/app\/uploads\/2026\/03\/IMG_8014-1-768x1024.jpg 768w, https:\/\/www.preventraide.fr\/contenus\/app\/uploads\/2026\/03\/IMG_8014-1-225x300.jpg 225w, https:\/\/www.preventraide.fr\/contenus\/app\/uploads\/2026\/03\/IMG_8014-1-1152x1536.jpg 1152w, https:\/\/www.preventraide.fr\/contenus\/app\/uploads\/2026\/03\/IMG_8014-1-1536x2048.jpg 1536w, https:\/\/www.preventraide.fr\/contenus\/app\/uploads\/2026\/03\/IMG_8014-1-1600x2133.jpg 1600w, https:\/\/www.preventraide.fr\/contenus\/app\/uploads\/2026\/03\/IMG_8014-1.jpg 1875w\" sizes=\"auto, (max-width: 768px) 100vw, 768px\" \/><\/figure>\n<\/div>\n\n\n\n<div class=\"wp-block-column is-layout-flow wp-block-column-is-layout-flow\">\n<p>Le Printemps du Climat fait son retour partout en France pour sa troisi\u00e8me \u00e9dition.<br>Le climat change, on le voit tous, et \u00e7a pose pas mal de questions. Alors autant se pr\u00e9parer et comprendre ce qui nous attend. La pr\u00e9vention, c\u2019est un peu notre meilleure carte pour prot\u00e9ger les gens et les territoires.<\/p>\n\n\n\n<p>Avec l\u2019Association Pr\u00e9vention MAIF et ses b\u00e9n\u00e9voles, l\u2019\u00e9v\u00e9nement propose des moments d\u2019\u00e9change, des ateliers concrets anim\u00e9s par des associations locales et des rencontres pour mieux saisir les risques climatiques\u2026 et surtout d\u00e9couvrir ce qu\u2019on peut faire, chacun \u00e0 notre niveau.<\/p>\n\n\n\n<p>Cette ann\u00e9e, plusieurs dates sont d\u00e9j\u00e0 fix\u00e9es :<\/p>\n\n\n\n<ul class=\"wp-block-list\">\n<li><strong>Lille <\/strong>: 8 au 11 avril.<\/li>\n\n\n\n<li><strong>La Rochelle <\/strong>: 25 avril.<\/li>\n\n\n\n<li><strong>Marseille <\/strong>: 1er au 6 juin.<\/li>\n\n\n\n<li><strong>Poitiers <\/strong>: 5 et 6 juin.<\/li>\n\n\n\n<li><strong>Manosque <\/strong>: 8 au 13 juin.<\/li>\n<\/ul>\n\n\n\n<p>Ces \u00e9tapes permettront d\u2019accueillir des classes, des groupes scolaires ainsi que des journ\u00e9es ouvertes \u00e0 tous, avec des animations accessibles.<\/p>\n\n\n\n<div class=\"wp-block-buttons alignwide is-content-justification-center is-layout-flex wp-container-core-buttons-is-layout-a89b3969 wp-block-buttons-is-layout-flex\">\n<div class=\"wp-block-button has-custom-width wp-block-button__width-75\"><a class=\"wp-block-button__link has-white-color has-vivid-red-background-color has-text-color has-background has-link-color wp-element-button\" href=\"https:\/\/prevention-maif.fr\/printemps-du-climat-2026\/\"><strong>D\u00e9couvrir le programme !<\/strong><\/a><\/div>\n<\/div>\n<\/div>\n<\/div>\n\n\n\n<figure class=\"wp-block-embed is-type-video is-provider-youtube wp-block-embed-youtube wp-embed-aspect-16-9 wp-has-aspect-ratio\"><div class=\"wp-block-embed__wrapper\">\n<iframe loading=\"lazy\" title=\"Le Printemps du Climat revient !\" width=\"500\" height=\"281\" src=\"https:\/\/www.youtube.com\/embed\/w4IGzc9EAgU?feature=oembed\" frameborder=\"0\" allow=\"accelerometer; autoplay; clipboard-write; encrypted-media; gyroscope; picture-in-picture; web-share\" referrerpolicy=\"strict-origin-when-cross-origin\" allowfullscreen><\/iframe>\n<\/div><\/figure>\n","protected":false},"excerpt":{"rendered":"<p>Le Printemps du Climat fait son retour partout en France pour sa troisi\u00e8me \u00e9dition.Le climat change, on le voit tous, et \u00e7a pose pas mal de questions. Alors autant se pr\u00e9parer et comprendre ce qui nous attend. La pr\u00e9vention, c\u2019est un peu notre meilleure carte pour prot\u00e9ger les gens et les territoires. Avec l\u2019Association Pr\u00e9vention [&hellip;]<\/p>\n","protected":false},"author":6,"featured_media":2807,"comment_status":"closed","ping_status":"closed","sticky":false,"template":"","format":"standard","meta":{"_acf_changed":false,"inline_featured_image":false,"ghostkit_customizer_options":"","ghostkit_custom_css":"","ghostkit_custom_js_head":"","ghostkit_custom_js_foot":"","ghostkit_typography":"","footnotes":""},"categories":[2],"tags":[],"class_list":["post-2806","post","type-post","status-publish","format-standard","has-post-thumbnail","hentry","category-non-classifie"],"acf":[],"yoast_head":"<!-- This site is optimized with the Yoast SEO plugin v24.9 - https:\/\/yoast.com\/wordpress\/plugins\/seo\/ -->\n<title>Le Printemps du Climat revient ! - Preventraide - Conseils Pr\u00e9vention<\/title>\n<meta name=\"robots\" content=\"index, follow, max-snippet:-1, max-image-preview:large, max-video-preview:-1\" \/>\n<link rel=\"canonical\" href=\"https:\/\/www.preventraide.fr\/contenus\/actualites\/le-printemps-du-climat-revient\/\" \/>\n<meta property=\"og:locale\" content=\"fr_FR\" \/>\n<meta property=\"og:type\" content=\"article\" \/>\n<meta property=\"og:title\" content=\"Le Printemps du Climat revient ! - Preventraide - Conseils Pr\u00e9vention\" \/>\n<meta property=\"og:description\" content=\"Le Printemps du Climat fait son retour partout en France pour sa troisi\u00e8me \u00e9dition.Le climat change, on le voit tous, et \u00e7a pose pas mal de questions. Alors autant se pr\u00e9parer et comprendre ce qui nous attend. La pr\u00e9vention, c\u2019est un peu notre meilleure carte pour prot\u00e9ger les gens et les territoires. Avec l\u2019Association Pr\u00e9vention [&hellip;]\" \/>\n<meta property=\"og:url\" content=\"https:\/\/www.preventraide.fr\/contenus\/actualites\/le-printemps-du-climat-revient\/\" \/>\n<meta property=\"og:site_name\" content=\"Preventraide - Conseils Pr\u00e9vention\" \/>\n<meta property=\"article:published_time\" content=\"2026-03-12T08:48:47+00:00\" \/>\n<meta property=\"article:modified_time\" content=\"2026-03-12T08:50:58+00:00\" \/>\n<meta property=\"og:image\" content=\"https:\/\/www.preventraide.fr\/contenus\/app\/uploads\/2026\/03\/IMG_8014.jpg\" \/>\n\t<meta property=\"og:image:width\" content=\"1875\" \/>\n\t<meta property=\"og:image:height\" content=\"2500\" \/>\n\t<meta property=\"og:image:type\" content=\"image\/jpeg\" \/>\n<meta name=\"author\" content=\"Camille Jagueneau\" \/>\n<meta name=\"twitter:card\" content=\"summary_large_image\" \/>\n<meta name=\"twitter:label1\" content=\"Written by\" \/>\n\t<meta name=\"twitter:data1\" content=\"Camille Jagueneau\" \/>\n\t<meta name=\"twitter:label2\" content=\"Est. reading time\" \/>\n\t<meta name=\"twitter:data2\" content=\"2 minutes\" \/>\n<script type=\"application\/ld+json\" class=\"yoast-schema-graph\">{\"@context\":\"https:\/\/schema.org\",\"@graph\":[{\"@type\":\"WebPage\",\"@id\":\"https:\/\/www.preventraide.fr\/contenus\/actualites\/le-printemps-du-climat-revient\/\",\"url\":\"https:\/\/www.preventraide.fr\/contenus\/actualites\/le-printemps-du-climat-revient\/\",\"name\":\"Le Printemps du Climat revient ! - Preventraide - Conseils Pr\u00e9vention\",\"isPartOf\":{\"@id\":\"https:\/\/www.preventraide.fr\/contenus\/#website\"},\"primaryImageOfPage\":{\"@id\":\"https:\/\/www.preventraide.fr\/contenus\/actualites\/le-printemps-du-climat-revient\/#primaryimage\"},\"image\":{\"@id\":\"https:\/\/www.preventraide.fr\/contenus\/actualites\/le-printemps-du-climat-revient\/#primaryimage\"},\"thumbnailUrl\":\"https:\/\/www.preventraide.fr\/contenus\/app\/uploads\/2026\/03\/IMG_8014.jpg\",\"datePublished\":\"2026-03-12T08:48:47+00:00\",\"dateModified\":\"2026-03-12T08:50:58+00:00\",\"author\":{\"@id\":\"https:\/\/www.preventraide.fr\/contenus\/#\/schema\/person\/610d5b148158ad8b26a57ee3481784b9\"},\"breadcrumb\":{\"@id\":\"https:\/\/www.preventraide.fr\/contenus\/actualites\/le-printemps-du-climat-revient\/#breadcrumb\"},\"inLanguage\":\"fr-FR\",\"potentialAction\":[{\"@type\":\"ReadAction\",\"target\":[\"https:\/\/www.preventraide.fr\/contenus\/actualites\/le-printemps-du-climat-revient\/\"]}]},{\"@type\":\"ImageObject\",\"inLanguage\":\"fr-FR\",\"@id\":\"https:\/\/www.preventraide.fr\/contenus\/actualites\/le-printemps-du-climat-revient\/#primaryimage\",\"url\":\"https:\/\/www.preventraide.fr\/contenus\/app\/uploads\/2026\/03\/IMG_8014.jpg\",\"contentUrl\":\"https:\/\/www.preventraide.fr\/contenus\/app\/uploads\/2026\/03\/IMG_8014.jpg\",\"width\":1875,\"height\":2500},{\"@type\":\"BreadcrumbList\",\"@id\":\"https:\/\/www.preventraide.fr\/contenus\/actualites\/le-printemps-du-climat-revient\/#breadcrumb\",\"itemListElement\":[{\"@type\":\"ListItem\",\"position\":1,\"name\":\"Accueil\",\"item\":\"https:\/\/www.preventraide.fr\"},{\"@type\":\"ListItem\",\"position\":2,\"name\":\"Le Printemps du Climat revient !\"}]},{\"@type\":\"WebSite\",\"@id\":\"https:\/\/www.preventraide.fr\/contenus\/#website\",\"url\":\"https:\/\/www.preventraide.fr\/contenus\/\",\"name\":\"Preventraide\",\"description\":\"\",\"potentialAction\":[{\"@type\":\"SearchAction\",\"target\":{\"@type\":\"EntryPoint\",\"urlTemplate\":\"https:\/\/www.preventraide.fr\/contenus\/?s={search_term_string}\"},\"query-input\":{\"@type\":\"PropertyValueSpecification\",\"valueRequired\":true,\"valueName\":\"search_term_string\"}}],\"inLanguage\":\"fr-FR\"},{\"@type\":\"Person\",\"@id\":\"https:\/\/www.preventraide.fr\/contenus\/#\/schema\/person\/610d5b148158ad8b26a57ee3481784b9\",\"name\":\"Camille Jagueneau\",\"image\":{\"@type\":\"ImageObject\",\"inLanguage\":\"fr-FR\",\"@id\":\"https:\/\/www.preventraide.fr\/contenus\/#\/schema\/person\/image\/\",\"url\":\"https:\/\/secure.gravatar.com\/avatar\/3a79d305b8d74191fb30dfe16bb61532d97fe378fbea0c1b02acebf1deb00e68?s=96&d=mm&r=g\",\"contentUrl\":\"https:\/\/secure.gravatar.com\/avatar\/3a79d305b8d74191fb30dfe16bb61532d97fe378fbea0c1b02acebf1deb00e68?s=96&d=mm&r=g\",\"caption\":\"Camille Jagueneau\"}}]}<\/script>\n<!-- \/ Yoast SEO plugin. -->","yoast_head_json":{"title":"Le Printemps du Climat revient ! - Preventraide - Conseils Pr\u00e9vention","robots":{"index":"index","follow":"follow","max-snippet":"max-snippet:-1","max-image-preview":"max-image-preview:large","max-video-preview":"max-video-preview:-1"},"canonical":"https:\/\/www.preventraide.fr\/contenus\/actualites\/le-printemps-du-climat-revient\/","og_locale":"fr_FR","og_type":"article","og_title":"Le Printemps du Climat revient ! - Preventraide - Conseils Pr\u00e9vention","og_description":"Le Printemps du Climat fait son retour partout en France pour sa troisi\u00e8me \u00e9dition.Le climat change, on le voit tous, et \u00e7a pose pas mal de questions. Alors autant se pr\u00e9parer et comprendre ce qui nous attend. La pr\u00e9vention, c\u2019est un peu notre meilleure carte pour prot\u00e9ger les gens et les territoires. Avec l\u2019Association Pr\u00e9vention [&hellip;]","og_url":"https:\/\/www.preventraide.fr\/contenus\/actualites\/le-printemps-du-climat-revient\/","og_site_name":"Preventraide - Conseils Pr\u00e9vention","article_published_time":"2026-03-12T08:48:47+00:00","article_modified_time":"2026-03-12T08:50:58+00:00","og_image":[{"width":1875,"height":2500,"url":"https:\/\/www.preventraide.fr\/contenus\/app\/uploads\/2026\/03\/IMG_8014.jpg","type":"image\/jpeg"}],"author":"Camille Jagueneau","twitter_card":"summary_large_image","twitter_misc":{"Written by":"Camille Jagueneau","Est. reading time":"2 minutes"},"schema":{"@context":"https:\/\/schema.org","@graph":[{"@type":"WebPage","@id":"https:\/\/www.preventraide.fr\/contenus\/actualites\/le-printemps-du-climat-revient\/","url":"https:\/\/www.preventraide.fr\/contenus\/actualites\/le-printemps-du-climat-revient\/","name":"Le Printemps du Climat revient ! - Preventraide - Conseils Pr\u00e9vention","isPartOf":{"@id":"https:\/\/www.preventraide.fr\/contenus\/#website"},"primaryImageOfPage":{"@id":"https:\/\/www.preventraide.fr\/contenus\/actualites\/le-printemps-du-climat-revient\/#primaryimage"},"image":{"@id":"https:\/\/www.preventraide.fr\/contenus\/actualites\/le-printemps-du-climat-revient\/#primaryimage"},"thumbnailUrl":"https:\/\/www.preventraide.fr\/contenus\/app\/uploads\/2026\/03\/IMG_8014.jpg","datePublished":"2026-03-12T08:48:47+00:00","dateModified":"2026-03-12T08:50:58+00:00","author":{"@id":"https:\/\/www.preventraide.fr\/contenus\/#\/schema\/person\/610d5b148158ad8b26a57ee3481784b9"},"breadcrumb":{"@id":"https:\/\/www.preventraide.fr\/contenus\/actualites\/le-printemps-du-climat-revient\/#breadcrumb"},"inLanguage":"fr-FR","potentialAction":[{"@type":"ReadAction","target":["https:\/\/www.preventraide.fr\/contenus\/actualites\/le-printemps-du-climat-revient\/"]}]},{"@type":"ImageObject","inLanguage":"fr-FR","@id":"https:\/\/www.preventraide.fr\/contenus\/actualites\/le-printemps-du-climat-revient\/#primaryimage","url":"https:\/\/www.preventraide.fr\/contenus\/app\/uploads\/2026\/03\/IMG_8014.jpg","contentUrl":"https:\/\/www.preventraide.fr\/contenus\/app\/uploads\/2026\/03\/IMG_8014.jpg","width":1875,"height":2500},{"@type":"BreadcrumbList","@id":"https:\/\/www.preventraide.fr\/contenus\/actualites\/le-printemps-du-climat-revient\/#breadcrumb","itemListElement":[{"@type":"ListItem","position":1,"name":"Accueil","item":"https:\/\/www.preventraide.fr"},{"@type":"ListItem","position":2,"name":"Le Printemps du Climat revient !"}]},{"@type":"WebSite","@id":"https:\/\/www.preventraide.fr\/contenus\/#website","url":"https:\/\/www.preventraide.fr\/contenus\/","name":"Preventraide","description":"","potentialAction":[{"@type":"SearchAction","target":{"@type":"EntryPoint","urlTemplate":"https:\/\/www.preventraide.fr\/contenus\/?s={search_term_string}"},"query-input":{"@type":"PropertyValueSpecification","valueRequired":true,"valueName":"search_term_string"}}],"inLanguage":"fr-FR"},{"@type":"Person","@id":"https:\/\/www.preventraide.fr\/contenus\/#\/schema\/person\/610d5b148158ad8b26a57ee3481784b9","name":"Camille Jagueneau","image":{"@type":"ImageObject","inLanguage":"fr-FR","@id":"https:\/\/www.preventraide.fr\/contenus\/#\/schema\/person\/image\/","url":"https:\/\/secure.gravatar.com\/avatar\/3a79d305b8d74191fb30dfe16bb61532d97fe378fbea0c1b02acebf1deb00e68?s=96&d=mm&r=g","contentUrl":"https:\/\/secure.gravatar.com\/avatar\/3a79d305b8d74191fb30dfe16bb61532d97fe378fbea0c1b02acebf1deb00e68?s=96&d=mm&r=g","caption":"Camille Jagueneau"}}]}},"_links":{"self":[{"href":"https:\/\/www.preventraide.fr\/contenus\/wp-json\/wp\/v2\/posts\/2806","targetHints":{"allow":["GET"]}}],"collection":[{"href":"https:\/\/www.preventraide.fr\/contenus\/wp-json\/wp\/v2\/posts"}],"about":[{"href":"https:\/\/www.preventraide.fr\/contenus\/wp-json\/wp\/v2\/types\/post"}],"author":[{"embeddable":true,"href":"https:\/\/www.preventraide.fr\/contenus\/wp-json\/wp\/v2\/users\/6"}],"replies":[{"embeddable":true,"href":"https:\/\/www.preventraide.fr\/contenus\/wp-json\/wp\/v2\/comments?post=2806"}],"version-history":[{"count":2,"href":"https:\/\/www.preventraide.fr\/contenus\/wp-json\/wp\/v2\/posts\/2806\/revisions"}],"predecessor-version":[{"id":2811,"href":"https:\/\/www.preventraide.fr\/contenus\/wp-json\/wp\/v2\/posts\/2806\/revisions\/2811"}],"wp:featuredmedia":[{"embeddable":true,"href":"https:\/\/www.preventraide.fr\/contenus\/wp-json\/wp\/v2\/media\/2807"}],"wp:attachment":[{"href":"https:\/\/www.preventraide.fr\/contenus\/wp-json\/wp\/v2\/media?parent=2806"}],"wp:term":[{"taxonomy":"category","embeddable":true,"href":"https:\/\/www.preventraide.fr\/contenus\/wp-json\/wp\/v2\/categories?post=2806"},{"taxonomy":"post_tag","embeddable":true,"href":"https:\/\/www.preventraide.fr\/contenus\/wp-json\/wp\/v2\/tags?post=2806"}],"curies":[{"name":"wp","href":"https:\/\/api.w.org\/{rel}","templated":true}]}}