{"id":2847,"date":"2026-04-29T11:45:24","date_gmt":"2026-04-29T09:45:24","guid":{"rendered":"https:\/\/www.preventraide.fr\/contenus\/?p=2847"},"modified":"2026-04-29T11:45:24","modified_gmt":"2026-04-29T09:45:24","slug":"et-vous-quel-est-votre-geste-pour-la-planete","status":"publish","type":"post","link":"https:\/\/www.preventraide.fr\/contenus\/actualites\/et-vous-quel-est-votre-geste-pour-la-planete\/","title":{"rendered":"Et vous, quel est votre geste pour la plan\u00e8te ?"},"content":{"rendered":"\n<div class=\"wp-block-columns is-layout-flex wp-container-core-columns-is-layout-28f84493 wp-block-columns-is-layout-flex\">\n<div class=\"wp-block-column is-layout-flow wp-block-column-is-layout-flow\">\n<figure class=\"wp-block-embed is-type-video is-provider-youtube wp-block-embed-youtube wp-embed-aspect-9-16 wp-has-aspect-ratio\"><div class=\"wp-block-embed__wrapper\">\n<iframe loading=\"lazy\" title=\"Micro-trottoir Romane, alternante en communication\" width=\"422\" height=\"750\" src=\"https:\/\/www.youtube.com\/embed\/jh9zXSNvR9E?feature=oembed\" frameborder=\"0\" allow=\"accelerometer; autoplay; clipboard-write; encrypted-media; gyroscope; picture-in-picture; web-share\" referrerpolicy=\"strict-origin-when-cross-origin\" allowfullscreen><\/iframe>\n<\/div><\/figure>\n<\/div>\n\n\n\n<div class=\"wp-block-column is-layout-flow wp-block-column-is-layout-flow\">\n<p>Romane THIBAUD, alternante en communication au sein de l\u2019association Pr\u00e9vention MAIF, est all\u00e9e \u00e0 la rencontre de citoyens pour mettre en lumi\u00e8re les gestes qu\u2019ils adoptent au quotidien afin de r\u00e9duire leur impact environnemental.<\/p>\n\n\n\n<p>Mobilit\u00e9 douce, tri s\u00e9lectif, compost, consommation locale, seconde main, r\u00e9duction de la viande, ma\u00eetrise de l\u2019eau, engagement associatif\u2026 Les fa\u00e7ons d\u2019agir sont multiples et accessibles \u00e0 tous.<\/p>\n\n\n\n<p>Envie d\u2019aller plus loin ? D\u00e9couvrez et participez aux actions port\u00e9es par Pr\u00e9vention MAIF :&nbsp;<a href=\"https:\/\/prevention-maif.fr\/\">https:\/\/prevention-maif.fr\/<\/a><\/p>\n<\/div>\n<\/div>\n","protected":false},"excerpt":{"rendered":"<p>Romane THIBAUD, alternante en communication au sein de l\u2019association Pr\u00e9vention MAIF, est all\u00e9e \u00e0 la rencontre de citoyens pour mettre en lumi\u00e8re les gestes qu\u2019ils adoptent au quotidien afin de r\u00e9duire leur impact environnemental. Mobilit\u00e9 douce, tri s\u00e9lectif, compost, consommation locale, seconde main, r\u00e9duction de la viande, ma\u00eetrise de l\u2019eau, engagement associatif\u2026 Les fa\u00e7ons d\u2019agir [&hellip;]<\/p>\n","protected":false},"author":6,"featured_media":2848,"comment_status":"closed","ping_status":"closed","sticky":false,"template":"","format":"standard","meta":{"_acf_changed":false,"inline_featured_image":false,"ghostkit_customizer_options":"","ghostkit_custom_css":"","ghostkit_custom_js_head":"","ghostkit_custom_js_foot":"","ghostkit_typography":"","footnotes":""},"categories":[2],"tags":[],"class_list":["post-2847","post","type-post","status-publish","format-standard","has-post-thumbnail","hentry","category-non-classifie"],"acf":[],"yoast_head":"<!-- This site is optimized with the Yoast SEO plugin v24.9 - https:\/\/yoast.com\/wordpress\/plugins\/seo\/ -->\n<title>Et vous, quel est votre geste pour la plan\u00e8te ? - Preventraide - Conseils Pr\u00e9vention<\/title>\n<meta name=\"robots\" content=\"index, follow, max-snippet:-1, max-image-preview:large, max-video-preview:-1\" \/>\n<link rel=\"canonical\" href=\"https:\/\/www.preventraide.fr\/contenus\/actualites\/et-vous-quel-est-votre-geste-pour-la-planete\/\" \/>\n<meta property=\"og:locale\" content=\"fr_FR\" \/>\n<meta property=\"og:type\" content=\"article\" \/>\n<meta property=\"og:title\" content=\"Et vous, quel est votre geste pour la plan\u00e8te ? - Preventraide - Conseils Pr\u00e9vention\" \/>\n<meta property=\"og:description\" content=\"Romane THIBAUD, alternante en communication au sein de l\u2019association Pr\u00e9vention MAIF, est all\u00e9e \u00e0 la rencontre de citoyens pour mettre en lumi\u00e8re les gestes qu\u2019ils adoptent au quotidien afin de r\u00e9duire leur impact environnemental. Mobilit\u00e9 douce, tri s\u00e9lectif, compost, consommation locale, seconde main, r\u00e9duction de la viande, ma\u00eetrise de l\u2019eau, engagement associatif\u2026 Les fa\u00e7ons d\u2019agir [&hellip;]\" \/>\n<meta property=\"og:url\" content=\"https:\/\/www.preventraide.fr\/contenus\/actualites\/et-vous-quel-est-votre-geste-pour-la-planete\/\" \/>\n<meta property=\"og:site_name\" content=\"Preventraide - Conseils Pr\u00e9vention\" \/>\n<meta property=\"article:published_time\" content=\"2026-04-29T09:45:24+00:00\" \/>\n<meta property=\"og:image\" content=\"https:\/\/www.preventraide.fr\/contenus\/app\/uploads\/2026\/04\/Image.png\" \/>\n\t<meta property=\"og:image:width\" content=\"472\" \/>\n\t<meta property=\"og:image:height\" content=\"472\" \/>\n\t<meta property=\"og:image:type\" content=\"image\/png\" \/>\n<meta name=\"author\" content=\"Camille Jagueneau\" \/>\n<meta name=\"twitter:card\" content=\"summary_large_image\" \/>\n<meta name=\"twitter:label1\" content=\"Written by\" \/>\n\t<meta name=\"twitter:data1\" content=\"Camille Jagueneau\" \/>\n\t<meta name=\"twitter:label2\" content=\"Est. reading time\" \/>\n\t<meta name=\"twitter:data2\" content=\"1 minute\" \/>\n<script type=\"application\/ld+json\" class=\"yoast-schema-graph\">{\"@context\":\"https:\/\/schema.org\",\"@graph\":[{\"@type\":\"WebPage\",\"@id\":\"https:\/\/www.preventraide.fr\/contenus\/actualites\/et-vous-quel-est-votre-geste-pour-la-planete\/\",\"url\":\"https:\/\/www.preventraide.fr\/contenus\/actualites\/et-vous-quel-est-votre-geste-pour-la-planete\/\",\"name\":\"Et vous, quel est votre geste pour la plan\u00e8te ? - Preventraide - Conseils Pr\u00e9vention\",\"isPartOf\":{\"@id\":\"https:\/\/www.preventraide.fr\/contenus\/#website\"},\"primaryImageOfPage\":{\"@id\":\"https:\/\/www.preventraide.fr\/contenus\/actualites\/et-vous-quel-est-votre-geste-pour-la-planete\/#primaryimage\"},\"image\":{\"@id\":\"https:\/\/www.preventraide.fr\/contenus\/actualites\/et-vous-quel-est-votre-geste-pour-la-planete\/#primaryimage\"},\"thumbnailUrl\":\"https:\/\/www.preventraide.fr\/contenus\/app\/uploads\/2026\/04\/Image.png\",\"datePublished\":\"2026-04-29T09:45:24+00:00\",\"author\":{\"@id\":\"https:\/\/www.preventraide.fr\/contenus\/#\/schema\/person\/610d5b148158ad8b26a57ee3481784b9\"},\"breadcrumb\":{\"@id\":\"https:\/\/www.preventraide.fr\/contenus\/actualites\/et-vous-quel-est-votre-geste-pour-la-planete\/#breadcrumb\"},\"inLanguage\":\"fr-FR\",\"potentialAction\":[{\"@type\":\"ReadAction\",\"target\":[\"https:\/\/www.preventraide.fr\/contenus\/actualites\/et-vous-quel-est-votre-geste-pour-la-planete\/\"]}]},{\"@type\":\"ImageObject\",\"inLanguage\":\"fr-FR\",\"@id\":\"https:\/\/www.preventraide.fr\/contenus\/actualites\/et-vous-quel-est-votre-geste-pour-la-planete\/#primaryimage\",\"url\":\"https:\/\/www.preventraide.fr\/contenus\/app\/uploads\/2026\/04\/Image.png\",\"contentUrl\":\"https:\/\/www.preventraide.fr\/contenus\/app\/uploads\/2026\/04\/Image.png\",\"width\":472,\"height\":472},{\"@type\":\"BreadcrumbList\",\"@id\":\"https:\/\/www.preventraide.fr\/contenus\/actualites\/et-vous-quel-est-votre-geste-pour-la-planete\/#breadcrumb\",\"itemListElement\":[{\"@type\":\"ListItem\",\"position\":1,\"name\":\"Accueil\",\"item\":\"https:\/\/www.preventraide.fr\"},{\"@type\":\"ListItem\",\"position\":2,\"name\":\"Et vous, quel est votre geste pour la plan\u00e8te ?\"}]},{\"@type\":\"WebSite\",\"@id\":\"https:\/\/www.preventraide.fr\/contenus\/#website\",\"url\":\"https:\/\/www.preventraide.fr\/contenus\/\",\"name\":\"Preventraide\",\"description\":\"\",\"potentialAction\":[{\"@type\":\"SearchAction\",\"target\":{\"@type\":\"EntryPoint\",\"urlTemplate\":\"https:\/\/www.preventraide.fr\/contenus\/?s={search_term_string}\"},\"query-input\":{\"@type\":\"PropertyValueSpecification\",\"valueRequired\":true,\"valueName\":\"search_term_string\"}}],\"inLanguage\":\"fr-FR\"},{\"@type\":\"Person\",\"@id\":\"https:\/\/www.preventraide.fr\/contenus\/#\/schema\/person\/610d5b148158ad8b26a57ee3481784b9\",\"name\":\"Camille Jagueneau\",\"image\":{\"@type\":\"ImageObject\",\"inLanguage\":\"fr-FR\",\"@id\":\"https:\/\/www.preventraide.fr\/contenus\/#\/schema\/person\/image\/\",\"url\":\"https:\/\/secure.gravatar.com\/avatar\/3a79d305b8d74191fb30dfe16bb61532d97fe378fbea0c1b02acebf1deb00e68?s=96&d=mm&r=g\",\"contentUrl\":\"https:\/\/secure.gravatar.com\/avatar\/3a79d305b8d74191fb30dfe16bb61532d97fe378fbea0c1b02acebf1deb00e68?s=96&d=mm&r=g\",\"caption\":\"Camille Jagueneau\"}}]}<\/script>\n<!-- \/ Yoast SEO plugin. -->","yoast_head_json":{"title":"Et vous, quel est votre geste pour la plan\u00e8te ? - Preventraide - Conseils Pr\u00e9vention","robots":{"index":"index","follow":"follow","max-snippet":"max-snippet:-1","max-image-preview":"max-image-preview:large","max-video-preview":"max-video-preview:-1"},"canonical":"https:\/\/www.preventraide.fr\/contenus\/actualites\/et-vous-quel-est-votre-geste-pour-la-planete\/","og_locale":"fr_FR","og_type":"article","og_title":"Et vous, quel est votre geste pour la plan\u00e8te ? - Preventraide - Conseils Pr\u00e9vention","og_description":"Romane THIBAUD, alternante en communication au sein de l\u2019association Pr\u00e9vention MAIF, est all\u00e9e \u00e0 la rencontre de citoyens pour mettre en lumi\u00e8re les gestes qu\u2019ils adoptent au quotidien afin de r\u00e9duire leur impact environnemental. Mobilit\u00e9 douce, tri s\u00e9lectif, compost, consommation locale, seconde main, r\u00e9duction de la viande, ma\u00eetrise de l\u2019eau, engagement associatif\u2026 Les fa\u00e7ons d\u2019agir [&hellip;]","og_url":"https:\/\/www.preventraide.fr\/contenus\/actualites\/et-vous-quel-est-votre-geste-pour-la-planete\/","og_site_name":"Preventraide - Conseils Pr\u00e9vention","article_published_time":"2026-04-29T09:45:24+00:00","og_image":[{"width":472,"height":472,"url":"https:\/\/www.preventraide.fr\/contenus\/app\/uploads\/2026\/04\/Image.png","type":"image\/png"}],"author":"Camille Jagueneau","twitter_card":"summary_large_image","twitter_misc":{"Written by":"Camille Jagueneau","Est. reading time":"1 minute"},"schema":{"@context":"https:\/\/schema.org","@graph":[{"@type":"WebPage","@id":"https:\/\/www.preventraide.fr\/contenus\/actualites\/et-vous-quel-est-votre-geste-pour-la-planete\/","url":"https:\/\/www.preventraide.fr\/contenus\/actualites\/et-vous-quel-est-votre-geste-pour-la-planete\/","name":"Et vous, quel est votre geste pour la plan\u00e8te ? - Preventraide - Conseils Pr\u00e9vention","isPartOf":{"@id":"https:\/\/www.preventraide.fr\/contenus\/#website"},"primaryImageOfPage":{"@id":"https:\/\/www.preventraide.fr\/contenus\/actualites\/et-vous-quel-est-votre-geste-pour-la-planete\/#primaryimage"},"image":{"@id":"https:\/\/www.preventraide.fr\/contenus\/actualites\/et-vous-quel-est-votre-geste-pour-la-planete\/#primaryimage"},"thumbnailUrl":"https:\/\/www.preventraide.fr\/contenus\/app\/uploads\/2026\/04\/Image.png","datePublished":"2026-04-29T09:45:24+00:00","author":{"@id":"https:\/\/www.preventraide.fr\/contenus\/#\/schema\/person\/610d5b148158ad8b26a57ee3481784b9"},"breadcrumb":{"@id":"https:\/\/www.preventraide.fr\/contenus\/actualites\/et-vous-quel-est-votre-geste-pour-la-planete\/#breadcrumb"},"inLanguage":"fr-FR","potentialAction":[{"@type":"ReadAction","target":["https:\/\/www.preventraide.fr\/contenus\/actualites\/et-vous-quel-est-votre-geste-pour-la-planete\/"]}]},{"@type":"ImageObject","inLanguage":"fr-FR","@id":"https:\/\/www.preventraide.fr\/contenus\/actualites\/et-vous-quel-est-votre-geste-pour-la-planete\/#primaryimage","url":"https:\/\/www.preventraide.fr\/contenus\/app\/uploads\/2026\/04\/Image.png","contentUrl":"https:\/\/www.preventraide.fr\/contenus\/app\/uploads\/2026\/04\/Image.png","width":472,"height":472},{"@type":"BreadcrumbList","@id":"https:\/\/www.preventraide.fr\/contenus\/actualites\/et-vous-quel-est-votre-geste-pour-la-planete\/#breadcrumb","itemListElement":[{"@type":"ListItem","position":1,"name":"Accueil","item":"https:\/\/www.preventraide.fr"},{"@type":"ListItem","position":2,"name":"Et vous, quel est votre geste pour la plan\u00e8te ?"}]},{"@type":"WebSite","@id":"https:\/\/www.preventraide.fr\/contenus\/#website","url":"https:\/\/www.preventraide.fr\/contenus\/","name":"Preventraide","description":"","potentialAction":[{"@type":"SearchAction","target":{"@type":"EntryPoint","urlTemplate":"https:\/\/www.preventraide.fr\/contenus\/?s={search_term_string}"},"query-input":{"@type":"PropertyValueSpecification","valueRequired":true,"valueName":"search_term_string"}}],"inLanguage":"fr-FR"},{"@type":"Person","@id":"https:\/\/www.preventraide.fr\/contenus\/#\/schema\/person\/610d5b148158ad8b26a57ee3481784b9","name":"Camille Jagueneau","image":{"@type":"ImageObject","inLanguage":"fr-FR","@id":"https:\/\/www.preventraide.fr\/contenus\/#\/schema\/person\/image\/","url":"https:\/\/secure.gravatar.com\/avatar\/3a79d305b8d74191fb30dfe16bb61532d97fe378fbea0c1b02acebf1deb00e68?s=96&d=mm&r=g","contentUrl":"https:\/\/secure.gravatar.com\/avatar\/3a79d305b8d74191fb30dfe16bb61532d97fe378fbea0c1b02acebf1deb00e68?s=96&d=mm&r=g","caption":"Camille Jagueneau"}}]}},"_links":{"self":[{"href":"https:\/\/www.preventraide.fr\/contenus\/wp-json\/wp\/v2\/posts\/2847","targetHints":{"allow":["GET"]}}],"collection":[{"href":"https:\/\/www.preventraide.fr\/contenus\/wp-json\/wp\/v2\/posts"}],"about":[{"href":"https:\/\/www.preventraide.fr\/contenus\/wp-json\/wp\/v2\/types\/post"}],"author":[{"embeddable":true,"href":"https:\/\/www.preventraide.fr\/contenus\/wp-json\/wp\/v2\/users\/6"}],"replies":[{"embeddable":true,"href":"https:\/\/www.preventraide.fr\/contenus\/wp-json\/wp\/v2\/comments?post=2847"}],"version-history":[{"count":1,"href":"https:\/\/www.preventraide.fr\/contenus\/wp-json\/wp\/v2\/posts\/2847\/revisions"}],"predecessor-version":[{"id":2849,"href":"https:\/\/www.preventraide.fr\/contenus\/wp-json\/wp\/v2\/posts\/2847\/revisions\/2849"}],"wp:featuredmedia":[{"embeddable":true,"href":"https:\/\/www.preventraide.fr\/contenus\/wp-json\/wp\/v2\/media\/2848"}],"wp:attachment":[{"href":"https:\/\/www.preventraide.fr\/contenus\/wp-json\/wp\/v2\/media?parent=2847"}],"wp:term":[{"taxonomy":"category","embeddable":true,"href":"https:\/\/www.preventraide.fr\/contenus\/wp-json\/wp\/v2\/categories?post=2847"},{"taxonomy":"post_tag","embeddable":true,"href":"https:\/\/www.preventraide.fr\/contenus\/wp-json\/wp\/v2\/tags?post=2847"}],"curies":[{"name":"wp","href":"https:\/\/api.w.org\/{rel}","templated":true}]}}