{"id":2850,"date":"2026-04-29T11:53:58","date_gmt":"2026-04-29T09:53:58","guid":{"rendered":"https:\/\/www.preventraide.fr\/contenus\/?p=2850"},"modified":"2026-04-29T11:53:58","modified_gmt":"2026-04-29T09:53:58","slug":"lille-accueille-la-premiere-edition-du-printemps-du-climat-un-bilan-qui-donne-envie-de-continuer","status":"publish","type":"post","link":"https:\/\/www.preventraide.fr\/contenus\/actualites\/lille-accueille-la-premiere-edition-du-printemps-du-climat-un-bilan-qui-donne-envie-de-continuer\/","title":{"rendered":"Lille accueille la premi\u00e8re \u00e9dition du Printemps du Climat : un bilan qui donne envie de continuer !\u00a0"},"content":{"rendered":"\n<p>C\u2019est fait.&nbsp;<strong>La premi\u00e8re \u00e9dition du Printemps du Climat s\u2019est tenue \u00e0 Lille<\/strong>, et le moins qu\u2019on puisse dire, c\u2019est que la mobilisation \u00e9tait au rendez-vous. Pour Sylvie, responsable de l\u2019antenne lilloise de l\u2019Association Pr\u00e9vention MAIF, le bilan est clair : cet \u00e9v\u00e9nement inaugural a prouv\u00e9 que les Lillois sont pr\u00eats \u00e0 s\u2019engager et que ce n\u2019est qu\u2019un d\u00e9but.<\/p>\n\n\n\n<figure class=\"wp-block-image size-large\"><img loading=\"lazy\" decoding=\"async\" width=\"1024\" height=\"768\" src=\"https:\/\/www.preventraide.fr\/contenus\/app\/uploads\/2026\/04\/MAIF008806_062-1024x768.jpg\" alt=\"\" class=\"wp-image-2851\" srcset=\"https:\/\/www.preventraide.fr\/contenus\/app\/uploads\/2026\/04\/MAIF008806_062-1024x768.jpg 1024w, https:\/\/www.preventraide.fr\/contenus\/app\/uploads\/2026\/04\/MAIF008806_062-300x225.jpg 300w, https:\/\/www.preventraide.fr\/contenus\/app\/uploads\/2026\/04\/MAIF008806_062-768x576.jpg 768w, https:\/\/www.preventraide.fr\/contenus\/app\/uploads\/2026\/04\/MAIF008806_062-1536x1152.jpg 1536w, https:\/\/www.preventraide.fr\/contenus\/app\/uploads\/2026\/04\/MAIF008806_062-2048x1536.jpg 2048w, https:\/\/www.preventraide.fr\/contenus\/app\/uploads\/2026\/04\/MAIF008806_062-1600x1200.jpg 1600w\" sizes=\"auto, (max-width: 1024px) 100vw, 1024px\" \/><\/figure>\n\n\n\n<blockquote class=\"wp-block-quote is-layout-flow wp-block-quote-is-layout-flow\">\n<p>\u201c<em>Avec le Centre Social de l\u2019Arbrisseau, on s\u2019est dit que les questions d\u2019\u00e9cologie, de d\u00e9veloppement durable, de d\u00e9r\u00e8glement climatique, \u00e7a concerne tout le monde, et \u00e7a concerne aussi les milieux d\u00e9favoris\u00e9s. Trouver des solutions pour att\u00e9nuer le\u00a0d\u00e9r\u00e8glement climatique a un volet \u00e9conomique qui n\u2019est pas n\u00e9gligeable.\u201d<\/em>\u00a0\u00a0<\/p>\n<\/blockquote>\n\n\n\n<blockquote class=\"wp-block-quote is-layout-flow wp-block-quote-is-layout-flow\"><\/blockquote>\n\n\n\n<p class=\"has-red-2-color has-text-color has-link-color wp-elements-987ab7daf95e835ee3dbd175bdb88a52\"><strong>Une premi\u00e8re \u00e9dition qui conquiert son public<\/strong><\/p>\n\n\n\n<p>C\u2019\u00e9tait une premi\u00e8re pour l\u2019antenne Lilloise et le Printemps du Climat a su trouver son public.\u00a0\u00a0<\/p>\n\n\n\n<blockquote class=\"wp-block-quote is-layout-flow wp-block-quote-is-layout-flow\">\n<p>\u201c<em>Ce succ\u00e8s ne doit rien au hasard. Il est le fruit d\u2019une mobilisation collective, d\u2019une pr\u00e9paration minutieuse, et surtout d\u2019un r\u00e9seau de partenaires locaux qui a jou\u00e9 le jeu \u00e0 fond. Associations&nbsp;et&nbsp;acteurs du territoire ont r\u00e9pondu pr\u00e9sent pour faire de cet \u00e9v\u00e9nement un moment \u00e0 la fois festif et engag\u00e9.<\/em>\u201d&nbsp;<\/p>\n<\/blockquote>\n\n\n\n<p>Plusieurs ateliers \u00e9taient propos\u00e9s aux petits\u00a0comme aux\u00a0grands : lecture po\u00e9tique, d\u00e9cryptage\u00a0des mati\u00e8res\u00a0utilis\u00e9es dans la mode, atelier artistique de tricot, fabrication de bombes \u00e0 graines,\u00a0bac \u00e0 sable pour comprendre le cycle de vie des d\u00e9chets\u2026\u00a0L\u2019occasion d\u2019\u00e9changer et de susciter la curiosit\u00e9 des plus petits sur des sujets li\u00e9s \u00e0 la pr\u00e9servation de notre environnement au quotidien.\u00a0<\/p>\n\n\n\n<figure class=\"wp-block-image\"><img decoding=\"async\" src=\"https:\/\/prevention-maif.fr\/wp-content\/uploads\/2026\/04\/MAIF008806_065-1024x768.jpg\" alt=\"\" class=\"wp-image-12687\"\/><figcaption class=\"wp-element-caption\">Le Printemps du Climat a Lille le samedi 11 avril au Centre social de l\u2019Arbrisseau.<\/figcaption><\/figure>\n\n\n\n<p class=\"has-red-2-color has-text-color has-link-color wp-elements-3767be51036ed24a3868269d72fae36f\"><strong>Sensibiliser les enfants aujourd\u2019hui, c\u2019est former les citoyens de demain.\u00a0<\/strong><\/p>\n\n\n\n<p>En partenariat avec le Centre Social de l\u2019Arbrisseau, l\u2019antenne de l\u2019Association Pr\u00e9vention MAIF s\u2019est&nbsp;\u00e9galement&nbsp;adress\u00e9e&nbsp;aux&nbsp;plus&nbsp;jeunes via&nbsp;des ateliers organis\u00e9s avec&nbsp;l\u2019\u00e9cole primaire Wagner, situ\u00e9e dans le quartier de Lille Sud.&nbsp;&nbsp;<\/p>\n\n\n\n<p>Les ateliers de sensibilisation, les animations&nbsp;organis\u00e9es&nbsp;et les temps d\u2019\u00e9changes propos\u00e9s autour du climat et de la biodiversit\u00e9 ont rencontr\u00e9 un \u00e9cho particuli\u00e8rement fort aupr\u00e8s des jeunes participants.&nbsp;&nbsp;<\/p>\n\n\n\n<p>Une r\u00e9alit\u00e9 qui renforce la conviction de Sylvie et de ses \u00e9quipes :&nbsp;<em>\u201cOn s\u2019est&nbsp;aper\u00e7u&nbsp;que les enfants \u00e9taient assez peu sensibilis\u00e9s \u00e0 la nature qui les entoure. Les habitants n\u2019ont pas toujours la possibilit\u00e9 d\u2019expliquer aux enfants la&nbsp;biodiversit\u00e9&nbsp;locale. Pour certains, toucher un arbre, s\u2019assoir par terre, c\u2019est bizarre, parfois terrifiant. Avec ces journ\u00e9es, les enfants ont pu s\u2019approprier au fur et \u00e0 mesure du temps la nature. Jusqu\u2019\u00e0 ce que 17 enfants se donnent la main pour faire le tour du Sequoia centenaire qui est&nbsp;pr\u00e9serv\u00e9&nbsp;dans le cimeti\u00e8re de Lille Sud.\u201d&nbsp;<\/em><\/p>\n\n\n\n<figure class=\"wp-block-image\"><img decoding=\"async\" src=\"https:\/\/prevention-maif.fr\/wp-content\/uploads\/2026\/04\/MAIF008806_022-1024x768.jpg\" alt=\"\" class=\"wp-image-12684\"\/><figcaption class=\"wp-element-caption\">Atelier lecture pendant Le Printemps du Climat.<\/figcaption><\/figure>\n\n\n\n<p class=\"has-red-2-color has-text-color has-link-color wp-elements-49b51838b10b3225f01488575b4b122e\"><strong>Les seniors\u00a0\u00e9taient aussi de la partie !\u00a0<\/strong><\/p>\n\n\n\n<p>Dans le cadre de cet \u00e9v\u00e9nement, les seniors du Centre Social de l\u2019Arbrisseau ont pu b\u00e9n\u00e9ficier d\u2019un programme&nbsp;sp\u00e9cifique&nbsp;afin de les sensibiliser aux questions climatiques.&nbsp;&nbsp;<\/p>\n\n\n\n<blockquote class=\"wp-block-quote is-layout-flow wp-block-quote-is-layout-flow\">\n<p>\u201c<em>On s\u2019est aper\u00e7u que ces personnes ne comprennent pas toujours le m\u00e9canisme du d\u00e9r\u00e8glement climatique et pourquoi, maintenant \u00e0 Lille, nous avons des canicules l\u2019\u00e9t\u00e9<\/em>.\u201d&nbsp;&nbsp;<\/p>\n<\/blockquote>\n\n\n\n<p>La visite r\u00e9alis\u00e9e&nbsp;\u00e0 la ferme urbaine Concorde a permis d\u2019illustrer&nbsp;l\u2019impact de la culture locale, bio et&nbsp;peu ch\u00e8re. Ce lieu&nbsp;et les \u00e9changes qui ont \u00e9man\u00e9&nbsp;ont&nbsp;permis&nbsp;aux groupes de 12 femmes seniors&nbsp;de&nbsp;mieux&nbsp;comprendre&nbsp;les enjeux&nbsp;importants&nbsp;li\u00e9s \u00e0 l\u2019alimentation locale.&nbsp;<\/p>\n\n\n\n<p class=\"has-red-2-color has-text-color has-link-color wp-elements-e93941fb1e0840fe07fbe08d8e69e41b\"><strong>Des partenaires locaux indispensables\u00a0<\/strong><\/p>\n\n\n\n<p>L\u2019un des enseignements majeurs de cette premi\u00e8re \u00e9dition, c\u2019est l\u2019importance du tissu partenarial&nbsp;local. Sans les acteurs locaux qui se sont impliqu\u00e9s aux c\u00f4t\u00e9s de&nbsp;l\u2019Association&nbsp;Pr\u00e9vention MAIF, rien de tout cela n\u2019aurait \u00e9t\u00e9 possible.&nbsp;&nbsp;<\/p>\n\n\n\n<p>Sylvie le souligne avec conviction :&nbsp;\u201c<em>Ce maillage local, c\u2019est pr\u00e9cis\u00e9ment ce qui donne sa force au Printemps du Climat. Les associations, les collectivit\u00e9s, les structures \u00e9ducatives : chacun apporte sa pierre \u00e0 l\u2019\u00e9difice, et c\u2019est ensemble qu\u2019on construit quelque chose de durable.\u201d&nbsp;<\/em>&nbsp;<\/p>\n\n\n\n<figure class=\"wp-block-image\"><img decoding=\"async\" src=\"https:\/\/prevention-maif.fr\/wp-content\/uploads\/2026\/04\/MAIF008806_027-1024x768.jpg\" alt=\"\" class=\"wp-image-12685\"\/><figcaption class=\"wp-element-caption\">Atelier de texticologie.<\/figcaption><\/figure>\n\n\n\n<p class=\"has-red-2-color has-text-color has-link-color wp-elements-8e2c9b6ead554fa5339e2d8e23a9a2ef\"><strong>Et maintenant ? Cap sur la suite !\u00a0<\/strong><\/p>\n\n\n\n<p>Une premi\u00e8re \u00e9dition r\u00e9ussie, c\u2019est bien.&nbsp;Pour Sylvie et l\u2019\u00e9quipe de b\u00e9n\u00e9voles de l\u2019antenne lilloise de l\u2019Association Pr\u00e9vention MAIF, l\u2019objectif est clair : p\u00e9renniser les liens, \u00e9largir les partenariats, et renforcer les actions aupr\u00e8s des jeunes publics&nbsp;et des seniors.&nbsp;&nbsp;<\/p>\n\n\n\n<p><strong>Le Printemps du Climat \u00e0 Lille,<\/strong>&nbsp;c\u2019est donc&nbsp;peut-\u00eatre&nbsp;bien plus qu\u2019un rendez-vous annuel.&nbsp;L\u2019ambition est d\u2019en faire un&nbsp;projet de territoire, ancr\u00e9 dans les r\u00e9alit\u00e9s locales, port\u00e9 par des femmes et des hommes convaincus que l\u2019action collective fait la diff\u00e9rence.&nbsp;&nbsp;<\/p>\n\n\n\n<p><strong>Merci \u00e0 Sylvie et \u00e0 toute l\u2019\u00e9quipe&nbsp;b\u00e9n\u00e9vole&nbsp;de l\u2019antenne lilloise Association Pr\u00e9vention MAIF, ainsi qu\u2019\u00e0 l\u2019ensemble des partenaires&nbsp;locaux&nbsp;qui ont contribu\u00e9 \u00e0 faire de cette premi\u00e8re \u00e9dition un succ\u00e8s.&nbsp;<\/strong><\/p>\n","protected":false},"excerpt":{"rendered":"<p>C\u2019est fait.&nbsp;La premi\u00e8re \u00e9dition du Printemps du Climat s\u2019est tenue \u00e0 Lille, et le moins qu\u2019on puisse dire, c\u2019est que la mobilisation \u00e9tait au rendez-vous. Pour Sylvie, responsable de l\u2019antenne lilloise de l\u2019Association Pr\u00e9vention MAIF, le bilan est clair : cet \u00e9v\u00e9nement inaugural a prouv\u00e9 que les Lillois sont pr\u00eats \u00e0 s\u2019engager et que ce [&hellip;]<\/p>\n","protected":false},"author":6,"featured_media":2851,"comment_status":"closed","ping_status":"closed","sticky":false,"template":"","format":"standard","meta":{"_acf_changed":false,"inline_featured_image":false,"ghostkit_customizer_options":"","ghostkit_custom_css":"","ghostkit_custom_js_head":"","ghostkit_custom_js_foot":"","ghostkit_typography":"","footnotes":""},"categories":[2],"tags":[],"class_list":["post-2850","post","type-post","status-publish","format-standard","has-post-thumbnail","hentry","category-non-classifie"],"acf":[],"yoast_head":"<!-- This site is optimized with the Yoast SEO plugin v24.9 - https:\/\/yoast.com\/wordpress\/plugins\/seo\/ -->\n<title>Lille accueille la premi\u00e8re \u00e9dition du Printemps du Climat : un bilan qui donne envie de continuer !\u00a0 - Preventraide - Conseils Pr\u00e9vention<\/title>\n<meta name=\"description\" content=\"C\u2019est fait.\u00a0La premi\u00e8re \u00e9dition du Printemps du Climat s\u2019est tenue \u00e0 Lille, et le moins qu\u2019on puisse dire, c\u2019est que la mobilisation \u00e9tait au rendez-vous. Pour Sylvie, responsable de l\u2019antenne lilloise de l\u2019Association Pr\u00e9vention MAIF, le bilan est clair : cet \u00e9v\u00e9nement inaugural a prouv\u00e9 que les Lillois sont pr\u00eats \u00e0 s\u2019engager et que ce n\u2019est qu\u2019un d\u00e9but.\" \/>\n<meta name=\"robots\" content=\"index, follow, max-snippet:-1, max-image-preview:large, max-video-preview:-1\" \/>\n<link rel=\"canonical\" href=\"https:\/\/www.preventraide.fr\/contenus\/actualites\/lille-accueille-la-premiere-edition-du-printemps-du-climat-un-bilan-qui-donne-envie-de-continuer\/\" \/>\n<meta property=\"og:locale\" content=\"fr_FR\" \/>\n<meta property=\"og:type\" content=\"article\" \/>\n<meta property=\"og:title\" content=\"Lille accueille la premi\u00e8re \u00e9dition du Printemps du Climat : un bilan qui donne envie de continuer !\u00a0 - Preventraide - Conseils Pr\u00e9vention\" \/>\n<meta property=\"og:description\" content=\"C\u2019est fait.\u00a0La premi\u00e8re \u00e9dition du Printemps du Climat s\u2019est tenue \u00e0 Lille, et le moins qu\u2019on puisse dire, c\u2019est que la mobilisation \u00e9tait au rendez-vous. Pour Sylvie, responsable de l\u2019antenne lilloise de l\u2019Association Pr\u00e9vention MAIF, le bilan est clair : cet \u00e9v\u00e9nement inaugural a prouv\u00e9 que les Lillois sont pr\u00eats \u00e0 s\u2019engager et que ce n\u2019est qu\u2019un d\u00e9but.\" \/>\n<meta property=\"og:url\" content=\"https:\/\/www.preventraide.fr\/contenus\/actualites\/lille-accueille-la-premiere-edition-du-printemps-du-climat-un-bilan-qui-donne-envie-de-continuer\/\" \/>\n<meta property=\"og:site_name\" content=\"Preventraide - Conseils Pr\u00e9vention\" \/>\n<meta property=\"article:published_time\" content=\"2026-04-29T09:53:58+00:00\" \/>\n<meta property=\"og:image\" content=\"https:\/\/www.preventraide.fr\/contenus\/app\/uploads\/2026\/04\/MAIF008806_062.jpg\" \/>\n\t<meta property=\"og:image:width\" content=\"2500\" \/>\n\t<meta property=\"og:image:height\" content=\"1875\" \/>\n\t<meta property=\"og:image:type\" content=\"image\/jpeg\" \/>\n<meta name=\"author\" content=\"Camille Jagueneau\" \/>\n<meta name=\"twitter:card\" content=\"summary_large_image\" \/>\n<meta name=\"twitter:label1\" content=\"Written by\" \/>\n\t<meta name=\"twitter:data1\" content=\"Camille Jagueneau\" \/>\n\t<meta name=\"twitter:label2\" content=\"Est. reading time\" \/>\n\t<meta name=\"twitter:data2\" content=\"5 minutes\" \/>\n<script type=\"application\/ld+json\" class=\"yoast-schema-graph\">{\"@context\":\"https:\/\/schema.org\",\"@graph\":[{\"@type\":\"WebPage\",\"@id\":\"https:\/\/www.preventraide.fr\/contenus\/actualites\/lille-accueille-la-premiere-edition-du-printemps-du-climat-un-bilan-qui-donne-envie-de-continuer\/\",\"url\":\"https:\/\/www.preventraide.fr\/contenus\/actualites\/lille-accueille-la-premiere-edition-du-printemps-du-climat-un-bilan-qui-donne-envie-de-continuer\/\",\"name\":\"Lille accueille la premi\u00e8re \u00e9dition du Printemps du Climat : un bilan qui donne envie de continuer !\u00a0 - Preventraide - Conseils Pr\u00e9vention\",\"isPartOf\":{\"@id\":\"https:\/\/www.preventraide.fr\/contenus\/#website\"},\"primaryImageOfPage\":{\"@id\":\"https:\/\/www.preventraide.fr\/contenus\/actualites\/lille-accueille-la-premiere-edition-du-printemps-du-climat-un-bilan-qui-donne-envie-de-continuer\/#primaryimage\"},\"image\":{\"@id\":\"https:\/\/www.preventraide.fr\/contenus\/actualites\/lille-accueille-la-premiere-edition-du-printemps-du-climat-un-bilan-qui-donne-envie-de-continuer\/#primaryimage\"},\"thumbnailUrl\":\"https:\/\/www.preventraide.fr\/contenus\/app\/uploads\/2026\/04\/MAIF008806_062.jpg\",\"datePublished\":\"2026-04-29T09:53:58+00:00\",\"author\":{\"@id\":\"https:\/\/www.preventraide.fr\/contenus\/#\/schema\/person\/610d5b148158ad8b26a57ee3481784b9\"},\"description\":\"C\u2019est fait.\u00a0La premi\u00e8re \u00e9dition du Printemps du Climat s\u2019est tenue \u00e0 Lille, et le moins qu\u2019on puisse dire, c\u2019est que la mobilisation \u00e9tait au rendez-vous. Pour Sylvie, responsable de l\u2019antenne lilloise de l\u2019Association Pr\u00e9vention MAIF, le bilan est clair : cet \u00e9v\u00e9nement inaugural a prouv\u00e9 que les Lillois sont pr\u00eats \u00e0 s\u2019engager et que ce n\u2019est qu\u2019un d\u00e9but.\",\"breadcrumb\":{\"@id\":\"https:\/\/www.preventraide.fr\/contenus\/actualites\/lille-accueille-la-premiere-edition-du-printemps-du-climat-un-bilan-qui-donne-envie-de-continuer\/#breadcrumb\"},\"inLanguage\":\"fr-FR\",\"potentialAction\":[{\"@type\":\"ReadAction\",\"target\":[\"https:\/\/www.preventraide.fr\/contenus\/actualites\/lille-accueille-la-premiere-edition-du-printemps-du-climat-un-bilan-qui-donne-envie-de-continuer\/\"]}]},{\"@type\":\"ImageObject\",\"inLanguage\":\"fr-FR\",\"@id\":\"https:\/\/www.preventraide.fr\/contenus\/actualites\/lille-accueille-la-premiere-edition-du-printemps-du-climat-un-bilan-qui-donne-envie-de-continuer\/#primaryimage\",\"url\":\"https:\/\/www.preventraide.fr\/contenus\/app\/uploads\/2026\/04\/MAIF008806_062.jpg\",\"contentUrl\":\"https:\/\/www.preventraide.fr\/contenus\/app\/uploads\/2026\/04\/MAIF008806_062.jpg\",\"width\":2500,\"height\":1875},{\"@type\":\"BreadcrumbList\",\"@id\":\"https:\/\/www.preventraide.fr\/contenus\/actualites\/lille-accueille-la-premiere-edition-du-printemps-du-climat-un-bilan-qui-donne-envie-de-continuer\/#breadcrumb\",\"itemListElement\":[{\"@type\":\"ListItem\",\"position\":1,\"name\":\"Accueil\",\"item\":\"https:\/\/www.preventraide.fr\"},{\"@type\":\"ListItem\",\"position\":2,\"name\":\"Lille accueille la premi\u00e8re \u00e9dition du Printemps du Climat : un bilan qui donne envie de continuer !\u00a0\"}]},{\"@type\":\"WebSite\",\"@id\":\"https:\/\/www.preventraide.fr\/contenus\/#website\",\"url\":\"https:\/\/www.preventraide.fr\/contenus\/\",\"name\":\"Preventraide\",\"description\":\"\",\"potentialAction\":[{\"@type\":\"SearchAction\",\"target\":{\"@type\":\"EntryPoint\",\"urlTemplate\":\"https:\/\/www.preventraide.fr\/contenus\/?s={search_term_string}\"},\"query-input\":{\"@type\":\"PropertyValueSpecification\",\"valueRequired\":true,\"valueName\":\"search_term_string\"}}],\"inLanguage\":\"fr-FR\"},{\"@type\":\"Person\",\"@id\":\"https:\/\/www.preventraide.fr\/contenus\/#\/schema\/person\/610d5b148158ad8b26a57ee3481784b9\",\"name\":\"Camille Jagueneau\",\"image\":{\"@type\":\"ImageObject\",\"inLanguage\":\"fr-FR\",\"@id\":\"https:\/\/www.preventraide.fr\/contenus\/#\/schema\/person\/image\/\",\"url\":\"https:\/\/secure.gravatar.com\/avatar\/3a79d305b8d74191fb30dfe16bb61532d97fe378fbea0c1b02acebf1deb00e68?s=96&d=mm&r=g\",\"contentUrl\":\"https:\/\/secure.gravatar.com\/avatar\/3a79d305b8d74191fb30dfe16bb61532d97fe378fbea0c1b02acebf1deb00e68?s=96&d=mm&r=g\",\"caption\":\"Camille Jagueneau\"}}]}<\/script>\n<!-- \/ Yoast SEO plugin. -->","yoast_head_json":{"title":"Lille accueille la premi\u00e8re \u00e9dition du Printemps du Climat : un bilan qui donne envie de continuer !\u00a0 - Preventraide - Conseils Pr\u00e9vention","description":"C\u2019est fait.\u00a0La premi\u00e8re \u00e9dition du Printemps du Climat s\u2019est tenue \u00e0 Lille, et le moins qu\u2019on puisse dire, c\u2019est que la mobilisation \u00e9tait au rendez-vous. Pour Sylvie, responsable de l\u2019antenne lilloise de l\u2019Association Pr\u00e9vention MAIF, le bilan est clair : cet \u00e9v\u00e9nement inaugural a prouv\u00e9 que les Lillois sont pr\u00eats \u00e0 s\u2019engager et que ce n\u2019est qu\u2019un d\u00e9but.","robots":{"index":"index","follow":"follow","max-snippet":"max-snippet:-1","max-image-preview":"max-image-preview:large","max-video-preview":"max-video-preview:-1"},"canonical":"https:\/\/www.preventraide.fr\/contenus\/actualites\/lille-accueille-la-premiere-edition-du-printemps-du-climat-un-bilan-qui-donne-envie-de-continuer\/","og_locale":"fr_FR","og_type":"article","og_title":"Lille accueille la premi\u00e8re \u00e9dition du Printemps du Climat : un bilan qui donne envie de continuer !\u00a0 - Preventraide - Conseils Pr\u00e9vention","og_description":"C\u2019est fait.\u00a0La premi\u00e8re \u00e9dition du Printemps du Climat s\u2019est tenue \u00e0 Lille, et le moins qu\u2019on puisse dire, c\u2019est que la mobilisation \u00e9tait au rendez-vous. Pour Sylvie, responsable de l\u2019antenne lilloise de l\u2019Association Pr\u00e9vention MAIF, le bilan est clair : cet \u00e9v\u00e9nement inaugural a prouv\u00e9 que les Lillois sont pr\u00eats \u00e0 s\u2019engager et que ce n\u2019est qu\u2019un d\u00e9but.","og_url":"https:\/\/www.preventraide.fr\/contenus\/actualites\/lille-accueille-la-premiere-edition-du-printemps-du-climat-un-bilan-qui-donne-envie-de-continuer\/","og_site_name":"Preventraide - Conseils Pr\u00e9vention","article_published_time":"2026-04-29T09:53:58+00:00","og_image":[{"width":2500,"height":1875,"url":"https:\/\/www.preventraide.fr\/contenus\/app\/uploads\/2026\/04\/MAIF008806_062.jpg","type":"image\/jpeg"}],"author":"Camille Jagueneau","twitter_card":"summary_large_image","twitter_misc":{"Written by":"Camille Jagueneau","Est. reading time":"5 minutes"},"schema":{"@context":"https:\/\/schema.org","@graph":[{"@type":"WebPage","@id":"https:\/\/www.preventraide.fr\/contenus\/actualites\/lille-accueille-la-premiere-edition-du-printemps-du-climat-un-bilan-qui-donne-envie-de-continuer\/","url":"https:\/\/www.preventraide.fr\/contenus\/actualites\/lille-accueille-la-premiere-edition-du-printemps-du-climat-un-bilan-qui-donne-envie-de-continuer\/","name":"Lille accueille la premi\u00e8re \u00e9dition du Printemps du Climat : un bilan qui donne envie de continuer !\u00a0 - Preventraide - Conseils Pr\u00e9vention","isPartOf":{"@id":"https:\/\/www.preventraide.fr\/contenus\/#website"},"primaryImageOfPage":{"@id":"https:\/\/www.preventraide.fr\/contenus\/actualites\/lille-accueille-la-premiere-edition-du-printemps-du-climat-un-bilan-qui-donne-envie-de-continuer\/#primaryimage"},"image":{"@id":"https:\/\/www.preventraide.fr\/contenus\/actualites\/lille-accueille-la-premiere-edition-du-printemps-du-climat-un-bilan-qui-donne-envie-de-continuer\/#primaryimage"},"thumbnailUrl":"https:\/\/www.preventraide.fr\/contenus\/app\/uploads\/2026\/04\/MAIF008806_062.jpg","datePublished":"2026-04-29T09:53:58+00:00","author":{"@id":"https:\/\/www.preventraide.fr\/contenus\/#\/schema\/person\/610d5b148158ad8b26a57ee3481784b9"},"description":"C\u2019est fait.\u00a0La premi\u00e8re \u00e9dition du Printemps du Climat s\u2019est tenue \u00e0 Lille, et le moins qu\u2019on puisse dire, c\u2019est que la mobilisation \u00e9tait au rendez-vous. Pour Sylvie, responsable de l\u2019antenne lilloise de l\u2019Association Pr\u00e9vention MAIF, le bilan est clair : cet \u00e9v\u00e9nement inaugural a prouv\u00e9 que les Lillois sont pr\u00eats \u00e0 s\u2019engager et que ce n\u2019est qu\u2019un d\u00e9but.","breadcrumb":{"@id":"https:\/\/www.preventraide.fr\/contenus\/actualites\/lille-accueille-la-premiere-edition-du-printemps-du-climat-un-bilan-qui-donne-envie-de-continuer\/#breadcrumb"},"inLanguage":"fr-FR","potentialAction":[{"@type":"ReadAction","target":["https:\/\/www.preventraide.fr\/contenus\/actualites\/lille-accueille-la-premiere-edition-du-printemps-du-climat-un-bilan-qui-donne-envie-de-continuer\/"]}]},{"@type":"ImageObject","inLanguage":"fr-FR","@id":"https:\/\/www.preventraide.fr\/contenus\/actualites\/lille-accueille-la-premiere-edition-du-printemps-du-climat-un-bilan-qui-donne-envie-de-continuer\/#primaryimage","url":"https:\/\/www.preventraide.fr\/contenus\/app\/uploads\/2026\/04\/MAIF008806_062.jpg","contentUrl":"https:\/\/www.preventraide.fr\/contenus\/app\/uploads\/2026\/04\/MAIF008806_062.jpg","width":2500,"height":1875},{"@type":"BreadcrumbList","@id":"https:\/\/www.preventraide.fr\/contenus\/actualites\/lille-accueille-la-premiere-edition-du-printemps-du-climat-un-bilan-qui-donne-envie-de-continuer\/#breadcrumb","itemListElement":[{"@type":"ListItem","position":1,"name":"Accueil","item":"https:\/\/www.preventraide.fr"},{"@type":"ListItem","position":2,"name":"Lille accueille la premi\u00e8re \u00e9dition du Printemps du Climat : un bilan qui donne envie de continuer !\u00a0"}]},{"@type":"WebSite","@id":"https:\/\/www.preventraide.fr\/contenus\/#website","url":"https:\/\/www.preventraide.fr\/contenus\/","name":"Preventraide","description":"","potentialAction":[{"@type":"SearchAction","target":{"@type":"EntryPoint","urlTemplate":"https:\/\/www.preventraide.fr\/contenus\/?s={search_term_string}"},"query-input":{"@type":"PropertyValueSpecification","valueRequired":true,"valueName":"search_term_string"}}],"inLanguage":"fr-FR"},{"@type":"Person","@id":"https:\/\/www.preventraide.fr\/contenus\/#\/schema\/person\/610d5b148158ad8b26a57ee3481784b9","name":"Camille Jagueneau","image":{"@type":"ImageObject","inLanguage":"fr-FR","@id":"https:\/\/www.preventraide.fr\/contenus\/#\/schema\/person\/image\/","url":"https:\/\/secure.gravatar.com\/avatar\/3a79d305b8d74191fb30dfe16bb61532d97fe378fbea0c1b02acebf1deb00e68?s=96&d=mm&r=g","contentUrl":"https:\/\/secure.gravatar.com\/avatar\/3a79d305b8d74191fb30dfe16bb61532d97fe378fbea0c1b02acebf1deb00e68?s=96&d=mm&r=g","caption":"Camille Jagueneau"}}]}},"_links":{"self":[{"href":"https:\/\/www.preventraide.fr\/contenus\/wp-json\/wp\/v2\/posts\/2850","targetHints":{"allow":["GET"]}}],"collection":[{"href":"https:\/\/www.preventraide.fr\/contenus\/wp-json\/wp\/v2\/posts"}],"about":[{"href":"https:\/\/www.preventraide.fr\/contenus\/wp-json\/wp\/v2\/types\/post"}],"author":[{"embeddable":true,"href":"https:\/\/www.preventraide.fr\/contenus\/wp-json\/wp\/v2\/users\/6"}],"replies":[{"embeddable":true,"href":"https:\/\/www.preventraide.fr\/contenus\/wp-json\/wp\/v2\/comments?post=2850"}],"version-history":[{"count":1,"href":"https:\/\/www.preventraide.fr\/contenus\/wp-json\/wp\/v2\/posts\/2850\/revisions"}],"predecessor-version":[{"id":2852,"href":"https:\/\/www.preventraide.fr\/contenus\/wp-json\/wp\/v2\/posts\/2850\/revisions\/2852"}],"wp:featuredmedia":[{"embeddable":true,"href":"https:\/\/www.preventraide.fr\/contenus\/wp-json\/wp\/v2\/media\/2851"}],"wp:attachment":[{"href":"https:\/\/www.preventraide.fr\/contenus\/wp-json\/wp\/v2\/media?parent=2850"}],"wp:term":[{"taxonomy":"category","embeddable":true,"href":"https:\/\/www.preventraide.fr\/contenus\/wp-json\/wp\/v2\/categories?post=2850"},{"taxonomy":"post_tag","embeddable":true,"href":"https:\/\/www.preventraide.fr\/contenus\/wp-json\/wp\/v2\/tags?post=2850"}],"curies":[{"name":"wp","href":"https:\/\/api.w.org\/{rel}","templated":true}]}}