{"id":2923,"date":"2026-09-02T13:21:25","date_gmt":"2026-09-02T11:21:25","guid":{"rendered":"https:\/\/www.preventraide.fr\/contenus\/?p=2923"},"modified":"2026-09-02T13:21:26","modified_gmt":"2026-09-02T11:21:26","slug":"ayons-les-bons-reflexes-face-aux-pluies-intenses-et-aux-inondations-soudaines","status":"publish","type":"post","link":"https:\/\/www.preventraide.fr\/contenus\/actualites\/ayons-les-bons-reflexes-face-aux-pluies-intenses-et-aux-inondations-soudaines\/","title":{"rendered":"Ayons les bons r\u00e9flexes face aux pluies intenses et aux inondations soudaines"},"content":{"rendered":"\n<p><strong>1 Fran\u00e7ais sur 4<\/strong> est concern\u00e9 par le risque d&rsquo;inondation. Chaque ann\u00e9e, les \u00e9pisodes de pluies m\u00e9diterran\u00e9ennes intenses, appel\u00e9s \u00e9galement \u00ab&nbsp;\u00e9pisodes c\u00e9venols&nbsp;\u00bb, peuvent provoquer des crues soudaines et des inondations. L\u2019arc m\u00e9diterran\u00e9en est la zone la plus expos\u00e9e en m\u00e9tropole<strong>. Plus de 9 millions d&rsquo;habitants<\/strong> sont concern\u00e9s&nbsp;par ces ph\u00e9nom\u00e8nes climatiques qui surviennent g\u00e9n\u00e9ralement d\u2019ao\u00fbt \u00e0 d\u00e9cembre et qui peuvent apporter en une journ\u00e9e l\u2019\u00e9quivalent d\u2019un mois, voire de plusieurs mois de pluie.&nbsp;<\/p>\n\n\n\n<p><em>D\u00e9velopper une culture du risque, c\u2019est savoir comment agir avant et pendant un \u00e9pisode de pluies intenses ou d\u2019inondation soudaine.<\/em><\/p>\n\n\n\n<p><\/p>\n\n\n\n<figure class=\"wp-block-table\"><table class=\"has-gray-2-background-color has-background has-fixed-layout\"><tbody><tr><td>Chaque geste compte, restez vigilant<strong><br><\/strong><br>Consultez les informations utiles pour mieux conna\u00eetre les risques pr\u00e8s de chez vous et \u00eatre alert\u00e9 en temps r\u00e9el&nbsp;: sur le <a href=\"https:\/\/www.vigicrues.gouv.fr\/\">site de Vigicrues<\/a> ou <a href=\"https:\/\/play.google.com\/store\/apps\/details?id=fr.schapi.vigicrues&amp;hl=fr\">t\u00e9l\u00e9chargez son application<\/a>. Vous pouvez accepter les notifications qui vous alerteront sur la situation et les \u00e9ventuels dangers \u00e0 venir&nbsp;: Vigicrues produit la vigilance et la pr\u00e9vision sur les crues. sur le site de <a href=\"https:\/\/vigilance.meteofrance.fr\/fr\">M\u00e9t\u00e9o-France<\/a> qui informe via la <strong>vigilance m\u00e9t\u00e9o<\/strong> sur les ph\u00e9nom\u00e8nes m\u00e9t\u00e9orologiques dangereux pour le jour en cours et le lendemain. Ces informations compl\u00e8tent les pr\u00e9visions m\u00e9t\u00e9orologiques.sur la plateforme <a href=\"https:\/\/www.georisques.gouv.fr\/\">G\u00e9orisques qui&nbsp;<\/a>vous permet de mieux conna\u00eetre les risques sur votre territoire.<\/td><\/tr><\/tbody><\/table><\/figure>\n\n\n\n<p>Pour mieux se prot\u00e9ger et prot\u00e9ger ses proches, chacun peut <strong>adopter les 10 bons r\u00e9flexes<\/strong> suivants, simples et essentiels pour sauver des vies.<\/p>\n\n\n\n<h2 class=\"wp-block-heading has-red-1-color has-text-color has-link-color wp-elements-c6404127ae66ab9effd119138c0e7b37\"><strong>Se pr\u00e9parer en amont\u00a0<\/strong>: <\/h2>\n\n\n\n<p><strong>Constituer son kit d\u2019urgence 72 h<\/strong><br>Retrouvez les conseils pour organiser <a href=\"https:\/\/www.ecologie.gouv.fr\/dossiers\/comprendre-risques-naturels-sen-proteger\/preparer-son-kit-durgence-72h\">votre kit d&rsquo;urgence 72 h<\/a>\u00a0qui peut<strong>s&rsquo;av\u00e9rer pr\u00e9cieux en cas d&rsquo;\u00e9pisode m\u00e9diterran\u00e9en.<\/strong>Pr\u00e9par\u00e9 en amont, il permet, si n\u00e9cessaire, de rester chez soi en s\u00e9curit\u00e9 dans l&rsquo;attente des secours. Il peut \u00e9galement \u00eatre utile en cas de d\u00e9part pr\u00e9cipit\u00e9.<\/p>\n\n\n\n<figure class=\"wp-block-image size-full\"><img loading=\"lazy\" decoding=\"async\" width=\"595\" height=\"842\" src=\"https:\/\/www.preventraide.fr\/contenus\/app\/uploads\/2026\/09\/23170_AFF-Kit-A4-RVB-FR.jpg\" alt=\"\" class=\"wp-image-2925\" srcset=\"https:\/\/www.preventraide.fr\/contenus\/app\/uploads\/2026\/09\/23170_AFF-Kit-A4-RVB-FR.jpg 595w, https:\/\/www.preventraide.fr\/contenus\/app\/uploads\/2026\/09\/23170_AFF-Kit-A4-RVB-FR-212x300.jpg 212w\" sizes=\"auto, (max-width: 595px) 100vw, 595px\" \/><\/figure>\n\n\n\n<h2 class=\"wp-block-heading has-red-1-color has-text-color has-link-color wp-elements-fab2f541ad3482f32a13cf43cf2784b5\"><strong>Pendant un \u00e9pisode de pluies intenses ou d\u2019inondation soudaine<\/strong><\/h2>\n\n\n\n<p><em>Mettez-vous imm\u00e9diatement en s\u00e9curit\u00e9.<\/em><\/p>\n\n\n\n<ul class=\"wp-block-list\">\n<li><strong>Vous devez vous d\u00e9placer ? <\/strong>Le bon r\u00e9flexe, c&rsquo;est de reporter tous vos d\u00e9placements, \u00e0 pied comme en voiture et de rester abrit\u00e9 dans un b\u00e2timent.<\/li>\n\n\n\n<li><strong>Vos enfants sont \u00e0 l&rsquo;\u00e9cole ?<\/strong> Le bon r\u00e9flexe, c&rsquo;est de les laisser en s\u00e9curit\u00e9 dans leur \u00e9tablissement et d\u2019\u00e9viter de se d\u00e9placer.<\/li>\n\n\n\n<li><strong>Vous voyez l\u2019eau monter ? <\/strong>Le bon r\u00e9flexe, c&rsquo;est de se r\u00e9fugier en hauteur (\u00e0 l&rsquo;\u00e9tage, dans un grenier ou sur le toit si n\u00e9cessaire).<\/li>\n\n\n\n<li><strong>Vous \u00eates chez vous pendant un \u00e9pisode ? <\/strong>Le bon r\u00e9flexe, si cela est possible, sans vous mettre en danger : c&rsquo;est de couper les r\u00e9seaux de gaz, d&rsquo;\u00e9lectricit\u00e9 et de chauffage.<\/li>\n\n\n\n<li><strong>Vous aviez pr\u00e9vu d\u2018utiliser votre v\u00e9hicule ?<\/strong> Le bon r\u00e9flexe, c&rsquo;est d\u2018\u00e9viter la voiture : quelques centim\u00e8tres d&rsquo;eau suffisent \u00e0 emporter un v\u00e9hicule.<\/li>\n\n\n\n<li><strong>Quels endroits sont \u00e0 \u00e9viter ? <\/strong>Le bon r\u00e9flexe, c&rsquo;est de ne pas descendre dans les sous-sols ou les parkings souterrains.<\/li>\n\n\n\n<li><strong>Vous vous trouvez en ext\u00e9rieur ? <\/strong>Le bon r\u00e9flexe, c&rsquo;est de s\u2019\u00e9loigner des cours d\u2019eau, des berges et des ponts.<\/li>\n\n\n\n<li><strong>Vous souhaitez rester inform\u00e9 ? L<\/strong>e bon r\u00e9flexe, c&rsquo;est de continuer \u00e0 vous renseigner et \u00e0 suivre les consignes des secours et de votre mairie.<\/li>\n\n\n\n<li><strong>Vous \u00eates inquiets vis-\u00e0-vis de vos proches ? <\/strong>Le bon r\u00e9flexe, c&rsquo;est d\u2019\u00eatre solidaire des personnes vuln\u00e9rables et isol\u00e9es en privil\u00e9giant les SMS afin de laisser les r\u00e9seaux t\u00e9l\u00e9phoniques disponibles pour les secours.<\/li>\n<\/ul>\n\n\n\n<figure class=\"wp-block-embed is-type-video is-provider-youtube wp-block-embed-youtube wp-embed-aspect-16-9 wp-has-aspect-ratio\"><div class=\"wp-block-embed__wrapper\">\n<iframe loading=\"lazy\" title=\"Pluie et inondation, le t\u00e9moignage de L\u00e9o : ayons les bons r\u00e9flexes\" width=\"500\" height=\"281\" src=\"https:\/\/www.youtube.com\/embed\/oQF9MLy5Pt8?feature=oembed\" frameborder=\"0\" allow=\"accelerometer; autoplay; clipboard-write; encrypted-media; gyroscope; picture-in-picture; web-share\" referrerpolicy=\"strict-origin-when-cross-origin\" allowfullscreen><\/iframe>\n<\/div><\/figure>\n","protected":false},"excerpt":{"rendered":"<p>1 Fran\u00e7ais sur 4 est concern\u00e9 par le risque d&rsquo;inondation. Chaque ann\u00e9e, les \u00e9pisodes de pluies m\u00e9diterran\u00e9ennes intenses, appel\u00e9s \u00e9galement \u00ab&nbsp;\u00e9pisodes c\u00e9venols&nbsp;\u00bb, peuvent provoquer des crues soudaines et des inondations. L\u2019arc m\u00e9diterran\u00e9en est la zone la plus expos\u00e9e en m\u00e9tropole. Plus de 9 millions d&rsquo;habitants sont concern\u00e9s&nbsp;par ces ph\u00e9nom\u00e8nes climatiques qui surviennent g\u00e9n\u00e9ralement d\u2019ao\u00fbt \u00e0 [&hellip;]<\/p>\n","protected":false},"author":6,"featured_media":2926,"comment_status":"closed","ping_status":"closed","sticky":false,"template":"","format":"standard","meta":{"_acf_changed":false,"inline_featured_image":false,"ghostkit_customizer_options":"","ghostkit_custom_css":"","ghostkit_custom_js_head":"","ghostkit_custom_js_foot":"","ghostkit_typography":"","footnotes":""},"categories":[2],"tags":[],"class_list":["post-2923","post","type-post","status-publish","format-standard","has-post-thumbnail","hentry","category-non-classifie"],"acf":[],"yoast_head":"<!-- This site is optimized with the Yoast SEO plugin v24.9 - https:\/\/yoast.com\/wordpress\/plugins\/seo\/ -->\n<title>Ayons les bons r\u00e9flexes face aux pluies intenses et aux inondations soudaines - Preventraide - Conseils Pr\u00e9vention<\/title>\n<meta name=\"robots\" content=\"index, follow, max-snippet:-1, max-image-preview:large, max-video-preview:-1\" \/>\n<link rel=\"canonical\" href=\"https:\/\/www.preventraide.fr\/contenus\/actualites\/ayons-les-bons-reflexes-face-aux-pluies-intenses-et-aux-inondations-soudaines\/\" \/>\n<meta property=\"og:locale\" content=\"fr_FR\" \/>\n<meta property=\"og:type\" content=\"article\" \/>\n<meta property=\"og:title\" content=\"Ayons les bons r\u00e9flexes face aux pluies intenses et aux inondations soudaines - Preventraide - Conseils Pr\u00e9vention\" \/>\n<meta property=\"og:description\" content=\"1 Fran\u00e7ais sur 4 est concern\u00e9 par le risque d&rsquo;inondation. Chaque ann\u00e9e, les \u00e9pisodes de pluies m\u00e9diterran\u00e9ennes intenses, appel\u00e9s \u00e9galement \u00ab&nbsp;\u00e9pisodes c\u00e9venols&nbsp;\u00bb, peuvent provoquer des crues soudaines et des inondations. L\u2019arc m\u00e9diterran\u00e9en est la zone la plus expos\u00e9e en m\u00e9tropole. Plus de 9 millions d&rsquo;habitants sont concern\u00e9s&nbsp;par ces ph\u00e9nom\u00e8nes climatiques qui surviennent g\u00e9n\u00e9ralement d\u2019ao\u00fbt \u00e0 [&hellip;]\" \/>\n<meta property=\"og:url\" content=\"https:\/\/www.preventraide.fr\/contenus\/actualites\/ayons-les-bons-reflexes-face-aux-pluies-intenses-et-aux-inondations-soudaines\/\" \/>\n<meta property=\"og:site_name\" content=\"Preventraide - Conseils Pr\u00e9vention\" \/>\n<meta property=\"article:published_time\" content=\"2026-09-02T11:21:25+00:00\" \/>\n<meta property=\"article:modified_time\" content=\"2026-09-02T11:21:26+00:00\" \/>\n<meta property=\"og:image\" content=\"https:\/\/www.preventraide.fr\/contenus\/app\/uploads\/2026\/09\/Vignette-1080x1920-FR-1-deplacements.jpg\" \/>\n\t<meta property=\"og:image:width\" content=\"1080\" \/>\n\t<meta property=\"og:image:height\" content=\"1920\" \/>\n\t<meta property=\"og:image:type\" content=\"image\/jpeg\" \/>\n<meta name=\"author\" content=\"Camille Jagueneau\" \/>\n<meta name=\"twitter:card\" content=\"summary_large_image\" \/>\n<meta name=\"twitter:label1\" content=\"Written by\" \/>\n\t<meta name=\"twitter:data1\" content=\"Camille Jagueneau\" \/>\n\t<meta name=\"twitter:label2\" content=\"Est. reading time\" \/>\n\t<meta name=\"twitter:data2\" content=\"3 minutes\" \/>\n<script type=\"application\/ld+json\" class=\"yoast-schema-graph\">{\"@context\":\"https:\/\/schema.org\",\"@graph\":[{\"@type\":\"WebPage\",\"@id\":\"https:\/\/www.preventraide.fr\/contenus\/actualites\/ayons-les-bons-reflexes-face-aux-pluies-intenses-et-aux-inondations-soudaines\/\",\"url\":\"https:\/\/www.preventraide.fr\/contenus\/actualites\/ayons-les-bons-reflexes-face-aux-pluies-intenses-et-aux-inondations-soudaines\/\",\"name\":\"Ayons les bons r\u00e9flexes face aux pluies intenses et aux inondations soudaines - Preventraide - Conseils Pr\u00e9vention\",\"isPartOf\":{\"@id\":\"https:\/\/www.preventraide.fr\/contenus\/#website\"},\"primaryImageOfPage\":{\"@id\":\"https:\/\/www.preventraide.fr\/contenus\/actualites\/ayons-les-bons-reflexes-face-aux-pluies-intenses-et-aux-inondations-soudaines\/#primaryimage\"},\"image\":{\"@id\":\"https:\/\/www.preventraide.fr\/contenus\/actualites\/ayons-les-bons-reflexes-face-aux-pluies-intenses-et-aux-inondations-soudaines\/#primaryimage\"},\"thumbnailUrl\":\"https:\/\/www.preventraide.fr\/contenus\/app\/uploads\/2026\/09\/Vignette-1080x1920-FR-1-deplacements.jpg\",\"datePublished\":\"2026-09-02T11:21:25+00:00\",\"dateModified\":\"2026-09-02T11:21:26+00:00\",\"author\":{\"@id\":\"https:\/\/www.preventraide.fr\/contenus\/#\/schema\/person\/610d5b148158ad8b26a57ee3481784b9\"},\"breadcrumb\":{\"@id\":\"https:\/\/www.preventraide.fr\/contenus\/actualites\/ayons-les-bons-reflexes-face-aux-pluies-intenses-et-aux-inondations-soudaines\/#breadcrumb\"},\"inLanguage\":\"fr-FR\",\"potentialAction\":[{\"@type\":\"ReadAction\",\"target\":[\"https:\/\/www.preventraide.fr\/contenus\/actualites\/ayons-les-bons-reflexes-face-aux-pluies-intenses-et-aux-inondations-soudaines\/\"]}]},{\"@type\":\"ImageObject\",\"inLanguage\":\"fr-FR\",\"@id\":\"https:\/\/www.preventraide.fr\/contenus\/actualites\/ayons-les-bons-reflexes-face-aux-pluies-intenses-et-aux-inondations-soudaines\/#primaryimage\",\"url\":\"https:\/\/www.preventraide.fr\/contenus\/app\/uploads\/2026\/09\/Vignette-1080x1920-FR-1-deplacements.jpg\",\"contentUrl\":\"https:\/\/www.preventraide.fr\/contenus\/app\/uploads\/2026\/09\/Vignette-1080x1920-FR-1-deplacements.jpg\",\"width\":1080,\"height\":1920},{\"@type\":\"BreadcrumbList\",\"@id\":\"https:\/\/www.preventraide.fr\/contenus\/actualites\/ayons-les-bons-reflexes-face-aux-pluies-intenses-et-aux-inondations-soudaines\/#breadcrumb\",\"itemListElement\":[{\"@type\":\"ListItem\",\"position\":1,\"name\":\"Accueil\",\"item\":\"https:\/\/www.preventraide.fr\"},{\"@type\":\"ListItem\",\"position\":2,\"name\":\"Ayons les bons r\u00e9flexes face aux pluies intenses et aux inondations soudaines\"}]},{\"@type\":\"WebSite\",\"@id\":\"https:\/\/www.preventraide.fr\/contenus\/#website\",\"url\":\"https:\/\/www.preventraide.fr\/contenus\/\",\"name\":\"Preventraide\",\"description\":\"\",\"potentialAction\":[{\"@type\":\"SearchAction\",\"target\":{\"@type\":\"EntryPoint\",\"urlTemplate\":\"https:\/\/www.preventraide.fr\/contenus\/?s={search_term_string}\"},\"query-input\":{\"@type\":\"PropertyValueSpecification\",\"valueRequired\":true,\"valueName\":\"search_term_string\"}}],\"inLanguage\":\"fr-FR\"},{\"@type\":\"Person\",\"@id\":\"https:\/\/www.preventraide.fr\/contenus\/#\/schema\/person\/610d5b148158ad8b26a57ee3481784b9\",\"name\":\"Camille Jagueneau\",\"image\":{\"@type\":\"ImageObject\",\"inLanguage\":\"fr-FR\",\"@id\":\"https:\/\/www.preventraide.fr\/contenus\/#\/schema\/person\/image\/\",\"url\":\"https:\/\/secure.gravatar.com\/avatar\/3a79d305b8d74191fb30dfe16bb61532d97fe378fbea0c1b02acebf1deb00e68?s=96&d=mm&r=g\",\"contentUrl\":\"https:\/\/secure.gravatar.com\/avatar\/3a79d305b8d74191fb30dfe16bb61532d97fe378fbea0c1b02acebf1deb00e68?s=96&d=mm&r=g\",\"caption\":\"Camille Jagueneau\"}}]}<\/script>\n<!-- \/ Yoast SEO plugin. -->","yoast_head_json":{"title":"Ayons les bons r\u00e9flexes face aux pluies intenses et aux inondations soudaines - Preventraide - Conseils Pr\u00e9vention","robots":{"index":"index","follow":"follow","max-snippet":"max-snippet:-1","max-image-preview":"max-image-preview:large","max-video-preview":"max-video-preview:-1"},"canonical":"https:\/\/www.preventraide.fr\/contenus\/actualites\/ayons-les-bons-reflexes-face-aux-pluies-intenses-et-aux-inondations-soudaines\/","og_locale":"fr_FR","og_type":"article","og_title":"Ayons les bons r\u00e9flexes face aux pluies intenses et aux inondations soudaines - Preventraide - Conseils Pr\u00e9vention","og_description":"1 Fran\u00e7ais sur 4 est concern\u00e9 par le risque d&rsquo;inondation. Chaque ann\u00e9e, les \u00e9pisodes de pluies m\u00e9diterran\u00e9ennes intenses, appel\u00e9s \u00e9galement \u00ab&nbsp;\u00e9pisodes c\u00e9venols&nbsp;\u00bb, peuvent provoquer des crues soudaines et des inondations. L\u2019arc m\u00e9diterran\u00e9en est la zone la plus expos\u00e9e en m\u00e9tropole. Plus de 9 millions d&rsquo;habitants sont concern\u00e9s&nbsp;par ces ph\u00e9nom\u00e8nes climatiques qui surviennent g\u00e9n\u00e9ralement d\u2019ao\u00fbt \u00e0 [&hellip;]","og_url":"https:\/\/www.preventraide.fr\/contenus\/actualites\/ayons-les-bons-reflexes-face-aux-pluies-intenses-et-aux-inondations-soudaines\/","og_site_name":"Preventraide - Conseils Pr\u00e9vention","article_published_time":"2026-09-02T11:21:25+00:00","article_modified_time":"2026-09-02T11:21:26+00:00","og_image":[{"width":1080,"height":1920,"url":"https:\/\/www.preventraide.fr\/contenus\/app\/uploads\/2026\/09\/Vignette-1080x1920-FR-1-deplacements.jpg","type":"image\/jpeg"}],"author":"Camille Jagueneau","twitter_card":"summary_large_image","twitter_misc":{"Written by":"Camille Jagueneau","Est. reading time":"3 minutes"},"schema":{"@context":"https:\/\/schema.org","@graph":[{"@type":"WebPage","@id":"https:\/\/www.preventraide.fr\/contenus\/actualites\/ayons-les-bons-reflexes-face-aux-pluies-intenses-et-aux-inondations-soudaines\/","url":"https:\/\/www.preventraide.fr\/contenus\/actualites\/ayons-les-bons-reflexes-face-aux-pluies-intenses-et-aux-inondations-soudaines\/","name":"Ayons les bons r\u00e9flexes face aux pluies intenses et aux inondations soudaines - Preventraide - Conseils Pr\u00e9vention","isPartOf":{"@id":"https:\/\/www.preventraide.fr\/contenus\/#website"},"primaryImageOfPage":{"@id":"https:\/\/www.preventraide.fr\/contenus\/actualites\/ayons-les-bons-reflexes-face-aux-pluies-intenses-et-aux-inondations-soudaines\/#primaryimage"},"image":{"@id":"https:\/\/www.preventraide.fr\/contenus\/actualites\/ayons-les-bons-reflexes-face-aux-pluies-intenses-et-aux-inondations-soudaines\/#primaryimage"},"thumbnailUrl":"https:\/\/www.preventraide.fr\/contenus\/app\/uploads\/2026\/09\/Vignette-1080x1920-FR-1-deplacements.jpg","datePublished":"2026-09-02T11:21:25+00:00","dateModified":"2026-09-02T11:21:26+00:00","author":{"@id":"https:\/\/www.preventraide.fr\/contenus\/#\/schema\/person\/610d5b148158ad8b26a57ee3481784b9"},"breadcrumb":{"@id":"https:\/\/www.preventraide.fr\/contenus\/actualites\/ayons-les-bons-reflexes-face-aux-pluies-intenses-et-aux-inondations-soudaines\/#breadcrumb"},"inLanguage":"fr-FR","potentialAction":[{"@type":"ReadAction","target":["https:\/\/www.preventraide.fr\/contenus\/actualites\/ayons-les-bons-reflexes-face-aux-pluies-intenses-et-aux-inondations-soudaines\/"]}]},{"@type":"ImageObject","inLanguage":"fr-FR","@id":"https:\/\/www.preventraide.fr\/contenus\/actualites\/ayons-les-bons-reflexes-face-aux-pluies-intenses-et-aux-inondations-soudaines\/#primaryimage","url":"https:\/\/www.preventraide.fr\/contenus\/app\/uploads\/2026\/09\/Vignette-1080x1920-FR-1-deplacements.jpg","contentUrl":"https:\/\/www.preventraide.fr\/contenus\/app\/uploads\/2026\/09\/Vignette-1080x1920-FR-1-deplacements.jpg","width":1080,"height":1920},{"@type":"BreadcrumbList","@id":"https:\/\/www.preventraide.fr\/contenus\/actualites\/ayons-les-bons-reflexes-face-aux-pluies-intenses-et-aux-inondations-soudaines\/#breadcrumb","itemListElement":[{"@type":"ListItem","position":1,"name":"Accueil","item":"https:\/\/www.preventraide.fr"},{"@type":"ListItem","position":2,"name":"Ayons les bons r\u00e9flexes face aux pluies intenses et aux inondations soudaines"}]},{"@type":"WebSite","@id":"https:\/\/www.preventraide.fr\/contenus\/#website","url":"https:\/\/www.preventraide.fr\/contenus\/","name":"Preventraide","description":"","potentialAction":[{"@type":"SearchAction","target":{"@type":"EntryPoint","urlTemplate":"https:\/\/www.preventraide.fr\/contenus\/?s={search_term_string}"},"query-input":{"@type":"PropertyValueSpecification","valueRequired":true,"valueName":"search_term_string"}}],"inLanguage":"fr-FR"},{"@type":"Person","@id":"https:\/\/www.preventraide.fr\/contenus\/#\/schema\/person\/610d5b148158ad8b26a57ee3481784b9","name":"Camille Jagueneau","image":{"@type":"ImageObject","inLanguage":"fr-FR","@id":"https:\/\/www.preventraide.fr\/contenus\/#\/schema\/person\/image\/","url":"https:\/\/secure.gravatar.com\/avatar\/3a79d305b8d74191fb30dfe16bb61532d97fe378fbea0c1b02acebf1deb00e68?s=96&d=mm&r=g","contentUrl":"https:\/\/secure.gravatar.com\/avatar\/3a79d305b8d74191fb30dfe16bb61532d97fe378fbea0c1b02acebf1deb00e68?s=96&d=mm&r=g","caption":"Camille Jagueneau"}}]}},"_links":{"self":[{"href":"https:\/\/www.preventraide.fr\/contenus\/wp-json\/wp\/v2\/posts\/2923","targetHints":{"allow":["GET"]}}],"collection":[{"href":"https:\/\/www.preventraide.fr\/contenus\/wp-json\/wp\/v2\/posts"}],"about":[{"href":"https:\/\/www.preventraide.fr\/contenus\/wp-json\/wp\/v2\/types\/post"}],"author":[{"embeddable":true,"href":"https:\/\/www.preventraide.fr\/contenus\/wp-json\/wp\/v2\/users\/6"}],"replies":[{"embeddable":true,"href":"https:\/\/www.preventraide.fr\/contenus\/wp-json\/wp\/v2\/comments?post=2923"}],"version-history":[{"count":1,"href":"https:\/\/www.preventraide.fr\/contenus\/wp-json\/wp\/v2\/posts\/2923\/revisions"}],"predecessor-version":[{"id":2927,"href":"https:\/\/www.preventraide.fr\/contenus\/wp-json\/wp\/v2\/posts\/2923\/revisions\/2927"}],"wp:featuredmedia":[{"embeddable":true,"href":"https:\/\/www.preventraide.fr\/contenus\/wp-json\/wp\/v2\/media\/2926"}],"wp:attachment":[{"href":"https:\/\/www.preventraide.fr\/contenus\/wp-json\/wp\/v2\/media?parent=2923"}],"wp:term":[{"taxonomy":"category","embeddable":true,"href":"https:\/\/www.preventraide.fr\/contenus\/wp-json\/wp\/v2\/categories?post=2923"},{"taxonomy":"post_tag","embeddable":true,"href":"https:\/\/www.preventraide.fr\/contenus\/wp-json\/wp\/v2\/tags?post=2923"}],"curies":[{"name":"wp","href":"https:\/\/api.w.org\/{rel}","templated":true}]}}