{"id":834,"date":"2022-03-30T17:43:13","date_gmt":"2022-03-30T15:43:13","guid":{"rendered":"https:\/\/www.preventraide.fr\/contenus\/?p=834"},"modified":"2022-03-30T17:43:13","modified_gmt":"2022-03-30T15:43:13","slug":"salon-des-decideurs-publics-du-grand-est","status":"publish","type":"post","link":"https:\/\/www.preventraide.fr\/contenus\/actualites\/salon-des-decideurs-publics-du-grand-est\/","title":{"rendered":"Salon des d\u00e9cideurs publics du Grand Est"},"content":{"rendered":"\n<div class=\"wp-block-columns is-layout-flex wp-container-core-columns-is-layout-28f84493 wp-block-columns-is-layout-flex\">\n<div class=\"wp-block-column is-layout-flow wp-block-column-is-layout-flow\">\n<figure class=\"wp-block-image size-large\"><img loading=\"lazy\" decoding=\"async\" width=\"840\" height=\"630\" src=\"https:\/\/www.preventraide.fr\/contenus\/app\/uploads\/2022\/03\/metz.jpg\" alt=\"\" class=\"wp-image-836\" srcset=\"https:\/\/www.preventraide.fr\/contenus\/app\/uploads\/2022\/03\/metz.jpg 840w, https:\/\/www.preventraide.fr\/contenus\/app\/uploads\/2022\/03\/metz-300x225.jpg 300w, https:\/\/www.preventraide.fr\/contenus\/app\/uploads\/2022\/03\/metz-768x576.jpg 768w\" sizes=\"auto, (max-width: 840px) 100vw, 840px\" \/><\/figure>\n<\/div>\n\n\n\n<div class=\"wp-block-column is-layout-flow wp-block-column-is-layout-flow\">\n<p>Pr\u00e9vention MAIF participe,  du 29 au 31 mars, au salon Urbest organis\u00e9 par MetzExpo\u00a0<\/p>\n\n\n\n<p>Au programme :<\/p>\n\n\n\n<p>&#8211; une pr\u00e9sentation de Pr\u00e9vEntraide et de <a rel=\"noreferrer noopener\" href=\"http:\/\/mobilecool.fr\" target=\"_blank\">Mobilecool<\/a><\/p>\n\n\n\n<p>&#8211; une d\u00e9monstration du nouveau jeu \u201cPremi\u00e8res connaissances sur les risques majeurs\u201d \u00e0 destination des \u00e9l\u00e8ves de coll\u00e8ge.<\/p>\n\n\n\n<p>Ce jeu de carte permet aux jeunes de d\u00e9couvrir les diff\u00e9rents risques majeurs, naturels ou technologiques, et d&rsquo;apprendre quelles sont les conduites \u00e0 adopter lorsqu&rsquo;un \u00e9v\u00e9nement survient.<\/p>\n<\/div>\n<\/div>\n\n\n\n<p><\/p>\n","protected":false},"excerpt":{"rendered":"<p>Pr\u00e9vention MAIF participe, du 29 au 31 mars, au salon Urbest organis\u00e9 par MetzExpo\u00a0 Au programme : &#8211; une pr\u00e9sentation de Pr\u00e9vEntraide et de Mobilecool &#8211; une d\u00e9monstration du nouveau jeu \u201cPremi\u00e8res connaissances sur les risques majeurs\u201d \u00e0 destination des \u00e9l\u00e8ves de coll\u00e8ge. Ce jeu de carte permet aux jeunes de d\u00e9couvrir les diff\u00e9rents risques [&hellip;]<\/p>\n","protected":false},"author":2,"featured_media":836,"comment_status":"closed","ping_status":"closed","sticky":false,"template":"","format":"standard","meta":{"_acf_changed":false,"inline_featured_image":false,"ghostkit_customizer_options":"","ghostkit_custom_css":"","ghostkit_custom_js_head":"","ghostkit_custom_js_foot":"","ghostkit_typography":"","footnotes":""},"categories":[2],"tags":[],"class_list":["post-834","post","type-post","status-publish","format-standard","has-post-thumbnail","hentry","category-non-classifie"],"acf":[],"yoast_head":"<!-- This site is optimized with the Yoast SEO plugin v24.9 - https:\/\/yoast.com\/wordpress\/plugins\/seo\/ -->\n<title>Salon des d\u00e9cideurs publics du Grand Est - Preventraide - Conseils Pr\u00e9vention<\/title>\n<meta name=\"robots\" content=\"index, follow, max-snippet:-1, max-image-preview:large, max-video-preview:-1\" \/>\n<link rel=\"canonical\" href=\"https:\/\/www.preventraide.fr\/contenus\/actualites\/salon-des-decideurs-publics-du-grand-est\/\" \/>\n<meta property=\"og:locale\" content=\"fr_FR\" \/>\n<meta property=\"og:type\" content=\"article\" \/>\n<meta property=\"og:title\" content=\"Salon des d\u00e9cideurs publics du Grand Est - Preventraide - Conseils Pr\u00e9vention\" \/>\n<meta property=\"og:description\" content=\"Pr\u00e9vention MAIF participe, du 29 au 31 mars, au salon Urbest organis\u00e9 par MetzExpo\u00a0 Au programme : &#8211; une pr\u00e9sentation de Pr\u00e9vEntraide et de Mobilecool &#8211; une d\u00e9monstration du nouveau jeu \u201cPremi\u00e8res connaissances sur les risques majeurs\u201d \u00e0 destination des \u00e9l\u00e8ves de coll\u00e8ge. Ce jeu de carte permet aux jeunes de d\u00e9couvrir les diff\u00e9rents risques [&hellip;]\" \/>\n<meta property=\"og:url\" content=\"https:\/\/www.preventraide.fr\/contenus\/actualites\/salon-des-decideurs-publics-du-grand-est\/\" \/>\n<meta property=\"og:site_name\" content=\"Preventraide - Conseils Pr\u00e9vention\" \/>\n<meta property=\"article:published_time\" content=\"2022-03-30T15:43:13+00:00\" \/>\n<meta property=\"og:image\" content=\"https:\/\/www.preventraide.fr\/contenus\/app\/uploads\/2022\/03\/metz.jpg\" \/>\n\t<meta property=\"og:image:width\" content=\"840\" \/>\n\t<meta property=\"og:image:height\" content=\"630\" \/>\n\t<meta property=\"og:image:type\" content=\"image\/jpeg\" \/>\n<meta name=\"author\" content=\"PreventionMaif\" \/>\n<meta name=\"twitter:card\" content=\"summary_large_image\" \/>\n<meta name=\"twitter:label1\" content=\"Written by\" \/>\n\t<meta name=\"twitter:data1\" content=\"PreventionMaif\" \/>\n<script type=\"application\/ld+json\" class=\"yoast-schema-graph\">{\"@context\":\"https:\/\/schema.org\",\"@graph\":[{\"@type\":\"WebPage\",\"@id\":\"https:\/\/www.preventraide.fr\/contenus\/actualites\/salon-des-decideurs-publics-du-grand-est\/\",\"url\":\"https:\/\/www.preventraide.fr\/contenus\/actualites\/salon-des-decideurs-publics-du-grand-est\/\",\"name\":\"Salon des d\u00e9cideurs publics du Grand Est - Preventraide - Conseils Pr\u00e9vention\",\"isPartOf\":{\"@id\":\"https:\/\/www.preventraide.fr\/contenus\/#website\"},\"primaryImageOfPage\":{\"@id\":\"https:\/\/www.preventraide.fr\/contenus\/actualites\/salon-des-decideurs-publics-du-grand-est\/#primaryimage\"},\"image\":{\"@id\":\"https:\/\/www.preventraide.fr\/contenus\/actualites\/salon-des-decideurs-publics-du-grand-est\/#primaryimage\"},\"thumbnailUrl\":\"https:\/\/www.preventraide.fr\/contenus\/app\/uploads\/2022\/03\/metz.jpg\",\"datePublished\":\"2022-03-30T15:43:13+00:00\",\"author\":{\"@id\":\"https:\/\/www.preventraide.fr\/contenus\/#\/schema\/person\/926f81095610a0842ab72d5ab64e7bee\"},\"breadcrumb\":{\"@id\":\"https:\/\/www.preventraide.fr\/contenus\/actualites\/salon-des-decideurs-publics-du-grand-est\/#breadcrumb\"},\"inLanguage\":\"fr-FR\",\"potentialAction\":[{\"@type\":\"ReadAction\",\"target\":[\"https:\/\/www.preventraide.fr\/contenus\/actualites\/salon-des-decideurs-publics-du-grand-est\/\"]}]},{\"@type\":\"ImageObject\",\"inLanguage\":\"fr-FR\",\"@id\":\"https:\/\/www.preventraide.fr\/contenus\/actualites\/salon-des-decideurs-publics-du-grand-est\/#primaryimage\",\"url\":\"https:\/\/www.preventraide.fr\/contenus\/app\/uploads\/2022\/03\/metz.jpg\",\"contentUrl\":\"https:\/\/www.preventraide.fr\/contenus\/app\/uploads\/2022\/03\/metz.jpg\",\"width\":840,\"height\":630},{\"@type\":\"BreadcrumbList\",\"@id\":\"https:\/\/www.preventraide.fr\/contenus\/actualites\/salon-des-decideurs-publics-du-grand-est\/#breadcrumb\",\"itemListElement\":[{\"@type\":\"ListItem\",\"position\":1,\"name\":\"Accueil\",\"item\":\"https:\/\/www.preventraide.fr\"},{\"@type\":\"ListItem\",\"position\":2,\"name\":\"Salon des d\u00e9cideurs publics du Grand Est\"}]},{\"@type\":\"WebSite\",\"@id\":\"https:\/\/www.preventraide.fr\/contenus\/#website\",\"url\":\"https:\/\/www.preventraide.fr\/contenus\/\",\"name\":\"Preventraide\",\"description\":\"\",\"potentialAction\":[{\"@type\":\"SearchAction\",\"target\":{\"@type\":\"EntryPoint\",\"urlTemplate\":\"https:\/\/www.preventraide.fr\/contenus\/?s={search_term_string}\"},\"query-input\":{\"@type\":\"PropertyValueSpecification\",\"valueRequired\":true,\"valueName\":\"search_term_string\"}}],\"inLanguage\":\"fr-FR\"},{\"@type\":\"Person\",\"@id\":\"https:\/\/www.preventraide.fr\/contenus\/#\/schema\/person\/926f81095610a0842ab72d5ab64e7bee\",\"name\":\"PreventionMaif\",\"image\":{\"@type\":\"ImageObject\",\"inLanguage\":\"fr-FR\",\"@id\":\"https:\/\/www.preventraide.fr\/contenus\/#\/schema\/person\/image\/\",\"url\":\"https:\/\/secure.gravatar.com\/avatar\/70f48a6feccd50a2673e57b88e82e52d6c39bd866f3bdd4f9bb9a1dae93a7347?s=96&d=mm&r=g\",\"contentUrl\":\"https:\/\/secure.gravatar.com\/avatar\/70f48a6feccd50a2673e57b88e82e52d6c39bd866f3bdd4f9bb9a1dae93a7347?s=96&d=mm&r=g\",\"caption\":\"PreventionMaif\"}}]}<\/script>\n<!-- \/ Yoast SEO plugin. -->","yoast_head_json":{"title":"Salon des d\u00e9cideurs publics du Grand Est - Preventraide - Conseils Pr\u00e9vention","robots":{"index":"index","follow":"follow","max-snippet":"max-snippet:-1","max-image-preview":"max-image-preview:large","max-video-preview":"max-video-preview:-1"},"canonical":"https:\/\/www.preventraide.fr\/contenus\/actualites\/salon-des-decideurs-publics-du-grand-est\/","og_locale":"fr_FR","og_type":"article","og_title":"Salon des d\u00e9cideurs publics du Grand Est - Preventraide - Conseils Pr\u00e9vention","og_description":"Pr\u00e9vention MAIF participe, du 29 au 31 mars, au salon Urbest organis\u00e9 par MetzExpo\u00a0 Au programme : &#8211; une pr\u00e9sentation de Pr\u00e9vEntraide et de Mobilecool &#8211; une d\u00e9monstration du nouveau jeu \u201cPremi\u00e8res connaissances sur les risques majeurs\u201d \u00e0 destination des \u00e9l\u00e8ves de coll\u00e8ge. Ce jeu de carte permet aux jeunes de d\u00e9couvrir les diff\u00e9rents risques [&hellip;]","og_url":"https:\/\/www.preventraide.fr\/contenus\/actualites\/salon-des-decideurs-publics-du-grand-est\/","og_site_name":"Preventraide - Conseils Pr\u00e9vention","article_published_time":"2022-03-30T15:43:13+00:00","og_image":[{"width":840,"height":630,"url":"https:\/\/www.preventraide.fr\/contenus\/app\/uploads\/2022\/03\/metz.jpg","type":"image\/jpeg"}],"author":"PreventionMaif","twitter_card":"summary_large_image","twitter_misc":{"Written by":"PreventionMaif"},"schema":{"@context":"https:\/\/schema.org","@graph":[{"@type":"WebPage","@id":"https:\/\/www.preventraide.fr\/contenus\/actualites\/salon-des-decideurs-publics-du-grand-est\/","url":"https:\/\/www.preventraide.fr\/contenus\/actualites\/salon-des-decideurs-publics-du-grand-est\/","name":"Salon des d\u00e9cideurs publics du Grand Est - Preventraide - Conseils Pr\u00e9vention","isPartOf":{"@id":"https:\/\/www.preventraide.fr\/contenus\/#website"},"primaryImageOfPage":{"@id":"https:\/\/www.preventraide.fr\/contenus\/actualites\/salon-des-decideurs-publics-du-grand-est\/#primaryimage"},"image":{"@id":"https:\/\/www.preventraide.fr\/contenus\/actualites\/salon-des-decideurs-publics-du-grand-est\/#primaryimage"},"thumbnailUrl":"https:\/\/www.preventraide.fr\/contenus\/app\/uploads\/2022\/03\/metz.jpg","datePublished":"2022-03-30T15:43:13+00:00","author":{"@id":"https:\/\/www.preventraide.fr\/contenus\/#\/schema\/person\/926f81095610a0842ab72d5ab64e7bee"},"breadcrumb":{"@id":"https:\/\/www.preventraide.fr\/contenus\/actualites\/salon-des-decideurs-publics-du-grand-est\/#breadcrumb"},"inLanguage":"fr-FR","potentialAction":[{"@type":"ReadAction","target":["https:\/\/www.preventraide.fr\/contenus\/actualites\/salon-des-decideurs-publics-du-grand-est\/"]}]},{"@type":"ImageObject","inLanguage":"fr-FR","@id":"https:\/\/www.preventraide.fr\/contenus\/actualites\/salon-des-decideurs-publics-du-grand-est\/#primaryimage","url":"https:\/\/www.preventraide.fr\/contenus\/app\/uploads\/2022\/03\/metz.jpg","contentUrl":"https:\/\/www.preventraide.fr\/contenus\/app\/uploads\/2022\/03\/metz.jpg","width":840,"height":630},{"@type":"BreadcrumbList","@id":"https:\/\/www.preventraide.fr\/contenus\/actualites\/salon-des-decideurs-publics-du-grand-est\/#breadcrumb","itemListElement":[{"@type":"ListItem","position":1,"name":"Accueil","item":"https:\/\/www.preventraide.fr"},{"@type":"ListItem","position":2,"name":"Salon des d\u00e9cideurs publics du Grand Est"}]},{"@type":"WebSite","@id":"https:\/\/www.preventraide.fr\/contenus\/#website","url":"https:\/\/www.preventraide.fr\/contenus\/","name":"Preventraide","description":"","potentialAction":[{"@type":"SearchAction","target":{"@type":"EntryPoint","urlTemplate":"https:\/\/www.preventraide.fr\/contenus\/?s={search_term_string}"},"query-input":{"@type":"PropertyValueSpecification","valueRequired":true,"valueName":"search_term_string"}}],"inLanguage":"fr-FR"},{"@type":"Person","@id":"https:\/\/www.preventraide.fr\/contenus\/#\/schema\/person\/926f81095610a0842ab72d5ab64e7bee","name":"PreventionMaif","image":{"@type":"ImageObject","inLanguage":"fr-FR","@id":"https:\/\/www.preventraide.fr\/contenus\/#\/schema\/person\/image\/","url":"https:\/\/secure.gravatar.com\/avatar\/70f48a6feccd50a2673e57b88e82e52d6c39bd866f3bdd4f9bb9a1dae93a7347?s=96&d=mm&r=g","contentUrl":"https:\/\/secure.gravatar.com\/avatar\/70f48a6feccd50a2673e57b88e82e52d6c39bd866f3bdd4f9bb9a1dae93a7347?s=96&d=mm&r=g","caption":"PreventionMaif"}}]}},"_links":{"self":[{"href":"https:\/\/www.preventraide.fr\/contenus\/wp-json\/wp\/v2\/posts\/834","targetHints":{"allow":["GET"]}}],"collection":[{"href":"https:\/\/www.preventraide.fr\/contenus\/wp-json\/wp\/v2\/posts"}],"about":[{"href":"https:\/\/www.preventraide.fr\/contenus\/wp-json\/wp\/v2\/types\/post"}],"author":[{"embeddable":true,"href":"https:\/\/www.preventraide.fr\/contenus\/wp-json\/wp\/v2\/users\/2"}],"replies":[{"embeddable":true,"href":"https:\/\/www.preventraide.fr\/contenus\/wp-json\/wp\/v2\/comments?post=834"}],"version-history":[{"count":0,"href":"https:\/\/www.preventraide.fr\/contenus\/wp-json\/wp\/v2\/posts\/834\/revisions"}],"wp:featuredmedia":[{"embeddable":true,"href":"https:\/\/www.preventraide.fr\/contenus\/wp-json\/wp\/v2\/media\/836"}],"wp:attachment":[{"href":"https:\/\/www.preventraide.fr\/contenus\/wp-json\/wp\/v2\/media?parent=834"}],"wp:term":[{"taxonomy":"category","embeddable":true,"href":"https:\/\/www.preventraide.fr\/contenus\/wp-json\/wp\/v2\/categories?post=834"},{"taxonomy":"post_tag","embeddable":true,"href":"https:\/\/www.preventraide.fr\/contenus\/wp-json\/wp\/v2\/tags?post=834"}],"curies":[{"name":"wp","href":"https:\/\/api.w.org\/{rel}","templated":true}]}}