{"id":845,"date":"2022-04-08T14:02:55","date_gmt":"2022-04-08T12:02:55","guid":{"rendered":"https:\/\/www.preventraide.fr\/contenus\/?p=845"},"modified":"2022-04-08T14:02:55","modified_gmt":"2022-04-08T12:02:55","slug":"information-aux-maires-ruraux-de-lessonne","status":"publish","type":"post","link":"https:\/\/www.preventraide.fr\/contenus\/actualites\/information-aux-maires-ruraux-de-lessonne\/","title":{"rendered":"Information aux maires ruraux de l&rsquo;Essonne"},"content":{"rendered":"\n<div class=\"wp-block-columns is-layout-flex wp-container-core-columns-is-layout-28f84493 wp-block-columns-is-layout-flex\">\n<div class=\"wp-block-column is-layout-flow wp-block-column-is-layout-flow\">\n<p><\/p>\n\n\n\n<figure class=\"wp-block-image size-large\"><img loading=\"lazy\" decoding=\"async\" width=\"1024\" height=\"908\" src=\"https:\/\/www.preventraide.fr\/contenus\/app\/uploads\/2022\/04\/arpajon-1024x908.jpg\" alt=\"\" class=\"wp-image-847\" srcset=\"https:\/\/www.preventraide.fr\/contenus\/app\/uploads\/2022\/04\/arpajon-1024x908.jpg 1024w, https:\/\/www.preventraide.fr\/contenus\/app\/uploads\/2022\/04\/arpajon-300x266.jpg 300w, https:\/\/www.preventraide.fr\/contenus\/app\/uploads\/2022\/04\/arpajon-768x681.jpg 768w, https:\/\/www.preventraide.fr\/contenus\/app\/uploads\/2022\/04\/arpajon.jpg 1169w\" sizes=\"auto, (max-width: 1024px) 100vw, 1024px\" \/><\/figure>\n<\/div>\n\n\n\n<div class=\"wp-block-column is-layout-flow wp-block-column-is-layout-flow\">\n<p><\/p>\n\n\n\n<p><\/p>\n\n\n\n<p>Le jeudi 7 avril dernier l&rsquo;antenne Pr\u00e9vention MAIF d&rsquo;Arpajon a \u00e9t\u00e9 invit\u00e9e par l&rsquo;Association des Maires Ruraux de l&rsquo;Essonne (AMRF) afin de parler du dispositif Pr\u00e9vEntraide. Un sujet qui int\u00e9resse les 60 \u00e9lus pour leur PCS (Plan communal de sauvegarde).<\/p>\n\n\n\n<p>Le moment fut mis \u00e0 profit pour leur pr\u00e9senter \u00e9galement Mobil\u00e9cool et Complot dans l&rsquo;Dico.<\/p>\n<\/div>\n<\/div>\n\n\n","protected":false},"excerpt":{"rendered":"<p>Le jeudi 7 avril dernier l&rsquo;antenne Pr\u00e9vention MAIF d&rsquo;Arpajon a \u00e9t\u00e9 invit\u00e9e par l&rsquo;Association des Maires Ruraux de l&rsquo;Essonne (AMRF) afin de parler du dispositif Pr\u00e9vEntraide. Un sujet qui int\u00e9resse les 60 \u00e9lus pour leur PCS (Plan communal de sauvegarde). Le moment fut mis \u00e0 profit pour leur pr\u00e9senter \u00e9galement Mobil\u00e9cool et Complot dans l&rsquo;Dico.<\/p>\n","protected":false},"author":2,"featured_media":847,"comment_status":"closed","ping_status":"closed","sticky":false,"template":"","format":"standard","meta":{"_acf_changed":false,"inline_featured_image":false,"ghostkit_customizer_options":"","ghostkit_custom_css":"","ghostkit_custom_js_head":"","ghostkit_custom_js_foot":"","ghostkit_typography":"","footnotes":""},"categories":[2],"tags":[],"class_list":["post-845","post","type-post","status-publish","format-standard","has-post-thumbnail","hentry","category-non-classifie"],"acf":[],"yoast_head":"<!-- This site is optimized with the Yoast SEO plugin v24.9 - https:\/\/yoast.com\/wordpress\/plugins\/seo\/ -->\n<title>Information aux maires ruraux de l&#039;Essonne - Preventraide - Conseils Pr\u00e9vention<\/title>\n<meta name=\"robots\" content=\"index, follow, max-snippet:-1, max-image-preview:large, max-video-preview:-1\" \/>\n<link rel=\"canonical\" href=\"https:\/\/www.preventraide.fr\/contenus\/actualites\/information-aux-maires-ruraux-de-lessonne\/\" \/>\n<meta property=\"og:locale\" content=\"fr_FR\" \/>\n<meta property=\"og:type\" content=\"article\" \/>\n<meta property=\"og:title\" content=\"Information aux maires ruraux de l&#039;Essonne - Preventraide - Conseils Pr\u00e9vention\" \/>\n<meta property=\"og:description\" content=\"Le jeudi 7 avril dernier l&rsquo;antenne Pr\u00e9vention MAIF d&rsquo;Arpajon a \u00e9t\u00e9 invit\u00e9e par l&rsquo;Association des Maires Ruraux de l&rsquo;Essonne (AMRF) afin de parler du dispositif Pr\u00e9vEntraide. Un sujet qui int\u00e9resse les 60 \u00e9lus pour leur PCS (Plan communal de sauvegarde). Le moment fut mis \u00e0 profit pour leur pr\u00e9senter \u00e9galement Mobil\u00e9cool et Complot dans l&rsquo;Dico.\" \/>\n<meta property=\"og:url\" content=\"https:\/\/www.preventraide.fr\/contenus\/actualites\/information-aux-maires-ruraux-de-lessonne\/\" \/>\n<meta property=\"og:site_name\" content=\"Preventraide - Conseils Pr\u00e9vention\" \/>\n<meta property=\"article:published_time\" content=\"2022-04-08T12:02:55+00:00\" \/>\n<meta property=\"og:image\" content=\"https:\/\/www.preventraide.fr\/contenus\/app\/uploads\/2022\/04\/arpajon.jpg\" \/>\n\t<meta property=\"og:image:width\" content=\"1169\" \/>\n\t<meta property=\"og:image:height\" content=\"1037\" \/>\n\t<meta property=\"og:image:type\" content=\"image\/jpeg\" \/>\n<meta name=\"author\" content=\"PreventionMaif\" \/>\n<meta name=\"twitter:card\" content=\"summary_large_image\" \/>\n<meta name=\"twitter:label1\" content=\"Written by\" \/>\n\t<meta name=\"twitter:data1\" content=\"PreventionMaif\" \/>\n<script type=\"application\/ld+json\" class=\"yoast-schema-graph\">{\"@context\":\"https:\/\/schema.org\",\"@graph\":[{\"@type\":\"WebPage\",\"@id\":\"https:\/\/www.preventraide.fr\/contenus\/actualites\/information-aux-maires-ruraux-de-lessonne\/\",\"url\":\"https:\/\/www.preventraide.fr\/contenus\/actualites\/information-aux-maires-ruraux-de-lessonne\/\",\"name\":\"Information aux maires ruraux de l'Essonne - Preventraide - Conseils Pr\u00e9vention\",\"isPartOf\":{\"@id\":\"https:\/\/www.preventraide.fr\/contenus\/#website\"},\"primaryImageOfPage\":{\"@id\":\"https:\/\/www.preventraide.fr\/contenus\/actualites\/information-aux-maires-ruraux-de-lessonne\/#primaryimage\"},\"image\":{\"@id\":\"https:\/\/www.preventraide.fr\/contenus\/actualites\/information-aux-maires-ruraux-de-lessonne\/#primaryimage\"},\"thumbnailUrl\":\"https:\/\/www.preventraide.fr\/contenus\/app\/uploads\/2022\/04\/arpajon.jpg\",\"datePublished\":\"2022-04-08T12:02:55+00:00\",\"author\":{\"@id\":\"https:\/\/www.preventraide.fr\/contenus\/#\/schema\/person\/926f81095610a0842ab72d5ab64e7bee\"},\"breadcrumb\":{\"@id\":\"https:\/\/www.preventraide.fr\/contenus\/actualites\/information-aux-maires-ruraux-de-lessonne\/#breadcrumb\"},\"inLanguage\":\"fr-FR\",\"potentialAction\":[{\"@type\":\"ReadAction\",\"target\":[\"https:\/\/www.preventraide.fr\/contenus\/actualites\/information-aux-maires-ruraux-de-lessonne\/\"]}]},{\"@type\":\"ImageObject\",\"inLanguage\":\"fr-FR\",\"@id\":\"https:\/\/www.preventraide.fr\/contenus\/actualites\/information-aux-maires-ruraux-de-lessonne\/#primaryimage\",\"url\":\"https:\/\/www.preventraide.fr\/contenus\/app\/uploads\/2022\/04\/arpajon.jpg\",\"contentUrl\":\"https:\/\/www.preventraide.fr\/contenus\/app\/uploads\/2022\/04\/arpajon.jpg\",\"width\":1169,\"height\":1037},{\"@type\":\"BreadcrumbList\",\"@id\":\"https:\/\/www.preventraide.fr\/contenus\/actualites\/information-aux-maires-ruraux-de-lessonne\/#breadcrumb\",\"itemListElement\":[{\"@type\":\"ListItem\",\"position\":1,\"name\":\"Accueil\",\"item\":\"https:\/\/www.preventraide.fr\"},{\"@type\":\"ListItem\",\"position\":2,\"name\":\"Information aux maires ruraux de l&rsquo;Essonne\"}]},{\"@type\":\"WebSite\",\"@id\":\"https:\/\/www.preventraide.fr\/contenus\/#website\",\"url\":\"https:\/\/www.preventraide.fr\/contenus\/\",\"name\":\"Preventraide\",\"description\":\"\",\"potentialAction\":[{\"@type\":\"SearchAction\",\"target\":{\"@type\":\"EntryPoint\",\"urlTemplate\":\"https:\/\/www.preventraide.fr\/contenus\/?s={search_term_string}\"},\"query-input\":{\"@type\":\"PropertyValueSpecification\",\"valueRequired\":true,\"valueName\":\"search_term_string\"}}],\"inLanguage\":\"fr-FR\"},{\"@type\":\"Person\",\"@id\":\"https:\/\/www.preventraide.fr\/contenus\/#\/schema\/person\/926f81095610a0842ab72d5ab64e7bee\",\"name\":\"PreventionMaif\",\"image\":{\"@type\":\"ImageObject\",\"inLanguage\":\"fr-FR\",\"@id\":\"https:\/\/www.preventraide.fr\/contenus\/#\/schema\/person\/image\/\",\"url\":\"https:\/\/secure.gravatar.com\/avatar\/70f48a6feccd50a2673e57b88e82e52d6c39bd866f3bdd4f9bb9a1dae93a7347?s=96&d=mm&r=g\",\"contentUrl\":\"https:\/\/secure.gravatar.com\/avatar\/70f48a6feccd50a2673e57b88e82e52d6c39bd866f3bdd4f9bb9a1dae93a7347?s=96&d=mm&r=g\",\"caption\":\"PreventionMaif\"}}]}<\/script>\n<!-- \/ Yoast SEO plugin. -->","yoast_head_json":{"title":"Information aux maires ruraux de l'Essonne - Preventraide - Conseils Pr\u00e9vention","robots":{"index":"index","follow":"follow","max-snippet":"max-snippet:-1","max-image-preview":"max-image-preview:large","max-video-preview":"max-video-preview:-1"},"canonical":"https:\/\/www.preventraide.fr\/contenus\/actualites\/information-aux-maires-ruraux-de-lessonne\/","og_locale":"fr_FR","og_type":"article","og_title":"Information aux maires ruraux de l'Essonne - Preventraide - Conseils Pr\u00e9vention","og_description":"Le jeudi 7 avril dernier l&rsquo;antenne Pr\u00e9vention MAIF d&rsquo;Arpajon a \u00e9t\u00e9 invit\u00e9e par l&rsquo;Association des Maires Ruraux de l&rsquo;Essonne (AMRF) afin de parler du dispositif Pr\u00e9vEntraide. Un sujet qui int\u00e9resse les 60 \u00e9lus pour leur PCS (Plan communal de sauvegarde). Le moment fut mis \u00e0 profit pour leur pr\u00e9senter \u00e9galement Mobil\u00e9cool et Complot dans l&rsquo;Dico.","og_url":"https:\/\/www.preventraide.fr\/contenus\/actualites\/information-aux-maires-ruraux-de-lessonne\/","og_site_name":"Preventraide - Conseils Pr\u00e9vention","article_published_time":"2022-04-08T12:02:55+00:00","og_image":[{"width":1169,"height":1037,"url":"https:\/\/www.preventraide.fr\/contenus\/app\/uploads\/2022\/04\/arpajon.jpg","type":"image\/jpeg"}],"author":"PreventionMaif","twitter_card":"summary_large_image","twitter_misc":{"Written by":"PreventionMaif"},"schema":{"@context":"https:\/\/schema.org","@graph":[{"@type":"WebPage","@id":"https:\/\/www.preventraide.fr\/contenus\/actualites\/information-aux-maires-ruraux-de-lessonne\/","url":"https:\/\/www.preventraide.fr\/contenus\/actualites\/information-aux-maires-ruraux-de-lessonne\/","name":"Information aux maires ruraux de l'Essonne - Preventraide - Conseils Pr\u00e9vention","isPartOf":{"@id":"https:\/\/www.preventraide.fr\/contenus\/#website"},"primaryImageOfPage":{"@id":"https:\/\/www.preventraide.fr\/contenus\/actualites\/information-aux-maires-ruraux-de-lessonne\/#primaryimage"},"image":{"@id":"https:\/\/www.preventraide.fr\/contenus\/actualites\/information-aux-maires-ruraux-de-lessonne\/#primaryimage"},"thumbnailUrl":"https:\/\/www.preventraide.fr\/contenus\/app\/uploads\/2022\/04\/arpajon.jpg","datePublished":"2022-04-08T12:02:55+00:00","author":{"@id":"https:\/\/www.preventraide.fr\/contenus\/#\/schema\/person\/926f81095610a0842ab72d5ab64e7bee"},"breadcrumb":{"@id":"https:\/\/www.preventraide.fr\/contenus\/actualites\/information-aux-maires-ruraux-de-lessonne\/#breadcrumb"},"inLanguage":"fr-FR","potentialAction":[{"@type":"ReadAction","target":["https:\/\/www.preventraide.fr\/contenus\/actualites\/information-aux-maires-ruraux-de-lessonne\/"]}]},{"@type":"ImageObject","inLanguage":"fr-FR","@id":"https:\/\/www.preventraide.fr\/contenus\/actualites\/information-aux-maires-ruraux-de-lessonne\/#primaryimage","url":"https:\/\/www.preventraide.fr\/contenus\/app\/uploads\/2022\/04\/arpajon.jpg","contentUrl":"https:\/\/www.preventraide.fr\/contenus\/app\/uploads\/2022\/04\/arpajon.jpg","width":1169,"height":1037},{"@type":"BreadcrumbList","@id":"https:\/\/www.preventraide.fr\/contenus\/actualites\/information-aux-maires-ruraux-de-lessonne\/#breadcrumb","itemListElement":[{"@type":"ListItem","position":1,"name":"Accueil","item":"https:\/\/www.preventraide.fr"},{"@type":"ListItem","position":2,"name":"Information aux maires ruraux de l&rsquo;Essonne"}]},{"@type":"WebSite","@id":"https:\/\/www.preventraide.fr\/contenus\/#website","url":"https:\/\/www.preventraide.fr\/contenus\/","name":"Preventraide","description":"","potentialAction":[{"@type":"SearchAction","target":{"@type":"EntryPoint","urlTemplate":"https:\/\/www.preventraide.fr\/contenus\/?s={search_term_string}"},"query-input":{"@type":"PropertyValueSpecification","valueRequired":true,"valueName":"search_term_string"}}],"inLanguage":"fr-FR"},{"@type":"Person","@id":"https:\/\/www.preventraide.fr\/contenus\/#\/schema\/person\/926f81095610a0842ab72d5ab64e7bee","name":"PreventionMaif","image":{"@type":"ImageObject","inLanguage":"fr-FR","@id":"https:\/\/www.preventraide.fr\/contenus\/#\/schema\/person\/image\/","url":"https:\/\/secure.gravatar.com\/avatar\/70f48a6feccd50a2673e57b88e82e52d6c39bd866f3bdd4f9bb9a1dae93a7347?s=96&d=mm&r=g","contentUrl":"https:\/\/secure.gravatar.com\/avatar\/70f48a6feccd50a2673e57b88e82e52d6c39bd866f3bdd4f9bb9a1dae93a7347?s=96&d=mm&r=g","caption":"PreventionMaif"}}]}},"_links":{"self":[{"href":"https:\/\/www.preventraide.fr\/contenus\/wp-json\/wp\/v2\/posts\/845","targetHints":{"allow":["GET"]}}],"collection":[{"href":"https:\/\/www.preventraide.fr\/contenus\/wp-json\/wp\/v2\/posts"}],"about":[{"href":"https:\/\/www.preventraide.fr\/contenus\/wp-json\/wp\/v2\/types\/post"}],"author":[{"embeddable":true,"href":"https:\/\/www.preventraide.fr\/contenus\/wp-json\/wp\/v2\/users\/2"}],"replies":[{"embeddable":true,"href":"https:\/\/www.preventraide.fr\/contenus\/wp-json\/wp\/v2\/comments?post=845"}],"version-history":[{"count":0,"href":"https:\/\/www.preventraide.fr\/contenus\/wp-json\/wp\/v2\/posts\/845\/revisions"}],"wp:featuredmedia":[{"embeddable":true,"href":"https:\/\/www.preventraide.fr\/contenus\/wp-json\/wp\/v2\/media\/847"}],"wp:attachment":[{"href":"https:\/\/www.preventraide.fr\/contenus\/wp-json\/wp\/v2\/media?parent=845"}],"wp:term":[{"taxonomy":"category","embeddable":true,"href":"https:\/\/www.preventraide.fr\/contenus\/wp-json\/wp\/v2\/categories?post=845"},{"taxonomy":"post_tag","embeddable":true,"href":"https:\/\/www.preventraide.fr\/contenus\/wp-json\/wp\/v2\/tags?post=845"}],"curies":[{"name":"wp","href":"https:\/\/api.w.org\/{rel}","templated":true}]}}