{"id":870,"date":"2022-05-25T14:33:22","date_gmt":"2022-05-25T12:33:22","guid":{"rendered":"https:\/\/www.preventraide.fr\/contenus\/?p=870"},"modified":"2022-05-25T14:33:22","modified_gmt":"2022-05-25T12:33:22","slug":"une-action-autour-de-la-culture-du-risque-majeur","status":"publish","type":"post","link":"https:\/\/www.preventraide.fr\/contenus\/actualites\/une-action-autour-de-la-culture-du-risque-majeur\/","title":{"rendered":"Une action autour de la culture du risque majeur"},"content":{"rendered":"\n<div class=\"wp-block-columns is-layout-flex wp-container-core-columns-is-layout-28f84493 wp-block-columns-is-layout-flex\">\n<div class=\"wp-block-column is-layout-flow wp-block-column-is-layout-flow\">\n<figure class=\"wp-block-image size-large\"><img loading=\"lazy\" decoding=\"async\" width=\"1024\" height=\"683\" src=\"https:\/\/www.preventraide.fr\/contenus\/app\/uploads\/2022\/05\/MAIF008108_023-1024x683.jpg\" alt=\"\" class=\"wp-image-871\" srcset=\"https:\/\/www.preventraide.fr\/contenus\/app\/uploads\/2022\/05\/MAIF008108_023-1024x683.jpg 1024w, https:\/\/www.preventraide.fr\/contenus\/app\/uploads\/2022\/05\/MAIF008108_023-300x200.jpg 300w, https:\/\/www.preventraide.fr\/contenus\/app\/uploads\/2022\/05\/MAIF008108_023-768x512.jpg 768w, https:\/\/www.preventraide.fr\/contenus\/app\/uploads\/2022\/05\/MAIF008108_023-1536x1024.jpg 1536w, https:\/\/www.preventraide.fr\/contenus\/app\/uploads\/2022\/05\/MAIF008108_023.jpg 1600w\" sizes=\"auto, (max-width: 1024px) 100vw, 1024px\" \/><\/figure>\n<\/div>\n\n\n\n<div class=\"wp-block-column is-layout-flow wp-block-column-is-layout-flow\">\n<p>En compl\u00e9ment des actions d\u00e9j\u00e0 men\u00e9es \u00e0 Pollestres (Pyr\u00e9n\u00e9es Orientales), l&rsquo;antenne Pr\u00e9vention MAIF de Perpignan s&rsquo;est associ\u00e9e avec la mairie, l\u2019\u00e9cole et l&rsquo;inspection acad\u00e9mique pour travailler sur la culture du risque.<\/p>\n\n\n\n<p>Soumise \u00e0 des risques d&rsquo;inondation et d&rsquo;accident routier, la commune a d\u00e9cid\u00e9 de responsabiliser l&rsquo;ensemble des citoyens en leur faisant d\u00e9couvrir les risques pr\u00e9sents sur leur territoire ainsi que les comportements \u00e0 adopter en cas de catastrophe.<\/p>\n\n\n\n<p>Une pi\u00e8ce de th\u00e9\u00e2tre forum lors de laquelle les spectateurs ont \u00e9t\u00e9 invit\u00e9s \u00e0 proposer des solutions aux probl\u00e8mes soulev\u00e9s par les acteurs a permis de poser le cadre. Ceux-ci ont ensuite particip\u00e9 \u00e0 des ateliers cr\u00e9atifs o\u00f9 ils ont pu d\u00e9terminer les bons comportements \u00e0 adopter, construire des \u00e9l\u00e9ments de communication et proposer les canaux de cette communication.<\/p>\n\n\n\n<p>Plus de 150 enfants de primaire et 240 personnes ont ainsi particip\u00e9 au spectacle interactif et\u00a0aux ateliers, r\u00e9sultat tr\u00e8s encourageant pour une commune d&rsquo;un peu plus de 5 000 habitants, d&rsquo;autant que tous se sont engag\u00e9s \u00e0 continuer d&rsquo;\u0153uvrer ensemble.<\/p>\n<\/div>\n<\/div>\n","protected":false},"excerpt":{"rendered":"<p>En compl\u00e9ment des actions d\u00e9j\u00e0 men\u00e9es \u00e0 Pollestres (Pyr\u00e9n\u00e9es Orientales), l&rsquo;antenne Pr\u00e9vention MAIF de Perpignan s&rsquo;est associ\u00e9e avec la mairie, l\u2019\u00e9cole et l&rsquo;inspection acad\u00e9mique pour travailler sur la culture du risque. Soumise \u00e0 des risques d&rsquo;inondation et d&rsquo;accident routier, la commune a d\u00e9cid\u00e9 de responsabiliser l&rsquo;ensemble des citoyens en leur faisant d\u00e9couvrir les risques pr\u00e9sents [&hellip;]<\/p>\n","protected":false},"author":2,"featured_media":871,"comment_status":"closed","ping_status":"closed","sticky":false,"template":"","format":"standard","meta":{"_acf_changed":false,"inline_featured_image":false,"ghostkit_customizer_options":"","ghostkit_custom_css":"","ghostkit_custom_js_head":"","ghostkit_custom_js_foot":"","ghostkit_typography":"","footnotes":""},"categories":[2],"tags":[],"class_list":["post-870","post","type-post","status-publish","format-standard","has-post-thumbnail","hentry","category-non-classifie"],"acf":[],"yoast_head":"<!-- This site is optimized with the Yoast SEO plugin v24.9 - https:\/\/yoast.com\/wordpress\/plugins\/seo\/ -->\n<title>Une action autour de la culture du risque majeur - Preventraide - Conseils Pr\u00e9vention<\/title>\n<meta name=\"robots\" content=\"index, follow, max-snippet:-1, max-image-preview:large, max-video-preview:-1\" \/>\n<link rel=\"canonical\" href=\"https:\/\/www.preventraide.fr\/contenus\/actualites\/une-action-autour-de-la-culture-du-risque-majeur\/\" \/>\n<meta property=\"og:locale\" content=\"fr_FR\" \/>\n<meta property=\"og:type\" content=\"article\" \/>\n<meta property=\"og:title\" content=\"Une action autour de la culture du risque majeur - Preventraide - Conseils Pr\u00e9vention\" \/>\n<meta property=\"og:description\" content=\"En compl\u00e9ment des actions d\u00e9j\u00e0 men\u00e9es \u00e0 Pollestres (Pyr\u00e9n\u00e9es Orientales), l&rsquo;antenne Pr\u00e9vention MAIF de Perpignan s&rsquo;est associ\u00e9e avec la mairie, l\u2019\u00e9cole et l&rsquo;inspection acad\u00e9mique pour travailler sur la culture du risque. Soumise \u00e0 des risques d&rsquo;inondation et d&rsquo;accident routier, la commune a d\u00e9cid\u00e9 de responsabiliser l&rsquo;ensemble des citoyens en leur faisant d\u00e9couvrir les risques pr\u00e9sents [&hellip;]\" \/>\n<meta property=\"og:url\" content=\"https:\/\/www.preventraide.fr\/contenus\/actualites\/une-action-autour-de-la-culture-du-risque-majeur\/\" \/>\n<meta property=\"og:site_name\" content=\"Preventraide - Conseils Pr\u00e9vention\" \/>\n<meta property=\"article:published_time\" content=\"2022-05-25T12:33:22+00:00\" \/>\n<meta property=\"og:image\" content=\"https:\/\/www.preventraide.fr\/contenus\/app\/uploads\/2022\/05\/MAIF008108_023.jpg\" \/>\n\t<meta property=\"og:image:width\" content=\"1600\" \/>\n\t<meta property=\"og:image:height\" content=\"1067\" \/>\n\t<meta property=\"og:image:type\" content=\"image\/jpeg\" \/>\n<meta name=\"author\" content=\"PreventionMaif\" \/>\n<meta name=\"twitter:card\" content=\"summary_large_image\" \/>\n<meta name=\"twitter:label1\" content=\"Written by\" \/>\n\t<meta name=\"twitter:data1\" content=\"PreventionMaif\" \/>\n\t<meta name=\"twitter:label2\" content=\"Est. reading time\" \/>\n\t<meta name=\"twitter:data2\" content=\"1 minute\" \/>\n<script type=\"application\/ld+json\" class=\"yoast-schema-graph\">{\"@context\":\"https:\/\/schema.org\",\"@graph\":[{\"@type\":\"WebPage\",\"@id\":\"https:\/\/www.preventraide.fr\/contenus\/actualites\/une-action-autour-de-la-culture-du-risque-majeur\/\",\"url\":\"https:\/\/www.preventraide.fr\/contenus\/actualites\/une-action-autour-de-la-culture-du-risque-majeur\/\",\"name\":\"Une action autour de la culture du risque majeur - Preventraide - Conseils Pr\u00e9vention\",\"isPartOf\":{\"@id\":\"https:\/\/www.preventraide.fr\/contenus\/#website\"},\"primaryImageOfPage\":{\"@id\":\"https:\/\/www.preventraide.fr\/contenus\/actualites\/une-action-autour-de-la-culture-du-risque-majeur\/#primaryimage\"},\"image\":{\"@id\":\"https:\/\/www.preventraide.fr\/contenus\/actualites\/une-action-autour-de-la-culture-du-risque-majeur\/#primaryimage\"},\"thumbnailUrl\":\"https:\/\/www.preventraide.fr\/contenus\/app\/uploads\/2022\/05\/MAIF008108_023.jpg\",\"datePublished\":\"2022-05-25T12:33:22+00:00\",\"author\":{\"@id\":\"https:\/\/www.preventraide.fr\/contenus\/#\/schema\/person\/926f81095610a0842ab72d5ab64e7bee\"},\"breadcrumb\":{\"@id\":\"https:\/\/www.preventraide.fr\/contenus\/actualites\/une-action-autour-de-la-culture-du-risque-majeur\/#breadcrumb\"},\"inLanguage\":\"fr-FR\",\"potentialAction\":[{\"@type\":\"ReadAction\",\"target\":[\"https:\/\/www.preventraide.fr\/contenus\/actualites\/une-action-autour-de-la-culture-du-risque-majeur\/\"]}]},{\"@type\":\"ImageObject\",\"inLanguage\":\"fr-FR\",\"@id\":\"https:\/\/www.preventraide.fr\/contenus\/actualites\/une-action-autour-de-la-culture-du-risque-majeur\/#primaryimage\",\"url\":\"https:\/\/www.preventraide.fr\/contenus\/app\/uploads\/2022\/05\/MAIF008108_023.jpg\",\"contentUrl\":\"https:\/\/www.preventraide.fr\/contenus\/app\/uploads\/2022\/05\/MAIF008108_023.jpg\",\"width\":1600,\"height\":1067,\"caption\":\"Audrey Borelly echange avec des enfants sur les risques majeurs lors d'un atelier debat creatif durant une action Prev'Entraides.\"},{\"@type\":\"BreadcrumbList\",\"@id\":\"https:\/\/www.preventraide.fr\/contenus\/actualites\/une-action-autour-de-la-culture-du-risque-majeur\/#breadcrumb\",\"itemListElement\":[{\"@type\":\"ListItem\",\"position\":1,\"name\":\"Accueil\",\"item\":\"https:\/\/www.preventraide.fr\"},{\"@type\":\"ListItem\",\"position\":2,\"name\":\"Une action autour de la culture du risque majeur\"}]},{\"@type\":\"WebSite\",\"@id\":\"https:\/\/www.preventraide.fr\/contenus\/#website\",\"url\":\"https:\/\/www.preventraide.fr\/contenus\/\",\"name\":\"Preventraide\",\"description\":\"\",\"potentialAction\":[{\"@type\":\"SearchAction\",\"target\":{\"@type\":\"EntryPoint\",\"urlTemplate\":\"https:\/\/www.preventraide.fr\/contenus\/?s={search_term_string}\"},\"query-input\":{\"@type\":\"PropertyValueSpecification\",\"valueRequired\":true,\"valueName\":\"search_term_string\"}}],\"inLanguage\":\"fr-FR\"},{\"@type\":\"Person\",\"@id\":\"https:\/\/www.preventraide.fr\/contenus\/#\/schema\/person\/926f81095610a0842ab72d5ab64e7bee\",\"name\":\"PreventionMaif\",\"image\":{\"@type\":\"ImageObject\",\"inLanguage\":\"fr-FR\",\"@id\":\"https:\/\/www.preventraide.fr\/contenus\/#\/schema\/person\/image\/\",\"url\":\"https:\/\/secure.gravatar.com\/avatar\/70f48a6feccd50a2673e57b88e82e52d6c39bd866f3bdd4f9bb9a1dae93a7347?s=96&d=mm&r=g\",\"contentUrl\":\"https:\/\/secure.gravatar.com\/avatar\/70f48a6feccd50a2673e57b88e82e52d6c39bd866f3bdd4f9bb9a1dae93a7347?s=96&d=mm&r=g\",\"caption\":\"PreventionMaif\"}}]}<\/script>\n<!-- \/ Yoast SEO plugin. -->","yoast_head_json":{"title":"Une action autour de la culture du risque majeur - Preventraide - Conseils Pr\u00e9vention","robots":{"index":"index","follow":"follow","max-snippet":"max-snippet:-1","max-image-preview":"max-image-preview:large","max-video-preview":"max-video-preview:-1"},"canonical":"https:\/\/www.preventraide.fr\/contenus\/actualites\/une-action-autour-de-la-culture-du-risque-majeur\/","og_locale":"fr_FR","og_type":"article","og_title":"Une action autour de la culture du risque majeur - Preventraide - Conseils Pr\u00e9vention","og_description":"En compl\u00e9ment des actions d\u00e9j\u00e0 men\u00e9es \u00e0 Pollestres (Pyr\u00e9n\u00e9es Orientales), l&rsquo;antenne Pr\u00e9vention MAIF de Perpignan s&rsquo;est associ\u00e9e avec la mairie, l\u2019\u00e9cole et l&rsquo;inspection acad\u00e9mique pour travailler sur la culture du risque. Soumise \u00e0 des risques d&rsquo;inondation et d&rsquo;accident routier, la commune a d\u00e9cid\u00e9 de responsabiliser l&rsquo;ensemble des citoyens en leur faisant d\u00e9couvrir les risques pr\u00e9sents [&hellip;]","og_url":"https:\/\/www.preventraide.fr\/contenus\/actualites\/une-action-autour-de-la-culture-du-risque-majeur\/","og_site_name":"Preventraide - Conseils Pr\u00e9vention","article_published_time":"2022-05-25T12:33:22+00:00","og_image":[{"width":1600,"height":1067,"url":"https:\/\/www.preventraide.fr\/contenus\/app\/uploads\/2022\/05\/MAIF008108_023.jpg","type":"image\/jpeg"}],"author":"PreventionMaif","twitter_card":"summary_large_image","twitter_misc":{"Written by":"PreventionMaif","Est. reading time":"1 minute"},"schema":{"@context":"https:\/\/schema.org","@graph":[{"@type":"WebPage","@id":"https:\/\/www.preventraide.fr\/contenus\/actualites\/une-action-autour-de-la-culture-du-risque-majeur\/","url":"https:\/\/www.preventraide.fr\/contenus\/actualites\/une-action-autour-de-la-culture-du-risque-majeur\/","name":"Une action autour de la culture du risque majeur - Preventraide - Conseils Pr\u00e9vention","isPartOf":{"@id":"https:\/\/www.preventraide.fr\/contenus\/#website"},"primaryImageOfPage":{"@id":"https:\/\/www.preventraide.fr\/contenus\/actualites\/une-action-autour-de-la-culture-du-risque-majeur\/#primaryimage"},"image":{"@id":"https:\/\/www.preventraide.fr\/contenus\/actualites\/une-action-autour-de-la-culture-du-risque-majeur\/#primaryimage"},"thumbnailUrl":"https:\/\/www.preventraide.fr\/contenus\/app\/uploads\/2022\/05\/MAIF008108_023.jpg","datePublished":"2022-05-25T12:33:22+00:00","author":{"@id":"https:\/\/www.preventraide.fr\/contenus\/#\/schema\/person\/926f81095610a0842ab72d5ab64e7bee"},"breadcrumb":{"@id":"https:\/\/www.preventraide.fr\/contenus\/actualites\/une-action-autour-de-la-culture-du-risque-majeur\/#breadcrumb"},"inLanguage":"fr-FR","potentialAction":[{"@type":"ReadAction","target":["https:\/\/www.preventraide.fr\/contenus\/actualites\/une-action-autour-de-la-culture-du-risque-majeur\/"]}]},{"@type":"ImageObject","inLanguage":"fr-FR","@id":"https:\/\/www.preventraide.fr\/contenus\/actualites\/une-action-autour-de-la-culture-du-risque-majeur\/#primaryimage","url":"https:\/\/www.preventraide.fr\/contenus\/app\/uploads\/2022\/05\/MAIF008108_023.jpg","contentUrl":"https:\/\/www.preventraide.fr\/contenus\/app\/uploads\/2022\/05\/MAIF008108_023.jpg","width":1600,"height":1067,"caption":"Audrey Borelly echange avec des enfants sur les risques majeurs lors d'un atelier debat creatif durant une action Prev'Entraides."},{"@type":"BreadcrumbList","@id":"https:\/\/www.preventraide.fr\/contenus\/actualites\/une-action-autour-de-la-culture-du-risque-majeur\/#breadcrumb","itemListElement":[{"@type":"ListItem","position":1,"name":"Accueil","item":"https:\/\/www.preventraide.fr"},{"@type":"ListItem","position":2,"name":"Une action autour de la culture du risque majeur"}]},{"@type":"WebSite","@id":"https:\/\/www.preventraide.fr\/contenus\/#website","url":"https:\/\/www.preventraide.fr\/contenus\/","name":"Preventraide","description":"","potentialAction":[{"@type":"SearchAction","target":{"@type":"EntryPoint","urlTemplate":"https:\/\/www.preventraide.fr\/contenus\/?s={search_term_string}"},"query-input":{"@type":"PropertyValueSpecification","valueRequired":true,"valueName":"search_term_string"}}],"inLanguage":"fr-FR"},{"@type":"Person","@id":"https:\/\/www.preventraide.fr\/contenus\/#\/schema\/person\/926f81095610a0842ab72d5ab64e7bee","name":"PreventionMaif","image":{"@type":"ImageObject","inLanguage":"fr-FR","@id":"https:\/\/www.preventraide.fr\/contenus\/#\/schema\/person\/image\/","url":"https:\/\/secure.gravatar.com\/avatar\/70f48a6feccd50a2673e57b88e82e52d6c39bd866f3bdd4f9bb9a1dae93a7347?s=96&d=mm&r=g","contentUrl":"https:\/\/secure.gravatar.com\/avatar\/70f48a6feccd50a2673e57b88e82e52d6c39bd866f3bdd4f9bb9a1dae93a7347?s=96&d=mm&r=g","caption":"PreventionMaif"}}]}},"_links":{"self":[{"href":"https:\/\/www.preventraide.fr\/contenus\/wp-json\/wp\/v2\/posts\/870","targetHints":{"allow":["GET"]}}],"collection":[{"href":"https:\/\/www.preventraide.fr\/contenus\/wp-json\/wp\/v2\/posts"}],"about":[{"href":"https:\/\/www.preventraide.fr\/contenus\/wp-json\/wp\/v2\/types\/post"}],"author":[{"embeddable":true,"href":"https:\/\/www.preventraide.fr\/contenus\/wp-json\/wp\/v2\/users\/2"}],"replies":[{"embeddable":true,"href":"https:\/\/www.preventraide.fr\/contenus\/wp-json\/wp\/v2\/comments?post=870"}],"version-history":[{"count":0,"href":"https:\/\/www.preventraide.fr\/contenus\/wp-json\/wp\/v2\/posts\/870\/revisions"}],"wp:featuredmedia":[{"embeddable":true,"href":"https:\/\/www.preventraide.fr\/contenus\/wp-json\/wp\/v2\/media\/871"}],"wp:attachment":[{"href":"https:\/\/www.preventraide.fr\/contenus\/wp-json\/wp\/v2\/media?parent=870"}],"wp:term":[{"taxonomy":"category","embeddable":true,"href":"https:\/\/www.preventraide.fr\/contenus\/wp-json\/wp\/v2\/categories?post=870"},{"taxonomy":"post_tag","embeddable":true,"href":"https:\/\/www.preventraide.fr\/contenus\/wp-json\/wp\/v2\/tags?post=870"}],"curies":[{"name":"wp","href":"https:\/\/api.w.org\/{rel}","templated":true}]}}